{"id":53687,"date":"2025-02-17T13:45:32","date_gmt":"2025-02-17T16:45:32","guid":{"rendered":"https:\/\/ondauno.com.ar\/?p=53687"},"modified":"2025-02-17T13:45:36","modified_gmt":"2025-02-17T16:45:36","slug":"lisandro-matzkin-la-seguridad-en-la-provincia-de-buenos-aires-esta-acefala","status":"publish","type":"post","link":"https:\/\/ondauno.com.ar\/index.php\/2025\/02\/17\/lisandro-matzkin-la-seguridad-en-la-provincia-de-buenos-aires-esta-acefala\/","title":{"rendered":"Lisandro Matzkin: \u201cLa seguridad en la provincia de Buenos Aires est\u00e1 ac\u00e9fala\u201d"},"content":{"rendered":"<div class=\"ondau-before-content_3\" style=\"margin-top: -30px;\" id=\"ondau-2596600030\"><a href=\"https:\/\/www.lps.com.ar\/\" aria-label=\"la-perse2\"><img loading=\"lazy\" decoding=\"async\" src=\"https:\/\/ondauno.com.ar\/wp-content\/uploads\/2021\/10\/la-perse2.jpg\" alt=\"\"  srcset=\"https:\/\/ondauno.com.ar\/wp-content\/uploads\/2021\/10\/la-perse2.jpg 1353w, https:\/\/ondauno.com.ar\/wp-content\/uploads\/2021\/10\/la-perse2-300x43.jpg 300w, https:\/\/ondauno.com.ar\/wp-content\/uploads\/2021\/10\/la-perse2-1024x148.jpg 1024w, https:\/\/ondauno.com.ar\/wp-content\/uploads\/2021\/10\/la-perse2-768x111.jpg 768w, https:\/\/ondauno.com.ar\/wp-content\/uploads\/2021\/10\/la-perse2-696x100.jpg 696w, https:\/\/ondauno.com.ar\/wp-content\/uploads\/2021\/10\/la-perse2-1068x154.jpg 1068w\" sizes=\"(max-width: 1353px) 100vw, 1353px\" class=\"no-lazyload\" width=\"1353\" height=\"195\"  style=\"display: inline-block;\" \/><\/a><\/div>\n<p class=\"has-small-font-size\"><em>Referentes del Grupo Sur, entre ellos el concejal tresarroyense Carlos \u00c1vila (Juntos), durante el encuentro con Diego Santilli<\/em><\/p>\n\n\n\n<p>El intendente de Coronel Pringles, Lisandro Matzkin, habl\u00f3 en Cosas que pasan sobre la reciente edici\u00f3n de la Fiesta del Cordero al Disco en Indio Rico y su participaci\u00f3n en un encuentro pol\u00edtico en Bah\u00eda Blanca, donde referentes del Grupo Sur expresaron su apoyo a Diego Santilli.<\/p>\n\n\n\n<p>\u201cLa fiesta fue un fiest\u00f3n, cada vez m\u00e1s convocante. Las instituciones vendieron pr\u00e1cticamente todo y se vivi\u00f3 un clima festivo, muy familiar\u201d, destac\u00f3 Matzkin sobre el evento gastron\u00f3mico.<\/p>\n\n\n\n<p>En el plano pol\u00edtico, explic\u00f3 que el Grupo Sur \u201ctiene representaci\u00f3n en 15 distritos de la sexta secci\u00f3n\u201d y que el objetivo es \u201csumar y construir una alternativa potente para recuperar la provincia\u201d. En ese sentido, remarc\u00f3 que \u201cDiego Santilli es la persona m\u00e1s preparada\u201d para encabezar ese proyecto.<\/p>\n\n\n\n<p>Matzkin tambi\u00e9n cuestion\u00f3 la gesti\u00f3n provincial en seguridad y afirm\u00f3: \u201cClaramente la seguridad en la provincia de Buenos Aires est\u00e1 ac\u00e9fala. El ministro no me atiende el tel\u00e9fono hace un a\u00f1o\u201d. Adem\u00e1s advirti\u00f3 sobre el estado de la infraestructura vial y se\u00f1al\u00f3 que \u201cuna provincia como la nuestra, que tendr\u00eda que ser una potencia, no deber\u00eda tener estos problemas\u201d.<\/p>\n\n\n\n<p>El intendente concluy\u00f3 resaltando la necesidad de unidad pol\u00edtica: \u201cLa divisi\u00f3n favorece a los que han gobernado durante d\u00e9cadas. Creemos que hay que sumar y aglutinar a quienes pensamos que la provincia necesita otro camino\u201d.<\/p>\n\n\n\n<figure class=\"wp-block-embed is-type-video is-provider-youtube wp-block-embed-youtube wp-embed-aspect-16-9 wp-has-aspect-ratio\"><div class=\"wp-block-embed__wrapper\">\n<div class=\"youtube-embed\" data-video_id=\"9-g0Oqha-a4\"><iframe loading=\"lazy\" title=\"Onda Uno 103.9 en vivo\" width=\"696\" height=\"392\" data-src=\"https:\/\/www.youtube.com\/embed\/9-g0Oqha-a4?feature=oembed&#038;enablejsapi=1\" frameborder=\"0\" allow=\"accelerometer; autoplay; clipboard-write; encrypted-media; gyroscope; picture-in-picture; web-share\" referrerpolicy=\"strict-origin-when-cross-origin\" allowfullscreen src=\"data:image\/gif;base64,R0lGODlhAQABAAAAACH5BAEKAAEALAAAAAABAAEAAAICTAEAOw==\" class=\"lazyload\" data-load-mode=\"1\"><\/iframe><\/div>\n<\/div><\/figure>\n","protected":false},"excerpt":{"rendered":"<p>Referentes del Grupo Sur, entre ellos el concejal tresarroyense Carlos \u00c1vila (Juntos), durante el encuentro con Diego Santilli El intendente de Coronel Pringles, Lisandro Matzkin, habl\u00f3 en Cosas que pasan sobre la reciente edici\u00f3n de la Fiesta del Cordero al Disco en Indio Rico y su participaci\u00f3n en un encuentro pol\u00edtico en Bah\u00eda Blanca, donde [&hellip;]<\/p>\n","protected":false},"author":1,"featured_media":53688,"comment_status":"open","ping_status":"open","sticky":false,"template":"","format":"standard","meta":{"tdm_status":"","tdm_grid_status":"","_jetpack_memberships_contains_paid_content":false,"footnotes":"","jetpack_publicize_message":"","jetpack_publicize_feature_enabled":true,"jetpack_social_post_already_shared":false,"jetpack_social_options":{"image_generator_settings":{"template":"highway","default_image_id":0,"font":"","enabled":false},"version":2}},"categories":[26],"tags":[],"class_list":{"0":"post-53687","1":"post","2":"type-post","3":"status-publish","4":"format-standard","5":"has-post-thumbnail","7":"category-destacada"},"yoast_head":"<!-- This site is optimized with the Yoast SEO plugin v22.7 - https:\/\/yoast.com\/wordpress\/plugins\/seo\/ -->\n<title>Lisandro Matzkin: \u201cLa seguridad en la provincia de Buenos Aires est\u00e1 ac\u00e9fala\u201d - 103.9 fm<\/title>\n<meta name=\"robots\" content=\"index, follow, max-snippet:-1, max-image-preview:large, max-video-preview:-1\" \/>\n<link rel=\"canonical\" href=\"https:\/\/ondauno.com.ar\/index.php\/2025\/02\/17\/lisandro-matzkin-la-seguridad-en-la-provincia-de-buenos-aires-esta-acefala\/\" \/>\n<meta property=\"og:locale\" content=\"es_ES\" \/>\n<meta property=\"og:type\" content=\"article\" \/>\n<meta property=\"og:title\" content=\"Lisandro Matzkin: \u201cLa seguridad en la provincia de Buenos Aires est\u00e1 ac\u00e9fala\u201d - 103.9 fm\" \/>\n<meta property=\"og:description\" content=\"Referentes del Grupo Sur, entre ellos el concejal tresarroyense Carlos \u00c1vila (Juntos), durante el encuentro con Diego Santilli El intendente de Coronel Pringles, Lisandro Matzkin, habl\u00f3 en Cosas que pasan sobre la reciente edici\u00f3n de la Fiesta del Cordero al Disco en Indio Rico y su participaci\u00f3n en un encuentro pol\u00edtico en Bah\u00eda Blanca, donde [&hellip;]\" \/>\n<meta property=\"og:url\" content=\"https:\/\/ondauno.com.ar\/index.php\/2025\/02\/17\/lisandro-matzkin-la-seguridad-en-la-provincia-de-buenos-aires-esta-acefala\/\" \/>\n<meta property=\"og:site_name\" content=\"103.9 fm\" \/>\n<meta property=\"article:publisher\" content=\"https:\/\/www.facebook.com\/ondauno103.9\" \/>\n<meta property=\"article:published_time\" content=\"2025-02-17T16:45:32+00:00\" \/>\n<meta property=\"article:modified_time\" content=\"2025-02-17T16:45:36+00:00\" \/>\n<meta property=\"og:image\" content=\"http:\/\/ondauno.com.ar\/wp-content\/uploads\/2025\/02\/WhatsApp-Image-2025-02-17-at-12.46.16.jpeg\" \/>\n\t<meta property=\"og:image:width\" content=\"1078\" \/>\n\t<meta property=\"og:image:height\" content=\"646\" \/>\n\t<meta property=\"og:image:type\" content=\"image\/jpeg\" \/>\n<meta name=\"author\" content=\"OndaUno\" \/>\n<meta name=\"twitter:card\" content=\"summary_large_image\" \/>\n<meta name=\"twitter:label1\" content=\"Escrito por\" \/>\n\t<meta name=\"twitter:data1\" content=\"OndaUno\" \/>\n\t<meta name=\"twitter:label2\" content=\"Tiempo de lectura\" \/>\n\t<meta name=\"twitter:data2\" content=\"2 minutos\" \/>\n<script type=\"application\/ld+json\" class=\"yoast-schema-graph\">{\"@context\":\"https:\/\/schema.org\",\"@graph\":[{\"@type\":\"WebPage\",\"@id\":\"https:\/\/ondauno.com.ar\/index.php\/2025\/02\/17\/lisandro-matzkin-la-seguridad-en-la-provincia-de-buenos-aires-esta-acefala\/\",\"url\":\"https:\/\/ondauno.com.ar\/index.php\/2025\/02\/17\/lisandro-matzkin-la-seguridad-en-la-provincia-de-buenos-aires-esta-acefala\/\",\"name\":\"Lisandro Matzkin: \u201cLa seguridad en la provincia de Buenos Aires est\u00e1 ac\u00e9fala\u201d - 103.9 fm\",\"isPartOf\":{\"@id\":\"https:\/\/ondauno.com.ar\/#website\"},\"primaryImageOfPage\":{\"@id\":\"https:\/\/ondauno.com.ar\/index.php\/2025\/02\/17\/lisandro-matzkin-la-seguridad-en-la-provincia-de-buenos-aires-esta-acefala\/#primaryimage\"},\"image\":{\"@id\":\"https:\/\/ondauno.com.ar\/index.php\/2025\/02\/17\/lisandro-matzkin-la-seguridad-en-la-provincia-de-buenos-aires-esta-acefala\/#primaryimage\"},\"thumbnailUrl\":\"https:\/\/ondauno.com.ar\/wp-content\/uploads\/2025\/02\/WhatsApp-Image-2025-02-17-at-12.46.16.jpeg\",\"datePublished\":\"2025-02-17T16:45:32+00:00\",\"dateModified\":\"2025-02-17T16:45:36+00:00\",\"author\":{\"@id\":\"https:\/\/ondauno.com.ar\/#\/schema\/person\/7ec851ddeceb4133d7d7132dc645714e\"},\"breadcrumb\":{\"@id\":\"https:\/\/ondauno.com.ar\/index.php\/2025\/02\/17\/lisandro-matzkin-la-seguridad-en-la-provincia-de-buenos-aires-esta-acefala\/#breadcrumb\"},\"inLanguage\":\"es-AR\",\"potentialAction\":[{\"@type\":\"ReadAction\",\"target\":[\"https:\/\/ondauno.com.ar\/index.php\/2025\/02\/17\/lisandro-matzkin-la-seguridad-en-la-provincia-de-buenos-aires-esta-acefala\/\"]}]},{\"@type\":\"ImageObject\",\"inLanguage\":\"es-AR\",\"@id\":\"https:\/\/ondauno.com.ar\/index.php\/2025\/02\/17\/lisandro-matzkin-la-seguridad-en-la-provincia-de-buenos-aires-esta-acefala\/#primaryimage\",\"url\":\"https:\/\/ondauno.com.ar\/wp-content\/uploads\/2025\/02\/WhatsApp-Image-2025-02-17-at-12.46.16.jpeg\",\"contentUrl\":\"https:\/\/ondauno.com.ar\/wp-content\/uploads\/2025\/02\/WhatsApp-Image-2025-02-17-at-12.46.16.jpeg\",\"width\":1078,\"height\":646},{\"@type\":\"BreadcrumbList\",\"@id\":\"https:\/\/ondauno.com.ar\/index.php\/2025\/02\/17\/lisandro-matzkin-la-seguridad-en-la-provincia-de-buenos-aires-esta-acefala\/#breadcrumb\",\"itemListElement\":[{\"@type\":\"ListItem\",\"position\":1,\"name\":\"Inicio\",\"item\":\"https:\/\/ondauno.com.ar\/\"},{\"@type\":\"ListItem\",\"position\":2,\"name\":\"Lisandro Matzkin: \u201cLa seguridad en la provincia de Buenos Aires est\u00e1 ac\u00e9fala\u201d\"}]},{\"@type\":\"WebSite\",\"@id\":\"https:\/\/ondauno.com.ar\/#website\",\"url\":\"https:\/\/ondauno.com.ar\/\",\"name\":\"103.9 fm\",\"description\":\"LA PRIMERA RADIO MULTIMEDIA DE TRES ARROYOS\",\"potentialAction\":[{\"@type\":\"SearchAction\",\"target\":{\"@type\":\"EntryPoint\",\"urlTemplate\":\"https:\/\/ondauno.com.ar\/?s={search_term_string}\"},\"query-input\":\"required name=search_term_string\"}],\"inLanguage\":\"es-AR\"},{\"@type\":\"Person\",\"@id\":\"https:\/\/ondauno.com.ar\/#\/schema\/person\/7ec851ddeceb4133d7d7132dc645714e\",\"name\":\"OndaUno\",\"image\":{\"@type\":\"ImageObject\",\"inLanguage\":\"es-AR\",\"@id\":\"https:\/\/ondauno.com.ar\/#\/schema\/person\/image\/\",\"url\":\"https:\/\/secure.gravatar.com\/avatar\/93b8009f0de7021f1feb2bd5b32fb9e8?s=96&d=mm&r=g\",\"contentUrl\":\"https:\/\/secure.gravatar.com\/avatar\/93b8009f0de7021f1feb2bd5b32fb9e8?s=96&d=mm&r=g\",\"caption\":\"OndaUno\"},\"url\":\"https:\/\/ondauno.com.ar\/index.php\/author\/ondauno\/\"}]}<\/script>\n<!-- \/ Yoast SEO plugin. -->","yoast_head_json":{"title":"Lisandro Matzkin: \u201cLa seguridad en la provincia de Buenos Aires est\u00e1 ac\u00e9fala\u201d - 103.9 fm","robots":{"index":"index","follow":"follow","max-snippet":"max-snippet:-1","max-image-preview":"max-image-preview:large","max-video-preview":"max-video-preview:-1"},"canonical":"https:\/\/ondauno.com.ar\/index.php\/2025\/02\/17\/lisandro-matzkin-la-seguridad-en-la-provincia-de-buenos-aires-esta-acefala\/","og_locale":"es_ES","og_type":"article","og_title":"Lisandro Matzkin: \u201cLa seguridad en la provincia de Buenos Aires est\u00e1 ac\u00e9fala\u201d - 103.9 fm","og_description":"Referentes del Grupo Sur, entre ellos el concejal tresarroyense Carlos \u00c1vila (Juntos), durante el encuentro con Diego Santilli El intendente de Coronel Pringles, Lisandro Matzkin, habl\u00f3 en Cosas que pasan sobre la reciente edici\u00f3n de la Fiesta del Cordero al Disco en Indio Rico y su participaci\u00f3n en un encuentro pol\u00edtico en Bah\u00eda Blanca, donde [&hellip;]","og_url":"https:\/\/ondauno.com.ar\/index.php\/2025\/02\/17\/lisandro-matzkin-la-seguridad-en-la-provincia-de-buenos-aires-esta-acefala\/","og_site_name":"103.9 fm","article_publisher":"https:\/\/www.facebook.com\/ondauno103.9","article_published_time":"2025-02-17T16:45:32+00:00","article_modified_time":"2025-02-17T16:45:36+00:00","og_image":[{"width":1078,"height":646,"url":"http:\/\/ondauno.com.ar\/wp-content\/uploads\/2025\/02\/WhatsApp-Image-2025-02-17-at-12.46.16.jpeg","type":"image\/jpeg"}],"author":"OndaUno","twitter_card":"summary_large_image","twitter_misc":{"Escrito por":"OndaUno","Tiempo de lectura":"2 minutos"},"schema":{"@context":"https:\/\/schema.org","@graph":[{"@type":"WebPage","@id":"https:\/\/ondauno.com.ar\/index.php\/2025\/02\/17\/lisandro-matzkin-la-seguridad-en-la-provincia-de-buenos-aires-esta-acefala\/","url":"https:\/\/ondauno.com.ar\/index.php\/2025\/02\/17\/lisandro-matzkin-la-seguridad-en-la-provincia-de-buenos-aires-esta-acefala\/","name":"Lisandro Matzkin: \u201cLa seguridad en la provincia de Buenos Aires est\u00e1 ac\u00e9fala\u201d - 103.9 fm","isPartOf":{"@id":"https:\/\/ondauno.com.ar\/#website"},"primaryImageOfPage":{"@id":"https:\/\/ondauno.com.ar\/index.php\/2025\/02\/17\/lisandro-matzkin-la-seguridad-en-la-provincia-de-buenos-aires-esta-acefala\/#primaryimage"},"image":{"@id":"https:\/\/ondauno.com.ar\/index.php\/2025\/02\/17\/lisandro-matzkin-la-seguridad-en-la-provincia-de-buenos-aires-esta-acefala\/#primaryimage"},"thumbnailUrl":"https:\/\/ondauno.com.ar\/wp-content\/uploads\/2025\/02\/WhatsApp-Image-2025-02-17-at-12.46.16.jpeg","datePublished":"2025-02-17T16:45:32+00:00","dateModified":"2025-02-17T16:45:36+00:00","author":{"@id":"https:\/\/ondauno.com.ar\/#\/schema\/person\/7ec851ddeceb4133d7d7132dc645714e"},"breadcrumb":{"@id":"https:\/\/ondauno.com.ar\/index.php\/2025\/02\/17\/lisandro-matzkin-la-seguridad-en-la-provincia-de-buenos-aires-esta-acefala\/#breadcrumb"},"inLanguage":"es-AR","potentialAction":[{"@type":"ReadAction","target":["https:\/\/ondauno.com.ar\/index.php\/2025\/02\/17\/lisandro-matzkin-la-seguridad-en-la-provincia-de-buenos-aires-esta-acefala\/"]}]},{"@type":"ImageObject","inLanguage":"es-AR","@id":"https:\/\/ondauno.com.ar\/index.php\/2025\/02\/17\/lisandro-matzkin-la-seguridad-en-la-provincia-de-buenos-aires-esta-acefala\/#primaryimage","url":"https:\/\/ondauno.com.ar\/wp-content\/uploads\/2025\/02\/WhatsApp-Image-2025-02-17-at-12.46.16.jpeg","contentUrl":"https:\/\/ondauno.com.ar\/wp-content\/uploads\/2025\/02\/WhatsApp-Image-2025-02-17-at-12.46.16.jpeg","width":1078,"height":646},{"@type":"BreadcrumbList","@id":"https:\/\/ondauno.com.ar\/index.php\/2025\/02\/17\/lisandro-matzkin-la-seguridad-en-la-provincia-de-buenos-aires-esta-acefala\/#breadcrumb","itemListElement":[{"@type":"ListItem","position":1,"name":"Inicio","item":"https:\/\/ondauno.com.ar\/"},{"@type":"ListItem","position":2,"name":"Lisandro Matzkin: \u201cLa seguridad en la provincia de Buenos Aires est\u00e1 ac\u00e9fala\u201d"}]},{"@type":"WebSite","@id":"https:\/\/ondauno.com.ar\/#website","url":"https:\/\/ondauno.com.ar\/","name":"103.9 fm","description":"LA PRIMERA RADIO MULTIMEDIA DE TRES ARROYOS","potentialAction":[{"@type":"SearchAction","target":{"@type":"EntryPoint","urlTemplate":"https:\/\/ondauno.com.ar\/?s={search_term_string}"},"query-input":"required name=search_term_string"}],"inLanguage":"es-AR"},{"@type":"Person","@id":"https:\/\/ondauno.com.ar\/#\/schema\/person\/7ec851ddeceb4133d7d7132dc645714e","name":"OndaUno","image":{"@type":"ImageObject","inLanguage":"es-AR","@id":"https:\/\/ondauno.com.ar\/#\/schema\/person\/image\/","url":"https:\/\/secure.gravatar.com\/avatar\/93b8009f0de7021f1feb2bd5b32fb9e8?s=96&d=mm&r=g","contentUrl":"https:\/\/secure.gravatar.com\/avatar\/93b8009f0de7021f1feb2bd5b32fb9e8?s=96&d=mm&r=g","caption":"OndaUno"},"url":"https:\/\/ondauno.com.ar\/index.php\/author\/ondauno\/"}]}},"jetpack_publicize_connections":[],"jetpack_featured_media_url":"https:\/\/ondauno.com.ar\/wp-content\/uploads\/2025\/02\/WhatsApp-Image-2025-02-17-at-12.46.16.jpeg","jetpack_sharing_enabled":true,"_links":{"self":[{"href":"https:\/\/ondauno.com.ar\/index.php\/wp-json\/wp\/v2\/posts\/53687","targetHints":{"allow":["GET"]}}],"collection":[{"href":"https:\/\/ondauno.com.ar\/index.php\/wp-json\/wp\/v2\/posts"}],"about":[{"href":"https:\/\/ondauno.com.ar\/index.php\/wp-json\/wp\/v2\/types\/post"}],"author":[{"embeddable":true,"href":"https:\/\/ondauno.com.ar\/index.php\/wp-json\/wp\/v2\/users\/1"}],"replies":[{"embeddable":true,"href":"https:\/\/ondauno.com.ar\/index.php\/wp-json\/wp\/v2\/comments?post=53687"}],"version-history":[{"count":1,"href":"https:\/\/ondauno.com.ar\/index.php\/wp-json\/wp\/v2\/posts\/53687\/revisions"}],"predecessor-version":[{"id":53689,"href":"https:\/\/ondauno.com.ar\/index.php\/wp-json\/wp\/v2\/posts\/53687\/revisions\/53689"}],"wp:featuredmedia":[{"embeddable":true,"href":"https:\/\/ondauno.com.ar\/index.php\/wp-json\/wp\/v2\/media\/53688"}],"wp:attachment":[{"href":"https:\/\/ondauno.com.ar\/index.php\/wp-json\/wp\/v2\/media?parent=53687"}],"wp:term":[{"taxonomy":"category","embeddable":true,"href":"https:\/\/ondauno.com.ar\/index.php\/wp-json\/wp\/v2\/categories?post=53687"},{"taxonomy":"post_tag","embeddable":true,"href":"https:\/\/ondauno.com.ar\/index.php\/wp-json\/wp\/v2\/tags?post=53687"}],"curies":[{"name":"wp","href":"https:\/\/api.w.org\/{rel}","templated":true}]}}