{"id":53635,"date":"2025-02-13T17:07:52","date_gmt":"2025-02-13T20:07:52","guid":{"rendered":"https:\/\/ondauno.com.ar\/?p=53635"},"modified":"2025-02-13T17:07:54","modified_gmt":"2025-02-13T20:07:54","slug":"la-comision-de-accion-social-y-medio-ambiente-retomo-sus-reuniones-ordinarias","status":"publish","type":"post","link":"https:\/\/ondauno.com.ar\/index.php\/2025\/02\/13\/la-comision-de-accion-social-y-medio-ambiente-retomo-sus-reuniones-ordinarias\/","title":{"rendered":"La Comisi\u00f3n de Acci\u00f3n Social y Medio Ambiente retom\u00f3 sus reuniones ordinarias"},"content":{"rendered":"<div class=\"ondau-before-content_3\" style=\"margin-top: -30px;\" id=\"ondau-1385065351\"><a href=\"https:\/\/www.lps.com.ar\/\" aria-label=\"la-perse2\"><img loading=\"lazy\" decoding=\"async\" src=\"https:\/\/ondauno.com.ar\/wp-content\/uploads\/2021\/10\/la-perse2.jpg\" alt=\"\"  srcset=\"https:\/\/ondauno.com.ar\/wp-content\/uploads\/2021\/10\/la-perse2.jpg 1353w, https:\/\/ondauno.com.ar\/wp-content\/uploads\/2021\/10\/la-perse2-300x43.jpg 300w, https:\/\/ondauno.com.ar\/wp-content\/uploads\/2021\/10\/la-perse2-1024x148.jpg 1024w, https:\/\/ondauno.com.ar\/wp-content\/uploads\/2021\/10\/la-perse2-768x111.jpg 768w, https:\/\/ondauno.com.ar\/wp-content\/uploads\/2021\/10\/la-perse2-696x100.jpg 696w, https:\/\/ondauno.com.ar\/wp-content\/uploads\/2021\/10\/la-perse2-1068x154.jpg 1068w\" sizes=\"(max-width: 1353px) 100vw, 1353px\" class=\"no-lazyload\" width=\"1353\" height=\"195\"  style=\"display: inline-block;\" \/><\/a><\/div>\n<p>La Comisi\u00f3n de Acci\u00f3n Social y Medio Ambiente retom\u00f3 sus reuniones ordinarias, continuando con la presidencia de Marcelo Le\u00f3n.<\/p>\n\n\n\n<p>En primer lugar, el Bloque de Juntos por el Cambio present\u00f3 un nuevo proyecto de ordenanza para la creaci\u00f3n de un Programa Integral del Ciudado de las Playas del Distrito, que contempla diversas medidas de protecci\u00f3n ambientales y de seguridad de la costa.<\/p>\n\n\n\n<p>Asimismo, los concejales hicieron un repaso por todo el orden del d\u00eda de la comisi\u00f3n, archivando aquellos expedientes que no requieren m\u00e1s tratamiento y realizando un listado de aquellos que se necesitan reclamar a las \u00e1reas para su posterior archivo.<\/p>\n","protected":false},"excerpt":{"rendered":"<p>La Comisi\u00f3n de Acci\u00f3n Social y Medio Ambiente retom\u00f3 sus reuniones ordinarias, continuando con la presidencia de Marcelo Le\u00f3n. En primer lugar, el Bloque de Juntos por el Cambio present\u00f3 un nuevo proyecto de ordenanza para la creaci\u00f3n de un Programa Integral del Ciudado de las Playas del Distrito, que contempla diversas medidas de protecci\u00f3n [&hellip;]<\/p>\n","protected":false},"author":1,"featured_media":53637,"comment_status":"open","ping_status":"open","sticky":false,"template":"","format":"standard","meta":{"tdm_status":"","tdm_grid_status":"","_jetpack_memberships_contains_paid_content":false,"footnotes":"","jetpack_publicize_message":"","jetpack_publicize_feature_enabled":true,"jetpack_social_post_already_shared":false,"jetpack_social_options":{"image_generator_settings":{"template":"highway","default_image_id":0,"font":"","enabled":false},"version":2}},"categories":[2],"tags":[],"class_list":{"0":"post-53635","1":"post","2":"type-post","3":"status-publish","4":"format-standard","5":"has-post-thumbnail","7":"category-locales"},"yoast_head":"<!-- This site is optimized with the Yoast SEO plugin v22.7 - https:\/\/yoast.com\/wordpress\/plugins\/seo\/ -->\n<title>La Comisi\u00f3n de Acci\u00f3n Social y Medio Ambiente retom\u00f3 sus reuniones ordinarias - 103.9 fm<\/title>\n<meta name=\"robots\" content=\"index, follow, max-snippet:-1, max-image-preview:large, max-video-preview:-1\" \/>\n<link rel=\"canonical\" href=\"https:\/\/ondauno.com.ar\/index.php\/2025\/02\/13\/la-comision-de-accion-social-y-medio-ambiente-retomo-sus-reuniones-ordinarias\/\" \/>\n<meta property=\"og:locale\" content=\"es_ES\" \/>\n<meta property=\"og:type\" content=\"article\" \/>\n<meta property=\"og:title\" content=\"La Comisi\u00f3n de Acci\u00f3n Social y Medio Ambiente retom\u00f3 sus reuniones ordinarias - 103.9 fm\" \/>\n<meta property=\"og:description\" content=\"La Comisi\u00f3n de Acci\u00f3n Social y Medio Ambiente retom\u00f3 sus reuniones ordinarias, continuando con la presidencia de Marcelo Le\u00f3n. En primer lugar, el Bloque de Juntos por el Cambio present\u00f3 un nuevo proyecto de ordenanza para la creaci\u00f3n de un Programa Integral del Ciudado de las Playas del Distrito, que contempla diversas medidas de protecci\u00f3n [&hellip;]\" \/>\n<meta property=\"og:url\" content=\"https:\/\/ondauno.com.ar\/index.php\/2025\/02\/13\/la-comision-de-accion-social-y-medio-ambiente-retomo-sus-reuniones-ordinarias\/\" \/>\n<meta property=\"og:site_name\" content=\"103.9 fm\" \/>\n<meta property=\"article:publisher\" content=\"https:\/\/www.facebook.com\/ondauno103.9\" \/>\n<meta property=\"article:published_time\" content=\"2025-02-13T20:07:52+00:00\" \/>\n<meta property=\"article:modified_time\" content=\"2025-02-13T20:07:54+00:00\" \/>\n<meta property=\"og:image\" content=\"http:\/\/ondauno.com.ar\/wp-content\/uploads\/2025\/02\/WhatsApp-Image-2025-02-13-at-11.15.38-1-scaled.jpeg\" \/>\n\t<meta property=\"og:image:width\" content=\"2560\" \/>\n\t<meta property=\"og:image:height\" content=\"1441\" \/>\n\t<meta property=\"og:image:type\" content=\"image\/jpeg\" \/>\n<meta name=\"author\" content=\"OndaUno\" \/>\n<meta name=\"twitter:card\" content=\"summary_large_image\" \/>\n<meta name=\"twitter:label1\" content=\"Escrito por\" \/>\n\t<meta name=\"twitter:data1\" content=\"OndaUno\" \/>\n\t<meta name=\"twitter:label2\" content=\"Tiempo de lectura\" \/>\n\t<meta name=\"twitter:data2\" content=\"1 minuto\" \/>\n<script type=\"application\/ld+json\" class=\"yoast-schema-graph\">{\"@context\":\"https:\/\/schema.org\",\"@graph\":[{\"@type\":\"WebPage\",\"@id\":\"https:\/\/ondauno.com.ar\/index.php\/2025\/02\/13\/la-comision-de-accion-social-y-medio-ambiente-retomo-sus-reuniones-ordinarias\/\",\"url\":\"https:\/\/ondauno.com.ar\/index.php\/2025\/02\/13\/la-comision-de-accion-social-y-medio-ambiente-retomo-sus-reuniones-ordinarias\/\",\"name\":\"La Comisi\u00f3n de Acci\u00f3n Social y Medio Ambiente retom\u00f3 sus reuniones ordinarias - 103.9 fm\",\"isPartOf\":{\"@id\":\"https:\/\/ondauno.com.ar\/#website\"},\"primaryImageOfPage\":{\"@id\":\"https:\/\/ondauno.com.ar\/index.php\/2025\/02\/13\/la-comision-de-accion-social-y-medio-ambiente-retomo-sus-reuniones-ordinarias\/#primaryimage\"},\"image\":{\"@id\":\"https:\/\/ondauno.com.ar\/index.php\/2025\/02\/13\/la-comision-de-accion-social-y-medio-ambiente-retomo-sus-reuniones-ordinarias\/#primaryimage\"},\"thumbnailUrl\":\"https:\/\/ondauno.com.ar\/wp-content\/uploads\/2025\/02\/WhatsApp-Image-2025-02-13-at-11.15.38-1-scaled.jpeg\",\"datePublished\":\"2025-02-13T20:07:52+00:00\",\"dateModified\":\"2025-02-13T20:07:54+00:00\",\"author\":{\"@id\":\"https:\/\/ondauno.com.ar\/#\/schema\/person\/7ec851ddeceb4133d7d7132dc645714e\"},\"breadcrumb\":{\"@id\":\"https:\/\/ondauno.com.ar\/index.php\/2025\/02\/13\/la-comision-de-accion-social-y-medio-ambiente-retomo-sus-reuniones-ordinarias\/#breadcrumb\"},\"inLanguage\":\"es-AR\",\"potentialAction\":[{\"@type\":\"ReadAction\",\"target\":[\"https:\/\/ondauno.com.ar\/index.php\/2025\/02\/13\/la-comision-de-accion-social-y-medio-ambiente-retomo-sus-reuniones-ordinarias\/\"]}]},{\"@type\":\"ImageObject\",\"inLanguage\":\"es-AR\",\"@id\":\"https:\/\/ondauno.com.ar\/index.php\/2025\/02\/13\/la-comision-de-accion-social-y-medio-ambiente-retomo-sus-reuniones-ordinarias\/#primaryimage\",\"url\":\"https:\/\/ondauno.com.ar\/wp-content\/uploads\/2025\/02\/WhatsApp-Image-2025-02-13-at-11.15.38-1-scaled.jpeg\",\"contentUrl\":\"https:\/\/ondauno.com.ar\/wp-content\/uploads\/2025\/02\/WhatsApp-Image-2025-02-13-at-11.15.38-1-scaled.jpeg\",\"width\":2560,\"height\":1441},{\"@type\":\"BreadcrumbList\",\"@id\":\"https:\/\/ondauno.com.ar\/index.php\/2025\/02\/13\/la-comision-de-accion-social-y-medio-ambiente-retomo-sus-reuniones-ordinarias\/#breadcrumb\",\"itemListElement\":[{\"@type\":\"ListItem\",\"position\":1,\"name\":\"Inicio\",\"item\":\"https:\/\/ondauno.com.ar\/\"},{\"@type\":\"ListItem\",\"position\":2,\"name\":\"La Comisi\u00f3n de Acci\u00f3n Social y Medio Ambiente retom\u00f3 sus reuniones ordinarias\"}]},{\"@type\":\"WebSite\",\"@id\":\"https:\/\/ondauno.com.ar\/#website\",\"url\":\"https:\/\/ondauno.com.ar\/\",\"name\":\"103.9 fm\",\"description\":\"LA PRIMERA RADIO MULTIMEDIA DE TRES ARROYOS\",\"potentialAction\":[{\"@type\":\"SearchAction\",\"target\":{\"@type\":\"EntryPoint\",\"urlTemplate\":\"https:\/\/ondauno.com.ar\/?s={search_term_string}\"},\"query-input\":\"required name=search_term_string\"}],\"inLanguage\":\"es-AR\"},{\"@type\":\"Person\",\"@id\":\"https:\/\/ondauno.com.ar\/#\/schema\/person\/7ec851ddeceb4133d7d7132dc645714e\",\"name\":\"OndaUno\",\"image\":{\"@type\":\"ImageObject\",\"inLanguage\":\"es-AR\",\"@id\":\"https:\/\/ondauno.com.ar\/#\/schema\/person\/image\/\",\"url\":\"https:\/\/secure.gravatar.com\/avatar\/93b8009f0de7021f1feb2bd5b32fb9e8?s=96&d=mm&r=g\",\"contentUrl\":\"https:\/\/secure.gravatar.com\/avatar\/93b8009f0de7021f1feb2bd5b32fb9e8?s=96&d=mm&r=g\",\"caption\":\"OndaUno\"},\"url\":\"https:\/\/ondauno.com.ar\/index.php\/author\/ondauno\/\"}]}<\/script>\n<!-- \/ Yoast SEO plugin. -->","yoast_head_json":{"title":"La Comisi\u00f3n de Acci\u00f3n Social y Medio Ambiente retom\u00f3 sus reuniones ordinarias - 103.9 fm","robots":{"index":"index","follow":"follow","max-snippet":"max-snippet:-1","max-image-preview":"max-image-preview:large","max-video-preview":"max-video-preview:-1"},"canonical":"https:\/\/ondauno.com.ar\/index.php\/2025\/02\/13\/la-comision-de-accion-social-y-medio-ambiente-retomo-sus-reuniones-ordinarias\/","og_locale":"es_ES","og_type":"article","og_title":"La Comisi\u00f3n de Acci\u00f3n Social y Medio Ambiente retom\u00f3 sus reuniones ordinarias - 103.9 fm","og_description":"La Comisi\u00f3n de Acci\u00f3n Social y Medio Ambiente retom\u00f3 sus reuniones ordinarias, continuando con la presidencia de Marcelo Le\u00f3n. En primer lugar, el Bloque de Juntos por el Cambio present\u00f3 un nuevo proyecto de ordenanza para la creaci\u00f3n de un Programa Integral del Ciudado de las Playas del Distrito, que contempla diversas medidas de protecci\u00f3n [&hellip;]","og_url":"https:\/\/ondauno.com.ar\/index.php\/2025\/02\/13\/la-comision-de-accion-social-y-medio-ambiente-retomo-sus-reuniones-ordinarias\/","og_site_name":"103.9 fm","article_publisher":"https:\/\/www.facebook.com\/ondauno103.9","article_published_time":"2025-02-13T20:07:52+00:00","article_modified_time":"2025-02-13T20:07:54+00:00","og_image":[{"width":2560,"height":1441,"url":"http:\/\/ondauno.com.ar\/wp-content\/uploads\/2025\/02\/WhatsApp-Image-2025-02-13-at-11.15.38-1-scaled.jpeg","type":"image\/jpeg"}],"author":"OndaUno","twitter_card":"summary_large_image","twitter_misc":{"Escrito por":"OndaUno","Tiempo de lectura":"1 minuto"},"schema":{"@context":"https:\/\/schema.org","@graph":[{"@type":"WebPage","@id":"https:\/\/ondauno.com.ar\/index.php\/2025\/02\/13\/la-comision-de-accion-social-y-medio-ambiente-retomo-sus-reuniones-ordinarias\/","url":"https:\/\/ondauno.com.ar\/index.php\/2025\/02\/13\/la-comision-de-accion-social-y-medio-ambiente-retomo-sus-reuniones-ordinarias\/","name":"La Comisi\u00f3n de Acci\u00f3n Social y Medio Ambiente retom\u00f3 sus reuniones ordinarias - 103.9 fm","isPartOf":{"@id":"https:\/\/ondauno.com.ar\/#website"},"primaryImageOfPage":{"@id":"https:\/\/ondauno.com.ar\/index.php\/2025\/02\/13\/la-comision-de-accion-social-y-medio-ambiente-retomo-sus-reuniones-ordinarias\/#primaryimage"},"image":{"@id":"https:\/\/ondauno.com.ar\/index.php\/2025\/02\/13\/la-comision-de-accion-social-y-medio-ambiente-retomo-sus-reuniones-ordinarias\/#primaryimage"},"thumbnailUrl":"https:\/\/ondauno.com.ar\/wp-content\/uploads\/2025\/02\/WhatsApp-Image-2025-02-13-at-11.15.38-1-scaled.jpeg","datePublished":"2025-02-13T20:07:52+00:00","dateModified":"2025-02-13T20:07:54+00:00","author":{"@id":"https:\/\/ondauno.com.ar\/#\/schema\/person\/7ec851ddeceb4133d7d7132dc645714e"},"breadcrumb":{"@id":"https:\/\/ondauno.com.ar\/index.php\/2025\/02\/13\/la-comision-de-accion-social-y-medio-ambiente-retomo-sus-reuniones-ordinarias\/#breadcrumb"},"inLanguage":"es-AR","potentialAction":[{"@type":"ReadAction","target":["https:\/\/ondauno.com.ar\/index.php\/2025\/02\/13\/la-comision-de-accion-social-y-medio-ambiente-retomo-sus-reuniones-ordinarias\/"]}]},{"@type":"ImageObject","inLanguage":"es-AR","@id":"https:\/\/ondauno.com.ar\/index.php\/2025\/02\/13\/la-comision-de-accion-social-y-medio-ambiente-retomo-sus-reuniones-ordinarias\/#primaryimage","url":"https:\/\/ondauno.com.ar\/wp-content\/uploads\/2025\/02\/WhatsApp-Image-2025-02-13-at-11.15.38-1-scaled.jpeg","contentUrl":"https:\/\/ondauno.com.ar\/wp-content\/uploads\/2025\/02\/WhatsApp-Image-2025-02-13-at-11.15.38-1-scaled.jpeg","width":2560,"height":1441},{"@type":"BreadcrumbList","@id":"https:\/\/ondauno.com.ar\/index.php\/2025\/02\/13\/la-comision-de-accion-social-y-medio-ambiente-retomo-sus-reuniones-ordinarias\/#breadcrumb","itemListElement":[{"@type":"ListItem","position":1,"name":"Inicio","item":"https:\/\/ondauno.com.ar\/"},{"@type":"ListItem","position":2,"name":"La Comisi\u00f3n de Acci\u00f3n Social y Medio Ambiente retom\u00f3 sus reuniones ordinarias"}]},{"@type":"WebSite","@id":"https:\/\/ondauno.com.ar\/#website","url":"https:\/\/ondauno.com.ar\/","name":"103.9 fm","description":"LA PRIMERA RADIO MULTIMEDIA DE TRES ARROYOS","potentialAction":[{"@type":"SearchAction","target":{"@type":"EntryPoint","urlTemplate":"https:\/\/ondauno.com.ar\/?s={search_term_string}"},"query-input":"required name=search_term_string"}],"inLanguage":"es-AR"},{"@type":"Person","@id":"https:\/\/ondauno.com.ar\/#\/schema\/person\/7ec851ddeceb4133d7d7132dc645714e","name":"OndaUno","image":{"@type":"ImageObject","inLanguage":"es-AR","@id":"https:\/\/ondauno.com.ar\/#\/schema\/person\/image\/","url":"https:\/\/secure.gravatar.com\/avatar\/93b8009f0de7021f1feb2bd5b32fb9e8?s=96&d=mm&r=g","contentUrl":"https:\/\/secure.gravatar.com\/avatar\/93b8009f0de7021f1feb2bd5b32fb9e8?s=96&d=mm&r=g","caption":"OndaUno"},"url":"https:\/\/ondauno.com.ar\/index.php\/author\/ondauno\/"}]}},"jetpack_publicize_connections":[],"jetpack_featured_media_url":"https:\/\/ondauno.com.ar\/wp-content\/uploads\/2025\/02\/WhatsApp-Image-2025-02-13-at-11.15.38-1-scaled.jpeg","jetpack_sharing_enabled":true,"_links":{"self":[{"href":"https:\/\/ondauno.com.ar\/index.php\/wp-json\/wp\/v2\/posts\/53635","targetHints":{"allow":["GET"]}}],"collection":[{"href":"https:\/\/ondauno.com.ar\/index.php\/wp-json\/wp\/v2\/posts"}],"about":[{"href":"https:\/\/ondauno.com.ar\/index.php\/wp-json\/wp\/v2\/types\/post"}],"author":[{"embeddable":true,"href":"https:\/\/ondauno.com.ar\/index.php\/wp-json\/wp\/v2\/users\/1"}],"replies":[{"embeddable":true,"href":"https:\/\/ondauno.com.ar\/index.php\/wp-json\/wp\/v2\/comments?post=53635"}],"version-history":[{"count":1,"href":"https:\/\/ondauno.com.ar\/index.php\/wp-json\/wp\/v2\/posts\/53635\/revisions"}],"predecessor-version":[{"id":53638,"href":"https:\/\/ondauno.com.ar\/index.php\/wp-json\/wp\/v2\/posts\/53635\/revisions\/53638"}],"wp:featuredmedia":[{"embeddable":true,"href":"https:\/\/ondauno.com.ar\/index.php\/wp-json\/wp\/v2\/media\/53637"}],"wp:attachment":[{"href":"https:\/\/ondauno.com.ar\/index.php\/wp-json\/wp\/v2\/media?parent=53635"}],"wp:term":[{"taxonomy":"category","embeddable":true,"href":"https:\/\/ondauno.com.ar\/index.php\/wp-json\/wp\/v2\/categories?post=53635"},{"taxonomy":"post_tag","embeddable":true,"href":"https:\/\/ondauno.com.ar\/index.php\/wp-json\/wp\/v2\/tags?post=53635"}],"curies":[{"name":"wp","href":"https:\/\/api.w.org\/{rel}","templated":true}]}}