{"id":53604,"date":"2025-02-12T20:41:16","date_gmt":"2025-02-12T23:41:16","guid":{"rendered":"https:\/\/ondauno.com.ar\/?p=53604"},"modified":"2025-02-12T20:41:19","modified_gmt":"2025-02-12T23:41:19","slug":"continua-abierta-la-convocatoria-para-el-32o-salon-provincial-de-artes-visuales-mariquita-sand","status":"publish","type":"post","link":"https:\/\/ondauno.com.ar\/index.php\/2025\/02\/12\/continua-abierta-la-convocatoria-para-el-32o-salon-provincial-de-artes-visuales-mariquita-sand\/","title":{"rendered":"Contin\u00faa abierta la convocatoria para el 32\u00ba Sal\u00f3n Provincial de Artes Visuales \u201cMariquita Sand\u201d"},"content":{"rendered":"<div class=\"ondau-before-content_3\" style=\"margin-top: -30px;\" id=\"ondau-3719760003\"><a href=\"https:\/\/www.lps.com.ar\/\" aria-label=\"la-perse2\"><img loading=\"lazy\" decoding=\"async\" src=\"https:\/\/ondauno.com.ar\/wp-content\/uploads\/2021\/10\/la-perse2.jpg\" alt=\"\"  srcset=\"https:\/\/ondauno.com.ar\/wp-content\/uploads\/2021\/10\/la-perse2.jpg 1353w, https:\/\/ondauno.com.ar\/wp-content\/uploads\/2021\/10\/la-perse2-300x43.jpg 300w, https:\/\/ondauno.com.ar\/wp-content\/uploads\/2021\/10\/la-perse2-1024x148.jpg 1024w, https:\/\/ondauno.com.ar\/wp-content\/uploads\/2021\/10\/la-perse2-768x111.jpg 768w, https:\/\/ondauno.com.ar\/wp-content\/uploads\/2021\/10\/la-perse2-696x100.jpg 696w, https:\/\/ondauno.com.ar\/wp-content\/uploads\/2021\/10\/la-perse2-1068x154.jpg 1068w\" sizes=\"(max-width: 1353px) 100vw, 1353px\" class=\"no-lazyload\" width=\"1353\" height=\"195\"  style=\"display: inline-block;\" \/><\/a><\/div>\n<p>La Direcci\u00f3n de Cultura, Educaci\u00f3n y Derechos Humanos de la Municipalidad de Tres Arroyos invita a artistas pl\u00e1sticos de toda la provincia a participar del 32\u00ba Sal\u00f3n Provincial de Artes Visuales \u201cMariquita Sand\u201d, que se realizar\u00e1 en el Centro Cultural La Estaci\u00f3n en el marco de la 56\u00ba Fiesta Provincial del Trigo.<\/p>\n\n\n\n<p>Las inscripciones estar\u00e1n abiertas hasta el 16 de febrero y abarcan las disciplinas Dibujo y Pintura y Escultura, con importantes premios en efectivo y adquisici\u00f3n de obras.<\/p>\n\n\n\n<p>Fechas clave:<\/p>\n\n\n\n<p>Inscripci\u00f3n: 4 al 16 de febrero<br>Selecci\u00f3n: 17 al 19 de febrero<br>Recepci\u00f3n de obras seleccionadas: 20 al 27 de febrero<br>Publicaci\u00f3n de ganadores: 28 de febrero<br>Apertura de la muestra: 5 de marzo<br>Exposici\u00f3n: hasta el 31 de marzo<br>Retiro de obras: 1\u00ba al 17 de abril<br>Para consultas, comunicarse a:<\/p>\n\n\n\n<p>Correo electr\u00f3nico: <span \n                data-original-string=\"gi434pQXxi1oq4Fn5xkCBzYRwD4ZxHenpWth6YqE87g=\"\n                class=\"apbct-email-encoder\"\n                title=\"This contact has been encoded by Anti-Spam by CleanTalk. Click to decode. To finish the decoding make sure that JavaScript is enabled in your browser.\">sa****************@gm***.com<\/span><br>WhatsApp: 2983 445968<\/p>\n\n\n\n<p>Tel\u00e9fono fijo: 02983 425513 (lunes a viernes, de 7 a 14 h)<\/p>\n\n\n\n<p><br>Este sal\u00f3n rinde homenaje a Mariquita Sand, artista y gestora cultural que impuls\u00f3 el arte en la regi\u00f3n, fundando en 1953 este prestigioso espacio de exhibici\u00f3n. Su legado sigue vigente, promoviendo el talento pl\u00e1stico en la provincia.<\/p>\n","protected":false},"excerpt":{"rendered":"<p>La Direcci\u00f3n de Cultura, Educaci\u00f3n y Derechos Humanos de la Municipalidad de Tres Arroyos invita a artistas pl\u00e1sticos de toda la provincia a participar del 32\u00ba Sal\u00f3n Provincial de Artes Visuales \u201cMariquita Sand\u201d, que se realizar\u00e1 en el Centro Cultural La Estaci\u00f3n en el marco de la 56\u00ba Fiesta Provincial del Trigo. Las inscripciones estar\u00e1n [&hellip;]<\/p>\n","protected":false},"author":1,"featured_media":53605,"comment_status":"open","ping_status":"open","sticky":false,"template":"","format":"standard","meta":{"tdm_status":"","tdm_grid_status":"","_jetpack_memberships_contains_paid_content":false,"footnotes":"","jetpack_publicize_message":"","jetpack_publicize_feature_enabled":true,"jetpack_social_post_already_shared":false,"jetpack_social_options":{"image_generator_settings":{"template":"highway","default_image_id":0,"font":"","enabled":false},"version":2}},"categories":[28],"tags":[],"class_list":{"0":"post-53604","1":"post","2":"type-post","3":"status-publish","4":"format-standard","5":"has-post-thumbnail","7":"category-interes-general"},"yoast_head":"<!-- This site is optimized with the Yoast SEO plugin v22.7 - https:\/\/yoast.com\/wordpress\/plugins\/seo\/ -->\n<title>Contin\u00faa abierta la convocatoria para el 32\u00ba Sal\u00f3n Provincial de Artes Visuales \u201cMariquita Sand\u201d - 103.9 fm<\/title>\n<meta name=\"robots\" content=\"index, follow, max-snippet:-1, max-image-preview:large, max-video-preview:-1\" \/>\n<link rel=\"canonical\" href=\"https:\/\/ondauno.com.ar\/index.php\/2025\/02\/12\/continua-abierta-la-convocatoria-para-el-32o-salon-provincial-de-artes-visuales-mariquita-sand\/\" \/>\n<meta property=\"og:locale\" content=\"es_ES\" \/>\n<meta property=\"og:type\" content=\"article\" \/>\n<meta property=\"og:title\" content=\"Contin\u00faa abierta la convocatoria para el 32\u00ba Sal\u00f3n Provincial de Artes Visuales \u201cMariquita Sand\u201d - 103.9 fm\" \/>\n<meta property=\"og:description\" content=\"La Direcci\u00f3n de Cultura, Educaci\u00f3n y Derechos Humanos de la Municipalidad de Tres Arroyos invita a artistas pl\u00e1sticos de toda la provincia a participar del 32\u00ba Sal\u00f3n Provincial de Artes Visuales \u201cMariquita Sand\u201d, que se realizar\u00e1 en el Centro Cultural La Estaci\u00f3n en el marco de la 56\u00ba Fiesta Provincial del Trigo. Las inscripciones estar\u00e1n [&hellip;]\" \/>\n<meta property=\"og:url\" content=\"https:\/\/ondauno.com.ar\/index.php\/2025\/02\/12\/continua-abierta-la-convocatoria-para-el-32o-salon-provincial-de-artes-visuales-mariquita-sand\/\" \/>\n<meta property=\"og:site_name\" content=\"103.9 fm\" \/>\n<meta property=\"article:publisher\" content=\"https:\/\/www.facebook.com\/ondauno103.9\" \/>\n<meta property=\"article:published_time\" content=\"2025-02-12T23:41:16+00:00\" \/>\n<meta property=\"article:modified_time\" content=\"2025-02-12T23:41:19+00:00\" \/>\n<meta property=\"og:image\" content=\"http:\/\/ondauno.com.ar\/wp-content\/uploads\/2025\/02\/WhatsApp-Image-2025-02-12-at-19.58.05.jpeg\" \/>\n\t<meta property=\"og:image:width\" content=\"1024\" \/>\n\t<meta property=\"og:image:height\" content=\"1280\" \/>\n\t<meta property=\"og:image:type\" content=\"image\/jpeg\" \/>\n<meta name=\"author\" content=\"OndaUno\" \/>\n<meta name=\"twitter:card\" content=\"summary_large_image\" \/>\n<meta name=\"twitter:label1\" content=\"Escrito por\" \/>\n\t<meta name=\"twitter:data1\" content=\"OndaUno\" \/>\n\t<meta name=\"twitter:label2\" content=\"Tiempo de lectura\" \/>\n\t<meta name=\"twitter:data2\" content=\"1 minuto\" \/>\n<script type=\"application\/ld+json\" class=\"yoast-schema-graph\">{\"@context\":\"https:\/\/schema.org\",\"@graph\":[{\"@type\":\"WebPage\",\"@id\":\"https:\/\/ondauno.com.ar\/index.php\/2025\/02\/12\/continua-abierta-la-convocatoria-para-el-32o-salon-provincial-de-artes-visuales-mariquita-sand\/\",\"url\":\"https:\/\/ondauno.com.ar\/index.php\/2025\/02\/12\/continua-abierta-la-convocatoria-para-el-32o-salon-provincial-de-artes-visuales-mariquita-sand\/\",\"name\":\"Contin\u00faa abierta la convocatoria para el 32\u00ba Sal\u00f3n Provincial de Artes Visuales \u201cMariquita Sand\u201d - 103.9 fm\",\"isPartOf\":{\"@id\":\"https:\/\/ondauno.com.ar\/#website\"},\"primaryImageOfPage\":{\"@id\":\"https:\/\/ondauno.com.ar\/index.php\/2025\/02\/12\/continua-abierta-la-convocatoria-para-el-32o-salon-provincial-de-artes-visuales-mariquita-sand\/#primaryimage\"},\"image\":{\"@id\":\"https:\/\/ondauno.com.ar\/index.php\/2025\/02\/12\/continua-abierta-la-convocatoria-para-el-32o-salon-provincial-de-artes-visuales-mariquita-sand\/#primaryimage\"},\"thumbnailUrl\":\"https:\/\/ondauno.com.ar\/wp-content\/uploads\/2025\/02\/WhatsApp-Image-2025-02-12-at-19.58.05.jpeg\",\"datePublished\":\"2025-02-12T23:41:16+00:00\",\"dateModified\":\"2025-02-12T23:41:19+00:00\",\"author\":{\"@id\":\"https:\/\/ondauno.com.ar\/#\/schema\/person\/7ec851ddeceb4133d7d7132dc645714e\"},\"breadcrumb\":{\"@id\":\"https:\/\/ondauno.com.ar\/index.php\/2025\/02\/12\/continua-abierta-la-convocatoria-para-el-32o-salon-provincial-de-artes-visuales-mariquita-sand\/#breadcrumb\"},\"inLanguage\":\"es-AR\",\"potentialAction\":[{\"@type\":\"ReadAction\",\"target\":[\"https:\/\/ondauno.com.ar\/index.php\/2025\/02\/12\/continua-abierta-la-convocatoria-para-el-32o-salon-provincial-de-artes-visuales-mariquita-sand\/\"]}]},{\"@type\":\"ImageObject\",\"inLanguage\":\"es-AR\",\"@id\":\"https:\/\/ondauno.com.ar\/index.php\/2025\/02\/12\/continua-abierta-la-convocatoria-para-el-32o-salon-provincial-de-artes-visuales-mariquita-sand\/#primaryimage\",\"url\":\"https:\/\/ondauno.com.ar\/wp-content\/uploads\/2025\/02\/WhatsApp-Image-2025-02-12-at-19.58.05.jpeg\",\"contentUrl\":\"https:\/\/ondauno.com.ar\/wp-content\/uploads\/2025\/02\/WhatsApp-Image-2025-02-12-at-19.58.05.jpeg\",\"width\":1024,\"height\":1280},{\"@type\":\"BreadcrumbList\",\"@id\":\"https:\/\/ondauno.com.ar\/index.php\/2025\/02\/12\/continua-abierta-la-convocatoria-para-el-32o-salon-provincial-de-artes-visuales-mariquita-sand\/#breadcrumb\",\"itemListElement\":[{\"@type\":\"ListItem\",\"position\":1,\"name\":\"Inicio\",\"item\":\"https:\/\/ondauno.com.ar\/\"},{\"@type\":\"ListItem\",\"position\":2,\"name\":\"Contin\u00faa abierta la convocatoria para el 32\u00ba Sal\u00f3n Provincial de Artes Visuales \u201cMariquita Sand\u201d\"}]},{\"@type\":\"WebSite\",\"@id\":\"https:\/\/ondauno.com.ar\/#website\",\"url\":\"https:\/\/ondauno.com.ar\/\",\"name\":\"103.9 fm\",\"description\":\"LA PRIMERA RADIO MULTIMEDIA DE TRES ARROYOS\",\"potentialAction\":[{\"@type\":\"SearchAction\",\"target\":{\"@type\":\"EntryPoint\",\"urlTemplate\":\"https:\/\/ondauno.com.ar\/?s={search_term_string}\"},\"query-input\":\"required name=search_term_string\"}],\"inLanguage\":\"es-AR\"},{\"@type\":\"Person\",\"@id\":\"https:\/\/ondauno.com.ar\/#\/schema\/person\/7ec851ddeceb4133d7d7132dc645714e\",\"name\":\"OndaUno\",\"image\":{\"@type\":\"ImageObject\",\"inLanguage\":\"es-AR\",\"@id\":\"https:\/\/ondauno.com.ar\/#\/schema\/person\/image\/\",\"url\":\"https:\/\/secure.gravatar.com\/avatar\/93b8009f0de7021f1feb2bd5b32fb9e8?s=96&d=mm&r=g\",\"contentUrl\":\"https:\/\/secure.gravatar.com\/avatar\/93b8009f0de7021f1feb2bd5b32fb9e8?s=96&d=mm&r=g\",\"caption\":\"OndaUno\"},\"url\":\"https:\/\/ondauno.com.ar\/index.php\/author\/ondauno\/\"}]}<\/script>\n<!-- \/ Yoast SEO plugin. -->","yoast_head_json":{"title":"Contin\u00faa abierta la convocatoria para el 32\u00ba Sal\u00f3n Provincial de Artes Visuales \u201cMariquita Sand\u201d - 103.9 fm","robots":{"index":"index","follow":"follow","max-snippet":"max-snippet:-1","max-image-preview":"max-image-preview:large","max-video-preview":"max-video-preview:-1"},"canonical":"https:\/\/ondauno.com.ar\/index.php\/2025\/02\/12\/continua-abierta-la-convocatoria-para-el-32o-salon-provincial-de-artes-visuales-mariquita-sand\/","og_locale":"es_ES","og_type":"article","og_title":"Contin\u00faa abierta la convocatoria para el 32\u00ba Sal\u00f3n Provincial de Artes Visuales \u201cMariquita Sand\u201d - 103.9 fm","og_description":"La Direcci\u00f3n de Cultura, Educaci\u00f3n y Derechos Humanos de la Municipalidad de Tres Arroyos invita a artistas pl\u00e1sticos de toda la provincia a participar del 32\u00ba Sal\u00f3n Provincial de Artes Visuales \u201cMariquita Sand\u201d, que se realizar\u00e1 en el Centro Cultural La Estaci\u00f3n en el marco de la 56\u00ba Fiesta Provincial del Trigo. Las inscripciones estar\u00e1n [&hellip;]","og_url":"https:\/\/ondauno.com.ar\/index.php\/2025\/02\/12\/continua-abierta-la-convocatoria-para-el-32o-salon-provincial-de-artes-visuales-mariquita-sand\/","og_site_name":"103.9 fm","article_publisher":"https:\/\/www.facebook.com\/ondauno103.9","article_published_time":"2025-02-12T23:41:16+00:00","article_modified_time":"2025-02-12T23:41:19+00:00","og_image":[{"width":1024,"height":1280,"url":"http:\/\/ondauno.com.ar\/wp-content\/uploads\/2025\/02\/WhatsApp-Image-2025-02-12-at-19.58.05.jpeg","type":"image\/jpeg"}],"author":"OndaUno","twitter_card":"summary_large_image","twitter_misc":{"Escrito por":"OndaUno","Tiempo de lectura":"1 minuto"},"schema":{"@context":"https:\/\/schema.org","@graph":[{"@type":"WebPage","@id":"https:\/\/ondauno.com.ar\/index.php\/2025\/02\/12\/continua-abierta-la-convocatoria-para-el-32o-salon-provincial-de-artes-visuales-mariquita-sand\/","url":"https:\/\/ondauno.com.ar\/index.php\/2025\/02\/12\/continua-abierta-la-convocatoria-para-el-32o-salon-provincial-de-artes-visuales-mariquita-sand\/","name":"Contin\u00faa abierta la convocatoria para el 32\u00ba Sal\u00f3n Provincial de Artes Visuales \u201cMariquita Sand\u201d - 103.9 fm","isPartOf":{"@id":"https:\/\/ondauno.com.ar\/#website"},"primaryImageOfPage":{"@id":"https:\/\/ondauno.com.ar\/index.php\/2025\/02\/12\/continua-abierta-la-convocatoria-para-el-32o-salon-provincial-de-artes-visuales-mariquita-sand\/#primaryimage"},"image":{"@id":"https:\/\/ondauno.com.ar\/index.php\/2025\/02\/12\/continua-abierta-la-convocatoria-para-el-32o-salon-provincial-de-artes-visuales-mariquita-sand\/#primaryimage"},"thumbnailUrl":"https:\/\/ondauno.com.ar\/wp-content\/uploads\/2025\/02\/WhatsApp-Image-2025-02-12-at-19.58.05.jpeg","datePublished":"2025-02-12T23:41:16+00:00","dateModified":"2025-02-12T23:41:19+00:00","author":{"@id":"https:\/\/ondauno.com.ar\/#\/schema\/person\/7ec851ddeceb4133d7d7132dc645714e"},"breadcrumb":{"@id":"https:\/\/ondauno.com.ar\/index.php\/2025\/02\/12\/continua-abierta-la-convocatoria-para-el-32o-salon-provincial-de-artes-visuales-mariquita-sand\/#breadcrumb"},"inLanguage":"es-AR","potentialAction":[{"@type":"ReadAction","target":["https:\/\/ondauno.com.ar\/index.php\/2025\/02\/12\/continua-abierta-la-convocatoria-para-el-32o-salon-provincial-de-artes-visuales-mariquita-sand\/"]}]},{"@type":"ImageObject","inLanguage":"es-AR","@id":"https:\/\/ondauno.com.ar\/index.php\/2025\/02\/12\/continua-abierta-la-convocatoria-para-el-32o-salon-provincial-de-artes-visuales-mariquita-sand\/#primaryimage","url":"https:\/\/ondauno.com.ar\/wp-content\/uploads\/2025\/02\/WhatsApp-Image-2025-02-12-at-19.58.05.jpeg","contentUrl":"https:\/\/ondauno.com.ar\/wp-content\/uploads\/2025\/02\/WhatsApp-Image-2025-02-12-at-19.58.05.jpeg","width":1024,"height":1280},{"@type":"BreadcrumbList","@id":"https:\/\/ondauno.com.ar\/index.php\/2025\/02\/12\/continua-abierta-la-convocatoria-para-el-32o-salon-provincial-de-artes-visuales-mariquita-sand\/#breadcrumb","itemListElement":[{"@type":"ListItem","position":1,"name":"Inicio","item":"https:\/\/ondauno.com.ar\/"},{"@type":"ListItem","position":2,"name":"Contin\u00faa abierta la convocatoria para el 32\u00ba Sal\u00f3n Provincial de Artes Visuales \u201cMariquita Sand\u201d"}]},{"@type":"WebSite","@id":"https:\/\/ondauno.com.ar\/#website","url":"https:\/\/ondauno.com.ar\/","name":"103.9 fm","description":"LA PRIMERA RADIO MULTIMEDIA DE TRES ARROYOS","potentialAction":[{"@type":"SearchAction","target":{"@type":"EntryPoint","urlTemplate":"https:\/\/ondauno.com.ar\/?s={search_term_string}"},"query-input":"required name=search_term_string"}],"inLanguage":"es-AR"},{"@type":"Person","@id":"https:\/\/ondauno.com.ar\/#\/schema\/person\/7ec851ddeceb4133d7d7132dc645714e","name":"OndaUno","image":{"@type":"ImageObject","inLanguage":"es-AR","@id":"https:\/\/ondauno.com.ar\/#\/schema\/person\/image\/","url":"https:\/\/secure.gravatar.com\/avatar\/93b8009f0de7021f1feb2bd5b32fb9e8?s=96&d=mm&r=g","contentUrl":"https:\/\/secure.gravatar.com\/avatar\/93b8009f0de7021f1feb2bd5b32fb9e8?s=96&d=mm&r=g","caption":"OndaUno"},"url":"https:\/\/ondauno.com.ar\/index.php\/author\/ondauno\/"}]}},"jetpack_publicize_connections":[],"jetpack_featured_media_url":"https:\/\/ondauno.com.ar\/wp-content\/uploads\/2025\/02\/WhatsApp-Image-2025-02-12-at-19.58.05.jpeg","jetpack_sharing_enabled":true,"_links":{"self":[{"href":"https:\/\/ondauno.com.ar\/index.php\/wp-json\/wp\/v2\/posts\/53604","targetHints":{"allow":["GET"]}}],"collection":[{"href":"https:\/\/ondauno.com.ar\/index.php\/wp-json\/wp\/v2\/posts"}],"about":[{"href":"https:\/\/ondauno.com.ar\/index.php\/wp-json\/wp\/v2\/types\/post"}],"author":[{"embeddable":true,"href":"https:\/\/ondauno.com.ar\/index.php\/wp-json\/wp\/v2\/users\/1"}],"replies":[{"embeddable":true,"href":"https:\/\/ondauno.com.ar\/index.php\/wp-json\/wp\/v2\/comments?post=53604"}],"version-history":[{"count":1,"href":"https:\/\/ondauno.com.ar\/index.php\/wp-json\/wp\/v2\/posts\/53604\/revisions"}],"predecessor-version":[{"id":53606,"href":"https:\/\/ondauno.com.ar\/index.php\/wp-json\/wp\/v2\/posts\/53604\/revisions\/53606"}],"wp:featuredmedia":[{"embeddable":true,"href":"https:\/\/ondauno.com.ar\/index.php\/wp-json\/wp\/v2\/media\/53605"}],"wp:attachment":[{"href":"https:\/\/ondauno.com.ar\/index.php\/wp-json\/wp\/v2\/media?parent=53604"}],"wp:term":[{"taxonomy":"category","embeddable":true,"href":"https:\/\/ondauno.com.ar\/index.php\/wp-json\/wp\/v2\/categories?post=53604"},{"taxonomy":"post_tag","embeddable":true,"href":"https:\/\/ondauno.com.ar\/index.php\/wp-json\/wp\/v2\/tags?post=53604"}],"curies":[{"name":"wp","href":"https:\/\/api.w.org\/{rel}","templated":true}]}}