{"id":53586,"date":"2025-02-11T18:25:12","date_gmt":"2025-02-11T21:25:12","guid":{"rendered":"https:\/\/ondauno.com.ar\/?p=53586"},"modified":"2025-02-11T18:29:13","modified_gmt":"2025-02-11T21:29:13","slug":"a-20-anos-de-su-primera-clase-cresta-homenajeo-sus-inicios","status":"publish","type":"post","link":"https:\/\/ondauno.com.ar\/index.php\/2025\/02\/11\/a-20-anos-de-su-primera-clase-cresta-homenajeo-sus-inicios\/","title":{"rendered":"A 20 a\u00f1os de su primera clase, CRESTA homenaje\u00f3 sus inicios"},"content":{"rendered":"<div class=\"ondau-before-content_3\" style=\"margin-top: -30px;\" id=\"ondau-3856519408\"><a href=\"https:\/\/www.lps.com.ar\/\" aria-label=\"la-perse2\"><img loading=\"lazy\" decoding=\"async\" src=\"https:\/\/ondauno.com.ar\/wp-content\/uploads\/2021\/10\/la-perse2.jpg\" alt=\"\"  srcset=\"https:\/\/ondauno.com.ar\/wp-content\/uploads\/2021\/10\/la-perse2.jpg 1353w, https:\/\/ondauno.com.ar\/wp-content\/uploads\/2021\/10\/la-perse2-300x43.jpg 300w, https:\/\/ondauno.com.ar\/wp-content\/uploads\/2021\/10\/la-perse2-1024x148.jpg 1024w, https:\/\/ondauno.com.ar\/wp-content\/uploads\/2021\/10\/la-perse2-768x111.jpg 768w, https:\/\/ondauno.com.ar\/wp-content\/uploads\/2021\/10\/la-perse2-696x100.jpg 696w, https:\/\/ondauno.com.ar\/wp-content\/uploads\/2021\/10\/la-perse2-1068x154.jpg 1068w\" sizes=\"(max-width: 1353px) 100vw, 1353px\" class=\"no-lazyload\" width=\"1353\" height=\"195\"  style=\"display: inline-block;\" \/><\/a><\/div>\n<p>El Centro Regional de Estudios Superiores de Tres Arroyos (CRESTA) celebr\u00f3 su 20\u00b0 aniversario con un acto en el que se denomin\u00f3 el Aula 206 como \u201c8 de febrero de 2005\u201d d\u00eda en el que se dict\u00f3 la primer clase de la Facultad de Ciencias Econ\u00f3micas de la UNLP en ese espacio.<\/p>\n\n\n\n<p>Durante el evento, conducido por la coordinadora de la instituci\u00f3n Valeria Guido, Stella Gil de Jim\u00e9nez, integrante de la primera comisi\u00f3n dio unas palabras alusivas, recordando como fueron los comienzos, seguidamente el ex intendente Carlos S\u00e1nchez tambi\u00e9n dio su discurso, cerrando el Intendente Pablo Garate qui\u00e9n resalt\u00f3 la importancia de continuar con gestiones que busquen mejorar la educaci\u00f3n superior en nuestro distrito.<\/p>\n\n\n\n<figure class=\"wp-block-gallery has-nested-images columns-default is-cropped wp-block-gallery-1 is-layout-flex wp-block-gallery-is-layout-flex\">\n<figure class=\"wp-block-image size-large\"><img loading=\"lazy\" decoding=\"async\" width=\"835\" height=\"556\" data-id=\"53590\" data-src=\"https:\/\/ondauno.com.ar\/wp-content\/uploads\/2025\/02\/3.jpg\" alt=\"\" class=\"wp-image-53590 lazyload\" data-srcset=\"https:\/\/ondauno.com.ar\/wp-content\/uploads\/2025\/02\/3.jpg 835w, https:\/\/ondauno.com.ar\/wp-content\/uploads\/2025\/02\/3-300x200.jpg 300w, https:\/\/ondauno.com.ar\/wp-content\/uploads\/2025\/02\/3-768x511.jpg 768w, https:\/\/ondauno.com.ar\/wp-content\/uploads\/2025\/02\/3-631x420.jpg 631w, https:\/\/ondauno.com.ar\/wp-content\/uploads\/2025\/02\/3-696x463.jpg 696w\" data-sizes=\"auto, (max-width: 835px) 100vw, 835px\" src=\"data:image\/gif;base64,R0lGODlhAQABAAAAACH5BAEKAAEALAAAAAABAAEAAAICTAEAOw==\" style=\"--smush-placeholder-width: 835px; --smush-placeholder-aspect-ratio: 835\/556;\" \/><noscript><img loading=\"lazy\" decoding=\"async\" width=\"835\" height=\"556\" data-id=\"53590\" src=\"https:\/\/ondauno.com.ar\/wp-content\/uploads\/2025\/02\/3.jpg\" alt=\"\" class=\"wp-image-53590\" srcset=\"https:\/\/ondauno.com.ar\/wp-content\/uploads\/2025\/02\/3.jpg 835w, https:\/\/ondauno.com.ar\/wp-content\/uploads\/2025\/02\/3-300x200.jpg 300w, https:\/\/ondauno.com.ar\/wp-content\/uploads\/2025\/02\/3-768x511.jpg 768w, https:\/\/ondauno.com.ar\/wp-content\/uploads\/2025\/02\/3-631x420.jpg 631w, https:\/\/ondauno.com.ar\/wp-content\/uploads\/2025\/02\/3-696x463.jpg 696w\" sizes=\"auto, (max-width: 835px) 100vw, 835px\" \/><\/noscript><\/figure>\n\n\n\n<figure class=\"wp-block-image size-large\"><img loading=\"lazy\" decoding=\"async\" width=\"835\" height=\"556\" data-id=\"53588\" data-src=\"https:\/\/ondauno.com.ar\/wp-content\/uploads\/2025\/02\/7.jpg\" alt=\"\" class=\"wp-image-53588 lazyload\" data-srcset=\"https:\/\/ondauno.com.ar\/wp-content\/uploads\/2025\/02\/7.jpg 835w, https:\/\/ondauno.com.ar\/wp-content\/uploads\/2025\/02\/7-300x200.jpg 300w, https:\/\/ondauno.com.ar\/wp-content\/uploads\/2025\/02\/7-768x511.jpg 768w, https:\/\/ondauno.com.ar\/wp-content\/uploads\/2025\/02\/7-631x420.jpg 631w, https:\/\/ondauno.com.ar\/wp-content\/uploads\/2025\/02\/7-696x463.jpg 696w\" data-sizes=\"auto, (max-width: 835px) 100vw, 835px\" src=\"data:image\/gif;base64,R0lGODlhAQABAAAAACH5BAEKAAEALAAAAAABAAEAAAICTAEAOw==\" style=\"--smush-placeholder-width: 835px; --smush-placeholder-aspect-ratio: 835\/556;\" \/><noscript><img loading=\"lazy\" decoding=\"async\" width=\"835\" height=\"556\" data-id=\"53588\" src=\"https:\/\/ondauno.com.ar\/wp-content\/uploads\/2025\/02\/7.jpg\" alt=\"\" class=\"wp-image-53588\" srcset=\"https:\/\/ondauno.com.ar\/wp-content\/uploads\/2025\/02\/7.jpg 835w, https:\/\/ondauno.com.ar\/wp-content\/uploads\/2025\/02\/7-300x200.jpg 300w, https:\/\/ondauno.com.ar\/wp-content\/uploads\/2025\/02\/7-768x511.jpg 768w, https:\/\/ondauno.com.ar\/wp-content\/uploads\/2025\/02\/7-631x420.jpg 631w, https:\/\/ondauno.com.ar\/wp-content\/uploads\/2025\/02\/7-696x463.jpg 696w\" sizes=\"auto, (max-width: 835px) 100vw, 835px\" \/><\/noscript><\/figure>\n<\/figure>\n\n\n\n<p>Adem\u00e1s se descubri\u00f3 una placa conmemorativa en honor a las instituciones, entidades y miembros de la Comisi\u00f3n de Apoyo de CRESTA (Decreto 3517\/2004), quienes jugaron un rol fundamental en el nacimiento y desarrollo de la instituci\u00f3n.<\/p>\n\n\n\n<p>Este aniversario se da en un contexto clave para la instituci\u00f3n, ya que la reciente compra del edificio por parte del Municipio asegura la estabilidad y el crecimiento futuro de CRESTA, consolidando su rol en la educaci\u00f3n universitaria p\u00fablica y de calidad en Tres Arroyos.<\/p>\n\n\n\n<p>La conmemoraci\u00f3n marca dos d\u00e9cadas de compromiso con la formaci\u00f3n acad\u00e9mica en la regi\u00f3n, un hito que subraya el impacto y la consolidaci\u00f3n de la instituci\u00f3n en la comunidad educativa local.<\/p>\n","protected":false},"excerpt":{"rendered":"<p>El Centro Regional de Estudios Superiores de Tres Arroyos (CRESTA) celebr\u00f3 su 20\u00b0 aniversario con un acto en el que se denomin\u00f3 el Aula 206 como \u201c8 de febrero de 2005\u201d d\u00eda en el que se dict\u00f3 la primer clase de la Facultad de Ciencias Econ\u00f3micas de la UNLP en ese espacio. Durante el evento, [&hellip;]<\/p>\n","protected":false},"author":1,"featured_media":53589,"comment_status":"open","ping_status":"open","sticky":false,"template":"","format":"standard","meta":{"tdm_status":"","tdm_grid_status":"","_jetpack_memberships_contains_paid_content":false,"footnotes":"","jetpack_publicize_message":"","jetpack_publicize_feature_enabled":true,"jetpack_social_post_already_shared":false,"jetpack_social_options":{"image_generator_settings":{"template":"highway","default_image_id":0,"font":"","enabled":false},"version":2}},"categories":[2],"tags":[],"class_list":{"0":"post-53586","1":"post","2":"type-post","3":"status-publish","4":"format-standard","5":"has-post-thumbnail","7":"category-locales"},"yoast_head":"<!-- This site is optimized with the Yoast SEO plugin v22.7 - https:\/\/yoast.com\/wordpress\/plugins\/seo\/ -->\n<title>A 20 a\u00f1os de su primera clase, CRESTA homenaje\u00f3 sus inicios - 103.9 fm<\/title>\n<meta name=\"robots\" content=\"index, follow, max-snippet:-1, max-image-preview:large, max-video-preview:-1\" \/>\n<link rel=\"canonical\" href=\"https:\/\/ondauno.com.ar\/index.php\/2025\/02\/11\/a-20-anos-de-su-primera-clase-cresta-homenajeo-sus-inicios\/\" \/>\n<meta property=\"og:locale\" content=\"es_ES\" \/>\n<meta property=\"og:type\" content=\"article\" \/>\n<meta property=\"og:title\" content=\"A 20 a\u00f1os de su primera clase, CRESTA homenaje\u00f3 sus inicios - 103.9 fm\" \/>\n<meta property=\"og:description\" content=\"El Centro Regional de Estudios Superiores de Tres Arroyos (CRESTA) celebr\u00f3 su 20\u00b0 aniversario con un acto en el que se denomin\u00f3 el Aula 206 como \u201c8 de febrero de 2005\u201d d\u00eda en el que se dict\u00f3 la primer clase de la Facultad de Ciencias Econ\u00f3micas de la UNLP en ese espacio. Durante el evento, [&hellip;]\" \/>\n<meta property=\"og:url\" content=\"https:\/\/ondauno.com.ar\/index.php\/2025\/02\/11\/a-20-anos-de-su-primera-clase-cresta-homenajeo-sus-inicios\/\" \/>\n<meta property=\"og:site_name\" content=\"103.9 fm\" \/>\n<meta property=\"article:publisher\" content=\"https:\/\/www.facebook.com\/ondauno103.9\" \/>\n<meta property=\"article:published_time\" content=\"2025-02-11T21:25:12+00:00\" \/>\n<meta property=\"article:modified_time\" content=\"2025-02-11T21:29:13+00:00\" \/>\n<meta property=\"og:image\" content=\"http:\/\/ondauno.com.ar\/wp-content\/uploads\/2025\/02\/14.jpg\" \/>\n\t<meta property=\"og:image:width\" content=\"766\" \/>\n\t<meta property=\"og:image:height\" content=\"510\" \/>\n\t<meta property=\"og:image:type\" content=\"image\/jpeg\" \/>\n<meta name=\"author\" content=\"OndaUno\" \/>\n<meta name=\"twitter:card\" content=\"summary_large_image\" \/>\n<meta name=\"twitter:label1\" content=\"Escrito por\" \/>\n\t<meta name=\"twitter:data1\" content=\"OndaUno\" \/>\n\t<meta name=\"twitter:label2\" content=\"Tiempo de lectura\" \/>\n\t<meta name=\"twitter:data2\" content=\"2 minutos\" \/>\n<script type=\"application\/ld+json\" class=\"yoast-schema-graph\">{\"@context\":\"https:\/\/schema.org\",\"@graph\":[{\"@type\":\"WebPage\",\"@id\":\"https:\/\/ondauno.com.ar\/index.php\/2025\/02\/11\/a-20-anos-de-su-primera-clase-cresta-homenajeo-sus-inicios\/\",\"url\":\"https:\/\/ondauno.com.ar\/index.php\/2025\/02\/11\/a-20-anos-de-su-primera-clase-cresta-homenajeo-sus-inicios\/\",\"name\":\"A 20 a\u00f1os de su primera clase, CRESTA homenaje\u00f3 sus inicios - 103.9 fm\",\"isPartOf\":{\"@id\":\"https:\/\/ondauno.com.ar\/#website\"},\"primaryImageOfPage\":{\"@id\":\"https:\/\/ondauno.com.ar\/index.php\/2025\/02\/11\/a-20-anos-de-su-primera-clase-cresta-homenajeo-sus-inicios\/#primaryimage\"},\"image\":{\"@id\":\"https:\/\/ondauno.com.ar\/index.php\/2025\/02\/11\/a-20-anos-de-su-primera-clase-cresta-homenajeo-sus-inicios\/#primaryimage\"},\"thumbnailUrl\":\"https:\/\/ondauno.com.ar\/wp-content\/uploads\/2025\/02\/14.jpg\",\"datePublished\":\"2025-02-11T21:25:12+00:00\",\"dateModified\":\"2025-02-11T21:29:13+00:00\",\"author\":{\"@id\":\"https:\/\/ondauno.com.ar\/#\/schema\/person\/7ec851ddeceb4133d7d7132dc645714e\"},\"breadcrumb\":{\"@id\":\"https:\/\/ondauno.com.ar\/index.php\/2025\/02\/11\/a-20-anos-de-su-primera-clase-cresta-homenajeo-sus-inicios\/#breadcrumb\"},\"inLanguage\":\"es-AR\",\"potentialAction\":[{\"@type\":\"ReadAction\",\"target\":[\"https:\/\/ondauno.com.ar\/index.php\/2025\/02\/11\/a-20-anos-de-su-primera-clase-cresta-homenajeo-sus-inicios\/\"]}]},{\"@type\":\"ImageObject\",\"inLanguage\":\"es-AR\",\"@id\":\"https:\/\/ondauno.com.ar\/index.php\/2025\/02\/11\/a-20-anos-de-su-primera-clase-cresta-homenajeo-sus-inicios\/#primaryimage\",\"url\":\"https:\/\/ondauno.com.ar\/wp-content\/uploads\/2025\/02\/14.jpg\",\"contentUrl\":\"https:\/\/ondauno.com.ar\/wp-content\/uploads\/2025\/02\/14.jpg\",\"width\":766,\"height\":510},{\"@type\":\"BreadcrumbList\",\"@id\":\"https:\/\/ondauno.com.ar\/index.php\/2025\/02\/11\/a-20-anos-de-su-primera-clase-cresta-homenajeo-sus-inicios\/#breadcrumb\",\"itemListElement\":[{\"@type\":\"ListItem\",\"position\":1,\"name\":\"Inicio\",\"item\":\"https:\/\/ondauno.com.ar\/\"},{\"@type\":\"ListItem\",\"position\":2,\"name\":\"A 20 a\u00f1os de su primera clase, CRESTA homenaje\u00f3 sus inicios\"}]},{\"@type\":\"WebSite\",\"@id\":\"https:\/\/ondauno.com.ar\/#website\",\"url\":\"https:\/\/ondauno.com.ar\/\",\"name\":\"103.9 fm\",\"description\":\"LA PRIMERA RADIO MULTIMEDIA DE TRES ARROYOS\",\"potentialAction\":[{\"@type\":\"SearchAction\",\"target\":{\"@type\":\"EntryPoint\",\"urlTemplate\":\"https:\/\/ondauno.com.ar\/?s={search_term_string}\"},\"query-input\":\"required name=search_term_string\"}],\"inLanguage\":\"es-AR\"},{\"@type\":\"Person\",\"@id\":\"https:\/\/ondauno.com.ar\/#\/schema\/person\/7ec851ddeceb4133d7d7132dc645714e\",\"name\":\"OndaUno\",\"image\":{\"@type\":\"ImageObject\",\"inLanguage\":\"es-AR\",\"@id\":\"https:\/\/ondauno.com.ar\/#\/schema\/person\/image\/\",\"url\":\"https:\/\/secure.gravatar.com\/avatar\/93b8009f0de7021f1feb2bd5b32fb9e8?s=96&d=mm&r=g\",\"contentUrl\":\"https:\/\/secure.gravatar.com\/avatar\/93b8009f0de7021f1feb2bd5b32fb9e8?s=96&d=mm&r=g\",\"caption\":\"OndaUno\"},\"url\":\"https:\/\/ondauno.com.ar\/index.php\/author\/ondauno\/\"}]}<\/script>\n<!-- \/ Yoast SEO plugin. -->","yoast_head_json":{"title":"A 20 a\u00f1os de su primera clase, CRESTA homenaje\u00f3 sus inicios - 103.9 fm","robots":{"index":"index","follow":"follow","max-snippet":"max-snippet:-1","max-image-preview":"max-image-preview:large","max-video-preview":"max-video-preview:-1"},"canonical":"https:\/\/ondauno.com.ar\/index.php\/2025\/02\/11\/a-20-anos-de-su-primera-clase-cresta-homenajeo-sus-inicios\/","og_locale":"es_ES","og_type":"article","og_title":"A 20 a\u00f1os de su primera clase, CRESTA homenaje\u00f3 sus inicios - 103.9 fm","og_description":"El Centro Regional de Estudios Superiores de Tres Arroyos (CRESTA) celebr\u00f3 su 20\u00b0 aniversario con un acto en el que se denomin\u00f3 el Aula 206 como \u201c8 de febrero de 2005\u201d d\u00eda en el que se dict\u00f3 la primer clase de la Facultad de Ciencias Econ\u00f3micas de la UNLP en ese espacio. Durante el evento, [&hellip;]","og_url":"https:\/\/ondauno.com.ar\/index.php\/2025\/02\/11\/a-20-anos-de-su-primera-clase-cresta-homenajeo-sus-inicios\/","og_site_name":"103.9 fm","article_publisher":"https:\/\/www.facebook.com\/ondauno103.9","article_published_time":"2025-02-11T21:25:12+00:00","article_modified_time":"2025-02-11T21:29:13+00:00","og_image":[{"width":766,"height":510,"url":"http:\/\/ondauno.com.ar\/wp-content\/uploads\/2025\/02\/14.jpg","type":"image\/jpeg"}],"author":"OndaUno","twitter_card":"summary_large_image","twitter_misc":{"Escrito por":"OndaUno","Tiempo de lectura":"2 minutos"},"schema":{"@context":"https:\/\/schema.org","@graph":[{"@type":"WebPage","@id":"https:\/\/ondauno.com.ar\/index.php\/2025\/02\/11\/a-20-anos-de-su-primera-clase-cresta-homenajeo-sus-inicios\/","url":"https:\/\/ondauno.com.ar\/index.php\/2025\/02\/11\/a-20-anos-de-su-primera-clase-cresta-homenajeo-sus-inicios\/","name":"A 20 a\u00f1os de su primera clase, CRESTA homenaje\u00f3 sus inicios - 103.9 fm","isPartOf":{"@id":"https:\/\/ondauno.com.ar\/#website"},"primaryImageOfPage":{"@id":"https:\/\/ondauno.com.ar\/index.php\/2025\/02\/11\/a-20-anos-de-su-primera-clase-cresta-homenajeo-sus-inicios\/#primaryimage"},"image":{"@id":"https:\/\/ondauno.com.ar\/index.php\/2025\/02\/11\/a-20-anos-de-su-primera-clase-cresta-homenajeo-sus-inicios\/#primaryimage"},"thumbnailUrl":"https:\/\/ondauno.com.ar\/wp-content\/uploads\/2025\/02\/14.jpg","datePublished":"2025-02-11T21:25:12+00:00","dateModified":"2025-02-11T21:29:13+00:00","author":{"@id":"https:\/\/ondauno.com.ar\/#\/schema\/person\/7ec851ddeceb4133d7d7132dc645714e"},"breadcrumb":{"@id":"https:\/\/ondauno.com.ar\/index.php\/2025\/02\/11\/a-20-anos-de-su-primera-clase-cresta-homenajeo-sus-inicios\/#breadcrumb"},"inLanguage":"es-AR","potentialAction":[{"@type":"ReadAction","target":["https:\/\/ondauno.com.ar\/index.php\/2025\/02\/11\/a-20-anos-de-su-primera-clase-cresta-homenajeo-sus-inicios\/"]}]},{"@type":"ImageObject","inLanguage":"es-AR","@id":"https:\/\/ondauno.com.ar\/index.php\/2025\/02\/11\/a-20-anos-de-su-primera-clase-cresta-homenajeo-sus-inicios\/#primaryimage","url":"https:\/\/ondauno.com.ar\/wp-content\/uploads\/2025\/02\/14.jpg","contentUrl":"https:\/\/ondauno.com.ar\/wp-content\/uploads\/2025\/02\/14.jpg","width":766,"height":510},{"@type":"BreadcrumbList","@id":"https:\/\/ondauno.com.ar\/index.php\/2025\/02\/11\/a-20-anos-de-su-primera-clase-cresta-homenajeo-sus-inicios\/#breadcrumb","itemListElement":[{"@type":"ListItem","position":1,"name":"Inicio","item":"https:\/\/ondauno.com.ar\/"},{"@type":"ListItem","position":2,"name":"A 20 a\u00f1os de su primera clase, CRESTA homenaje\u00f3 sus inicios"}]},{"@type":"WebSite","@id":"https:\/\/ondauno.com.ar\/#website","url":"https:\/\/ondauno.com.ar\/","name":"103.9 fm","description":"LA PRIMERA RADIO MULTIMEDIA DE TRES ARROYOS","potentialAction":[{"@type":"SearchAction","target":{"@type":"EntryPoint","urlTemplate":"https:\/\/ondauno.com.ar\/?s={search_term_string}"},"query-input":"required name=search_term_string"}],"inLanguage":"es-AR"},{"@type":"Person","@id":"https:\/\/ondauno.com.ar\/#\/schema\/person\/7ec851ddeceb4133d7d7132dc645714e","name":"OndaUno","image":{"@type":"ImageObject","inLanguage":"es-AR","@id":"https:\/\/ondauno.com.ar\/#\/schema\/person\/image\/","url":"https:\/\/secure.gravatar.com\/avatar\/93b8009f0de7021f1feb2bd5b32fb9e8?s=96&d=mm&r=g","contentUrl":"https:\/\/secure.gravatar.com\/avatar\/93b8009f0de7021f1feb2bd5b32fb9e8?s=96&d=mm&r=g","caption":"OndaUno"},"url":"https:\/\/ondauno.com.ar\/index.php\/author\/ondauno\/"}]}},"jetpack_publicize_connections":[],"jetpack_featured_media_url":"https:\/\/ondauno.com.ar\/wp-content\/uploads\/2025\/02\/14.jpg","jetpack_sharing_enabled":true,"_links":{"self":[{"href":"https:\/\/ondauno.com.ar\/index.php\/wp-json\/wp\/v2\/posts\/53586","targetHints":{"allow":["GET"]}}],"collection":[{"href":"https:\/\/ondauno.com.ar\/index.php\/wp-json\/wp\/v2\/posts"}],"about":[{"href":"https:\/\/ondauno.com.ar\/index.php\/wp-json\/wp\/v2\/types\/post"}],"author":[{"embeddable":true,"href":"https:\/\/ondauno.com.ar\/index.php\/wp-json\/wp\/v2\/users\/1"}],"replies":[{"embeddable":true,"href":"https:\/\/ondauno.com.ar\/index.php\/wp-json\/wp\/v2\/comments?post=53586"}],"version-history":[{"count":1,"href":"https:\/\/ondauno.com.ar\/index.php\/wp-json\/wp\/v2\/posts\/53586\/revisions"}],"predecessor-version":[{"id":53591,"href":"https:\/\/ondauno.com.ar\/index.php\/wp-json\/wp\/v2\/posts\/53586\/revisions\/53591"}],"wp:featuredmedia":[{"embeddable":true,"href":"https:\/\/ondauno.com.ar\/index.php\/wp-json\/wp\/v2\/media\/53589"}],"wp:attachment":[{"href":"https:\/\/ondauno.com.ar\/index.php\/wp-json\/wp\/v2\/media?parent=53586"}],"wp:term":[{"taxonomy":"category","embeddable":true,"href":"https:\/\/ondauno.com.ar\/index.php\/wp-json\/wp\/v2\/categories?post=53586"},{"taxonomy":"post_tag","embeddable":true,"href":"https:\/\/ondauno.com.ar\/index.php\/wp-json\/wp\/v2\/tags?post=53586"}],"curies":[{"name":"wp","href":"https:\/\/api.w.org\/{rel}","templated":true}]}}