{"id":53584,"date":"2025-02-11T18:08:45","date_gmt":"2025-02-11T21:08:45","guid":{"rendered":"https:\/\/ondauno.com.ar\/?p=53584"},"modified":"2025-02-11T18:08:47","modified_gmt":"2025-02-11T21:08:47","slug":"rens-sobre-la-crecida-en-las-24-pudimos-sacar-tres-o-cuatro-autos-que-estaban-muy-complicados","status":"publish","type":"post","link":"https:\/\/ondauno.com.ar\/index.php\/2025\/02\/11\/rens-sobre-la-crecida-en-las-24-pudimos-sacar-tres-o-cuatro-autos-que-estaban-muy-complicados\/","title":{"rendered":"Rens sobre la crecida en Las 24: &#8220;Pudimos sacar tres o cuatro autos que estaban muy complicados\u201d"},"content":{"rendered":"<div class=\"ondau-before-content_3\" style=\"margin-top: -30px;\" id=\"ondau-2039868207\"><a href=\"https:\/\/www.lps.com.ar\/\" aria-label=\"la-perse2\"><img loading=\"lazy\" decoding=\"async\" src=\"https:\/\/ondauno.com.ar\/wp-content\/uploads\/2021\/10\/la-perse2.jpg\" alt=\"\"  srcset=\"https:\/\/ondauno.com.ar\/wp-content\/uploads\/2021\/10\/la-perse2.jpg 1353w, https:\/\/ondauno.com.ar\/wp-content\/uploads\/2021\/10\/la-perse2-300x43.jpg 300w, https:\/\/ondauno.com.ar\/wp-content\/uploads\/2021\/10\/la-perse2-1024x148.jpg 1024w, https:\/\/ondauno.com.ar\/wp-content\/uploads\/2021\/10\/la-perse2-768x111.jpg 768w, https:\/\/ondauno.com.ar\/wp-content\/uploads\/2021\/10\/la-perse2-696x100.jpg 696w, https:\/\/ondauno.com.ar\/wp-content\/uploads\/2021\/10\/la-perse2-1068x154.jpg 1068w\" sizes=\"(max-width: 1353px) 100vw, 1353px\" class=\"no-lazyload\" width=\"1353\" height=\"195\"  style=\"display: inline-block;\" \/><\/a><\/div>\n<p>El director del Organismo Descentralizado Claromec\u00f3 Servicios Tur\u00edsticos, Javier Rens, se refiri\u00f3 al intenso trabajo de limpieza que se llev\u00f3 a cabo tras el concurso &#8220;Las 24 horas de la Corvina Negra&#8221;, evento que moviliz\u00f3 a una gran cantidad de visitantes durante el fin de semana.<\/p>\n\n\n\n<p>&#8220;Se hizo un gran operativo durante todo el concurso y ya se est\u00e1 pr\u00e1cticamente terminando. Adem\u00e1s, seguimos con la limpieza habitual de las playas, porque el turismo contin\u00faa presente&#8221;, explic\u00f3 Rens en di\u00e1logo con Cosas que pasan.<\/p>\n\n\n\n<p>El funcionario se\u00f1al\u00f3 que, si bien muchos pescadores llevan sus residuos, a\u00fan queda trabajo por hacer en la concientizaci\u00f3n. Respecto a elementos hallados durante la limpieza, destac\u00f3 la presencia de &#8220;una gran cantidad de bolsas y basura habitual&#8221;, aunque tambi\u00e9n se encontraron objetos inusuales tra\u00eddos por la crecida del mar.<br>Sobre la sorpresiva subida del agua durante la madrugada del domingo, coment\u00f3 que el organismo descentralizado asisti\u00f3 a los pescadores con un tractor. &#8220;Pudimos sacar tres o cuatro autos que estaban muy complicados, pero por suerte no hubo que lamentar v\u00edctimas ni grandes p\u00e9rdidas materiales&#8221;, detall\u00f3.<\/p>\n\n\n\n<p>En cuanto al impacto del concurso en la econom\u00eda local, Rens estim\u00f3 que el evento atrajo a unas 20.000 personas, lo que benefici\u00f3 a comercios, alojamientos y locales gastron\u00f3micos. &#8220;Todo evento deportivo de esta magnitud genera mucho movimiento, tanto durante el concurso como en los d\u00edas previos&#8221;, afirm\u00f3.<\/p>\n\n\n\n<p>Sobre la temporada en general, indic\u00f3 que febrero registra una merma en la afluencia tur\u00edstica, aunque el movimiento persiste, especialmente los fines de semana. Respecto a la labor del organismo, valor\u00f3 el trabajo conjunto con Desarrollo Urbano y destac\u00f3 la limpieza, el mantenimiento de calles y la seguridad vial.<br>&#8220;Vamos a seguir trabajando con responsabilidad y compromiso para que Claromec\u00f3 siga siendo un destino elegido por los turistas&#8221;, concluy\u00f3 Rens.<\/p>\n\n\n\n<figure class=\"wp-block-embed is-type-video is-provider-youtube wp-block-embed-youtube wp-embed-aspect-16-9 wp-has-aspect-ratio\"><div class=\"wp-block-embed__wrapper\">\n<div class=\"youtube-embed\" data-video_id=\"uKoyTjXCYD0\"><iframe loading=\"lazy\" title=\"Onda Uno 103.9 en vivo\" width=\"696\" height=\"392\" data-src=\"https:\/\/www.youtube.com\/embed\/uKoyTjXCYD0?feature=oembed&#038;enablejsapi=1\" frameborder=\"0\" allow=\"accelerometer; autoplay; clipboard-write; encrypted-media; gyroscope; picture-in-picture; web-share\" referrerpolicy=\"strict-origin-when-cross-origin\" allowfullscreen src=\"data:image\/gif;base64,R0lGODlhAQABAAAAACH5BAEKAAEALAAAAAABAAEAAAICTAEAOw==\" class=\"lazyload\" data-load-mode=\"1\"><\/iframe><\/div>\n<\/div><\/figure>\n","protected":false},"excerpt":{"rendered":"<p>El director del Organismo Descentralizado Claromec\u00f3 Servicios Tur\u00edsticos, Javier Rens, se refiri\u00f3 al intenso trabajo de limpieza que se llev\u00f3 a cabo tras el concurso &#8220;Las 24 horas de la Corvina Negra&#8221;, evento que moviliz\u00f3 a una gran cantidad de visitantes durante el fin de semana. &#8220;Se hizo un gran operativo durante todo el concurso [&hellip;]<\/p>\n","protected":false},"author":1,"featured_media":53493,"comment_status":"open","ping_status":"open","sticky":false,"template":"","format":"standard","meta":{"tdm_status":"","tdm_grid_status":"","_jetpack_memberships_contains_paid_content":false,"footnotes":"","jetpack_publicize_message":"","jetpack_publicize_feature_enabled":true,"jetpack_social_post_already_shared":false,"jetpack_social_options":{"image_generator_settings":{"template":"highway","default_image_id":0,"font":"","enabled":false},"version":2}},"categories":[2],"tags":[],"class_list":{"0":"post-53584","1":"post","2":"type-post","3":"status-publish","4":"format-standard","5":"has-post-thumbnail","7":"category-locales"},"yoast_head":"<!-- This site is optimized with the Yoast SEO plugin v22.7 - https:\/\/yoast.com\/wordpress\/plugins\/seo\/ -->\n<title>Rens sobre la crecida en Las 24: &quot;Pudimos sacar tres o cuatro autos que estaban muy complicados\u201d - 103.9 fm<\/title>\n<meta name=\"robots\" content=\"index, follow, max-snippet:-1, max-image-preview:large, max-video-preview:-1\" \/>\n<link rel=\"canonical\" href=\"https:\/\/ondauno.com.ar\/index.php\/2025\/02\/11\/rens-sobre-la-crecida-en-las-24-pudimos-sacar-tres-o-cuatro-autos-que-estaban-muy-complicados\/\" \/>\n<meta property=\"og:locale\" content=\"es_ES\" \/>\n<meta property=\"og:type\" content=\"article\" \/>\n<meta property=\"og:title\" content=\"Rens sobre la crecida en Las 24: &quot;Pudimos sacar tres o cuatro autos que estaban muy complicados\u201d - 103.9 fm\" \/>\n<meta property=\"og:description\" content=\"El director del Organismo Descentralizado Claromec\u00f3 Servicios Tur\u00edsticos, Javier Rens, se refiri\u00f3 al intenso trabajo de limpieza que se llev\u00f3 a cabo tras el concurso &#8220;Las 24 horas de la Corvina Negra&#8221;, evento que moviliz\u00f3 a una gran cantidad de visitantes durante el fin de semana. &#8220;Se hizo un gran operativo durante todo el concurso [&hellip;]\" \/>\n<meta property=\"og:url\" content=\"https:\/\/ondauno.com.ar\/index.php\/2025\/02\/11\/rens-sobre-la-crecida-en-las-24-pudimos-sacar-tres-o-cuatro-autos-que-estaban-muy-complicados\/\" \/>\n<meta property=\"og:site_name\" content=\"103.9 fm\" \/>\n<meta property=\"article:publisher\" content=\"https:\/\/www.facebook.com\/ondauno103.9\" \/>\n<meta property=\"article:published_time\" content=\"2025-02-11T21:08:45+00:00\" \/>\n<meta property=\"article:modified_time\" content=\"2025-02-11T21:08:47+00:00\" \/>\n<meta property=\"og:image\" content=\"http:\/\/ondauno.com.ar\/wp-content\/uploads\/2025\/02\/WhatsApp-Image-2025-02-09-at-20.14.36.jpeg\" \/>\n\t<meta property=\"og:image:width\" content=\"576\" \/>\n\t<meta property=\"og:image:height\" content=\"545\" \/>\n\t<meta property=\"og:image:type\" content=\"image\/jpeg\" \/>\n<meta name=\"author\" content=\"OndaUno\" \/>\n<meta name=\"twitter:card\" content=\"summary_large_image\" \/>\n<meta name=\"twitter:label1\" content=\"Escrito por\" \/>\n\t<meta name=\"twitter:data1\" content=\"OndaUno\" \/>\n\t<meta name=\"twitter:label2\" content=\"Tiempo de lectura\" \/>\n\t<meta name=\"twitter:data2\" content=\"2 minutos\" \/>\n<script type=\"application\/ld+json\" class=\"yoast-schema-graph\">{\"@context\":\"https:\/\/schema.org\",\"@graph\":[{\"@type\":\"WebPage\",\"@id\":\"https:\/\/ondauno.com.ar\/index.php\/2025\/02\/11\/rens-sobre-la-crecida-en-las-24-pudimos-sacar-tres-o-cuatro-autos-que-estaban-muy-complicados\/\",\"url\":\"https:\/\/ondauno.com.ar\/index.php\/2025\/02\/11\/rens-sobre-la-crecida-en-las-24-pudimos-sacar-tres-o-cuatro-autos-que-estaban-muy-complicados\/\",\"name\":\"Rens sobre la crecida en Las 24: \\\"Pudimos sacar tres o cuatro autos que estaban muy complicados\u201d - 103.9 fm\",\"isPartOf\":{\"@id\":\"https:\/\/ondauno.com.ar\/#website\"},\"primaryImageOfPage\":{\"@id\":\"https:\/\/ondauno.com.ar\/index.php\/2025\/02\/11\/rens-sobre-la-crecida-en-las-24-pudimos-sacar-tres-o-cuatro-autos-que-estaban-muy-complicados\/#primaryimage\"},\"image\":{\"@id\":\"https:\/\/ondauno.com.ar\/index.php\/2025\/02\/11\/rens-sobre-la-crecida-en-las-24-pudimos-sacar-tres-o-cuatro-autos-que-estaban-muy-complicados\/#primaryimage\"},\"thumbnailUrl\":\"https:\/\/ondauno.com.ar\/wp-content\/uploads\/2025\/02\/WhatsApp-Image-2025-02-09-at-20.14.36.jpeg\",\"datePublished\":\"2025-02-11T21:08:45+00:00\",\"dateModified\":\"2025-02-11T21:08:47+00:00\",\"author\":{\"@id\":\"https:\/\/ondauno.com.ar\/#\/schema\/person\/7ec851ddeceb4133d7d7132dc645714e\"},\"breadcrumb\":{\"@id\":\"https:\/\/ondauno.com.ar\/index.php\/2025\/02\/11\/rens-sobre-la-crecida-en-las-24-pudimos-sacar-tres-o-cuatro-autos-que-estaban-muy-complicados\/#breadcrumb\"},\"inLanguage\":\"es-AR\",\"potentialAction\":[{\"@type\":\"ReadAction\",\"target\":[\"https:\/\/ondauno.com.ar\/index.php\/2025\/02\/11\/rens-sobre-la-crecida-en-las-24-pudimos-sacar-tres-o-cuatro-autos-que-estaban-muy-complicados\/\"]}]},{\"@type\":\"ImageObject\",\"inLanguage\":\"es-AR\",\"@id\":\"https:\/\/ondauno.com.ar\/index.php\/2025\/02\/11\/rens-sobre-la-crecida-en-las-24-pudimos-sacar-tres-o-cuatro-autos-que-estaban-muy-complicados\/#primaryimage\",\"url\":\"https:\/\/ondauno.com.ar\/wp-content\/uploads\/2025\/02\/WhatsApp-Image-2025-02-09-at-20.14.36.jpeg\",\"contentUrl\":\"https:\/\/ondauno.com.ar\/wp-content\/uploads\/2025\/02\/WhatsApp-Image-2025-02-09-at-20.14.36.jpeg\",\"width\":576,\"height\":545},{\"@type\":\"BreadcrumbList\",\"@id\":\"https:\/\/ondauno.com.ar\/index.php\/2025\/02\/11\/rens-sobre-la-crecida-en-las-24-pudimos-sacar-tres-o-cuatro-autos-que-estaban-muy-complicados\/#breadcrumb\",\"itemListElement\":[{\"@type\":\"ListItem\",\"position\":1,\"name\":\"Inicio\",\"item\":\"https:\/\/ondauno.com.ar\/\"},{\"@type\":\"ListItem\",\"position\":2,\"name\":\"Rens sobre la crecida en Las 24: &#8220;Pudimos sacar tres o cuatro autos que estaban muy complicados\u201d\"}]},{\"@type\":\"WebSite\",\"@id\":\"https:\/\/ondauno.com.ar\/#website\",\"url\":\"https:\/\/ondauno.com.ar\/\",\"name\":\"103.9 fm\",\"description\":\"LA PRIMERA RADIO MULTIMEDIA DE TRES ARROYOS\",\"potentialAction\":[{\"@type\":\"SearchAction\",\"target\":{\"@type\":\"EntryPoint\",\"urlTemplate\":\"https:\/\/ondauno.com.ar\/?s={search_term_string}\"},\"query-input\":\"required name=search_term_string\"}],\"inLanguage\":\"es-AR\"},{\"@type\":\"Person\",\"@id\":\"https:\/\/ondauno.com.ar\/#\/schema\/person\/7ec851ddeceb4133d7d7132dc645714e\",\"name\":\"OndaUno\",\"image\":{\"@type\":\"ImageObject\",\"inLanguage\":\"es-AR\",\"@id\":\"https:\/\/ondauno.com.ar\/#\/schema\/person\/image\/\",\"url\":\"https:\/\/secure.gravatar.com\/avatar\/93b8009f0de7021f1feb2bd5b32fb9e8?s=96&d=mm&r=g\",\"contentUrl\":\"https:\/\/secure.gravatar.com\/avatar\/93b8009f0de7021f1feb2bd5b32fb9e8?s=96&d=mm&r=g\",\"caption\":\"OndaUno\"},\"url\":\"https:\/\/ondauno.com.ar\/index.php\/author\/ondauno\/\"}]}<\/script>\n<!-- \/ Yoast SEO plugin. -->","yoast_head_json":{"title":"Rens sobre la crecida en Las 24: \"Pudimos sacar tres o cuatro autos que estaban muy complicados\u201d - 103.9 fm","robots":{"index":"index","follow":"follow","max-snippet":"max-snippet:-1","max-image-preview":"max-image-preview:large","max-video-preview":"max-video-preview:-1"},"canonical":"https:\/\/ondauno.com.ar\/index.php\/2025\/02\/11\/rens-sobre-la-crecida-en-las-24-pudimos-sacar-tres-o-cuatro-autos-que-estaban-muy-complicados\/","og_locale":"es_ES","og_type":"article","og_title":"Rens sobre la crecida en Las 24: \"Pudimos sacar tres o cuatro autos que estaban muy complicados\u201d - 103.9 fm","og_description":"El director del Organismo Descentralizado Claromec\u00f3 Servicios Tur\u00edsticos, Javier Rens, se refiri\u00f3 al intenso trabajo de limpieza que se llev\u00f3 a cabo tras el concurso &#8220;Las 24 horas de la Corvina Negra&#8221;, evento que moviliz\u00f3 a una gran cantidad de visitantes durante el fin de semana. &#8220;Se hizo un gran operativo durante todo el concurso [&hellip;]","og_url":"https:\/\/ondauno.com.ar\/index.php\/2025\/02\/11\/rens-sobre-la-crecida-en-las-24-pudimos-sacar-tres-o-cuatro-autos-que-estaban-muy-complicados\/","og_site_name":"103.9 fm","article_publisher":"https:\/\/www.facebook.com\/ondauno103.9","article_published_time":"2025-02-11T21:08:45+00:00","article_modified_time":"2025-02-11T21:08:47+00:00","og_image":[{"width":576,"height":545,"url":"http:\/\/ondauno.com.ar\/wp-content\/uploads\/2025\/02\/WhatsApp-Image-2025-02-09-at-20.14.36.jpeg","type":"image\/jpeg"}],"author":"OndaUno","twitter_card":"summary_large_image","twitter_misc":{"Escrito por":"OndaUno","Tiempo de lectura":"2 minutos"},"schema":{"@context":"https:\/\/schema.org","@graph":[{"@type":"WebPage","@id":"https:\/\/ondauno.com.ar\/index.php\/2025\/02\/11\/rens-sobre-la-crecida-en-las-24-pudimos-sacar-tres-o-cuatro-autos-que-estaban-muy-complicados\/","url":"https:\/\/ondauno.com.ar\/index.php\/2025\/02\/11\/rens-sobre-la-crecida-en-las-24-pudimos-sacar-tres-o-cuatro-autos-que-estaban-muy-complicados\/","name":"Rens sobre la crecida en Las 24: \"Pudimos sacar tres o cuatro autos que estaban muy complicados\u201d - 103.9 fm","isPartOf":{"@id":"https:\/\/ondauno.com.ar\/#website"},"primaryImageOfPage":{"@id":"https:\/\/ondauno.com.ar\/index.php\/2025\/02\/11\/rens-sobre-la-crecida-en-las-24-pudimos-sacar-tres-o-cuatro-autos-que-estaban-muy-complicados\/#primaryimage"},"image":{"@id":"https:\/\/ondauno.com.ar\/index.php\/2025\/02\/11\/rens-sobre-la-crecida-en-las-24-pudimos-sacar-tres-o-cuatro-autos-que-estaban-muy-complicados\/#primaryimage"},"thumbnailUrl":"https:\/\/ondauno.com.ar\/wp-content\/uploads\/2025\/02\/WhatsApp-Image-2025-02-09-at-20.14.36.jpeg","datePublished":"2025-02-11T21:08:45+00:00","dateModified":"2025-02-11T21:08:47+00:00","author":{"@id":"https:\/\/ondauno.com.ar\/#\/schema\/person\/7ec851ddeceb4133d7d7132dc645714e"},"breadcrumb":{"@id":"https:\/\/ondauno.com.ar\/index.php\/2025\/02\/11\/rens-sobre-la-crecida-en-las-24-pudimos-sacar-tres-o-cuatro-autos-que-estaban-muy-complicados\/#breadcrumb"},"inLanguage":"es-AR","potentialAction":[{"@type":"ReadAction","target":["https:\/\/ondauno.com.ar\/index.php\/2025\/02\/11\/rens-sobre-la-crecida-en-las-24-pudimos-sacar-tres-o-cuatro-autos-que-estaban-muy-complicados\/"]}]},{"@type":"ImageObject","inLanguage":"es-AR","@id":"https:\/\/ondauno.com.ar\/index.php\/2025\/02\/11\/rens-sobre-la-crecida-en-las-24-pudimos-sacar-tres-o-cuatro-autos-que-estaban-muy-complicados\/#primaryimage","url":"https:\/\/ondauno.com.ar\/wp-content\/uploads\/2025\/02\/WhatsApp-Image-2025-02-09-at-20.14.36.jpeg","contentUrl":"https:\/\/ondauno.com.ar\/wp-content\/uploads\/2025\/02\/WhatsApp-Image-2025-02-09-at-20.14.36.jpeg","width":576,"height":545},{"@type":"BreadcrumbList","@id":"https:\/\/ondauno.com.ar\/index.php\/2025\/02\/11\/rens-sobre-la-crecida-en-las-24-pudimos-sacar-tres-o-cuatro-autos-que-estaban-muy-complicados\/#breadcrumb","itemListElement":[{"@type":"ListItem","position":1,"name":"Inicio","item":"https:\/\/ondauno.com.ar\/"},{"@type":"ListItem","position":2,"name":"Rens sobre la crecida en Las 24: &#8220;Pudimos sacar tres o cuatro autos que estaban muy complicados\u201d"}]},{"@type":"WebSite","@id":"https:\/\/ondauno.com.ar\/#website","url":"https:\/\/ondauno.com.ar\/","name":"103.9 fm","description":"LA PRIMERA RADIO MULTIMEDIA DE TRES ARROYOS","potentialAction":[{"@type":"SearchAction","target":{"@type":"EntryPoint","urlTemplate":"https:\/\/ondauno.com.ar\/?s={search_term_string}"},"query-input":"required name=search_term_string"}],"inLanguage":"es-AR"},{"@type":"Person","@id":"https:\/\/ondauno.com.ar\/#\/schema\/person\/7ec851ddeceb4133d7d7132dc645714e","name":"OndaUno","image":{"@type":"ImageObject","inLanguage":"es-AR","@id":"https:\/\/ondauno.com.ar\/#\/schema\/person\/image\/","url":"https:\/\/secure.gravatar.com\/avatar\/93b8009f0de7021f1feb2bd5b32fb9e8?s=96&d=mm&r=g","contentUrl":"https:\/\/secure.gravatar.com\/avatar\/93b8009f0de7021f1feb2bd5b32fb9e8?s=96&d=mm&r=g","caption":"OndaUno"},"url":"https:\/\/ondauno.com.ar\/index.php\/author\/ondauno\/"}]}},"jetpack_publicize_connections":[],"jetpack_featured_media_url":"https:\/\/ondauno.com.ar\/wp-content\/uploads\/2025\/02\/WhatsApp-Image-2025-02-09-at-20.14.36.jpeg","jetpack_sharing_enabled":true,"_links":{"self":[{"href":"https:\/\/ondauno.com.ar\/index.php\/wp-json\/wp\/v2\/posts\/53584","targetHints":{"allow":["GET"]}}],"collection":[{"href":"https:\/\/ondauno.com.ar\/index.php\/wp-json\/wp\/v2\/posts"}],"about":[{"href":"https:\/\/ondauno.com.ar\/index.php\/wp-json\/wp\/v2\/types\/post"}],"author":[{"embeddable":true,"href":"https:\/\/ondauno.com.ar\/index.php\/wp-json\/wp\/v2\/users\/1"}],"replies":[{"embeddable":true,"href":"https:\/\/ondauno.com.ar\/index.php\/wp-json\/wp\/v2\/comments?post=53584"}],"version-history":[{"count":1,"href":"https:\/\/ondauno.com.ar\/index.php\/wp-json\/wp\/v2\/posts\/53584\/revisions"}],"predecessor-version":[{"id":53585,"href":"https:\/\/ondauno.com.ar\/index.php\/wp-json\/wp\/v2\/posts\/53584\/revisions\/53585"}],"wp:featuredmedia":[{"embeddable":true,"href":"https:\/\/ondauno.com.ar\/index.php\/wp-json\/wp\/v2\/media\/53493"}],"wp:attachment":[{"href":"https:\/\/ondauno.com.ar\/index.php\/wp-json\/wp\/v2\/media?parent=53584"}],"wp:term":[{"taxonomy":"category","embeddable":true,"href":"https:\/\/ondauno.com.ar\/index.php\/wp-json\/wp\/v2\/categories?post=53584"},{"taxonomy":"post_tag","embeddable":true,"href":"https:\/\/ondauno.com.ar\/index.php\/wp-json\/wp\/v2\/tags?post=53584"}],"curies":[{"name":"wp","href":"https:\/\/api.w.org\/{rel}","templated":true}]}}