{"id":53578,"date":"2025-02-11T18:01:21","date_gmt":"2025-02-11T21:01:21","guid":{"rendered":"https:\/\/ondauno.com.ar\/?p=53578"},"modified":"2025-02-11T18:01:24","modified_gmt":"2025-02-11T21:01:24","slug":"orense-el-pescadero-y-su-gran-impacto-en-las-24-horas-de-la-corvina-negra","status":"publish","type":"post","link":"https:\/\/ondauno.com.ar\/index.php\/2025\/02\/11\/orense-el-pescadero-y-su-gran-impacto-en-las-24-horas-de-la-corvina-negra\/","title":{"rendered":"Orense: El Pescadero y su gran impacto en las 24 horas de la Corvina Negra"},"content":{"rendered":"<div class=\"ondau-before-content_3\" style=\"margin-top: -30px;\" id=\"ondau-435160330\"><a href=\"https:\/\/www.lps.com.ar\/\" aria-label=\"la-perse2\"><img loading=\"lazy\" decoding=\"async\" src=\"https:\/\/ondauno.com.ar\/wp-content\/uploads\/2021\/10\/la-perse2.jpg\" alt=\"\"  srcset=\"https:\/\/ondauno.com.ar\/wp-content\/uploads\/2021\/10\/la-perse2.jpg 1353w, https:\/\/ondauno.com.ar\/wp-content\/uploads\/2021\/10\/la-perse2-300x43.jpg 300w, https:\/\/ondauno.com.ar\/wp-content\/uploads\/2021\/10\/la-perse2-1024x148.jpg 1024w, https:\/\/ondauno.com.ar\/wp-content\/uploads\/2021\/10\/la-perse2-768x111.jpg 768w, https:\/\/ondauno.com.ar\/wp-content\/uploads\/2021\/10\/la-perse2-696x100.jpg 696w, https:\/\/ondauno.com.ar\/wp-content\/uploads\/2021\/10\/la-perse2-1068x154.jpg 1068w\" sizes=\"(max-width: 1353px) 100vw, 1353px\" class=\"no-lazyload\" width=\"1353\" height=\"195\"  style=\"display: inline-block;\" \/><\/a><\/div>\n<p class=\"has-small-font-size\"><strong><em>El Pescadero en acci\u00f3n Gentileza de Juli\u00e1n P\u00e9rez<\/em><\/strong><\/p>\n\n\n\n<p>Las 24 horas de la Corvina Negra dej\u00f3 su huella en balneario Orense, donde el sector conocido como El Pescadero se destac\u00f3 como uno de los puntos m\u00e1s rendidores del certamen.<br>As\u00ed lo expres\u00f3 el delegado de Orense, Juli\u00e1n P\u00e9rez, quien destac\u00f3 la gran cantidad de pescadores que se volcaron a esta zona, algunos llegando incluso desde otras localidades.<\/p>\n\n\n\n<p>\u201cEl acceso es complejo por la clase de arena, pero este a\u00f1o estuvo bastante accesible. Muchos optaron por dejar el auto en la costanera y caminar los pocos metros que separan la playa c\u00e9ntrica del sector de pesca\u201d, explic\u00f3 P\u00e9rez.<\/p>\n\n\n\n<p>La apertura de esta nueva zona dentro de la cancha del concurso no solo favoreci\u00f3 a los participantes, sino que tambi\u00e9n gener\u00f3 un importante movimiento tur\u00edstico y comercial en balneario Orense. \u201cUn comerciante me coment\u00f3 que al mediod\u00eda recibi\u00f3 50 pedidos de comida, todos de pescadores o sus familias\u201d, coment\u00f3 el delegado, resaltando la oportunidad de potenciar servicios gastron\u00f3micos y tur\u00edsticos en futuras ediciones.<\/p>\n\n\n\n<p>El evento tambi\u00e9n demand\u00f3 un operativo especial de tr\u00e1nsito, con presencia de agentes en el acceso y a lo largo del camino que une el pueblo con el balneario. Adem\u00e1s, se realizaron tareas de humectaci\u00f3n en sectores estrat\u00e9gicos para mejorar la circulaci\u00f3n.<\/p>\n\n\n\n<figure class=\"wp-block-embed is-type-video is-provider-youtube wp-block-embed-youtube wp-embed-aspect-16-9 wp-has-aspect-ratio\"><div class=\"wp-block-embed__wrapper\">\n<div class=\"youtube-embed\" data-video_id=\"t4RrzLGQNAQ\"><iframe loading=\"lazy\" title=\"Onda Uno 103.9 en vivo\" width=\"696\" height=\"392\" data-src=\"https:\/\/www.youtube.com\/embed\/t4RrzLGQNAQ?start=405&#038;feature=oembed\" frameborder=\"0\" allow=\"accelerometer; autoplay; clipboard-write; encrypted-media; gyroscope; picture-in-picture; web-share\" referrerpolicy=\"strict-origin-when-cross-origin\" allowfullscreen src=\"data:image\/gif;base64,R0lGODlhAQABAAAAACH5BAEKAAEALAAAAAABAAEAAAICTAEAOw==\" class=\"lazyload\" data-load-mode=\"1\"><\/iframe><\/div>\n<\/div><\/figure>\n","protected":false},"excerpt":{"rendered":"<p>El Pescadero en acci\u00f3n Gentileza de Juli\u00e1n P\u00e9rez Las 24 horas de la Corvina Negra dej\u00f3 su huella en balneario Orense, donde el sector conocido como El Pescadero se destac\u00f3 como uno de los puntos m\u00e1s rendidores del certamen.As\u00ed lo expres\u00f3 el delegado de Orense, Juli\u00e1n P\u00e9rez, quien destac\u00f3 la gran cantidad de pescadores que [&hellip;]<\/p>\n","protected":false},"author":1,"featured_media":53579,"comment_status":"open","ping_status":"open","sticky":false,"template":"","format":"standard","meta":{"tdm_status":"","tdm_grid_status":"","_jetpack_memberships_contains_paid_content":false,"footnotes":"","jetpack_publicize_message":"","jetpack_publicize_feature_enabled":true,"jetpack_social_post_already_shared":false,"jetpack_social_options":{"image_generator_settings":{"template":"highway","default_image_id":0,"font":"","enabled":false},"version":2}},"categories":[2],"tags":[],"class_list":{"0":"post-53578","1":"post","2":"type-post","3":"status-publish","4":"format-standard","5":"has-post-thumbnail","7":"category-locales"},"yoast_head":"<!-- This site is optimized with the Yoast SEO plugin v22.7 - https:\/\/yoast.com\/wordpress\/plugins\/seo\/ -->\n<title>Orense: El Pescadero y su gran impacto en las 24 horas de la Corvina Negra - 103.9 fm<\/title>\n<meta name=\"robots\" content=\"index, follow, max-snippet:-1, max-image-preview:large, max-video-preview:-1\" \/>\n<link rel=\"canonical\" href=\"https:\/\/ondauno.com.ar\/index.php\/2025\/02\/11\/orense-el-pescadero-y-su-gran-impacto-en-las-24-horas-de-la-corvina-negra\/\" \/>\n<meta property=\"og:locale\" content=\"es_ES\" \/>\n<meta property=\"og:type\" content=\"article\" \/>\n<meta property=\"og:title\" content=\"Orense: El Pescadero y su gran impacto en las 24 horas de la Corvina Negra - 103.9 fm\" \/>\n<meta property=\"og:description\" content=\"El Pescadero en acci\u00f3n Gentileza de Juli\u00e1n P\u00e9rez Las 24 horas de la Corvina Negra dej\u00f3 su huella en balneario Orense, donde el sector conocido como El Pescadero se destac\u00f3 como uno de los puntos m\u00e1s rendidores del certamen.As\u00ed lo expres\u00f3 el delegado de Orense, Juli\u00e1n P\u00e9rez, quien destac\u00f3 la gran cantidad de pescadores que [&hellip;]\" \/>\n<meta property=\"og:url\" content=\"https:\/\/ondauno.com.ar\/index.php\/2025\/02\/11\/orense-el-pescadero-y-su-gran-impacto-en-las-24-horas-de-la-corvina-negra\/\" \/>\n<meta property=\"og:site_name\" content=\"103.9 fm\" \/>\n<meta property=\"article:publisher\" content=\"https:\/\/www.facebook.com\/ondauno103.9\" \/>\n<meta property=\"article:published_time\" content=\"2025-02-11T21:01:21+00:00\" \/>\n<meta property=\"article:modified_time\" content=\"2025-02-11T21:01:24+00:00\" \/>\n<meta property=\"og:image\" content=\"http:\/\/ondauno.com.ar\/wp-content\/uploads\/2025\/02\/WhatsApp-Image-2025-02-11-at-17.58.49.jpeg\" \/>\n\t<meta property=\"og:image:width\" content=\"1600\" \/>\n\t<meta property=\"og:image:height\" content=\"719\" \/>\n\t<meta property=\"og:image:type\" content=\"image\/jpeg\" \/>\n<meta name=\"author\" content=\"OndaUno\" \/>\n<meta name=\"twitter:card\" content=\"summary_large_image\" \/>\n<meta name=\"twitter:label1\" content=\"Escrito por\" \/>\n\t<meta name=\"twitter:data1\" content=\"OndaUno\" \/>\n\t<meta name=\"twitter:label2\" content=\"Tiempo de lectura\" \/>\n\t<meta name=\"twitter:data2\" content=\"2 minutos\" \/>\n<script type=\"application\/ld+json\" class=\"yoast-schema-graph\">{\"@context\":\"https:\/\/schema.org\",\"@graph\":[{\"@type\":\"WebPage\",\"@id\":\"https:\/\/ondauno.com.ar\/index.php\/2025\/02\/11\/orense-el-pescadero-y-su-gran-impacto-en-las-24-horas-de-la-corvina-negra\/\",\"url\":\"https:\/\/ondauno.com.ar\/index.php\/2025\/02\/11\/orense-el-pescadero-y-su-gran-impacto-en-las-24-horas-de-la-corvina-negra\/\",\"name\":\"Orense: El Pescadero y su gran impacto en las 24 horas de la Corvina Negra - 103.9 fm\",\"isPartOf\":{\"@id\":\"https:\/\/ondauno.com.ar\/#website\"},\"primaryImageOfPage\":{\"@id\":\"https:\/\/ondauno.com.ar\/index.php\/2025\/02\/11\/orense-el-pescadero-y-su-gran-impacto-en-las-24-horas-de-la-corvina-negra\/#primaryimage\"},\"image\":{\"@id\":\"https:\/\/ondauno.com.ar\/index.php\/2025\/02\/11\/orense-el-pescadero-y-su-gran-impacto-en-las-24-horas-de-la-corvina-negra\/#primaryimage\"},\"thumbnailUrl\":\"https:\/\/ondauno.com.ar\/wp-content\/uploads\/2025\/02\/WhatsApp-Image-2025-02-11-at-17.58.49.jpeg\",\"datePublished\":\"2025-02-11T21:01:21+00:00\",\"dateModified\":\"2025-02-11T21:01:24+00:00\",\"author\":{\"@id\":\"https:\/\/ondauno.com.ar\/#\/schema\/person\/7ec851ddeceb4133d7d7132dc645714e\"},\"breadcrumb\":{\"@id\":\"https:\/\/ondauno.com.ar\/index.php\/2025\/02\/11\/orense-el-pescadero-y-su-gran-impacto-en-las-24-horas-de-la-corvina-negra\/#breadcrumb\"},\"inLanguage\":\"es-AR\",\"potentialAction\":[{\"@type\":\"ReadAction\",\"target\":[\"https:\/\/ondauno.com.ar\/index.php\/2025\/02\/11\/orense-el-pescadero-y-su-gran-impacto-en-las-24-horas-de-la-corvina-negra\/\"]}]},{\"@type\":\"ImageObject\",\"inLanguage\":\"es-AR\",\"@id\":\"https:\/\/ondauno.com.ar\/index.php\/2025\/02\/11\/orense-el-pescadero-y-su-gran-impacto-en-las-24-horas-de-la-corvina-negra\/#primaryimage\",\"url\":\"https:\/\/ondauno.com.ar\/wp-content\/uploads\/2025\/02\/WhatsApp-Image-2025-02-11-at-17.58.49.jpeg\",\"contentUrl\":\"https:\/\/ondauno.com.ar\/wp-content\/uploads\/2025\/02\/WhatsApp-Image-2025-02-11-at-17.58.49.jpeg\",\"width\":1600,\"height\":719},{\"@type\":\"BreadcrumbList\",\"@id\":\"https:\/\/ondauno.com.ar\/index.php\/2025\/02\/11\/orense-el-pescadero-y-su-gran-impacto-en-las-24-horas-de-la-corvina-negra\/#breadcrumb\",\"itemListElement\":[{\"@type\":\"ListItem\",\"position\":1,\"name\":\"Inicio\",\"item\":\"https:\/\/ondauno.com.ar\/\"},{\"@type\":\"ListItem\",\"position\":2,\"name\":\"Orense: El Pescadero y su gran impacto en las 24 horas de la Corvina Negra\"}]},{\"@type\":\"WebSite\",\"@id\":\"https:\/\/ondauno.com.ar\/#website\",\"url\":\"https:\/\/ondauno.com.ar\/\",\"name\":\"103.9 fm\",\"description\":\"LA PRIMERA RADIO MULTIMEDIA DE TRES ARROYOS\",\"potentialAction\":[{\"@type\":\"SearchAction\",\"target\":{\"@type\":\"EntryPoint\",\"urlTemplate\":\"https:\/\/ondauno.com.ar\/?s={search_term_string}\"},\"query-input\":\"required name=search_term_string\"}],\"inLanguage\":\"es-AR\"},{\"@type\":\"Person\",\"@id\":\"https:\/\/ondauno.com.ar\/#\/schema\/person\/7ec851ddeceb4133d7d7132dc645714e\",\"name\":\"OndaUno\",\"image\":{\"@type\":\"ImageObject\",\"inLanguage\":\"es-AR\",\"@id\":\"https:\/\/ondauno.com.ar\/#\/schema\/person\/image\/\",\"url\":\"https:\/\/secure.gravatar.com\/avatar\/93b8009f0de7021f1feb2bd5b32fb9e8?s=96&d=mm&r=g\",\"contentUrl\":\"https:\/\/secure.gravatar.com\/avatar\/93b8009f0de7021f1feb2bd5b32fb9e8?s=96&d=mm&r=g\",\"caption\":\"OndaUno\"},\"url\":\"https:\/\/ondauno.com.ar\/index.php\/author\/ondauno\/\"}]}<\/script>\n<!-- \/ Yoast SEO plugin. -->","yoast_head_json":{"title":"Orense: El Pescadero y su gran impacto en las 24 horas de la Corvina Negra - 103.9 fm","robots":{"index":"index","follow":"follow","max-snippet":"max-snippet:-1","max-image-preview":"max-image-preview:large","max-video-preview":"max-video-preview:-1"},"canonical":"https:\/\/ondauno.com.ar\/index.php\/2025\/02\/11\/orense-el-pescadero-y-su-gran-impacto-en-las-24-horas-de-la-corvina-negra\/","og_locale":"es_ES","og_type":"article","og_title":"Orense: El Pescadero y su gran impacto en las 24 horas de la Corvina Negra - 103.9 fm","og_description":"El Pescadero en acci\u00f3n Gentileza de Juli\u00e1n P\u00e9rez Las 24 horas de la Corvina Negra dej\u00f3 su huella en balneario Orense, donde el sector conocido como El Pescadero se destac\u00f3 como uno de los puntos m\u00e1s rendidores del certamen.As\u00ed lo expres\u00f3 el delegado de Orense, Juli\u00e1n P\u00e9rez, quien destac\u00f3 la gran cantidad de pescadores que [&hellip;]","og_url":"https:\/\/ondauno.com.ar\/index.php\/2025\/02\/11\/orense-el-pescadero-y-su-gran-impacto-en-las-24-horas-de-la-corvina-negra\/","og_site_name":"103.9 fm","article_publisher":"https:\/\/www.facebook.com\/ondauno103.9","article_published_time":"2025-02-11T21:01:21+00:00","article_modified_time":"2025-02-11T21:01:24+00:00","og_image":[{"width":1600,"height":719,"url":"http:\/\/ondauno.com.ar\/wp-content\/uploads\/2025\/02\/WhatsApp-Image-2025-02-11-at-17.58.49.jpeg","type":"image\/jpeg"}],"author":"OndaUno","twitter_card":"summary_large_image","twitter_misc":{"Escrito por":"OndaUno","Tiempo de lectura":"2 minutos"},"schema":{"@context":"https:\/\/schema.org","@graph":[{"@type":"WebPage","@id":"https:\/\/ondauno.com.ar\/index.php\/2025\/02\/11\/orense-el-pescadero-y-su-gran-impacto-en-las-24-horas-de-la-corvina-negra\/","url":"https:\/\/ondauno.com.ar\/index.php\/2025\/02\/11\/orense-el-pescadero-y-su-gran-impacto-en-las-24-horas-de-la-corvina-negra\/","name":"Orense: El Pescadero y su gran impacto en las 24 horas de la Corvina Negra - 103.9 fm","isPartOf":{"@id":"https:\/\/ondauno.com.ar\/#website"},"primaryImageOfPage":{"@id":"https:\/\/ondauno.com.ar\/index.php\/2025\/02\/11\/orense-el-pescadero-y-su-gran-impacto-en-las-24-horas-de-la-corvina-negra\/#primaryimage"},"image":{"@id":"https:\/\/ondauno.com.ar\/index.php\/2025\/02\/11\/orense-el-pescadero-y-su-gran-impacto-en-las-24-horas-de-la-corvina-negra\/#primaryimage"},"thumbnailUrl":"https:\/\/ondauno.com.ar\/wp-content\/uploads\/2025\/02\/WhatsApp-Image-2025-02-11-at-17.58.49.jpeg","datePublished":"2025-02-11T21:01:21+00:00","dateModified":"2025-02-11T21:01:24+00:00","author":{"@id":"https:\/\/ondauno.com.ar\/#\/schema\/person\/7ec851ddeceb4133d7d7132dc645714e"},"breadcrumb":{"@id":"https:\/\/ondauno.com.ar\/index.php\/2025\/02\/11\/orense-el-pescadero-y-su-gran-impacto-en-las-24-horas-de-la-corvina-negra\/#breadcrumb"},"inLanguage":"es-AR","potentialAction":[{"@type":"ReadAction","target":["https:\/\/ondauno.com.ar\/index.php\/2025\/02\/11\/orense-el-pescadero-y-su-gran-impacto-en-las-24-horas-de-la-corvina-negra\/"]}]},{"@type":"ImageObject","inLanguage":"es-AR","@id":"https:\/\/ondauno.com.ar\/index.php\/2025\/02\/11\/orense-el-pescadero-y-su-gran-impacto-en-las-24-horas-de-la-corvina-negra\/#primaryimage","url":"https:\/\/ondauno.com.ar\/wp-content\/uploads\/2025\/02\/WhatsApp-Image-2025-02-11-at-17.58.49.jpeg","contentUrl":"https:\/\/ondauno.com.ar\/wp-content\/uploads\/2025\/02\/WhatsApp-Image-2025-02-11-at-17.58.49.jpeg","width":1600,"height":719},{"@type":"BreadcrumbList","@id":"https:\/\/ondauno.com.ar\/index.php\/2025\/02\/11\/orense-el-pescadero-y-su-gran-impacto-en-las-24-horas-de-la-corvina-negra\/#breadcrumb","itemListElement":[{"@type":"ListItem","position":1,"name":"Inicio","item":"https:\/\/ondauno.com.ar\/"},{"@type":"ListItem","position":2,"name":"Orense: El Pescadero y su gran impacto en las 24 horas de la Corvina Negra"}]},{"@type":"WebSite","@id":"https:\/\/ondauno.com.ar\/#website","url":"https:\/\/ondauno.com.ar\/","name":"103.9 fm","description":"LA PRIMERA RADIO MULTIMEDIA DE TRES ARROYOS","potentialAction":[{"@type":"SearchAction","target":{"@type":"EntryPoint","urlTemplate":"https:\/\/ondauno.com.ar\/?s={search_term_string}"},"query-input":"required name=search_term_string"}],"inLanguage":"es-AR"},{"@type":"Person","@id":"https:\/\/ondauno.com.ar\/#\/schema\/person\/7ec851ddeceb4133d7d7132dc645714e","name":"OndaUno","image":{"@type":"ImageObject","inLanguage":"es-AR","@id":"https:\/\/ondauno.com.ar\/#\/schema\/person\/image\/","url":"https:\/\/secure.gravatar.com\/avatar\/93b8009f0de7021f1feb2bd5b32fb9e8?s=96&d=mm&r=g","contentUrl":"https:\/\/secure.gravatar.com\/avatar\/93b8009f0de7021f1feb2bd5b32fb9e8?s=96&d=mm&r=g","caption":"OndaUno"},"url":"https:\/\/ondauno.com.ar\/index.php\/author\/ondauno\/"}]}},"jetpack_publicize_connections":[],"jetpack_featured_media_url":"https:\/\/ondauno.com.ar\/wp-content\/uploads\/2025\/02\/WhatsApp-Image-2025-02-11-at-17.58.49.jpeg","jetpack_sharing_enabled":true,"_links":{"self":[{"href":"https:\/\/ondauno.com.ar\/index.php\/wp-json\/wp\/v2\/posts\/53578","targetHints":{"allow":["GET"]}}],"collection":[{"href":"https:\/\/ondauno.com.ar\/index.php\/wp-json\/wp\/v2\/posts"}],"about":[{"href":"https:\/\/ondauno.com.ar\/index.php\/wp-json\/wp\/v2\/types\/post"}],"author":[{"embeddable":true,"href":"https:\/\/ondauno.com.ar\/index.php\/wp-json\/wp\/v2\/users\/1"}],"replies":[{"embeddable":true,"href":"https:\/\/ondauno.com.ar\/index.php\/wp-json\/wp\/v2\/comments?post=53578"}],"version-history":[{"count":1,"href":"https:\/\/ondauno.com.ar\/index.php\/wp-json\/wp\/v2\/posts\/53578\/revisions"}],"predecessor-version":[{"id":53580,"href":"https:\/\/ondauno.com.ar\/index.php\/wp-json\/wp\/v2\/posts\/53578\/revisions\/53580"}],"wp:featuredmedia":[{"embeddable":true,"href":"https:\/\/ondauno.com.ar\/index.php\/wp-json\/wp\/v2\/media\/53579"}],"wp:attachment":[{"href":"https:\/\/ondauno.com.ar\/index.php\/wp-json\/wp\/v2\/media?parent=53578"}],"wp:term":[{"taxonomy":"category","embeddable":true,"href":"https:\/\/ondauno.com.ar\/index.php\/wp-json\/wp\/v2\/categories?post=53578"},{"taxonomy":"post_tag","embeddable":true,"href":"https:\/\/ondauno.com.ar\/index.php\/wp-json\/wp\/v2\/tags?post=53578"}],"curies":[{"name":"wp","href":"https:\/\/api.w.org\/{rel}","templated":true}]}}