{"id":53483,"date":"2025-02-07T21:56:04","date_gmt":"2025-02-08T00:56:04","guid":{"rendered":"https:\/\/ondauno.com.ar\/?p=53483"},"modified":"2025-02-08T12:28:23","modified_gmt":"2025-02-08T15:28:23","slug":"gran-cobertura-radial-de-las-24-horas-de-la-corvina-negra","status":"publish","type":"post","link":"https:\/\/ondauno.com.ar\/index.php\/2025\/02\/07\/gran-cobertura-radial-de-las-24-horas-de-la-corvina-negra\/","title":{"rendered":"Gran cobertura radial de las 24 horas de la Corvina Negra"},"content":{"rendered":"<div class=\"ondau-before-content_3\" style=\"margin-top: -30px;\" id=\"ondau-1652263914\"><a href=\"https:\/\/www.lps.com.ar\/\" aria-label=\"la-perse2\"><img loading=\"lazy\" decoding=\"async\" src=\"https:\/\/ondauno.com.ar\/wp-content\/uploads\/2021\/10\/la-perse2.jpg\" alt=\"\"  srcset=\"https:\/\/ondauno.com.ar\/wp-content\/uploads\/2021\/10\/la-perse2.jpg 1353w, https:\/\/ondauno.com.ar\/wp-content\/uploads\/2021\/10\/la-perse2-300x43.jpg 300w, https:\/\/ondauno.com.ar\/wp-content\/uploads\/2021\/10\/la-perse2-1024x148.jpg 1024w, https:\/\/ondauno.com.ar\/wp-content\/uploads\/2021\/10\/la-perse2-768x111.jpg 768w, https:\/\/ondauno.com.ar\/wp-content\/uploads\/2021\/10\/la-perse2-696x100.jpg 696w, https:\/\/ondauno.com.ar\/wp-content\/uploads\/2021\/10\/la-perse2-1068x154.jpg 1068w\" sizes=\"(max-width: 1353px) 100vw, 1353px\" class=\"no-lazyload\" width=\"1353\" height=\"195\"  style=\"display: inline-block;\" \/><\/a><\/div>\n<p>Con la llegada de una nueva edici\u00f3n del tradicional concurso de pesca, las expectativas en Claromec\u00f3 est\u00e1n en su punto m\u00e1s alto. En con Cosas que pasan, Claudio Men\u00e9ndez periodista de RCC, anticip\u00f3 los detalles de la transmisi\u00f3n especial que realizar\u00e1 la radio junto a Onda Uno, llevando a toda la regi\u00f3n la emoci\u00f3n del evento.<\/p>\n\n\n\n<p>La cobertura de RCC comenzar\u00e1 a las 8 de la ma\u00f1ana con Patricia Minuto, dando inicio a la previa del evento. Luego, a partir de las 14 horas, la transmisi\u00f3n se extender\u00e1 con m\u00f3viles distribuidos en distintos puntos de la playa y un estudio central en el Club Cazadores. &#8220;Vamos a tener 10 m\u00f3viles cubriendo todo el sector de pesca, adem\u00e1s del control central y el estudio m\u00f3vil&#8221;, detall\u00f3.<\/p>\n\n\n\n<p>Uno de los momentos m\u00e1s esperados ser\u00e1 el tradicional &#8220;Prende y apaga&#8221;, que en esta ocasi\u00f3n no se realizar\u00e1 desde el Faro Claromec\u00f3 por razones de seguridad. En su lugar, el evento tendr\u00e1 lugar en el renovado Claros del Mar. &#8220;Es raro dejar de decirle \u2018esqueleto\u2019, pero realmente ha cambiado mucho&#8221;, expres\u00f3 Menna.<\/p>\n\n\n\n<p>A la noche, otro de los atractivos ser\u00e1 el karaoke en la puerta de la radio, con la presencia de Juan Manuel Tito y su guitarra. &#8220;El a\u00f1o pasado fue un \u00e9xito inesperado, tuvimos que cortar la calle. Este a\u00f1o, repetimos con cl\u00e1sicos y, por supuesto, la canci\u00f3n de las 24 horas de la corvina negra&#8221;, coment\u00f3.<\/p>\n\n\n\n<p>Sobre el video promocional del evento explic\u00f3 que este a\u00f1o la radio opt\u00f3 por un cl\u00e1sico musical ante la falta de un hit del verano con gran impacto. &#8220;Recurrimos a Los Piojos, que volvieron en este \u00faltimo a\u00f1o, y armamos un video con la producci\u00f3n de los m\u00e1s j\u00f3venes de la radio&#8221;, se\u00f1al\u00f3.<\/p>\n\n\n\n<p>Por \u00faltimo resalt\u00f3 la importancia de la transmisi\u00f3n para quienes siguen el evento desde Tres Arroyos y la zona. &#8220;Gracias al trabajo conjunto con Onda Uno, podemos llevar la emoci\u00f3n de la pesca deportiva a todos los oyentes, que son parte fundamental de esta fiesta&#8221;, concluy\u00f3.<\/p>\n\n\n\n<figure class=\"wp-block-embed is-type-video is-provider-youtube wp-block-embed-youtube wp-embed-aspect-16-9 wp-has-aspect-ratio\"><div class=\"wp-block-embed__wrapper\">\n<div class=\"youtube-embed\" data-video_id=\"X5FgV5Eo2vk\"><iframe loading=\"lazy\" title=\"Onda Uno 103.9 en vivo\" width=\"696\" height=\"392\" data-src=\"https:\/\/www.youtube.com\/embed\/X5FgV5Eo2vk?start=1&#038;feature=oembed\" frameborder=\"0\" allow=\"accelerometer; autoplay; clipboard-write; encrypted-media; gyroscope; picture-in-picture; web-share\" referrerpolicy=\"strict-origin-when-cross-origin\" allowfullscreen src=\"data:image\/gif;base64,R0lGODlhAQABAAAAACH5BAEKAAEALAAAAAABAAEAAAICTAEAOw==\" class=\"lazyload\" data-load-mode=\"1\"><\/iframe><\/div>\n<\/div><\/figure>\n","protected":false},"excerpt":{"rendered":"<p>Con la llegada de una nueva edici\u00f3n del tradicional concurso de pesca, las expectativas en Claromec\u00f3 est\u00e1n en su punto m\u00e1s alto. En con Cosas que pasan, Claudio Men\u00e9ndez periodista de RCC, anticip\u00f3 los detalles de la transmisi\u00f3n especial que realizar\u00e1 la radio junto a Onda Uno, llevando a toda la regi\u00f3n la emoci\u00f3n del [&hellip;]<\/p>\n","protected":false},"author":1,"featured_media":53488,"comment_status":"open","ping_status":"open","sticky":false,"template":"","format":"standard","meta":{"tdm_status":"","tdm_grid_status":"","_jetpack_memberships_contains_paid_content":false,"footnotes":"","jetpack_publicize_message":"","jetpack_publicize_feature_enabled":true,"jetpack_social_post_already_shared":false,"jetpack_social_options":{"image_generator_settings":{"template":"highway","default_image_id":0,"font":"","enabled":false},"version":2}},"categories":[26],"tags":[],"class_list":{"0":"post-53483","1":"post","2":"type-post","3":"status-publish","4":"format-standard","5":"has-post-thumbnail","7":"category-destacada"},"yoast_head":"<!-- This site is optimized with the Yoast SEO plugin v22.7 - https:\/\/yoast.com\/wordpress\/plugins\/seo\/ -->\n<title>Gran cobertura radial de las 24 horas de la Corvina Negra - 103.9 fm<\/title>\n<meta name=\"robots\" content=\"index, follow, max-snippet:-1, max-image-preview:large, max-video-preview:-1\" \/>\n<link rel=\"canonical\" href=\"https:\/\/ondauno.com.ar\/index.php\/2025\/02\/07\/gran-cobertura-radial-de-las-24-horas-de-la-corvina-negra\/\" \/>\n<meta property=\"og:locale\" content=\"es_ES\" \/>\n<meta property=\"og:type\" content=\"article\" \/>\n<meta property=\"og:title\" content=\"Gran cobertura radial de las 24 horas de la Corvina Negra - 103.9 fm\" \/>\n<meta property=\"og:description\" content=\"Con la llegada de una nueva edici\u00f3n del tradicional concurso de pesca, las expectativas en Claromec\u00f3 est\u00e1n en su punto m\u00e1s alto. En con Cosas que pasan, Claudio Men\u00e9ndez periodista de RCC, anticip\u00f3 los detalles de la transmisi\u00f3n especial que realizar\u00e1 la radio junto a Onda Uno, llevando a toda la regi\u00f3n la emoci\u00f3n del [&hellip;]\" \/>\n<meta property=\"og:url\" content=\"https:\/\/ondauno.com.ar\/index.php\/2025\/02\/07\/gran-cobertura-radial-de-las-24-horas-de-la-corvina-negra\/\" \/>\n<meta property=\"og:site_name\" content=\"103.9 fm\" \/>\n<meta property=\"article:publisher\" content=\"https:\/\/www.facebook.com\/ondauno103.9\" \/>\n<meta property=\"article:published_time\" content=\"2025-02-08T00:56:04+00:00\" \/>\n<meta property=\"article:modified_time\" content=\"2025-02-08T15:28:23+00:00\" \/>\n<meta property=\"og:image\" content=\"http:\/\/ondauno.com.ar\/wp-content\/uploads\/2025\/02\/flyer-corvina-1-696x660-1.jpg\" \/>\n\t<meta property=\"og:image:width\" content=\"696\" \/>\n\t<meta property=\"og:image:height\" content=\"660\" \/>\n\t<meta property=\"og:image:type\" content=\"image\/jpeg\" \/>\n<meta name=\"author\" content=\"OndaUno\" \/>\n<meta name=\"twitter:card\" content=\"summary_large_image\" \/>\n<meta name=\"twitter:label1\" content=\"Escrito por\" \/>\n\t<meta name=\"twitter:data1\" content=\"OndaUno\" \/>\n\t<meta name=\"twitter:label2\" content=\"Tiempo de lectura\" \/>\n\t<meta name=\"twitter:data2\" content=\"2 minutos\" \/>\n<script type=\"application\/ld+json\" class=\"yoast-schema-graph\">{\"@context\":\"https:\/\/schema.org\",\"@graph\":[{\"@type\":\"WebPage\",\"@id\":\"https:\/\/ondauno.com.ar\/index.php\/2025\/02\/07\/gran-cobertura-radial-de-las-24-horas-de-la-corvina-negra\/\",\"url\":\"https:\/\/ondauno.com.ar\/index.php\/2025\/02\/07\/gran-cobertura-radial-de-las-24-horas-de-la-corvina-negra\/\",\"name\":\"Gran cobertura radial de las 24 horas de la Corvina Negra - 103.9 fm\",\"isPartOf\":{\"@id\":\"https:\/\/ondauno.com.ar\/#website\"},\"primaryImageOfPage\":{\"@id\":\"https:\/\/ondauno.com.ar\/index.php\/2025\/02\/07\/gran-cobertura-radial-de-las-24-horas-de-la-corvina-negra\/#primaryimage\"},\"image\":{\"@id\":\"https:\/\/ondauno.com.ar\/index.php\/2025\/02\/07\/gran-cobertura-radial-de-las-24-horas-de-la-corvina-negra\/#primaryimage\"},\"thumbnailUrl\":\"https:\/\/ondauno.com.ar\/wp-content\/uploads\/2025\/02\/flyer-corvina-1-696x660-1.jpg\",\"datePublished\":\"2025-02-08T00:56:04+00:00\",\"dateModified\":\"2025-02-08T15:28:23+00:00\",\"author\":{\"@id\":\"https:\/\/ondauno.com.ar\/#\/schema\/person\/7ec851ddeceb4133d7d7132dc645714e\"},\"breadcrumb\":{\"@id\":\"https:\/\/ondauno.com.ar\/index.php\/2025\/02\/07\/gran-cobertura-radial-de-las-24-horas-de-la-corvina-negra\/#breadcrumb\"},\"inLanguage\":\"es-AR\",\"potentialAction\":[{\"@type\":\"ReadAction\",\"target\":[\"https:\/\/ondauno.com.ar\/index.php\/2025\/02\/07\/gran-cobertura-radial-de-las-24-horas-de-la-corvina-negra\/\"]}]},{\"@type\":\"ImageObject\",\"inLanguage\":\"es-AR\",\"@id\":\"https:\/\/ondauno.com.ar\/index.php\/2025\/02\/07\/gran-cobertura-radial-de-las-24-horas-de-la-corvina-negra\/#primaryimage\",\"url\":\"https:\/\/ondauno.com.ar\/wp-content\/uploads\/2025\/02\/flyer-corvina-1-696x660-1.jpg\",\"contentUrl\":\"https:\/\/ondauno.com.ar\/wp-content\/uploads\/2025\/02\/flyer-corvina-1-696x660-1.jpg\",\"width\":696,\"height\":660},{\"@type\":\"BreadcrumbList\",\"@id\":\"https:\/\/ondauno.com.ar\/index.php\/2025\/02\/07\/gran-cobertura-radial-de-las-24-horas-de-la-corvina-negra\/#breadcrumb\",\"itemListElement\":[{\"@type\":\"ListItem\",\"position\":1,\"name\":\"Inicio\",\"item\":\"https:\/\/ondauno.com.ar\/\"},{\"@type\":\"ListItem\",\"position\":2,\"name\":\"Gran cobertura radial de las 24 horas de la Corvina Negra\"}]},{\"@type\":\"WebSite\",\"@id\":\"https:\/\/ondauno.com.ar\/#website\",\"url\":\"https:\/\/ondauno.com.ar\/\",\"name\":\"103.9 fm\",\"description\":\"LA PRIMERA RADIO MULTIMEDIA DE TRES ARROYOS\",\"potentialAction\":[{\"@type\":\"SearchAction\",\"target\":{\"@type\":\"EntryPoint\",\"urlTemplate\":\"https:\/\/ondauno.com.ar\/?s={search_term_string}\"},\"query-input\":\"required name=search_term_string\"}],\"inLanguage\":\"es-AR\"},{\"@type\":\"Person\",\"@id\":\"https:\/\/ondauno.com.ar\/#\/schema\/person\/7ec851ddeceb4133d7d7132dc645714e\",\"name\":\"OndaUno\",\"image\":{\"@type\":\"ImageObject\",\"inLanguage\":\"es-AR\",\"@id\":\"https:\/\/ondauno.com.ar\/#\/schema\/person\/image\/\",\"url\":\"https:\/\/secure.gravatar.com\/avatar\/93b8009f0de7021f1feb2bd5b32fb9e8?s=96&d=mm&r=g\",\"contentUrl\":\"https:\/\/secure.gravatar.com\/avatar\/93b8009f0de7021f1feb2bd5b32fb9e8?s=96&d=mm&r=g\",\"caption\":\"OndaUno\"},\"url\":\"https:\/\/ondauno.com.ar\/index.php\/author\/ondauno\/\"}]}<\/script>\n<!-- \/ Yoast SEO plugin. -->","yoast_head_json":{"title":"Gran cobertura radial de las 24 horas de la Corvina Negra - 103.9 fm","robots":{"index":"index","follow":"follow","max-snippet":"max-snippet:-1","max-image-preview":"max-image-preview:large","max-video-preview":"max-video-preview:-1"},"canonical":"https:\/\/ondauno.com.ar\/index.php\/2025\/02\/07\/gran-cobertura-radial-de-las-24-horas-de-la-corvina-negra\/","og_locale":"es_ES","og_type":"article","og_title":"Gran cobertura radial de las 24 horas de la Corvina Negra - 103.9 fm","og_description":"Con la llegada de una nueva edici\u00f3n del tradicional concurso de pesca, las expectativas en Claromec\u00f3 est\u00e1n en su punto m\u00e1s alto. En con Cosas que pasan, Claudio Men\u00e9ndez periodista de RCC, anticip\u00f3 los detalles de la transmisi\u00f3n especial que realizar\u00e1 la radio junto a Onda Uno, llevando a toda la regi\u00f3n la emoci\u00f3n del [&hellip;]","og_url":"https:\/\/ondauno.com.ar\/index.php\/2025\/02\/07\/gran-cobertura-radial-de-las-24-horas-de-la-corvina-negra\/","og_site_name":"103.9 fm","article_publisher":"https:\/\/www.facebook.com\/ondauno103.9","article_published_time":"2025-02-08T00:56:04+00:00","article_modified_time":"2025-02-08T15:28:23+00:00","og_image":[{"width":696,"height":660,"url":"http:\/\/ondauno.com.ar\/wp-content\/uploads\/2025\/02\/flyer-corvina-1-696x660-1.jpg","type":"image\/jpeg"}],"author":"OndaUno","twitter_card":"summary_large_image","twitter_misc":{"Escrito por":"OndaUno","Tiempo de lectura":"2 minutos"},"schema":{"@context":"https:\/\/schema.org","@graph":[{"@type":"WebPage","@id":"https:\/\/ondauno.com.ar\/index.php\/2025\/02\/07\/gran-cobertura-radial-de-las-24-horas-de-la-corvina-negra\/","url":"https:\/\/ondauno.com.ar\/index.php\/2025\/02\/07\/gran-cobertura-radial-de-las-24-horas-de-la-corvina-negra\/","name":"Gran cobertura radial de las 24 horas de la Corvina Negra - 103.9 fm","isPartOf":{"@id":"https:\/\/ondauno.com.ar\/#website"},"primaryImageOfPage":{"@id":"https:\/\/ondauno.com.ar\/index.php\/2025\/02\/07\/gran-cobertura-radial-de-las-24-horas-de-la-corvina-negra\/#primaryimage"},"image":{"@id":"https:\/\/ondauno.com.ar\/index.php\/2025\/02\/07\/gran-cobertura-radial-de-las-24-horas-de-la-corvina-negra\/#primaryimage"},"thumbnailUrl":"https:\/\/ondauno.com.ar\/wp-content\/uploads\/2025\/02\/flyer-corvina-1-696x660-1.jpg","datePublished":"2025-02-08T00:56:04+00:00","dateModified":"2025-02-08T15:28:23+00:00","author":{"@id":"https:\/\/ondauno.com.ar\/#\/schema\/person\/7ec851ddeceb4133d7d7132dc645714e"},"breadcrumb":{"@id":"https:\/\/ondauno.com.ar\/index.php\/2025\/02\/07\/gran-cobertura-radial-de-las-24-horas-de-la-corvina-negra\/#breadcrumb"},"inLanguage":"es-AR","potentialAction":[{"@type":"ReadAction","target":["https:\/\/ondauno.com.ar\/index.php\/2025\/02\/07\/gran-cobertura-radial-de-las-24-horas-de-la-corvina-negra\/"]}]},{"@type":"ImageObject","inLanguage":"es-AR","@id":"https:\/\/ondauno.com.ar\/index.php\/2025\/02\/07\/gran-cobertura-radial-de-las-24-horas-de-la-corvina-negra\/#primaryimage","url":"https:\/\/ondauno.com.ar\/wp-content\/uploads\/2025\/02\/flyer-corvina-1-696x660-1.jpg","contentUrl":"https:\/\/ondauno.com.ar\/wp-content\/uploads\/2025\/02\/flyer-corvina-1-696x660-1.jpg","width":696,"height":660},{"@type":"BreadcrumbList","@id":"https:\/\/ondauno.com.ar\/index.php\/2025\/02\/07\/gran-cobertura-radial-de-las-24-horas-de-la-corvina-negra\/#breadcrumb","itemListElement":[{"@type":"ListItem","position":1,"name":"Inicio","item":"https:\/\/ondauno.com.ar\/"},{"@type":"ListItem","position":2,"name":"Gran cobertura radial de las 24 horas de la Corvina Negra"}]},{"@type":"WebSite","@id":"https:\/\/ondauno.com.ar\/#website","url":"https:\/\/ondauno.com.ar\/","name":"103.9 fm","description":"LA PRIMERA RADIO MULTIMEDIA DE TRES ARROYOS","potentialAction":[{"@type":"SearchAction","target":{"@type":"EntryPoint","urlTemplate":"https:\/\/ondauno.com.ar\/?s={search_term_string}"},"query-input":"required name=search_term_string"}],"inLanguage":"es-AR"},{"@type":"Person","@id":"https:\/\/ondauno.com.ar\/#\/schema\/person\/7ec851ddeceb4133d7d7132dc645714e","name":"OndaUno","image":{"@type":"ImageObject","inLanguage":"es-AR","@id":"https:\/\/ondauno.com.ar\/#\/schema\/person\/image\/","url":"https:\/\/secure.gravatar.com\/avatar\/93b8009f0de7021f1feb2bd5b32fb9e8?s=96&d=mm&r=g","contentUrl":"https:\/\/secure.gravatar.com\/avatar\/93b8009f0de7021f1feb2bd5b32fb9e8?s=96&d=mm&r=g","caption":"OndaUno"},"url":"https:\/\/ondauno.com.ar\/index.php\/author\/ondauno\/"}]}},"jetpack_publicize_connections":[],"jetpack_featured_media_url":"https:\/\/ondauno.com.ar\/wp-content\/uploads\/2025\/02\/flyer-corvina-1-696x660-1.jpg","jetpack_sharing_enabled":true,"_links":{"self":[{"href":"https:\/\/ondauno.com.ar\/index.php\/wp-json\/wp\/v2\/posts\/53483","targetHints":{"allow":["GET"]}}],"collection":[{"href":"https:\/\/ondauno.com.ar\/index.php\/wp-json\/wp\/v2\/posts"}],"about":[{"href":"https:\/\/ondauno.com.ar\/index.php\/wp-json\/wp\/v2\/types\/post"}],"author":[{"embeddable":true,"href":"https:\/\/ondauno.com.ar\/index.php\/wp-json\/wp\/v2\/users\/1"}],"replies":[{"embeddable":true,"href":"https:\/\/ondauno.com.ar\/index.php\/wp-json\/wp\/v2\/comments?post=53483"}],"version-history":[{"count":1,"href":"https:\/\/ondauno.com.ar\/index.php\/wp-json\/wp\/v2\/posts\/53483\/revisions"}],"predecessor-version":[{"id":53484,"href":"https:\/\/ondauno.com.ar\/index.php\/wp-json\/wp\/v2\/posts\/53483\/revisions\/53484"}],"wp:featuredmedia":[{"embeddable":true,"href":"https:\/\/ondauno.com.ar\/index.php\/wp-json\/wp\/v2\/media\/53488"}],"wp:attachment":[{"href":"https:\/\/ondauno.com.ar\/index.php\/wp-json\/wp\/v2\/media?parent=53483"}],"wp:term":[{"taxonomy":"category","embeddable":true,"href":"https:\/\/ondauno.com.ar\/index.php\/wp-json\/wp\/v2\/categories?post=53483"},{"taxonomy":"post_tag","embeddable":true,"href":"https:\/\/ondauno.com.ar\/index.php\/wp-json\/wp\/v2\/tags?post=53483"}],"curies":[{"name":"wp","href":"https:\/\/api.w.org\/{rel}","templated":true}]}}