{"id":53445,"date":"2025-02-06T15:19:01","date_gmt":"2025-02-06T18:19:01","guid":{"rendered":"https:\/\/ondauno.com.ar\/?p=53445"},"modified":"2025-02-06T15:19:04","modified_gmt":"2025-02-06T18:19:04","slug":"gracias-a-la-utilizacion-de-las-camaras-de-monitoreo-se-encontraron-dos-menores-residentes-del-pequeno-hogar","status":"publish","type":"post","link":"https:\/\/ondauno.com.ar\/index.php\/2025\/02\/06\/gracias-a-la-utilizacion-de-las-camaras-de-monitoreo-se-encontraron-dos-menores-residentes-del-pequeno-hogar\/","title":{"rendered":"Gracias a la utilizaci\u00f3n de las c\u00e1maras de monitoreo se encontraron dos menores residentes del Peque\u00f1o Hogar"},"content":{"rendered":"<div class=\"ondau-before-content_3\" style=\"margin-top: -30px;\" id=\"ondau-127332672\"><a href=\"https:\/\/www.lps.com.ar\/\" aria-label=\"la-perse2\"><img loading=\"lazy\" decoding=\"async\" src=\"https:\/\/ondauno.com.ar\/wp-content\/uploads\/2021\/10\/la-perse2.jpg\" alt=\"\"  srcset=\"https:\/\/ondauno.com.ar\/wp-content\/uploads\/2021\/10\/la-perse2.jpg 1353w, https:\/\/ondauno.com.ar\/wp-content\/uploads\/2021\/10\/la-perse2-300x43.jpg 300w, https:\/\/ondauno.com.ar\/wp-content\/uploads\/2021\/10\/la-perse2-1024x148.jpg 1024w, https:\/\/ondauno.com.ar\/wp-content\/uploads\/2021\/10\/la-perse2-768x111.jpg 768w, https:\/\/ondauno.com.ar\/wp-content\/uploads\/2021\/10\/la-perse2-696x100.jpg 696w, https:\/\/ondauno.com.ar\/wp-content\/uploads\/2021\/10\/la-perse2-1068x154.jpg 1068w\" sizes=\"(max-width: 1353px) 100vw, 1353px\" class=\"no-lazyload\" width=\"1353\" height=\"195\"  style=\"display: inline-block;\" \/><\/a><\/div>\n<p>Durante esta semana, el personal policial de nuestra ciudad logr\u00f3 resolver un caso delicado, gracias a la eficaz combinaci\u00f3n de patrullaje y c\u00e1maras de seguridad comunales.<\/p>\n\n\n\n<p>La situaci\u00f3n tuvo lugar cuando se recibi\u00f3 un llamado al 147 alertando sobre la retirada de dos menores, de 13 a\u00f1os de edad, del Peque\u00f1o Hogar Municipal I y II. Actuando con rapidez, los efectivos comenzaron el protocolo de b\u00fasqueda, desde el Centro Operativo Municipal mediante las c\u00e1maras ubicadas en el egreso de la ciudad, visualizan a los peque\u00f1os &#8220;haciendo dedo&#8221; con direcci\u00f3n a Bah\u00eda Blanca. En un esfuerzo conjunto del Centro de Operaciones Municipal (COM), Polic\u00eda Comunal, Vial y CPR, se logr\u00f3 localizar a los menores, quienes fueron acompa\u00f1ados a la Estaci\u00f3n Policial para recibir la asistencia social y m\u00e9dica necesaria.<\/p>\n","protected":false},"excerpt":{"rendered":"<p>Durante esta semana, el personal policial de nuestra ciudad logr\u00f3 resolver un caso delicado, gracias a la eficaz combinaci\u00f3n de patrullaje y c\u00e1maras de seguridad comunales. La situaci\u00f3n tuvo lugar cuando se recibi\u00f3 un llamado al 147 alertando sobre la retirada de dos menores, de 13 a\u00f1os de edad, del Peque\u00f1o Hogar Municipal I y [&hellip;]<\/p>\n","protected":false},"author":1,"featured_media":53446,"comment_status":"open","ping_status":"open","sticky":false,"template":"","format":"standard","meta":{"tdm_status":"","tdm_grid_status":"","_jetpack_memberships_contains_paid_content":false,"footnotes":"","jetpack_publicize_message":"","jetpack_publicize_feature_enabled":true,"jetpack_social_post_already_shared":false,"jetpack_social_options":{"image_generator_settings":{"template":"highway","default_image_id":0,"font":"","enabled":false},"version":2}},"categories":[2],"tags":[],"class_list":{"0":"post-53445","1":"post","2":"type-post","3":"status-publish","4":"format-standard","5":"has-post-thumbnail","7":"category-locales"},"yoast_head":"<!-- This site is optimized with the Yoast SEO plugin v22.7 - https:\/\/yoast.com\/wordpress\/plugins\/seo\/ -->\n<title>Gracias a la utilizaci\u00f3n de las c\u00e1maras de monitoreo se encontraron dos menores residentes del Peque\u00f1o Hogar - 103.9 fm<\/title>\n<meta name=\"robots\" content=\"index, follow, max-snippet:-1, max-image-preview:large, max-video-preview:-1\" \/>\n<link rel=\"canonical\" href=\"https:\/\/ondauno.com.ar\/index.php\/2025\/02\/06\/gracias-a-la-utilizacion-de-las-camaras-de-monitoreo-se-encontraron-dos-menores-residentes-del-pequeno-hogar\/\" \/>\n<meta property=\"og:locale\" content=\"es_ES\" \/>\n<meta property=\"og:type\" content=\"article\" \/>\n<meta property=\"og:title\" content=\"Gracias a la utilizaci\u00f3n de las c\u00e1maras de monitoreo se encontraron dos menores residentes del Peque\u00f1o Hogar - 103.9 fm\" \/>\n<meta property=\"og:description\" content=\"Durante esta semana, el personal policial de nuestra ciudad logr\u00f3 resolver un caso delicado, gracias a la eficaz combinaci\u00f3n de patrullaje y c\u00e1maras de seguridad comunales. La situaci\u00f3n tuvo lugar cuando se recibi\u00f3 un llamado al 147 alertando sobre la retirada de dos menores, de 13 a\u00f1os de edad, del Peque\u00f1o Hogar Municipal I y [&hellip;]\" \/>\n<meta property=\"og:url\" content=\"https:\/\/ondauno.com.ar\/index.php\/2025\/02\/06\/gracias-a-la-utilizacion-de-las-camaras-de-monitoreo-se-encontraron-dos-menores-residentes-del-pequeno-hogar\/\" \/>\n<meta property=\"og:site_name\" content=\"103.9 fm\" \/>\n<meta property=\"article:publisher\" content=\"https:\/\/www.facebook.com\/ondauno103.9\" \/>\n<meta property=\"article:published_time\" content=\"2025-02-06T18:19:01+00:00\" \/>\n<meta property=\"article:modified_time\" content=\"2025-02-06T18:19:04+00:00\" \/>\n<meta property=\"og:image\" content=\"http:\/\/ondauno.com.ar\/wp-content\/uploads\/2025\/02\/WhatsApp-Image-2025-02-06-at-13.02.26.jpeg\" \/>\n\t<meta property=\"og:image:width\" content=\"1200\" \/>\n\t<meta property=\"og:image:height\" content=\"1600\" \/>\n\t<meta property=\"og:image:type\" content=\"image\/jpeg\" \/>\n<meta name=\"author\" content=\"OndaUno\" \/>\n<meta name=\"twitter:card\" content=\"summary_large_image\" \/>\n<meta name=\"twitter:label1\" content=\"Escrito por\" \/>\n\t<meta name=\"twitter:data1\" content=\"OndaUno\" \/>\n\t<meta name=\"twitter:label2\" content=\"Tiempo de lectura\" \/>\n\t<meta name=\"twitter:data2\" content=\"1 minuto\" \/>\n<script type=\"application\/ld+json\" class=\"yoast-schema-graph\">{\"@context\":\"https:\/\/schema.org\",\"@graph\":[{\"@type\":\"WebPage\",\"@id\":\"https:\/\/ondauno.com.ar\/index.php\/2025\/02\/06\/gracias-a-la-utilizacion-de-las-camaras-de-monitoreo-se-encontraron-dos-menores-residentes-del-pequeno-hogar\/\",\"url\":\"https:\/\/ondauno.com.ar\/index.php\/2025\/02\/06\/gracias-a-la-utilizacion-de-las-camaras-de-monitoreo-se-encontraron-dos-menores-residentes-del-pequeno-hogar\/\",\"name\":\"Gracias a la utilizaci\u00f3n de las c\u00e1maras de monitoreo se encontraron dos menores residentes del Peque\u00f1o Hogar - 103.9 fm\",\"isPartOf\":{\"@id\":\"https:\/\/ondauno.com.ar\/#website\"},\"primaryImageOfPage\":{\"@id\":\"https:\/\/ondauno.com.ar\/index.php\/2025\/02\/06\/gracias-a-la-utilizacion-de-las-camaras-de-monitoreo-se-encontraron-dos-menores-residentes-del-pequeno-hogar\/#primaryimage\"},\"image\":{\"@id\":\"https:\/\/ondauno.com.ar\/index.php\/2025\/02\/06\/gracias-a-la-utilizacion-de-las-camaras-de-monitoreo-se-encontraron-dos-menores-residentes-del-pequeno-hogar\/#primaryimage\"},\"thumbnailUrl\":\"https:\/\/ondauno.com.ar\/wp-content\/uploads\/2025\/02\/WhatsApp-Image-2025-02-06-at-13.02.26.jpeg\",\"datePublished\":\"2025-02-06T18:19:01+00:00\",\"dateModified\":\"2025-02-06T18:19:04+00:00\",\"author\":{\"@id\":\"https:\/\/ondauno.com.ar\/#\/schema\/person\/7ec851ddeceb4133d7d7132dc645714e\"},\"breadcrumb\":{\"@id\":\"https:\/\/ondauno.com.ar\/index.php\/2025\/02\/06\/gracias-a-la-utilizacion-de-las-camaras-de-monitoreo-se-encontraron-dos-menores-residentes-del-pequeno-hogar\/#breadcrumb\"},\"inLanguage\":\"es-AR\",\"potentialAction\":[{\"@type\":\"ReadAction\",\"target\":[\"https:\/\/ondauno.com.ar\/index.php\/2025\/02\/06\/gracias-a-la-utilizacion-de-las-camaras-de-monitoreo-se-encontraron-dos-menores-residentes-del-pequeno-hogar\/\"]}]},{\"@type\":\"ImageObject\",\"inLanguage\":\"es-AR\",\"@id\":\"https:\/\/ondauno.com.ar\/index.php\/2025\/02\/06\/gracias-a-la-utilizacion-de-las-camaras-de-monitoreo-se-encontraron-dos-menores-residentes-del-pequeno-hogar\/#primaryimage\",\"url\":\"https:\/\/ondauno.com.ar\/wp-content\/uploads\/2025\/02\/WhatsApp-Image-2025-02-06-at-13.02.26.jpeg\",\"contentUrl\":\"https:\/\/ondauno.com.ar\/wp-content\/uploads\/2025\/02\/WhatsApp-Image-2025-02-06-at-13.02.26.jpeg\",\"width\":1200,\"height\":1600},{\"@type\":\"BreadcrumbList\",\"@id\":\"https:\/\/ondauno.com.ar\/index.php\/2025\/02\/06\/gracias-a-la-utilizacion-de-las-camaras-de-monitoreo-se-encontraron-dos-menores-residentes-del-pequeno-hogar\/#breadcrumb\",\"itemListElement\":[{\"@type\":\"ListItem\",\"position\":1,\"name\":\"Inicio\",\"item\":\"https:\/\/ondauno.com.ar\/\"},{\"@type\":\"ListItem\",\"position\":2,\"name\":\"Gracias a la utilizaci\u00f3n de las c\u00e1maras de monitoreo se encontraron dos menores residentes del Peque\u00f1o Hogar\"}]},{\"@type\":\"WebSite\",\"@id\":\"https:\/\/ondauno.com.ar\/#website\",\"url\":\"https:\/\/ondauno.com.ar\/\",\"name\":\"103.9 fm\",\"description\":\"LA PRIMERA RADIO MULTIMEDIA DE TRES ARROYOS\",\"potentialAction\":[{\"@type\":\"SearchAction\",\"target\":{\"@type\":\"EntryPoint\",\"urlTemplate\":\"https:\/\/ondauno.com.ar\/?s={search_term_string}\"},\"query-input\":\"required name=search_term_string\"}],\"inLanguage\":\"es-AR\"},{\"@type\":\"Person\",\"@id\":\"https:\/\/ondauno.com.ar\/#\/schema\/person\/7ec851ddeceb4133d7d7132dc645714e\",\"name\":\"OndaUno\",\"image\":{\"@type\":\"ImageObject\",\"inLanguage\":\"es-AR\",\"@id\":\"https:\/\/ondauno.com.ar\/#\/schema\/person\/image\/\",\"url\":\"https:\/\/secure.gravatar.com\/avatar\/93b8009f0de7021f1feb2bd5b32fb9e8?s=96&d=mm&r=g\",\"contentUrl\":\"https:\/\/secure.gravatar.com\/avatar\/93b8009f0de7021f1feb2bd5b32fb9e8?s=96&d=mm&r=g\",\"caption\":\"OndaUno\"},\"url\":\"https:\/\/ondauno.com.ar\/index.php\/author\/ondauno\/\"}]}<\/script>\n<!-- \/ Yoast SEO plugin. -->","yoast_head_json":{"title":"Gracias a la utilizaci\u00f3n de las c\u00e1maras de monitoreo se encontraron dos menores residentes del Peque\u00f1o Hogar - 103.9 fm","robots":{"index":"index","follow":"follow","max-snippet":"max-snippet:-1","max-image-preview":"max-image-preview:large","max-video-preview":"max-video-preview:-1"},"canonical":"https:\/\/ondauno.com.ar\/index.php\/2025\/02\/06\/gracias-a-la-utilizacion-de-las-camaras-de-monitoreo-se-encontraron-dos-menores-residentes-del-pequeno-hogar\/","og_locale":"es_ES","og_type":"article","og_title":"Gracias a la utilizaci\u00f3n de las c\u00e1maras de monitoreo se encontraron dos menores residentes del Peque\u00f1o Hogar - 103.9 fm","og_description":"Durante esta semana, el personal policial de nuestra ciudad logr\u00f3 resolver un caso delicado, gracias a la eficaz combinaci\u00f3n de patrullaje y c\u00e1maras de seguridad comunales. La situaci\u00f3n tuvo lugar cuando se recibi\u00f3 un llamado al 147 alertando sobre la retirada de dos menores, de 13 a\u00f1os de edad, del Peque\u00f1o Hogar Municipal I y [&hellip;]","og_url":"https:\/\/ondauno.com.ar\/index.php\/2025\/02\/06\/gracias-a-la-utilizacion-de-las-camaras-de-monitoreo-se-encontraron-dos-menores-residentes-del-pequeno-hogar\/","og_site_name":"103.9 fm","article_publisher":"https:\/\/www.facebook.com\/ondauno103.9","article_published_time":"2025-02-06T18:19:01+00:00","article_modified_time":"2025-02-06T18:19:04+00:00","og_image":[{"width":1200,"height":1600,"url":"http:\/\/ondauno.com.ar\/wp-content\/uploads\/2025\/02\/WhatsApp-Image-2025-02-06-at-13.02.26.jpeg","type":"image\/jpeg"}],"author":"OndaUno","twitter_card":"summary_large_image","twitter_misc":{"Escrito por":"OndaUno","Tiempo de lectura":"1 minuto"},"schema":{"@context":"https:\/\/schema.org","@graph":[{"@type":"WebPage","@id":"https:\/\/ondauno.com.ar\/index.php\/2025\/02\/06\/gracias-a-la-utilizacion-de-las-camaras-de-monitoreo-se-encontraron-dos-menores-residentes-del-pequeno-hogar\/","url":"https:\/\/ondauno.com.ar\/index.php\/2025\/02\/06\/gracias-a-la-utilizacion-de-las-camaras-de-monitoreo-se-encontraron-dos-menores-residentes-del-pequeno-hogar\/","name":"Gracias a la utilizaci\u00f3n de las c\u00e1maras de monitoreo se encontraron dos menores residentes del Peque\u00f1o Hogar - 103.9 fm","isPartOf":{"@id":"https:\/\/ondauno.com.ar\/#website"},"primaryImageOfPage":{"@id":"https:\/\/ondauno.com.ar\/index.php\/2025\/02\/06\/gracias-a-la-utilizacion-de-las-camaras-de-monitoreo-se-encontraron-dos-menores-residentes-del-pequeno-hogar\/#primaryimage"},"image":{"@id":"https:\/\/ondauno.com.ar\/index.php\/2025\/02\/06\/gracias-a-la-utilizacion-de-las-camaras-de-monitoreo-se-encontraron-dos-menores-residentes-del-pequeno-hogar\/#primaryimage"},"thumbnailUrl":"https:\/\/ondauno.com.ar\/wp-content\/uploads\/2025\/02\/WhatsApp-Image-2025-02-06-at-13.02.26.jpeg","datePublished":"2025-02-06T18:19:01+00:00","dateModified":"2025-02-06T18:19:04+00:00","author":{"@id":"https:\/\/ondauno.com.ar\/#\/schema\/person\/7ec851ddeceb4133d7d7132dc645714e"},"breadcrumb":{"@id":"https:\/\/ondauno.com.ar\/index.php\/2025\/02\/06\/gracias-a-la-utilizacion-de-las-camaras-de-monitoreo-se-encontraron-dos-menores-residentes-del-pequeno-hogar\/#breadcrumb"},"inLanguage":"es-AR","potentialAction":[{"@type":"ReadAction","target":["https:\/\/ondauno.com.ar\/index.php\/2025\/02\/06\/gracias-a-la-utilizacion-de-las-camaras-de-monitoreo-se-encontraron-dos-menores-residentes-del-pequeno-hogar\/"]}]},{"@type":"ImageObject","inLanguage":"es-AR","@id":"https:\/\/ondauno.com.ar\/index.php\/2025\/02\/06\/gracias-a-la-utilizacion-de-las-camaras-de-monitoreo-se-encontraron-dos-menores-residentes-del-pequeno-hogar\/#primaryimage","url":"https:\/\/ondauno.com.ar\/wp-content\/uploads\/2025\/02\/WhatsApp-Image-2025-02-06-at-13.02.26.jpeg","contentUrl":"https:\/\/ondauno.com.ar\/wp-content\/uploads\/2025\/02\/WhatsApp-Image-2025-02-06-at-13.02.26.jpeg","width":1200,"height":1600},{"@type":"BreadcrumbList","@id":"https:\/\/ondauno.com.ar\/index.php\/2025\/02\/06\/gracias-a-la-utilizacion-de-las-camaras-de-monitoreo-se-encontraron-dos-menores-residentes-del-pequeno-hogar\/#breadcrumb","itemListElement":[{"@type":"ListItem","position":1,"name":"Inicio","item":"https:\/\/ondauno.com.ar\/"},{"@type":"ListItem","position":2,"name":"Gracias a la utilizaci\u00f3n de las c\u00e1maras de monitoreo se encontraron dos menores residentes del Peque\u00f1o Hogar"}]},{"@type":"WebSite","@id":"https:\/\/ondauno.com.ar\/#website","url":"https:\/\/ondauno.com.ar\/","name":"103.9 fm","description":"LA PRIMERA RADIO MULTIMEDIA DE TRES ARROYOS","potentialAction":[{"@type":"SearchAction","target":{"@type":"EntryPoint","urlTemplate":"https:\/\/ondauno.com.ar\/?s={search_term_string}"},"query-input":"required name=search_term_string"}],"inLanguage":"es-AR"},{"@type":"Person","@id":"https:\/\/ondauno.com.ar\/#\/schema\/person\/7ec851ddeceb4133d7d7132dc645714e","name":"OndaUno","image":{"@type":"ImageObject","inLanguage":"es-AR","@id":"https:\/\/ondauno.com.ar\/#\/schema\/person\/image\/","url":"https:\/\/secure.gravatar.com\/avatar\/93b8009f0de7021f1feb2bd5b32fb9e8?s=96&d=mm&r=g","contentUrl":"https:\/\/secure.gravatar.com\/avatar\/93b8009f0de7021f1feb2bd5b32fb9e8?s=96&d=mm&r=g","caption":"OndaUno"},"url":"https:\/\/ondauno.com.ar\/index.php\/author\/ondauno\/"}]}},"jetpack_publicize_connections":[],"jetpack_featured_media_url":"https:\/\/ondauno.com.ar\/wp-content\/uploads\/2025\/02\/WhatsApp-Image-2025-02-06-at-13.02.26.jpeg","jetpack_sharing_enabled":true,"_links":{"self":[{"href":"https:\/\/ondauno.com.ar\/index.php\/wp-json\/wp\/v2\/posts\/53445","targetHints":{"allow":["GET"]}}],"collection":[{"href":"https:\/\/ondauno.com.ar\/index.php\/wp-json\/wp\/v2\/posts"}],"about":[{"href":"https:\/\/ondauno.com.ar\/index.php\/wp-json\/wp\/v2\/types\/post"}],"author":[{"embeddable":true,"href":"https:\/\/ondauno.com.ar\/index.php\/wp-json\/wp\/v2\/users\/1"}],"replies":[{"embeddable":true,"href":"https:\/\/ondauno.com.ar\/index.php\/wp-json\/wp\/v2\/comments?post=53445"}],"version-history":[{"count":1,"href":"https:\/\/ondauno.com.ar\/index.php\/wp-json\/wp\/v2\/posts\/53445\/revisions"}],"predecessor-version":[{"id":53447,"href":"https:\/\/ondauno.com.ar\/index.php\/wp-json\/wp\/v2\/posts\/53445\/revisions\/53447"}],"wp:featuredmedia":[{"embeddable":true,"href":"https:\/\/ondauno.com.ar\/index.php\/wp-json\/wp\/v2\/media\/53446"}],"wp:attachment":[{"href":"https:\/\/ondauno.com.ar\/index.php\/wp-json\/wp\/v2\/media?parent=53445"}],"wp:term":[{"taxonomy":"category","embeddable":true,"href":"https:\/\/ondauno.com.ar\/index.php\/wp-json\/wp\/v2\/categories?post=53445"},{"taxonomy":"post_tag","embeddable":true,"href":"https:\/\/ondauno.com.ar\/index.php\/wp-json\/wp\/v2\/tags?post=53445"}],"curies":[{"name":"wp","href":"https:\/\/api.w.org\/{rel}","templated":true}]}}