{"id":53424,"date":"2025-02-05T17:56:28","date_gmt":"2025-02-05T20:56:28","guid":{"rendered":"https:\/\/ondauno.com.ar\/?p=53424"},"modified":"2025-02-05T17:59:17","modified_gmt":"2025-02-05T20:59:17","slug":"todo-listo-para-las-24-horas-de-la-corvina-negra-en-claromeco","status":"publish","type":"post","link":"https:\/\/ondauno.com.ar\/index.php\/2025\/02\/05\/todo-listo-para-las-24-horas-de-la-corvina-negra-en-claromeco\/","title":{"rendered":"Todo listo para las &#8220;24 horas de la Corvina Negra&#8221; en Claromec\u00f3"},"content":{"rendered":"<div class=\"ondau-before-content_3\" style=\"margin-top: -30px;\" id=\"ondau-845628408\"><a href=\"https:\/\/www.lps.com.ar\/\" aria-label=\"la-perse2\"><img loading=\"lazy\" decoding=\"async\" src=\"https:\/\/ondauno.com.ar\/wp-content\/uploads\/2021\/10\/la-perse2.jpg\" alt=\"\"  srcset=\"https:\/\/ondauno.com.ar\/wp-content\/uploads\/2021\/10\/la-perse2.jpg 1353w, https:\/\/ondauno.com.ar\/wp-content\/uploads\/2021\/10\/la-perse2-300x43.jpg 300w, https:\/\/ondauno.com.ar\/wp-content\/uploads\/2021\/10\/la-perse2-1024x148.jpg 1024w, https:\/\/ondauno.com.ar\/wp-content\/uploads\/2021\/10\/la-perse2-768x111.jpg 768w, https:\/\/ondauno.com.ar\/wp-content\/uploads\/2021\/10\/la-perse2-696x100.jpg 696w, https:\/\/ondauno.com.ar\/wp-content\/uploads\/2021\/10\/la-perse2-1068x154.jpg 1068w\" sizes=\"(max-width: 1353px) 100vw, 1353px\" class=\"no-lazyload\" width=\"1353\" height=\"195\"  style=\"display: inline-block;\" \/><\/a><\/div>\n<p class=\"has-small-font-size\">Foto: Gentileza RCC<\/p>\n\n\n\n<p>La organizaci\u00f3n del tradicional concurso de pesca avanza a buen ritmo en Claromec\u00f3, a pesar de las condiciones clim\u00e1ticas. &#8220;Terminaron de armar la carpa justo cuando empezaba a llover&#8221;, cont\u00f3 Horacio Pesalaccia, dirigente del Club Cazadores, en Cosas que pasan.<\/p>\n\n\n\n<p>Este a\u00f1o el evento bati\u00f3 r\u00e9cords de inscripci\u00f3n anticipada, con m\u00e1s de 5000 participantes confirmados. &#8220;El m\u00e1s optimista pensaba en esta cantidad, pero nos sorprendi\u00f3 a todos&#8221;, se\u00f1al\u00f3 Pesalaccia quien tambi\u00e9n destac\u00f3 la importancia de reforzar los controles ante la gran cantidad de ca\u00f1as en competencia.<\/p>\n\n\n\n<p>Una de las novedades de esta edici\u00f3n es la modificaci\u00f3n del \u00e1rea de pesca. &#8220;Buscamos preservar la zona de la albufera, as\u00ed que recortamos un sector y ampliamos otro&#8221;, explic\u00f3. Adem\u00e1s, pidi\u00f3 &#8220;paciencia y respeto entre los pescadores&#8221; y record\u00f3 la importancia de la seguridad en el mar.<\/p>\n\n\n\n<p>Mientras los primeros campamentos ya empiezan a instalarse, la expectativa crece para un evento que, como cada a\u00f1o, promete convocar a miles de aficionados a la pesca y al turismo en la regi\u00f3n.<\/p>\n","protected":false},"excerpt":{"rendered":"<p>Foto: Gentileza RCC La organizaci\u00f3n del tradicional concurso de pesca avanza a buen ritmo en Claromec\u00f3, a pesar de las condiciones clim\u00e1ticas. &#8220;Terminaron de armar la carpa justo cuando empezaba a llover&#8221;, cont\u00f3 Horacio Pesalaccia, dirigente del Club Cazadores, en Cosas que pasan. Este a\u00f1o el evento bati\u00f3 r\u00e9cords de inscripci\u00f3n anticipada, con m\u00e1s de [&hellip;]<\/p>\n","protected":false},"author":1,"featured_media":53425,"comment_status":"open","ping_status":"open","sticky":false,"template":"","format":"standard","meta":{"tdm_status":"","tdm_grid_status":"","_jetpack_memberships_contains_paid_content":false,"footnotes":"","jetpack_publicize_message":"","jetpack_publicize_feature_enabled":true,"jetpack_social_post_already_shared":false,"jetpack_social_options":{"image_generator_settings":{"template":"highway","default_image_id":0,"font":"","enabled":false},"version":2}},"categories":[2],"tags":[],"class_list":{"0":"post-53424","1":"post","2":"type-post","3":"status-publish","4":"format-standard","5":"has-post-thumbnail","7":"category-locales"},"yoast_head":"<!-- This site is optimized with the Yoast SEO plugin v22.7 - https:\/\/yoast.com\/wordpress\/plugins\/seo\/ -->\n<title>Todo listo para las &quot;24 horas de la Corvina Negra&quot; en Claromec\u00f3 - 103.9 fm<\/title>\n<meta name=\"robots\" content=\"index, follow, max-snippet:-1, max-image-preview:large, max-video-preview:-1\" \/>\n<link rel=\"canonical\" href=\"https:\/\/ondauno.com.ar\/index.php\/2025\/02\/05\/todo-listo-para-las-24-horas-de-la-corvina-negra-en-claromeco\/\" \/>\n<meta property=\"og:locale\" content=\"es_ES\" \/>\n<meta property=\"og:type\" content=\"article\" \/>\n<meta property=\"og:title\" content=\"Todo listo para las &quot;24 horas de la Corvina Negra&quot; en Claromec\u00f3 - 103.9 fm\" \/>\n<meta property=\"og:description\" content=\"Foto: Gentileza RCC La organizaci\u00f3n del tradicional concurso de pesca avanza a buen ritmo en Claromec\u00f3, a pesar de las condiciones clim\u00e1ticas. &#8220;Terminaron de armar la carpa justo cuando empezaba a llover&#8221;, cont\u00f3 Horacio Pesalaccia, dirigente del Club Cazadores, en Cosas que pasan. Este a\u00f1o el evento bati\u00f3 r\u00e9cords de inscripci\u00f3n anticipada, con m\u00e1s de [&hellip;]\" \/>\n<meta property=\"og:url\" content=\"https:\/\/ondauno.com.ar\/index.php\/2025\/02\/05\/todo-listo-para-las-24-horas-de-la-corvina-negra-en-claromeco\/\" \/>\n<meta property=\"og:site_name\" content=\"103.9 fm\" \/>\n<meta property=\"article:publisher\" content=\"https:\/\/www.facebook.com\/ondauno103.9\" \/>\n<meta property=\"article:published_time\" content=\"2025-02-05T20:56:28+00:00\" \/>\n<meta property=\"article:modified_time\" content=\"2025-02-05T20:59:17+00:00\" \/>\n<meta property=\"og:image\" content=\"http:\/\/ondauno.com.ar\/wp-content\/uploads\/2025\/02\/476141462_1073457068128997_1200091033031260468_n.jpg\" \/>\n\t<meta property=\"og:image:width\" content=\"1440\" \/>\n\t<meta property=\"og:image:height\" content=\"1440\" \/>\n\t<meta property=\"og:image:type\" content=\"image\/jpeg\" \/>\n<meta name=\"author\" content=\"OndaUno\" \/>\n<meta name=\"twitter:card\" content=\"summary_large_image\" \/>\n<meta name=\"twitter:label1\" content=\"Escrito por\" \/>\n\t<meta name=\"twitter:data1\" content=\"OndaUno\" \/>\n\t<meta name=\"twitter:label2\" content=\"Tiempo de lectura\" \/>\n\t<meta name=\"twitter:data2\" content=\"1 minuto\" \/>\n<script type=\"application\/ld+json\" class=\"yoast-schema-graph\">{\"@context\":\"https:\/\/schema.org\",\"@graph\":[{\"@type\":\"WebPage\",\"@id\":\"https:\/\/ondauno.com.ar\/index.php\/2025\/02\/05\/todo-listo-para-las-24-horas-de-la-corvina-negra-en-claromeco\/\",\"url\":\"https:\/\/ondauno.com.ar\/index.php\/2025\/02\/05\/todo-listo-para-las-24-horas-de-la-corvina-negra-en-claromeco\/\",\"name\":\"Todo listo para las \\\"24 horas de la Corvina Negra\\\" en Claromec\u00f3 - 103.9 fm\",\"isPartOf\":{\"@id\":\"https:\/\/ondauno.com.ar\/#website\"},\"primaryImageOfPage\":{\"@id\":\"https:\/\/ondauno.com.ar\/index.php\/2025\/02\/05\/todo-listo-para-las-24-horas-de-la-corvina-negra-en-claromeco\/#primaryimage\"},\"image\":{\"@id\":\"https:\/\/ondauno.com.ar\/index.php\/2025\/02\/05\/todo-listo-para-las-24-horas-de-la-corvina-negra-en-claromeco\/#primaryimage\"},\"thumbnailUrl\":\"https:\/\/ondauno.com.ar\/wp-content\/uploads\/2025\/02\/476141462_1073457068128997_1200091033031260468_n.jpg\",\"datePublished\":\"2025-02-05T20:56:28+00:00\",\"dateModified\":\"2025-02-05T20:59:17+00:00\",\"author\":{\"@id\":\"https:\/\/ondauno.com.ar\/#\/schema\/person\/7ec851ddeceb4133d7d7132dc645714e\"},\"breadcrumb\":{\"@id\":\"https:\/\/ondauno.com.ar\/index.php\/2025\/02\/05\/todo-listo-para-las-24-horas-de-la-corvina-negra-en-claromeco\/#breadcrumb\"},\"inLanguage\":\"es-AR\",\"potentialAction\":[{\"@type\":\"ReadAction\",\"target\":[\"https:\/\/ondauno.com.ar\/index.php\/2025\/02\/05\/todo-listo-para-las-24-horas-de-la-corvina-negra-en-claromeco\/\"]}]},{\"@type\":\"ImageObject\",\"inLanguage\":\"es-AR\",\"@id\":\"https:\/\/ondauno.com.ar\/index.php\/2025\/02\/05\/todo-listo-para-las-24-horas-de-la-corvina-negra-en-claromeco\/#primaryimage\",\"url\":\"https:\/\/ondauno.com.ar\/wp-content\/uploads\/2025\/02\/476141462_1073457068128997_1200091033031260468_n.jpg\",\"contentUrl\":\"https:\/\/ondauno.com.ar\/wp-content\/uploads\/2025\/02\/476141462_1073457068128997_1200091033031260468_n.jpg\",\"width\":1440,\"height\":1440},{\"@type\":\"BreadcrumbList\",\"@id\":\"https:\/\/ondauno.com.ar\/index.php\/2025\/02\/05\/todo-listo-para-las-24-horas-de-la-corvina-negra-en-claromeco\/#breadcrumb\",\"itemListElement\":[{\"@type\":\"ListItem\",\"position\":1,\"name\":\"Inicio\",\"item\":\"https:\/\/ondauno.com.ar\/\"},{\"@type\":\"ListItem\",\"position\":2,\"name\":\"Todo listo para las &#8220;24 horas de la Corvina Negra&#8221; en Claromec\u00f3\"}]},{\"@type\":\"WebSite\",\"@id\":\"https:\/\/ondauno.com.ar\/#website\",\"url\":\"https:\/\/ondauno.com.ar\/\",\"name\":\"103.9 fm\",\"description\":\"LA PRIMERA RADIO MULTIMEDIA DE TRES ARROYOS\",\"potentialAction\":[{\"@type\":\"SearchAction\",\"target\":{\"@type\":\"EntryPoint\",\"urlTemplate\":\"https:\/\/ondauno.com.ar\/?s={search_term_string}\"},\"query-input\":\"required name=search_term_string\"}],\"inLanguage\":\"es-AR\"},{\"@type\":\"Person\",\"@id\":\"https:\/\/ondauno.com.ar\/#\/schema\/person\/7ec851ddeceb4133d7d7132dc645714e\",\"name\":\"OndaUno\",\"image\":{\"@type\":\"ImageObject\",\"inLanguage\":\"es-AR\",\"@id\":\"https:\/\/ondauno.com.ar\/#\/schema\/person\/image\/\",\"url\":\"https:\/\/secure.gravatar.com\/avatar\/93b8009f0de7021f1feb2bd5b32fb9e8?s=96&d=mm&r=g\",\"contentUrl\":\"https:\/\/secure.gravatar.com\/avatar\/93b8009f0de7021f1feb2bd5b32fb9e8?s=96&d=mm&r=g\",\"caption\":\"OndaUno\"},\"url\":\"https:\/\/ondauno.com.ar\/index.php\/author\/ondauno\/\"}]}<\/script>\n<!-- \/ Yoast SEO plugin. -->","yoast_head_json":{"title":"Todo listo para las \"24 horas de la Corvina Negra\" en Claromec\u00f3 - 103.9 fm","robots":{"index":"index","follow":"follow","max-snippet":"max-snippet:-1","max-image-preview":"max-image-preview:large","max-video-preview":"max-video-preview:-1"},"canonical":"https:\/\/ondauno.com.ar\/index.php\/2025\/02\/05\/todo-listo-para-las-24-horas-de-la-corvina-negra-en-claromeco\/","og_locale":"es_ES","og_type":"article","og_title":"Todo listo para las \"24 horas de la Corvina Negra\" en Claromec\u00f3 - 103.9 fm","og_description":"Foto: Gentileza RCC La organizaci\u00f3n del tradicional concurso de pesca avanza a buen ritmo en Claromec\u00f3, a pesar de las condiciones clim\u00e1ticas. &#8220;Terminaron de armar la carpa justo cuando empezaba a llover&#8221;, cont\u00f3 Horacio Pesalaccia, dirigente del Club Cazadores, en Cosas que pasan. Este a\u00f1o el evento bati\u00f3 r\u00e9cords de inscripci\u00f3n anticipada, con m\u00e1s de [&hellip;]","og_url":"https:\/\/ondauno.com.ar\/index.php\/2025\/02\/05\/todo-listo-para-las-24-horas-de-la-corvina-negra-en-claromeco\/","og_site_name":"103.9 fm","article_publisher":"https:\/\/www.facebook.com\/ondauno103.9","article_published_time":"2025-02-05T20:56:28+00:00","article_modified_time":"2025-02-05T20:59:17+00:00","og_image":[{"width":1440,"height":1440,"url":"http:\/\/ondauno.com.ar\/wp-content\/uploads\/2025\/02\/476141462_1073457068128997_1200091033031260468_n.jpg","type":"image\/jpeg"}],"author":"OndaUno","twitter_card":"summary_large_image","twitter_misc":{"Escrito por":"OndaUno","Tiempo de lectura":"1 minuto"},"schema":{"@context":"https:\/\/schema.org","@graph":[{"@type":"WebPage","@id":"https:\/\/ondauno.com.ar\/index.php\/2025\/02\/05\/todo-listo-para-las-24-horas-de-la-corvina-negra-en-claromeco\/","url":"https:\/\/ondauno.com.ar\/index.php\/2025\/02\/05\/todo-listo-para-las-24-horas-de-la-corvina-negra-en-claromeco\/","name":"Todo listo para las \"24 horas de la Corvina Negra\" en Claromec\u00f3 - 103.9 fm","isPartOf":{"@id":"https:\/\/ondauno.com.ar\/#website"},"primaryImageOfPage":{"@id":"https:\/\/ondauno.com.ar\/index.php\/2025\/02\/05\/todo-listo-para-las-24-horas-de-la-corvina-negra-en-claromeco\/#primaryimage"},"image":{"@id":"https:\/\/ondauno.com.ar\/index.php\/2025\/02\/05\/todo-listo-para-las-24-horas-de-la-corvina-negra-en-claromeco\/#primaryimage"},"thumbnailUrl":"https:\/\/ondauno.com.ar\/wp-content\/uploads\/2025\/02\/476141462_1073457068128997_1200091033031260468_n.jpg","datePublished":"2025-02-05T20:56:28+00:00","dateModified":"2025-02-05T20:59:17+00:00","author":{"@id":"https:\/\/ondauno.com.ar\/#\/schema\/person\/7ec851ddeceb4133d7d7132dc645714e"},"breadcrumb":{"@id":"https:\/\/ondauno.com.ar\/index.php\/2025\/02\/05\/todo-listo-para-las-24-horas-de-la-corvina-negra-en-claromeco\/#breadcrumb"},"inLanguage":"es-AR","potentialAction":[{"@type":"ReadAction","target":["https:\/\/ondauno.com.ar\/index.php\/2025\/02\/05\/todo-listo-para-las-24-horas-de-la-corvina-negra-en-claromeco\/"]}]},{"@type":"ImageObject","inLanguage":"es-AR","@id":"https:\/\/ondauno.com.ar\/index.php\/2025\/02\/05\/todo-listo-para-las-24-horas-de-la-corvina-negra-en-claromeco\/#primaryimage","url":"https:\/\/ondauno.com.ar\/wp-content\/uploads\/2025\/02\/476141462_1073457068128997_1200091033031260468_n.jpg","contentUrl":"https:\/\/ondauno.com.ar\/wp-content\/uploads\/2025\/02\/476141462_1073457068128997_1200091033031260468_n.jpg","width":1440,"height":1440},{"@type":"BreadcrumbList","@id":"https:\/\/ondauno.com.ar\/index.php\/2025\/02\/05\/todo-listo-para-las-24-horas-de-la-corvina-negra-en-claromeco\/#breadcrumb","itemListElement":[{"@type":"ListItem","position":1,"name":"Inicio","item":"https:\/\/ondauno.com.ar\/"},{"@type":"ListItem","position":2,"name":"Todo listo para las &#8220;24 horas de la Corvina Negra&#8221; en Claromec\u00f3"}]},{"@type":"WebSite","@id":"https:\/\/ondauno.com.ar\/#website","url":"https:\/\/ondauno.com.ar\/","name":"103.9 fm","description":"LA PRIMERA RADIO MULTIMEDIA DE TRES ARROYOS","potentialAction":[{"@type":"SearchAction","target":{"@type":"EntryPoint","urlTemplate":"https:\/\/ondauno.com.ar\/?s={search_term_string}"},"query-input":"required name=search_term_string"}],"inLanguage":"es-AR"},{"@type":"Person","@id":"https:\/\/ondauno.com.ar\/#\/schema\/person\/7ec851ddeceb4133d7d7132dc645714e","name":"OndaUno","image":{"@type":"ImageObject","inLanguage":"es-AR","@id":"https:\/\/ondauno.com.ar\/#\/schema\/person\/image\/","url":"https:\/\/secure.gravatar.com\/avatar\/93b8009f0de7021f1feb2bd5b32fb9e8?s=96&d=mm&r=g","contentUrl":"https:\/\/secure.gravatar.com\/avatar\/93b8009f0de7021f1feb2bd5b32fb9e8?s=96&d=mm&r=g","caption":"OndaUno"},"url":"https:\/\/ondauno.com.ar\/index.php\/author\/ondauno\/"}]}},"jetpack_publicize_connections":[],"jetpack_featured_media_url":"https:\/\/ondauno.com.ar\/wp-content\/uploads\/2025\/02\/476141462_1073457068128997_1200091033031260468_n.jpg","jetpack_sharing_enabled":true,"_links":{"self":[{"href":"https:\/\/ondauno.com.ar\/index.php\/wp-json\/wp\/v2\/posts\/53424","targetHints":{"allow":["GET"]}}],"collection":[{"href":"https:\/\/ondauno.com.ar\/index.php\/wp-json\/wp\/v2\/posts"}],"about":[{"href":"https:\/\/ondauno.com.ar\/index.php\/wp-json\/wp\/v2\/types\/post"}],"author":[{"embeddable":true,"href":"https:\/\/ondauno.com.ar\/index.php\/wp-json\/wp\/v2\/users\/1"}],"replies":[{"embeddable":true,"href":"https:\/\/ondauno.com.ar\/index.php\/wp-json\/wp\/v2\/comments?post=53424"}],"version-history":[{"count":2,"href":"https:\/\/ondauno.com.ar\/index.php\/wp-json\/wp\/v2\/posts\/53424\/revisions"}],"predecessor-version":[{"id":53427,"href":"https:\/\/ondauno.com.ar\/index.php\/wp-json\/wp\/v2\/posts\/53424\/revisions\/53427"}],"wp:featuredmedia":[{"embeddable":true,"href":"https:\/\/ondauno.com.ar\/index.php\/wp-json\/wp\/v2\/media\/53425"}],"wp:attachment":[{"href":"https:\/\/ondauno.com.ar\/index.php\/wp-json\/wp\/v2\/media?parent=53424"}],"wp:term":[{"taxonomy":"category","embeddable":true,"href":"https:\/\/ondauno.com.ar\/index.php\/wp-json\/wp\/v2\/categories?post=53424"},{"taxonomy":"post_tag","embeddable":true,"href":"https:\/\/ondauno.com.ar\/index.php\/wp-json\/wp\/v2\/tags?post=53424"}],"curies":[{"name":"wp","href":"https:\/\/api.w.org\/{rel}","templated":true}]}}