{"id":53347,"date":"2025-02-03T11:34:49","date_gmt":"2025-02-03T14:34:49","guid":{"rendered":"https:\/\/ondauno.com.ar\/?p=53347"},"modified":"2025-02-03T11:34:51","modified_gmt":"2025-02-03T14:34:51","slug":"las-comisiones-del-hcd-iniciaron-su-actividad-con-la-reunion-de-hacienda-y-produccion","status":"publish","type":"post","link":"https:\/\/ondauno.com.ar\/index.php\/2025\/02\/03\/las-comisiones-del-hcd-iniciaron-su-actividad-con-la-reunion-de-hacienda-y-produccion\/","title":{"rendered":"Las comisiones del HCD iniciaron su actividad con la reuni\u00f3n de Hacienda y Producci\u00f3n"},"content":{"rendered":"<div class=\"ondau-before-content_3\" style=\"margin-top: -30px;\" id=\"ondau-2104833110\"><a href=\"https:\/\/www.lps.com.ar\/\" aria-label=\"la-perse2\"><img loading=\"lazy\" decoding=\"async\" src=\"https:\/\/ondauno.com.ar\/wp-content\/uploads\/2021\/10\/la-perse2.jpg\" alt=\"\"  srcset=\"https:\/\/ondauno.com.ar\/wp-content\/uploads\/2021\/10\/la-perse2.jpg 1353w, https:\/\/ondauno.com.ar\/wp-content\/uploads\/2021\/10\/la-perse2-300x43.jpg 300w, https:\/\/ondauno.com.ar\/wp-content\/uploads\/2021\/10\/la-perse2-1024x148.jpg 1024w, https:\/\/ondauno.com.ar\/wp-content\/uploads\/2021\/10\/la-perse2-768x111.jpg 768w, https:\/\/ondauno.com.ar\/wp-content\/uploads\/2021\/10\/la-perse2-696x100.jpg 696w, https:\/\/ondauno.com.ar\/wp-content\/uploads\/2021\/10\/la-perse2-1068x154.jpg 1068w\" sizes=\"(max-width: 1353px) 100vw, 1353px\" class=\"no-lazyload\" width=\"1353\" height=\"195\"  style=\"display: inline-block;\" \/><\/a><\/div>\n<p>Esta ma\u00f1ana se pusieron en marcha las Comisiones del Honorable Concejo Deliberante de Tres Arroyos con la primera reuni\u00f3n ordinaria del a\u00f1o de la Comisi\u00f3n de Hacienda y Producci\u00f3n. <\/p>\n\n\n\n<p>Continuando con la presidencia de Alejandro Barrag\u00e1n, en este primer encuentro se realiz\u00f3 un repaso por los expedientes del orden del d\u00eda, analizando el estado de situaci\u00f3n de cada uno y estudiando los avances de los temas. <\/p>\n\n\n\n<p>De acuerdo a lo dispuesto por los presidentes de los bloques en una reuni\u00f3n llevada a cabo la semana pasada, las comisiones internas del HCD este 2025 seguir\u00e1n reuni\u00e9ndose a las 9 de la ma\u00f1ana, en los mismos d\u00edas. As\u00ed, ma\u00f1ana martes se volver\u00e1 a encontrar la Comisi\u00f3n de Turismo, Cultura y Deportes, y el mi\u00e9rcoles de esta semana lo har\u00e1 la Comisi\u00f3n de Legislaci\u00f3n, Interpretaci\u00f3n y Acuerdos. <\/p>\n\n\n\n<p>El cronograma para todo el 2025 contin\u00faa de la siguiente manera: <\/p>\n\n\n\n<figure class=\"wp-block-image size-large\"><img loading=\"lazy\" decoding=\"async\" width=\"1024\" height=\"598\" data-src=\"https:\/\/ondauno.com.ar\/wp-content\/uploads\/2025\/02\/WhatsApp-Image-2025-02-03-at-10.43.15-1024x598.jpeg\" alt=\"\" class=\"wp-image-53349 lazyload\" data-srcset=\"https:\/\/ondauno.com.ar\/wp-content\/uploads\/2025\/02\/WhatsApp-Image-2025-02-03-at-10.43.15-1024x598.jpeg 1024w, https:\/\/ondauno.com.ar\/wp-content\/uploads\/2025\/02\/WhatsApp-Image-2025-02-03-at-10.43.15-300x175.jpeg 300w, https:\/\/ondauno.com.ar\/wp-content\/uploads\/2025\/02\/WhatsApp-Image-2025-02-03-at-10.43.15-768x448.jpeg 768w, https:\/\/ondauno.com.ar\/wp-content\/uploads\/2025\/02\/WhatsApp-Image-2025-02-03-at-10.43.15-1536x897.jpeg 1536w, https:\/\/ondauno.com.ar\/wp-content\/uploads\/2025\/02\/WhatsApp-Image-2025-02-03-at-10.43.15-2048x1196.jpeg 2048w, https:\/\/ondauno.com.ar\/wp-content\/uploads\/2025\/02\/WhatsApp-Image-2025-02-03-at-10.43.15-719x420.jpeg 719w, https:\/\/ondauno.com.ar\/wp-content\/uploads\/2025\/02\/WhatsApp-Image-2025-02-03-at-10.43.15-696x406.jpeg 696w, https:\/\/ondauno.com.ar\/wp-content\/uploads\/2025\/02\/WhatsApp-Image-2025-02-03-at-10.43.15-1068x624.jpeg 1068w, https:\/\/ondauno.com.ar\/wp-content\/uploads\/2025\/02\/WhatsApp-Image-2025-02-03-at-10.43.15-1920x1121.jpeg 1920w\" data-sizes=\"auto, (max-width: 1024px) 100vw, 1024px\" src=\"data:image\/gif;base64,R0lGODlhAQABAAAAACH5BAEKAAEALAAAAAABAAEAAAICTAEAOw==\" style=\"--smush-placeholder-width: 1024px; --smush-placeholder-aspect-ratio: 1024\/598;\" \/><noscript><img loading=\"lazy\" decoding=\"async\" width=\"1024\" height=\"598\" src=\"https:\/\/ondauno.com.ar\/wp-content\/uploads\/2025\/02\/WhatsApp-Image-2025-02-03-at-10.43.15-1024x598.jpeg\" alt=\"\" class=\"wp-image-53349\" srcset=\"https:\/\/ondauno.com.ar\/wp-content\/uploads\/2025\/02\/WhatsApp-Image-2025-02-03-at-10.43.15-1024x598.jpeg 1024w, https:\/\/ondauno.com.ar\/wp-content\/uploads\/2025\/02\/WhatsApp-Image-2025-02-03-at-10.43.15-300x175.jpeg 300w, https:\/\/ondauno.com.ar\/wp-content\/uploads\/2025\/02\/WhatsApp-Image-2025-02-03-at-10.43.15-768x448.jpeg 768w, https:\/\/ondauno.com.ar\/wp-content\/uploads\/2025\/02\/WhatsApp-Image-2025-02-03-at-10.43.15-1536x897.jpeg 1536w, https:\/\/ondauno.com.ar\/wp-content\/uploads\/2025\/02\/WhatsApp-Image-2025-02-03-at-10.43.15-2048x1196.jpeg 2048w, https:\/\/ondauno.com.ar\/wp-content\/uploads\/2025\/02\/WhatsApp-Image-2025-02-03-at-10.43.15-719x420.jpeg 719w, https:\/\/ondauno.com.ar\/wp-content\/uploads\/2025\/02\/WhatsApp-Image-2025-02-03-at-10.43.15-696x406.jpeg 696w, https:\/\/ondauno.com.ar\/wp-content\/uploads\/2025\/02\/WhatsApp-Image-2025-02-03-at-10.43.15-1068x624.jpeg 1068w, https:\/\/ondauno.com.ar\/wp-content\/uploads\/2025\/02\/WhatsApp-Image-2025-02-03-at-10.43.15-1920x1121.jpeg 1920w\" sizes=\"auto, (max-width: 1024px) 100vw, 1024px\" \/><\/noscript><\/figure>\n\n\n\n<p>\u27a1\ufe0fCOMISI\u00d3N HACIENDA Y PRODUCCI\u00d3N: todos los lunes, 9 horas<br>\u27a1\ufe0fCOMISI\u00d3N DE TURISMO, CULTURA Y DEPORTES: 1\u00b0 y 3\u00b0 martes de cada mes, 9 horas<br>\u27a1\ufe0fCOMISION DE LEGISLACION Y ACUERDOS: 1\u00b0 y 3\u00b0 mi\u00e9rcoles de cada mes, 9 horas<br>\u27a1\ufe0fCOMISI\u00d3N DE DERECHOS DE LA FAMILIA: 2\u00b0 y 4\u00b0 martes de cada mes, 9 horas<br>\u27a1\ufe0fCOMISI\u00d3N DE OBRAS P\u00daBLICAS Y SEGURIDAD: 2\u00b0 y 4\u00b0 mi\u00e9rcoles de cada mes, 9 horas<br>\u27a1\ufe0fCOMISI\u00d3N DE ACCI\u00d3N SOCIAL Y MEDIO AMBIENTE: 2\u00b0 y 4\u00b0 jueves de cada mes, 9 horas<\/p>\n","protected":false},"excerpt":{"rendered":"<p>Esta ma\u00f1ana se pusieron en marcha las Comisiones del Honorable Concejo Deliberante de Tres Arroyos con la primera reuni\u00f3n ordinaria del a\u00f1o de la Comisi\u00f3n de Hacienda y Producci\u00f3n. Continuando con la presidencia de Alejandro Barrag\u00e1n, en este primer encuentro se realiz\u00f3 un repaso por los expedientes del orden del d\u00eda, analizando el estado de [&hellip;]<\/p>\n","protected":false},"author":1,"featured_media":53348,"comment_status":"open","ping_status":"open","sticky":false,"template":"","format":"standard","meta":{"tdm_status":"","tdm_grid_status":"","_jetpack_memberships_contains_paid_content":false,"footnotes":"","jetpack_publicize_message":"","jetpack_publicize_feature_enabled":true,"jetpack_social_post_already_shared":false,"jetpack_social_options":{"image_generator_settings":{"template":"highway","default_image_id":0,"font":"","enabled":false},"version":2}},"categories":[2],"tags":[],"class_list":{"0":"post-53347","1":"post","2":"type-post","3":"status-publish","4":"format-standard","5":"has-post-thumbnail","7":"category-locales"},"yoast_head":"<!-- This site is optimized with the Yoast SEO plugin v22.7 - https:\/\/yoast.com\/wordpress\/plugins\/seo\/ -->\n<title>Las comisiones del HCD iniciaron su actividad con la reuni\u00f3n de Hacienda y Producci\u00f3n - 103.9 fm<\/title>\n<meta name=\"robots\" content=\"index, follow, max-snippet:-1, max-image-preview:large, max-video-preview:-1\" \/>\n<link rel=\"canonical\" href=\"https:\/\/ondauno.com.ar\/index.php\/2025\/02\/03\/las-comisiones-del-hcd-iniciaron-su-actividad-con-la-reunion-de-hacienda-y-produccion\/\" \/>\n<meta property=\"og:locale\" content=\"es_ES\" \/>\n<meta property=\"og:type\" content=\"article\" \/>\n<meta property=\"og:title\" content=\"Las comisiones del HCD iniciaron su actividad con la reuni\u00f3n de Hacienda y Producci\u00f3n - 103.9 fm\" \/>\n<meta property=\"og:description\" content=\"Esta ma\u00f1ana se pusieron en marcha las Comisiones del Honorable Concejo Deliberante de Tres Arroyos con la primera reuni\u00f3n ordinaria del a\u00f1o de la Comisi\u00f3n de Hacienda y Producci\u00f3n. Continuando con la presidencia de Alejandro Barrag\u00e1n, en este primer encuentro se realiz\u00f3 un repaso por los expedientes del orden del d\u00eda, analizando el estado de [&hellip;]\" \/>\n<meta property=\"og:url\" content=\"https:\/\/ondauno.com.ar\/index.php\/2025\/02\/03\/las-comisiones-del-hcd-iniciaron-su-actividad-con-la-reunion-de-hacienda-y-produccion\/\" \/>\n<meta property=\"og:site_name\" content=\"103.9 fm\" \/>\n<meta property=\"article:publisher\" content=\"https:\/\/www.facebook.com\/ondauno103.9\" \/>\n<meta property=\"article:published_time\" content=\"2025-02-03T14:34:49+00:00\" \/>\n<meta property=\"article:modified_time\" content=\"2025-02-03T14:34:51+00:00\" \/>\n<meta property=\"og:image\" content=\"http:\/\/ondauno.com.ar\/wp-content\/uploads\/2025\/02\/WhatsApp-Image-2025-02-03-at-10.43.15-1-scaled.jpeg\" \/>\n\t<meta property=\"og:image:width\" content=\"2560\" \/>\n\t<meta property=\"og:image:height\" content=\"1608\" \/>\n\t<meta property=\"og:image:type\" content=\"image\/jpeg\" \/>\n<meta name=\"author\" content=\"OndaUno\" \/>\n<meta name=\"twitter:card\" content=\"summary_large_image\" \/>\n<meta name=\"twitter:label1\" content=\"Escrito por\" \/>\n\t<meta name=\"twitter:data1\" content=\"OndaUno\" \/>\n\t<meta name=\"twitter:label2\" content=\"Tiempo de lectura\" \/>\n\t<meta name=\"twitter:data2\" content=\"2 minutos\" \/>\n<script type=\"application\/ld+json\" class=\"yoast-schema-graph\">{\"@context\":\"https:\/\/schema.org\",\"@graph\":[{\"@type\":\"WebPage\",\"@id\":\"https:\/\/ondauno.com.ar\/index.php\/2025\/02\/03\/las-comisiones-del-hcd-iniciaron-su-actividad-con-la-reunion-de-hacienda-y-produccion\/\",\"url\":\"https:\/\/ondauno.com.ar\/index.php\/2025\/02\/03\/las-comisiones-del-hcd-iniciaron-su-actividad-con-la-reunion-de-hacienda-y-produccion\/\",\"name\":\"Las comisiones del HCD iniciaron su actividad con la reuni\u00f3n de Hacienda y Producci\u00f3n - 103.9 fm\",\"isPartOf\":{\"@id\":\"https:\/\/ondauno.com.ar\/#website\"},\"primaryImageOfPage\":{\"@id\":\"https:\/\/ondauno.com.ar\/index.php\/2025\/02\/03\/las-comisiones-del-hcd-iniciaron-su-actividad-con-la-reunion-de-hacienda-y-produccion\/#primaryimage\"},\"image\":{\"@id\":\"https:\/\/ondauno.com.ar\/index.php\/2025\/02\/03\/las-comisiones-del-hcd-iniciaron-su-actividad-con-la-reunion-de-hacienda-y-produccion\/#primaryimage\"},\"thumbnailUrl\":\"https:\/\/ondauno.com.ar\/wp-content\/uploads\/2025\/02\/WhatsApp-Image-2025-02-03-at-10.43.15-1-scaled.jpeg\",\"datePublished\":\"2025-02-03T14:34:49+00:00\",\"dateModified\":\"2025-02-03T14:34:51+00:00\",\"author\":{\"@id\":\"https:\/\/ondauno.com.ar\/#\/schema\/person\/7ec851ddeceb4133d7d7132dc645714e\"},\"breadcrumb\":{\"@id\":\"https:\/\/ondauno.com.ar\/index.php\/2025\/02\/03\/las-comisiones-del-hcd-iniciaron-su-actividad-con-la-reunion-de-hacienda-y-produccion\/#breadcrumb\"},\"inLanguage\":\"es-AR\",\"potentialAction\":[{\"@type\":\"ReadAction\",\"target\":[\"https:\/\/ondauno.com.ar\/index.php\/2025\/02\/03\/las-comisiones-del-hcd-iniciaron-su-actividad-con-la-reunion-de-hacienda-y-produccion\/\"]}]},{\"@type\":\"ImageObject\",\"inLanguage\":\"es-AR\",\"@id\":\"https:\/\/ondauno.com.ar\/index.php\/2025\/02\/03\/las-comisiones-del-hcd-iniciaron-su-actividad-con-la-reunion-de-hacienda-y-produccion\/#primaryimage\",\"url\":\"https:\/\/ondauno.com.ar\/wp-content\/uploads\/2025\/02\/WhatsApp-Image-2025-02-03-at-10.43.15-1-scaled.jpeg\",\"contentUrl\":\"https:\/\/ondauno.com.ar\/wp-content\/uploads\/2025\/02\/WhatsApp-Image-2025-02-03-at-10.43.15-1-scaled.jpeg\",\"width\":2560,\"height\":1608},{\"@type\":\"BreadcrumbList\",\"@id\":\"https:\/\/ondauno.com.ar\/index.php\/2025\/02\/03\/las-comisiones-del-hcd-iniciaron-su-actividad-con-la-reunion-de-hacienda-y-produccion\/#breadcrumb\",\"itemListElement\":[{\"@type\":\"ListItem\",\"position\":1,\"name\":\"Inicio\",\"item\":\"https:\/\/ondauno.com.ar\/\"},{\"@type\":\"ListItem\",\"position\":2,\"name\":\"Las comisiones del HCD iniciaron su actividad con la reuni\u00f3n de Hacienda y Producci\u00f3n\"}]},{\"@type\":\"WebSite\",\"@id\":\"https:\/\/ondauno.com.ar\/#website\",\"url\":\"https:\/\/ondauno.com.ar\/\",\"name\":\"103.9 fm\",\"description\":\"LA PRIMERA RADIO MULTIMEDIA DE TRES ARROYOS\",\"potentialAction\":[{\"@type\":\"SearchAction\",\"target\":{\"@type\":\"EntryPoint\",\"urlTemplate\":\"https:\/\/ondauno.com.ar\/?s={search_term_string}\"},\"query-input\":\"required name=search_term_string\"}],\"inLanguage\":\"es-AR\"},{\"@type\":\"Person\",\"@id\":\"https:\/\/ondauno.com.ar\/#\/schema\/person\/7ec851ddeceb4133d7d7132dc645714e\",\"name\":\"OndaUno\",\"image\":{\"@type\":\"ImageObject\",\"inLanguage\":\"es-AR\",\"@id\":\"https:\/\/ondauno.com.ar\/#\/schema\/person\/image\/\",\"url\":\"https:\/\/secure.gravatar.com\/avatar\/93b8009f0de7021f1feb2bd5b32fb9e8?s=96&d=mm&r=g\",\"contentUrl\":\"https:\/\/secure.gravatar.com\/avatar\/93b8009f0de7021f1feb2bd5b32fb9e8?s=96&d=mm&r=g\",\"caption\":\"OndaUno\"},\"url\":\"https:\/\/ondauno.com.ar\/index.php\/author\/ondauno\/\"}]}<\/script>\n<!-- \/ Yoast SEO plugin. -->","yoast_head_json":{"title":"Las comisiones del HCD iniciaron su actividad con la reuni\u00f3n de Hacienda y Producci\u00f3n - 103.9 fm","robots":{"index":"index","follow":"follow","max-snippet":"max-snippet:-1","max-image-preview":"max-image-preview:large","max-video-preview":"max-video-preview:-1"},"canonical":"https:\/\/ondauno.com.ar\/index.php\/2025\/02\/03\/las-comisiones-del-hcd-iniciaron-su-actividad-con-la-reunion-de-hacienda-y-produccion\/","og_locale":"es_ES","og_type":"article","og_title":"Las comisiones del HCD iniciaron su actividad con la reuni\u00f3n de Hacienda y Producci\u00f3n - 103.9 fm","og_description":"Esta ma\u00f1ana se pusieron en marcha las Comisiones del Honorable Concejo Deliberante de Tres Arroyos con la primera reuni\u00f3n ordinaria del a\u00f1o de la Comisi\u00f3n de Hacienda y Producci\u00f3n. Continuando con la presidencia de Alejandro Barrag\u00e1n, en este primer encuentro se realiz\u00f3 un repaso por los expedientes del orden del d\u00eda, analizando el estado de [&hellip;]","og_url":"https:\/\/ondauno.com.ar\/index.php\/2025\/02\/03\/las-comisiones-del-hcd-iniciaron-su-actividad-con-la-reunion-de-hacienda-y-produccion\/","og_site_name":"103.9 fm","article_publisher":"https:\/\/www.facebook.com\/ondauno103.9","article_published_time":"2025-02-03T14:34:49+00:00","article_modified_time":"2025-02-03T14:34:51+00:00","og_image":[{"width":2560,"height":1608,"url":"http:\/\/ondauno.com.ar\/wp-content\/uploads\/2025\/02\/WhatsApp-Image-2025-02-03-at-10.43.15-1-scaled.jpeg","type":"image\/jpeg"}],"author":"OndaUno","twitter_card":"summary_large_image","twitter_misc":{"Escrito por":"OndaUno","Tiempo de lectura":"2 minutos"},"schema":{"@context":"https:\/\/schema.org","@graph":[{"@type":"WebPage","@id":"https:\/\/ondauno.com.ar\/index.php\/2025\/02\/03\/las-comisiones-del-hcd-iniciaron-su-actividad-con-la-reunion-de-hacienda-y-produccion\/","url":"https:\/\/ondauno.com.ar\/index.php\/2025\/02\/03\/las-comisiones-del-hcd-iniciaron-su-actividad-con-la-reunion-de-hacienda-y-produccion\/","name":"Las comisiones del HCD iniciaron su actividad con la reuni\u00f3n de Hacienda y Producci\u00f3n - 103.9 fm","isPartOf":{"@id":"https:\/\/ondauno.com.ar\/#website"},"primaryImageOfPage":{"@id":"https:\/\/ondauno.com.ar\/index.php\/2025\/02\/03\/las-comisiones-del-hcd-iniciaron-su-actividad-con-la-reunion-de-hacienda-y-produccion\/#primaryimage"},"image":{"@id":"https:\/\/ondauno.com.ar\/index.php\/2025\/02\/03\/las-comisiones-del-hcd-iniciaron-su-actividad-con-la-reunion-de-hacienda-y-produccion\/#primaryimage"},"thumbnailUrl":"https:\/\/ondauno.com.ar\/wp-content\/uploads\/2025\/02\/WhatsApp-Image-2025-02-03-at-10.43.15-1-scaled.jpeg","datePublished":"2025-02-03T14:34:49+00:00","dateModified":"2025-02-03T14:34:51+00:00","author":{"@id":"https:\/\/ondauno.com.ar\/#\/schema\/person\/7ec851ddeceb4133d7d7132dc645714e"},"breadcrumb":{"@id":"https:\/\/ondauno.com.ar\/index.php\/2025\/02\/03\/las-comisiones-del-hcd-iniciaron-su-actividad-con-la-reunion-de-hacienda-y-produccion\/#breadcrumb"},"inLanguage":"es-AR","potentialAction":[{"@type":"ReadAction","target":["https:\/\/ondauno.com.ar\/index.php\/2025\/02\/03\/las-comisiones-del-hcd-iniciaron-su-actividad-con-la-reunion-de-hacienda-y-produccion\/"]}]},{"@type":"ImageObject","inLanguage":"es-AR","@id":"https:\/\/ondauno.com.ar\/index.php\/2025\/02\/03\/las-comisiones-del-hcd-iniciaron-su-actividad-con-la-reunion-de-hacienda-y-produccion\/#primaryimage","url":"https:\/\/ondauno.com.ar\/wp-content\/uploads\/2025\/02\/WhatsApp-Image-2025-02-03-at-10.43.15-1-scaled.jpeg","contentUrl":"https:\/\/ondauno.com.ar\/wp-content\/uploads\/2025\/02\/WhatsApp-Image-2025-02-03-at-10.43.15-1-scaled.jpeg","width":2560,"height":1608},{"@type":"BreadcrumbList","@id":"https:\/\/ondauno.com.ar\/index.php\/2025\/02\/03\/las-comisiones-del-hcd-iniciaron-su-actividad-con-la-reunion-de-hacienda-y-produccion\/#breadcrumb","itemListElement":[{"@type":"ListItem","position":1,"name":"Inicio","item":"https:\/\/ondauno.com.ar\/"},{"@type":"ListItem","position":2,"name":"Las comisiones del HCD iniciaron su actividad con la reuni\u00f3n de Hacienda y Producci\u00f3n"}]},{"@type":"WebSite","@id":"https:\/\/ondauno.com.ar\/#website","url":"https:\/\/ondauno.com.ar\/","name":"103.9 fm","description":"LA PRIMERA RADIO MULTIMEDIA DE TRES ARROYOS","potentialAction":[{"@type":"SearchAction","target":{"@type":"EntryPoint","urlTemplate":"https:\/\/ondauno.com.ar\/?s={search_term_string}"},"query-input":"required name=search_term_string"}],"inLanguage":"es-AR"},{"@type":"Person","@id":"https:\/\/ondauno.com.ar\/#\/schema\/person\/7ec851ddeceb4133d7d7132dc645714e","name":"OndaUno","image":{"@type":"ImageObject","inLanguage":"es-AR","@id":"https:\/\/ondauno.com.ar\/#\/schema\/person\/image\/","url":"https:\/\/secure.gravatar.com\/avatar\/93b8009f0de7021f1feb2bd5b32fb9e8?s=96&d=mm&r=g","contentUrl":"https:\/\/secure.gravatar.com\/avatar\/93b8009f0de7021f1feb2bd5b32fb9e8?s=96&d=mm&r=g","caption":"OndaUno"},"url":"https:\/\/ondauno.com.ar\/index.php\/author\/ondauno\/"}]}},"jetpack_publicize_connections":[],"jetpack_featured_media_url":"https:\/\/ondauno.com.ar\/wp-content\/uploads\/2025\/02\/WhatsApp-Image-2025-02-03-at-10.43.15-1-scaled.jpeg","jetpack_sharing_enabled":true,"_links":{"self":[{"href":"https:\/\/ondauno.com.ar\/index.php\/wp-json\/wp\/v2\/posts\/53347","targetHints":{"allow":["GET"]}}],"collection":[{"href":"https:\/\/ondauno.com.ar\/index.php\/wp-json\/wp\/v2\/posts"}],"about":[{"href":"https:\/\/ondauno.com.ar\/index.php\/wp-json\/wp\/v2\/types\/post"}],"author":[{"embeddable":true,"href":"https:\/\/ondauno.com.ar\/index.php\/wp-json\/wp\/v2\/users\/1"}],"replies":[{"embeddable":true,"href":"https:\/\/ondauno.com.ar\/index.php\/wp-json\/wp\/v2\/comments?post=53347"}],"version-history":[{"count":1,"href":"https:\/\/ondauno.com.ar\/index.php\/wp-json\/wp\/v2\/posts\/53347\/revisions"}],"predecessor-version":[{"id":53350,"href":"https:\/\/ondauno.com.ar\/index.php\/wp-json\/wp\/v2\/posts\/53347\/revisions\/53350"}],"wp:featuredmedia":[{"embeddable":true,"href":"https:\/\/ondauno.com.ar\/index.php\/wp-json\/wp\/v2\/media\/53348"}],"wp:attachment":[{"href":"https:\/\/ondauno.com.ar\/index.php\/wp-json\/wp\/v2\/media?parent=53347"}],"wp:term":[{"taxonomy":"category","embeddable":true,"href":"https:\/\/ondauno.com.ar\/index.php\/wp-json\/wp\/v2\/categories?post=53347"},{"taxonomy":"post_tag","embeddable":true,"href":"https:\/\/ondauno.com.ar\/index.php\/wp-json\/wp\/v2\/tags?post=53347"}],"curies":[{"name":"wp","href":"https:\/\/api.w.org\/{rel}","templated":true}]}}