{"id":53126,"date":"2025-01-19T21:40:58","date_gmt":"2025-01-20T00:40:58","guid":{"rendered":"https:\/\/ondauno.com.ar\/?p=53126"},"modified":"2025-01-19T21:41:00","modified_gmt":"2025-01-20T00:41:00","slug":"violento-enfrentamiento-en-av-libertad-acceso-al-parque-cabanas-video","status":"publish","type":"post","link":"https:\/\/ondauno.com.ar\/index.php\/2025\/01\/19\/violento-enfrentamiento-en-av-libertad-acceso-al-parque-cabanas-video\/","title":{"rendered":"Violento enfrentamiento en Av. Libertad, acceso al parque Caba\u00f1as (video)"},"content":{"rendered":"<div class=\"ondau-before-content_3\" style=\"margin-top: -30px;\" id=\"ondau-296804001\"><a href=\"https:\/\/www.lps.com.ar\/\" aria-label=\"la-perse2\"><img loading=\"lazy\" decoding=\"async\" src=\"https:\/\/ondauno.com.ar\/wp-content\/uploads\/2021\/10\/la-perse2.jpg\" alt=\"\"  srcset=\"https:\/\/ondauno.com.ar\/wp-content\/uploads\/2021\/10\/la-perse2.jpg 1353w, https:\/\/ondauno.com.ar\/wp-content\/uploads\/2021\/10\/la-perse2-300x43.jpg 300w, https:\/\/ondauno.com.ar\/wp-content\/uploads\/2021\/10\/la-perse2-1024x148.jpg 1024w, https:\/\/ondauno.com.ar\/wp-content\/uploads\/2021\/10\/la-perse2-768x111.jpg 768w, https:\/\/ondauno.com.ar\/wp-content\/uploads\/2021\/10\/la-perse2-696x100.jpg 696w, https:\/\/ondauno.com.ar\/wp-content\/uploads\/2021\/10\/la-perse2-1068x154.jpg 1068w\" sizes=\"(max-width: 1353px) 100vw, 1353px\" class=\"no-lazyload\" width=\"1353\" height=\"195\"  style=\"display: inline-block;\" \/><\/a><\/div>\n<p>En la tarde del domingo, se registr\u00f3 un violento enfrentamiento en la avenida Libertad, en el acceso al parque Caba\u00f1as. Seg\u00fan testigos, el conflicto se origin\u00f3 cuando el conductor de una camioneta Ford F-100 embisti\u00f3 a un autom\u00f3vil Volkswagen Bora, lo que desat\u00f3 una reacci\u00f3n agresiva por parte de un numeroso grupo de motociclistas.<\/p>\n\n\n\n<p>De acuerdo con las versiones recabadas, tras el impacto, los motociclistas rodearon la Ford F-100 y comenzaron a atacarla con palos, cascos y otros objetos contundentes, provocando la rotura de vidrios, espejos y otros da\u00f1os materiales. En medio del caos, los ocupantes de la camioneta intentaron huir, pero al menos una de las ruedas result\u00f3 da\u00f1ada, lo que dificult\u00f3 su escape.<\/p>\n\n\n\n<p>En un intento de alejarse de la situaci\u00f3n, un individuo logr\u00f3 subirse a la camioneta y conducirla pese a los da\u00f1os, mientras era perseguido por un grupo de motociclistas. La escena se torn\u00f3 a\u00fan m\u00e1s dram\u00e1tica cuando una mujer, aparentemente vinculada a los hechos, colaps\u00f3 en el lugar y tuvo que ser asistida.<\/p>\n\n\n\n<p>Minutos despu\u00e9s, patrulleros policiales arribaron al sitio para intentar restablecer el orden. Hasta el momento, no se ha informado oficialmente sobre si hubo detenidos ni sobre el estado de salud de los involucrados. Se espera que en las pr\u00f3ximas horas las autoridades brinden mayores precisiones sobre lo ocurrido.<\/p>\n\n\n\n<figure class=\"wp-block-embed is-type-rich is-provider-gestor-del-servicio wp-block-embed-gestor-del-servicio wp-embed-aspect-16-9 wp-has-aspect-ratio\"><div class=\"wp-block-embed__wrapper\">\n<div class=\"youtube-embed\" data-video_id=\"fSj70stXTT4\"><iframe loading=\"lazy\" title=\"Violento enfrentamiento en avenida Libertad, acceso al parque Caba\u00f1as 2\" width=\"696\" height=\"392\" data-src=\"https:\/\/www.youtube.com\/embed\/fSj70stXTT4?feature=oembed&#038;enablejsapi=1\" frameborder=\"0\" allow=\"accelerometer; autoplay; clipboard-write; encrypted-media; gyroscope; picture-in-picture; web-share\" referrerpolicy=\"strict-origin-when-cross-origin\" allowfullscreen src=\"data:image\/gif;base64,R0lGODlhAQABAAAAACH5BAEKAAEALAAAAAABAAEAAAICTAEAOw==\" class=\"lazyload\" data-load-mode=\"1\"><\/iframe><\/div>\n<\/div><\/figure>\n\n\n\n<figure class=\"wp-block-embed is-type-rich is-provider-gestor-del-servicio wp-block-embed-gestor-del-servicio wp-embed-aspect-16-9 wp-has-aspect-ratio\"><div class=\"wp-block-embed__wrapper\">\n<div class=\"youtube-embed\" data-video_id=\"O7nN3UuZCEg\"><iframe loading=\"lazy\" title=\"Violento enfrentamiento en avenida Libertad, acceso al parque Caba\u00f1as\" width=\"696\" height=\"392\" data-src=\"https:\/\/www.youtube.com\/embed\/O7nN3UuZCEg?feature=oembed&#038;enablejsapi=1\" frameborder=\"0\" allow=\"accelerometer; autoplay; clipboard-write; encrypted-media; gyroscope; picture-in-picture; web-share\" referrerpolicy=\"strict-origin-when-cross-origin\" allowfullscreen src=\"data:image\/gif;base64,R0lGODlhAQABAAAAACH5BAEKAAEALAAAAAABAAEAAAICTAEAOw==\" class=\"lazyload\" data-load-mode=\"1\"><\/iframe><\/div>\n<\/div><\/figure>\n","protected":false},"excerpt":{"rendered":"<p>En la tarde del domingo, se registr\u00f3 un violento enfrentamiento en la avenida Libertad, en el acceso al parque Caba\u00f1as. Seg\u00fan testigos, el conflicto se origin\u00f3 cuando el conductor de una camioneta Ford F-100 embisti\u00f3 a un autom\u00f3vil Volkswagen Bora, lo que desat\u00f3 una reacci\u00f3n agresiva por parte de un numeroso grupo de motociclistas. De [&hellip;]<\/p>\n","protected":false},"author":1,"featured_media":53129,"comment_status":"open","ping_status":"open","sticky":false,"template":"","format":"standard","meta":{"tdm_status":"","tdm_grid_status":"","_jetpack_memberships_contains_paid_content":false,"footnotes":"","jetpack_publicize_message":"","jetpack_publicize_feature_enabled":true,"jetpack_social_post_already_shared":false,"jetpack_social_options":{"image_generator_settings":{"template":"highway","default_image_id":0,"font":"","enabled":false},"version":2}},"categories":[29],"tags":[],"class_list":{"0":"post-53126","1":"post","2":"type-post","3":"status-publish","4":"format-standard","5":"has-post-thumbnail","7":"category-policiales"},"yoast_head":"<!-- This site is optimized with the Yoast SEO plugin v22.7 - https:\/\/yoast.com\/wordpress\/plugins\/seo\/ -->\n<title>Violento enfrentamiento en Av. Libertad, acceso al parque Caba\u00f1as (video) - 103.9 fm<\/title>\n<meta name=\"robots\" content=\"index, follow, max-snippet:-1, max-image-preview:large, max-video-preview:-1\" \/>\n<link rel=\"canonical\" href=\"https:\/\/ondauno.com.ar\/index.php\/2025\/01\/19\/violento-enfrentamiento-en-av-libertad-acceso-al-parque-cabanas-video\/\" \/>\n<meta property=\"og:locale\" content=\"es_ES\" \/>\n<meta property=\"og:type\" content=\"article\" \/>\n<meta property=\"og:title\" content=\"Violento enfrentamiento en Av. Libertad, acceso al parque Caba\u00f1as (video) - 103.9 fm\" \/>\n<meta property=\"og:description\" content=\"En la tarde del domingo, se registr\u00f3 un violento enfrentamiento en la avenida Libertad, en el acceso al parque Caba\u00f1as. Seg\u00fan testigos, el conflicto se origin\u00f3 cuando el conductor de una camioneta Ford F-100 embisti\u00f3 a un autom\u00f3vil Volkswagen Bora, lo que desat\u00f3 una reacci\u00f3n agresiva por parte de un numeroso grupo de motociclistas. De [&hellip;]\" \/>\n<meta property=\"og:url\" content=\"https:\/\/ondauno.com.ar\/index.php\/2025\/01\/19\/violento-enfrentamiento-en-av-libertad-acceso-al-parque-cabanas-video\/\" \/>\n<meta property=\"og:site_name\" content=\"103.9 fm\" \/>\n<meta property=\"article:publisher\" content=\"https:\/\/www.facebook.com\/ondauno103.9\" \/>\n<meta property=\"article:published_time\" content=\"2025-01-20T00:40:58+00:00\" \/>\n<meta property=\"article:modified_time\" content=\"2025-01-20T00:41:00+00:00\" \/>\n<meta property=\"og:image\" content=\"http:\/\/ondauno.com.ar\/wp-content\/uploads\/2025\/01\/pelea.jpg\" \/>\n\t<meta property=\"og:image:width\" content=\"415\" \/>\n\t<meta property=\"og:image:height\" content=\"347\" \/>\n\t<meta property=\"og:image:type\" content=\"image\/jpeg\" \/>\n<meta name=\"author\" content=\"OndaUno\" \/>\n<meta name=\"twitter:card\" content=\"summary_large_image\" \/>\n<meta name=\"twitter:label1\" content=\"Escrito por\" \/>\n\t<meta name=\"twitter:data1\" content=\"OndaUno\" \/>\n\t<meta name=\"twitter:label2\" content=\"Tiempo de lectura\" \/>\n\t<meta name=\"twitter:data2\" content=\"2 minutos\" \/>\n<script type=\"application\/ld+json\" class=\"yoast-schema-graph\">{\"@context\":\"https:\/\/schema.org\",\"@graph\":[{\"@type\":\"WebPage\",\"@id\":\"https:\/\/ondauno.com.ar\/index.php\/2025\/01\/19\/violento-enfrentamiento-en-av-libertad-acceso-al-parque-cabanas-video\/\",\"url\":\"https:\/\/ondauno.com.ar\/index.php\/2025\/01\/19\/violento-enfrentamiento-en-av-libertad-acceso-al-parque-cabanas-video\/\",\"name\":\"Violento enfrentamiento en Av. Libertad, acceso al parque Caba\u00f1as (video) - 103.9 fm\",\"isPartOf\":{\"@id\":\"https:\/\/ondauno.com.ar\/#website\"},\"primaryImageOfPage\":{\"@id\":\"https:\/\/ondauno.com.ar\/index.php\/2025\/01\/19\/violento-enfrentamiento-en-av-libertad-acceso-al-parque-cabanas-video\/#primaryimage\"},\"image\":{\"@id\":\"https:\/\/ondauno.com.ar\/index.php\/2025\/01\/19\/violento-enfrentamiento-en-av-libertad-acceso-al-parque-cabanas-video\/#primaryimage\"},\"thumbnailUrl\":\"https:\/\/ondauno.com.ar\/wp-content\/uploads\/2025\/01\/pelea.jpg\",\"datePublished\":\"2025-01-20T00:40:58+00:00\",\"dateModified\":\"2025-01-20T00:41:00+00:00\",\"author\":{\"@id\":\"https:\/\/ondauno.com.ar\/#\/schema\/person\/7ec851ddeceb4133d7d7132dc645714e\"},\"breadcrumb\":{\"@id\":\"https:\/\/ondauno.com.ar\/index.php\/2025\/01\/19\/violento-enfrentamiento-en-av-libertad-acceso-al-parque-cabanas-video\/#breadcrumb\"},\"inLanguage\":\"es-AR\",\"potentialAction\":[{\"@type\":\"ReadAction\",\"target\":[\"https:\/\/ondauno.com.ar\/index.php\/2025\/01\/19\/violento-enfrentamiento-en-av-libertad-acceso-al-parque-cabanas-video\/\"]}]},{\"@type\":\"ImageObject\",\"inLanguage\":\"es-AR\",\"@id\":\"https:\/\/ondauno.com.ar\/index.php\/2025\/01\/19\/violento-enfrentamiento-en-av-libertad-acceso-al-parque-cabanas-video\/#primaryimage\",\"url\":\"https:\/\/ondauno.com.ar\/wp-content\/uploads\/2025\/01\/pelea.jpg\",\"contentUrl\":\"https:\/\/ondauno.com.ar\/wp-content\/uploads\/2025\/01\/pelea.jpg\",\"width\":415,\"height\":347},{\"@type\":\"BreadcrumbList\",\"@id\":\"https:\/\/ondauno.com.ar\/index.php\/2025\/01\/19\/violento-enfrentamiento-en-av-libertad-acceso-al-parque-cabanas-video\/#breadcrumb\",\"itemListElement\":[{\"@type\":\"ListItem\",\"position\":1,\"name\":\"Inicio\",\"item\":\"https:\/\/ondauno.com.ar\/\"},{\"@type\":\"ListItem\",\"position\":2,\"name\":\"Violento enfrentamiento en Av. Libertad, acceso al parque Caba\u00f1as (video)\"}]},{\"@type\":\"WebSite\",\"@id\":\"https:\/\/ondauno.com.ar\/#website\",\"url\":\"https:\/\/ondauno.com.ar\/\",\"name\":\"103.9 fm\",\"description\":\"LA PRIMERA RADIO MULTIMEDIA DE TRES ARROYOS\",\"potentialAction\":[{\"@type\":\"SearchAction\",\"target\":{\"@type\":\"EntryPoint\",\"urlTemplate\":\"https:\/\/ondauno.com.ar\/?s={search_term_string}\"},\"query-input\":\"required name=search_term_string\"}],\"inLanguage\":\"es-AR\"},{\"@type\":\"Person\",\"@id\":\"https:\/\/ondauno.com.ar\/#\/schema\/person\/7ec851ddeceb4133d7d7132dc645714e\",\"name\":\"OndaUno\",\"image\":{\"@type\":\"ImageObject\",\"inLanguage\":\"es-AR\",\"@id\":\"https:\/\/ondauno.com.ar\/#\/schema\/person\/image\/\",\"url\":\"https:\/\/secure.gravatar.com\/avatar\/93b8009f0de7021f1feb2bd5b32fb9e8?s=96&d=mm&r=g\",\"contentUrl\":\"https:\/\/secure.gravatar.com\/avatar\/93b8009f0de7021f1feb2bd5b32fb9e8?s=96&d=mm&r=g\",\"caption\":\"OndaUno\"},\"url\":\"https:\/\/ondauno.com.ar\/index.php\/author\/ondauno\/\"}]}<\/script>\n<!-- \/ Yoast SEO plugin. -->","yoast_head_json":{"title":"Violento enfrentamiento en Av. Libertad, acceso al parque Caba\u00f1as (video) - 103.9 fm","robots":{"index":"index","follow":"follow","max-snippet":"max-snippet:-1","max-image-preview":"max-image-preview:large","max-video-preview":"max-video-preview:-1"},"canonical":"https:\/\/ondauno.com.ar\/index.php\/2025\/01\/19\/violento-enfrentamiento-en-av-libertad-acceso-al-parque-cabanas-video\/","og_locale":"es_ES","og_type":"article","og_title":"Violento enfrentamiento en Av. Libertad, acceso al parque Caba\u00f1as (video) - 103.9 fm","og_description":"En la tarde del domingo, se registr\u00f3 un violento enfrentamiento en la avenida Libertad, en el acceso al parque Caba\u00f1as. Seg\u00fan testigos, el conflicto se origin\u00f3 cuando el conductor de una camioneta Ford F-100 embisti\u00f3 a un autom\u00f3vil Volkswagen Bora, lo que desat\u00f3 una reacci\u00f3n agresiva por parte de un numeroso grupo de motociclistas. De [&hellip;]","og_url":"https:\/\/ondauno.com.ar\/index.php\/2025\/01\/19\/violento-enfrentamiento-en-av-libertad-acceso-al-parque-cabanas-video\/","og_site_name":"103.9 fm","article_publisher":"https:\/\/www.facebook.com\/ondauno103.9","article_published_time":"2025-01-20T00:40:58+00:00","article_modified_time":"2025-01-20T00:41:00+00:00","og_image":[{"width":415,"height":347,"url":"http:\/\/ondauno.com.ar\/wp-content\/uploads\/2025\/01\/pelea.jpg","type":"image\/jpeg"}],"author":"OndaUno","twitter_card":"summary_large_image","twitter_misc":{"Escrito por":"OndaUno","Tiempo de lectura":"2 minutos"},"schema":{"@context":"https:\/\/schema.org","@graph":[{"@type":"WebPage","@id":"https:\/\/ondauno.com.ar\/index.php\/2025\/01\/19\/violento-enfrentamiento-en-av-libertad-acceso-al-parque-cabanas-video\/","url":"https:\/\/ondauno.com.ar\/index.php\/2025\/01\/19\/violento-enfrentamiento-en-av-libertad-acceso-al-parque-cabanas-video\/","name":"Violento enfrentamiento en Av. Libertad, acceso al parque Caba\u00f1as (video) - 103.9 fm","isPartOf":{"@id":"https:\/\/ondauno.com.ar\/#website"},"primaryImageOfPage":{"@id":"https:\/\/ondauno.com.ar\/index.php\/2025\/01\/19\/violento-enfrentamiento-en-av-libertad-acceso-al-parque-cabanas-video\/#primaryimage"},"image":{"@id":"https:\/\/ondauno.com.ar\/index.php\/2025\/01\/19\/violento-enfrentamiento-en-av-libertad-acceso-al-parque-cabanas-video\/#primaryimage"},"thumbnailUrl":"https:\/\/ondauno.com.ar\/wp-content\/uploads\/2025\/01\/pelea.jpg","datePublished":"2025-01-20T00:40:58+00:00","dateModified":"2025-01-20T00:41:00+00:00","author":{"@id":"https:\/\/ondauno.com.ar\/#\/schema\/person\/7ec851ddeceb4133d7d7132dc645714e"},"breadcrumb":{"@id":"https:\/\/ondauno.com.ar\/index.php\/2025\/01\/19\/violento-enfrentamiento-en-av-libertad-acceso-al-parque-cabanas-video\/#breadcrumb"},"inLanguage":"es-AR","potentialAction":[{"@type":"ReadAction","target":["https:\/\/ondauno.com.ar\/index.php\/2025\/01\/19\/violento-enfrentamiento-en-av-libertad-acceso-al-parque-cabanas-video\/"]}]},{"@type":"ImageObject","inLanguage":"es-AR","@id":"https:\/\/ondauno.com.ar\/index.php\/2025\/01\/19\/violento-enfrentamiento-en-av-libertad-acceso-al-parque-cabanas-video\/#primaryimage","url":"https:\/\/ondauno.com.ar\/wp-content\/uploads\/2025\/01\/pelea.jpg","contentUrl":"https:\/\/ondauno.com.ar\/wp-content\/uploads\/2025\/01\/pelea.jpg","width":415,"height":347},{"@type":"BreadcrumbList","@id":"https:\/\/ondauno.com.ar\/index.php\/2025\/01\/19\/violento-enfrentamiento-en-av-libertad-acceso-al-parque-cabanas-video\/#breadcrumb","itemListElement":[{"@type":"ListItem","position":1,"name":"Inicio","item":"https:\/\/ondauno.com.ar\/"},{"@type":"ListItem","position":2,"name":"Violento enfrentamiento en Av. Libertad, acceso al parque Caba\u00f1as (video)"}]},{"@type":"WebSite","@id":"https:\/\/ondauno.com.ar\/#website","url":"https:\/\/ondauno.com.ar\/","name":"103.9 fm","description":"LA PRIMERA RADIO MULTIMEDIA DE TRES ARROYOS","potentialAction":[{"@type":"SearchAction","target":{"@type":"EntryPoint","urlTemplate":"https:\/\/ondauno.com.ar\/?s={search_term_string}"},"query-input":"required name=search_term_string"}],"inLanguage":"es-AR"},{"@type":"Person","@id":"https:\/\/ondauno.com.ar\/#\/schema\/person\/7ec851ddeceb4133d7d7132dc645714e","name":"OndaUno","image":{"@type":"ImageObject","inLanguage":"es-AR","@id":"https:\/\/ondauno.com.ar\/#\/schema\/person\/image\/","url":"https:\/\/secure.gravatar.com\/avatar\/93b8009f0de7021f1feb2bd5b32fb9e8?s=96&d=mm&r=g","contentUrl":"https:\/\/secure.gravatar.com\/avatar\/93b8009f0de7021f1feb2bd5b32fb9e8?s=96&d=mm&r=g","caption":"OndaUno"},"url":"https:\/\/ondauno.com.ar\/index.php\/author\/ondauno\/"}]}},"jetpack_publicize_connections":[],"jetpack_featured_media_url":"https:\/\/ondauno.com.ar\/wp-content\/uploads\/2025\/01\/pelea.jpg","jetpack_sharing_enabled":true,"_links":{"self":[{"href":"https:\/\/ondauno.com.ar\/index.php\/wp-json\/wp\/v2\/posts\/53126","targetHints":{"allow":["GET"]}}],"collection":[{"href":"https:\/\/ondauno.com.ar\/index.php\/wp-json\/wp\/v2\/posts"}],"about":[{"href":"https:\/\/ondauno.com.ar\/index.php\/wp-json\/wp\/v2\/types\/post"}],"author":[{"embeddable":true,"href":"https:\/\/ondauno.com.ar\/index.php\/wp-json\/wp\/v2\/users\/1"}],"replies":[{"embeddable":true,"href":"https:\/\/ondauno.com.ar\/index.php\/wp-json\/wp\/v2\/comments?post=53126"}],"version-history":[{"count":1,"href":"https:\/\/ondauno.com.ar\/index.php\/wp-json\/wp\/v2\/posts\/53126\/revisions"}],"predecessor-version":[{"id":53130,"href":"https:\/\/ondauno.com.ar\/index.php\/wp-json\/wp\/v2\/posts\/53126\/revisions\/53130"}],"wp:featuredmedia":[{"embeddable":true,"href":"https:\/\/ondauno.com.ar\/index.php\/wp-json\/wp\/v2\/media\/53129"}],"wp:attachment":[{"href":"https:\/\/ondauno.com.ar\/index.php\/wp-json\/wp\/v2\/media?parent=53126"}],"wp:term":[{"taxonomy":"category","embeddable":true,"href":"https:\/\/ondauno.com.ar\/index.php\/wp-json\/wp\/v2\/categories?post=53126"},{"taxonomy":"post_tag","embeddable":true,"href":"https:\/\/ondauno.com.ar\/index.php\/wp-json\/wp\/v2\/tags?post=53126"}],"curies":[{"name":"wp","href":"https:\/\/api.w.org\/{rel}","templated":true}]}}