{"id":53107,"date":"2025-01-18T12:27:24","date_gmt":"2025-01-18T15:27:24","guid":{"rendered":"https:\/\/ondauno.com.ar\/?p=53107"},"modified":"2025-01-18T12:27:27","modified_gmt":"2025-01-18T15:27:27","slug":"tragico-accidente-en-la-ruta-73-fallecio-un-ciclista-tresarroyense","status":"publish","type":"post","link":"https:\/\/ondauno.com.ar\/index.php\/2025\/01\/18\/tragico-accidente-en-la-ruta-73-fallecio-un-ciclista-tresarroyense\/","title":{"rendered":"Tr\u00e1gico accidente en la ruta 73: falleci\u00f3 un ciclista tresarroyense"},"content":{"rendered":"<div class=\"ondau-before-content_3\" style=\"margin-top: -30px;\" id=\"ondau-3144684854\"><a href=\"https:\/\/www.lps.com.ar\/\" aria-label=\"la-perse2\"><img loading=\"lazy\" decoding=\"async\" src=\"https:\/\/ondauno.com.ar\/wp-content\/uploads\/2021\/10\/la-perse2.jpg\" alt=\"\"  srcset=\"https:\/\/ondauno.com.ar\/wp-content\/uploads\/2021\/10\/la-perse2.jpg 1353w, https:\/\/ondauno.com.ar\/wp-content\/uploads\/2021\/10\/la-perse2-300x43.jpg 300w, https:\/\/ondauno.com.ar\/wp-content\/uploads\/2021\/10\/la-perse2-1024x148.jpg 1024w, https:\/\/ondauno.com.ar\/wp-content\/uploads\/2021\/10\/la-perse2-768x111.jpg 768w, https:\/\/ondauno.com.ar\/wp-content\/uploads\/2021\/10\/la-perse2-696x100.jpg 696w, https:\/\/ondauno.com.ar\/wp-content\/uploads\/2021\/10\/la-perse2-1068x154.jpg 1068w\" sizes=\"(max-width: 1353px) 100vw, 1353px\" class=\"no-lazyload\" width=\"1353\" height=\"195\"  style=\"display: inline-block;\" \/><\/a><\/div>\n<p>Este s\u00e1bado por la ma\u00f1ana, un ciclista de 52 a\u00f1os, identificado como Jos\u00e9 Albornoz, perdi\u00f3 la vida en un siniestro vial ocurrido en la ruta 73, entre la rotonda de San Francisco de Bellocq y el monte Guisasola.<\/p>\n\n\n\n<p>Si bien las causas del hecho son motivo de investigaci\u00f3n, se presume que el ciclista habr\u00eda colisionado con un cami\u00f3n.<\/p>\n\n\n\n<p>En el lugar intervinieron efectivos de la Polic\u00eda Vial y miembros del Cuerpo Activo de Bomberos Voluntarios de San Francisco de Bellocq.<\/p>\n\n\n\n<p>Las pericias correspondientes buscar\u00e1n determinar las circunstancias en las que ocurri\u00f3 el accidente.<\/p>\n\n\n\n<figure class=\"wp-block-gallery has-nested-images columns-default is-cropped wp-block-gallery-1 is-layout-flex wp-block-gallery-is-layout-flex\">\n<figure class=\"wp-block-image size-large\"><img loading=\"lazy\" decoding=\"async\" width=\"576\" height=\"1024\" data-id=\"53110\" data-src=\"https:\/\/ondauno.com.ar\/wp-content\/uploads\/2025\/01\/WhatsApp-Image-2025-01-18-at-12.19.10-576x1024.jpeg\" alt=\"\" class=\"wp-image-53110 lazyload\" data-srcset=\"https:\/\/ondauno.com.ar\/wp-content\/uploads\/2025\/01\/WhatsApp-Image-2025-01-18-at-12.19.10-576x1024.jpeg 576w, https:\/\/ondauno.com.ar\/wp-content\/uploads\/2025\/01\/WhatsApp-Image-2025-01-18-at-12.19.10-169x300.jpeg 169w, https:\/\/ondauno.com.ar\/wp-content\/uploads\/2025\/01\/WhatsApp-Image-2025-01-18-at-12.19.10-236x420.jpeg 236w, https:\/\/ondauno.com.ar\/wp-content\/uploads\/2025\/01\/WhatsApp-Image-2025-01-18-at-12.19.10-696x1237.jpeg 696w, https:\/\/ondauno.com.ar\/wp-content\/uploads\/2025\/01\/WhatsApp-Image-2025-01-18-at-12.19.10.jpeg 720w\" data-sizes=\"auto, (max-width: 576px) 100vw, 576px\" src=\"data:image\/gif;base64,R0lGODlhAQABAAAAACH5BAEKAAEALAAAAAABAAEAAAICTAEAOw==\" style=\"--smush-placeholder-width: 576px; --smush-placeholder-aspect-ratio: 576\/1024;\" \/><noscript><img loading=\"lazy\" decoding=\"async\" width=\"576\" height=\"1024\" data-id=\"53110\" src=\"https:\/\/ondauno.com.ar\/wp-content\/uploads\/2025\/01\/WhatsApp-Image-2025-01-18-at-12.19.10-576x1024.jpeg\" alt=\"\" class=\"wp-image-53110\" srcset=\"https:\/\/ondauno.com.ar\/wp-content\/uploads\/2025\/01\/WhatsApp-Image-2025-01-18-at-12.19.10-576x1024.jpeg 576w, https:\/\/ondauno.com.ar\/wp-content\/uploads\/2025\/01\/WhatsApp-Image-2025-01-18-at-12.19.10-169x300.jpeg 169w, https:\/\/ondauno.com.ar\/wp-content\/uploads\/2025\/01\/WhatsApp-Image-2025-01-18-at-12.19.10-236x420.jpeg 236w, https:\/\/ondauno.com.ar\/wp-content\/uploads\/2025\/01\/WhatsApp-Image-2025-01-18-at-12.19.10-696x1237.jpeg 696w, https:\/\/ondauno.com.ar\/wp-content\/uploads\/2025\/01\/WhatsApp-Image-2025-01-18-at-12.19.10.jpeg 720w\" sizes=\"auto, (max-width: 576px) 100vw, 576px\" \/><\/noscript><\/figure>\n\n\n\n<figure class=\"wp-block-image size-large\"><img loading=\"lazy\" decoding=\"async\" width=\"576\" height=\"1024\" data-id=\"53113\" data-src=\"https:\/\/ondauno.com.ar\/wp-content\/uploads\/2025\/01\/WhatsApp-Image-2025-01-18-at-12.19.01-576x1024.jpeg\" alt=\"\" class=\"wp-image-53113 lazyload\" data-srcset=\"https:\/\/ondauno.com.ar\/wp-content\/uploads\/2025\/01\/WhatsApp-Image-2025-01-18-at-12.19.01-576x1024.jpeg 576w, https:\/\/ondauno.com.ar\/wp-content\/uploads\/2025\/01\/WhatsApp-Image-2025-01-18-at-12.19.01-169x300.jpeg 169w, https:\/\/ondauno.com.ar\/wp-content\/uploads\/2025\/01\/WhatsApp-Image-2025-01-18-at-12.19.01-236x420.jpeg 236w, https:\/\/ondauno.com.ar\/wp-content\/uploads\/2025\/01\/WhatsApp-Image-2025-01-18-at-12.19.01-696x1237.jpeg 696w, https:\/\/ondauno.com.ar\/wp-content\/uploads\/2025\/01\/WhatsApp-Image-2025-01-18-at-12.19.01.jpeg 720w\" data-sizes=\"auto, (max-width: 576px) 100vw, 576px\" src=\"data:image\/gif;base64,R0lGODlhAQABAAAAACH5BAEKAAEALAAAAAABAAEAAAICTAEAOw==\" style=\"--smush-placeholder-width: 576px; --smush-placeholder-aspect-ratio: 576\/1024;\" \/><noscript><img loading=\"lazy\" decoding=\"async\" width=\"576\" height=\"1024\" data-id=\"53113\" src=\"https:\/\/ondauno.com.ar\/wp-content\/uploads\/2025\/01\/WhatsApp-Image-2025-01-18-at-12.19.01-576x1024.jpeg\" alt=\"\" class=\"wp-image-53113\" srcset=\"https:\/\/ondauno.com.ar\/wp-content\/uploads\/2025\/01\/WhatsApp-Image-2025-01-18-at-12.19.01-576x1024.jpeg 576w, https:\/\/ondauno.com.ar\/wp-content\/uploads\/2025\/01\/WhatsApp-Image-2025-01-18-at-12.19.01-169x300.jpeg 169w, https:\/\/ondauno.com.ar\/wp-content\/uploads\/2025\/01\/WhatsApp-Image-2025-01-18-at-12.19.01-236x420.jpeg 236w, https:\/\/ondauno.com.ar\/wp-content\/uploads\/2025\/01\/WhatsApp-Image-2025-01-18-at-12.19.01-696x1237.jpeg 696w, https:\/\/ondauno.com.ar\/wp-content\/uploads\/2025\/01\/WhatsApp-Image-2025-01-18-at-12.19.01.jpeg 720w\" sizes=\"auto, (max-width: 576px) 100vw, 576px\" \/><\/noscript><\/figure>\n\n\n\n<figure class=\"wp-block-image size-large\"><img loading=\"lazy\" decoding=\"async\" width=\"576\" height=\"1024\" data-id=\"53109\" data-src=\"https:\/\/ondauno.com.ar\/wp-content\/uploads\/2025\/01\/WhatsApp-Image-2025-01-18-at-12.18.59-1-576x1024.jpeg\" alt=\"\" class=\"wp-image-53109 lazyload\" data-srcset=\"https:\/\/ondauno.com.ar\/wp-content\/uploads\/2025\/01\/WhatsApp-Image-2025-01-18-at-12.18.59-1-576x1024.jpeg 576w, https:\/\/ondauno.com.ar\/wp-content\/uploads\/2025\/01\/WhatsApp-Image-2025-01-18-at-12.18.59-1-169x300.jpeg 169w, https:\/\/ondauno.com.ar\/wp-content\/uploads\/2025\/01\/WhatsApp-Image-2025-01-18-at-12.18.59-1-236x420.jpeg 236w, https:\/\/ondauno.com.ar\/wp-content\/uploads\/2025\/01\/WhatsApp-Image-2025-01-18-at-12.18.59-1-696x1237.jpeg 696w, https:\/\/ondauno.com.ar\/wp-content\/uploads\/2025\/01\/WhatsApp-Image-2025-01-18-at-12.18.59-1.jpeg 720w\" data-sizes=\"auto, (max-width: 576px) 100vw, 576px\" src=\"data:image\/gif;base64,R0lGODlhAQABAAAAACH5BAEKAAEALAAAAAABAAEAAAICTAEAOw==\" style=\"--smush-placeholder-width: 576px; --smush-placeholder-aspect-ratio: 576\/1024;\" \/><noscript><img loading=\"lazy\" decoding=\"async\" width=\"576\" height=\"1024\" data-id=\"53109\" src=\"https:\/\/ondauno.com.ar\/wp-content\/uploads\/2025\/01\/WhatsApp-Image-2025-01-18-at-12.18.59-1-576x1024.jpeg\" alt=\"\" class=\"wp-image-53109\" srcset=\"https:\/\/ondauno.com.ar\/wp-content\/uploads\/2025\/01\/WhatsApp-Image-2025-01-18-at-12.18.59-1-576x1024.jpeg 576w, https:\/\/ondauno.com.ar\/wp-content\/uploads\/2025\/01\/WhatsApp-Image-2025-01-18-at-12.18.59-1-169x300.jpeg 169w, https:\/\/ondauno.com.ar\/wp-content\/uploads\/2025\/01\/WhatsApp-Image-2025-01-18-at-12.18.59-1-236x420.jpeg 236w, https:\/\/ondauno.com.ar\/wp-content\/uploads\/2025\/01\/WhatsApp-Image-2025-01-18-at-12.18.59-1-696x1237.jpeg 696w, https:\/\/ondauno.com.ar\/wp-content\/uploads\/2025\/01\/WhatsApp-Image-2025-01-18-at-12.18.59-1.jpeg 720w\" sizes=\"auto, (max-width: 576px) 100vw, 576px\" \/><\/noscript><\/figure>\n<\/figure>\n","protected":false},"excerpt":{"rendered":"<p>Este s\u00e1bado por la ma\u00f1ana, un ciclista de 52 a\u00f1os, identificado como Jos\u00e9 Albornoz, perdi\u00f3 la vida en un siniestro vial ocurrido en la ruta 73, entre la rotonda de San Francisco de Bellocq y el monte Guisasola. Si bien las causas del hecho son motivo de investigaci\u00f3n, se presume que el ciclista habr\u00eda colisionado [&hellip;]<\/p>\n","protected":false},"author":1,"featured_media":53108,"comment_status":"open","ping_status":"open","sticky":false,"template":"","format":"standard","meta":{"tdm_status":"","tdm_grid_status":"","_jetpack_memberships_contains_paid_content":false,"footnotes":"","jetpack_publicize_message":"","jetpack_publicize_feature_enabled":true,"jetpack_social_post_already_shared":false,"jetpack_social_options":{"image_generator_settings":{"template":"highway","default_image_id":0,"font":"","enabled":false},"version":2}},"categories":[29],"tags":[],"class_list":{"0":"post-53107","1":"post","2":"type-post","3":"status-publish","4":"format-standard","5":"has-post-thumbnail","7":"category-policiales"},"yoast_head":"<!-- This site is optimized with the Yoast SEO plugin v22.7 - https:\/\/yoast.com\/wordpress\/plugins\/seo\/ -->\n<title>Tr\u00e1gico accidente en la ruta 73: falleci\u00f3 un ciclista tresarroyense - 103.9 fm<\/title>\n<meta name=\"robots\" content=\"index, follow, max-snippet:-1, max-image-preview:large, max-video-preview:-1\" \/>\n<link rel=\"canonical\" href=\"https:\/\/ondauno.com.ar\/index.php\/2025\/01\/18\/tragico-accidente-en-la-ruta-73-fallecio-un-ciclista-tresarroyense\/\" \/>\n<meta property=\"og:locale\" content=\"es_ES\" \/>\n<meta property=\"og:type\" content=\"article\" \/>\n<meta property=\"og:title\" content=\"Tr\u00e1gico accidente en la ruta 73: falleci\u00f3 un ciclista tresarroyense - 103.9 fm\" \/>\n<meta property=\"og:description\" content=\"Este s\u00e1bado por la ma\u00f1ana, un ciclista de 52 a\u00f1os, identificado como Jos\u00e9 Albornoz, perdi\u00f3 la vida en un siniestro vial ocurrido en la ruta 73, entre la rotonda de San Francisco de Bellocq y el monte Guisasola. Si bien las causas del hecho son motivo de investigaci\u00f3n, se presume que el ciclista habr\u00eda colisionado [&hellip;]\" \/>\n<meta property=\"og:url\" content=\"https:\/\/ondauno.com.ar\/index.php\/2025\/01\/18\/tragico-accidente-en-la-ruta-73-fallecio-un-ciclista-tresarroyense\/\" \/>\n<meta property=\"og:site_name\" content=\"103.9 fm\" \/>\n<meta property=\"article:publisher\" content=\"https:\/\/www.facebook.com\/ondauno103.9\" \/>\n<meta property=\"article:published_time\" content=\"2025-01-18T15:27:24+00:00\" \/>\n<meta property=\"article:modified_time\" content=\"2025-01-18T15:27:27+00:00\" \/>\n<meta property=\"og:image\" content=\"http:\/\/ondauno.com.ar\/wp-content\/uploads\/2025\/01\/WhatsApp-Image-2025-01-18-at-12.19.21-e1737214009282.jpeg\" \/>\n\t<meta property=\"og:image:width\" content=\"721\" \/>\n\t<meta property=\"og:image:height\" content=\"622\" \/>\n\t<meta property=\"og:image:type\" content=\"image\/jpeg\" \/>\n<meta name=\"author\" content=\"OndaUno\" \/>\n<meta name=\"twitter:card\" content=\"summary_large_image\" \/>\n<meta name=\"twitter:label1\" content=\"Escrito por\" \/>\n\t<meta name=\"twitter:data1\" content=\"OndaUno\" \/>\n\t<meta name=\"twitter:label2\" content=\"Tiempo de lectura\" \/>\n\t<meta name=\"twitter:data2\" content=\"2 minutos\" \/>\n<script type=\"application\/ld+json\" class=\"yoast-schema-graph\">{\"@context\":\"https:\/\/schema.org\",\"@graph\":[{\"@type\":\"WebPage\",\"@id\":\"https:\/\/ondauno.com.ar\/index.php\/2025\/01\/18\/tragico-accidente-en-la-ruta-73-fallecio-un-ciclista-tresarroyense\/\",\"url\":\"https:\/\/ondauno.com.ar\/index.php\/2025\/01\/18\/tragico-accidente-en-la-ruta-73-fallecio-un-ciclista-tresarroyense\/\",\"name\":\"Tr\u00e1gico accidente en la ruta 73: falleci\u00f3 un ciclista tresarroyense - 103.9 fm\",\"isPartOf\":{\"@id\":\"https:\/\/ondauno.com.ar\/#website\"},\"primaryImageOfPage\":{\"@id\":\"https:\/\/ondauno.com.ar\/index.php\/2025\/01\/18\/tragico-accidente-en-la-ruta-73-fallecio-un-ciclista-tresarroyense\/#primaryimage\"},\"image\":{\"@id\":\"https:\/\/ondauno.com.ar\/index.php\/2025\/01\/18\/tragico-accidente-en-la-ruta-73-fallecio-un-ciclista-tresarroyense\/#primaryimage\"},\"thumbnailUrl\":\"https:\/\/ondauno.com.ar\/wp-content\/uploads\/2025\/01\/WhatsApp-Image-2025-01-18-at-12.19.21-e1737214009282.jpeg\",\"datePublished\":\"2025-01-18T15:27:24+00:00\",\"dateModified\":\"2025-01-18T15:27:27+00:00\",\"author\":{\"@id\":\"https:\/\/ondauno.com.ar\/#\/schema\/person\/7ec851ddeceb4133d7d7132dc645714e\"},\"breadcrumb\":{\"@id\":\"https:\/\/ondauno.com.ar\/index.php\/2025\/01\/18\/tragico-accidente-en-la-ruta-73-fallecio-un-ciclista-tresarroyense\/#breadcrumb\"},\"inLanguage\":\"es-AR\",\"potentialAction\":[{\"@type\":\"ReadAction\",\"target\":[\"https:\/\/ondauno.com.ar\/index.php\/2025\/01\/18\/tragico-accidente-en-la-ruta-73-fallecio-un-ciclista-tresarroyense\/\"]}]},{\"@type\":\"ImageObject\",\"inLanguage\":\"es-AR\",\"@id\":\"https:\/\/ondauno.com.ar\/index.php\/2025\/01\/18\/tragico-accidente-en-la-ruta-73-fallecio-un-ciclista-tresarroyense\/#primaryimage\",\"url\":\"https:\/\/ondauno.com.ar\/wp-content\/uploads\/2025\/01\/WhatsApp-Image-2025-01-18-at-12.19.21-e1737214009282.jpeg\",\"contentUrl\":\"https:\/\/ondauno.com.ar\/wp-content\/uploads\/2025\/01\/WhatsApp-Image-2025-01-18-at-12.19.21-e1737214009282.jpeg\",\"width\":721,\"height\":622},{\"@type\":\"BreadcrumbList\",\"@id\":\"https:\/\/ondauno.com.ar\/index.php\/2025\/01\/18\/tragico-accidente-en-la-ruta-73-fallecio-un-ciclista-tresarroyense\/#breadcrumb\",\"itemListElement\":[{\"@type\":\"ListItem\",\"position\":1,\"name\":\"Inicio\",\"item\":\"https:\/\/ondauno.com.ar\/\"},{\"@type\":\"ListItem\",\"position\":2,\"name\":\"Tr\u00e1gico accidente en la ruta 73: falleci\u00f3 un ciclista tresarroyense\"}]},{\"@type\":\"WebSite\",\"@id\":\"https:\/\/ondauno.com.ar\/#website\",\"url\":\"https:\/\/ondauno.com.ar\/\",\"name\":\"103.9 fm\",\"description\":\"LA PRIMERA RADIO MULTIMEDIA DE TRES ARROYOS\",\"potentialAction\":[{\"@type\":\"SearchAction\",\"target\":{\"@type\":\"EntryPoint\",\"urlTemplate\":\"https:\/\/ondauno.com.ar\/?s={search_term_string}\"},\"query-input\":\"required name=search_term_string\"}],\"inLanguage\":\"es-AR\"},{\"@type\":\"Person\",\"@id\":\"https:\/\/ondauno.com.ar\/#\/schema\/person\/7ec851ddeceb4133d7d7132dc645714e\",\"name\":\"OndaUno\",\"image\":{\"@type\":\"ImageObject\",\"inLanguage\":\"es-AR\",\"@id\":\"https:\/\/ondauno.com.ar\/#\/schema\/person\/image\/\",\"url\":\"https:\/\/secure.gravatar.com\/avatar\/93b8009f0de7021f1feb2bd5b32fb9e8?s=96&d=mm&r=g\",\"contentUrl\":\"https:\/\/secure.gravatar.com\/avatar\/93b8009f0de7021f1feb2bd5b32fb9e8?s=96&d=mm&r=g\",\"caption\":\"OndaUno\"},\"url\":\"https:\/\/ondauno.com.ar\/index.php\/author\/ondauno\/\"}]}<\/script>\n<!-- \/ Yoast SEO plugin. -->","yoast_head_json":{"title":"Tr\u00e1gico accidente en la ruta 73: falleci\u00f3 un ciclista tresarroyense - 103.9 fm","robots":{"index":"index","follow":"follow","max-snippet":"max-snippet:-1","max-image-preview":"max-image-preview:large","max-video-preview":"max-video-preview:-1"},"canonical":"https:\/\/ondauno.com.ar\/index.php\/2025\/01\/18\/tragico-accidente-en-la-ruta-73-fallecio-un-ciclista-tresarroyense\/","og_locale":"es_ES","og_type":"article","og_title":"Tr\u00e1gico accidente en la ruta 73: falleci\u00f3 un ciclista tresarroyense - 103.9 fm","og_description":"Este s\u00e1bado por la ma\u00f1ana, un ciclista de 52 a\u00f1os, identificado como Jos\u00e9 Albornoz, perdi\u00f3 la vida en un siniestro vial ocurrido en la ruta 73, entre la rotonda de San Francisco de Bellocq y el monte Guisasola. Si bien las causas del hecho son motivo de investigaci\u00f3n, se presume que el ciclista habr\u00eda colisionado [&hellip;]","og_url":"https:\/\/ondauno.com.ar\/index.php\/2025\/01\/18\/tragico-accidente-en-la-ruta-73-fallecio-un-ciclista-tresarroyense\/","og_site_name":"103.9 fm","article_publisher":"https:\/\/www.facebook.com\/ondauno103.9","article_published_time":"2025-01-18T15:27:24+00:00","article_modified_time":"2025-01-18T15:27:27+00:00","og_image":[{"width":721,"height":622,"url":"http:\/\/ondauno.com.ar\/wp-content\/uploads\/2025\/01\/WhatsApp-Image-2025-01-18-at-12.19.21-e1737214009282.jpeg","type":"image\/jpeg"}],"author":"OndaUno","twitter_card":"summary_large_image","twitter_misc":{"Escrito por":"OndaUno","Tiempo de lectura":"2 minutos"},"schema":{"@context":"https:\/\/schema.org","@graph":[{"@type":"WebPage","@id":"https:\/\/ondauno.com.ar\/index.php\/2025\/01\/18\/tragico-accidente-en-la-ruta-73-fallecio-un-ciclista-tresarroyense\/","url":"https:\/\/ondauno.com.ar\/index.php\/2025\/01\/18\/tragico-accidente-en-la-ruta-73-fallecio-un-ciclista-tresarroyense\/","name":"Tr\u00e1gico accidente en la ruta 73: falleci\u00f3 un ciclista tresarroyense - 103.9 fm","isPartOf":{"@id":"https:\/\/ondauno.com.ar\/#website"},"primaryImageOfPage":{"@id":"https:\/\/ondauno.com.ar\/index.php\/2025\/01\/18\/tragico-accidente-en-la-ruta-73-fallecio-un-ciclista-tresarroyense\/#primaryimage"},"image":{"@id":"https:\/\/ondauno.com.ar\/index.php\/2025\/01\/18\/tragico-accidente-en-la-ruta-73-fallecio-un-ciclista-tresarroyense\/#primaryimage"},"thumbnailUrl":"https:\/\/ondauno.com.ar\/wp-content\/uploads\/2025\/01\/WhatsApp-Image-2025-01-18-at-12.19.21-e1737214009282.jpeg","datePublished":"2025-01-18T15:27:24+00:00","dateModified":"2025-01-18T15:27:27+00:00","author":{"@id":"https:\/\/ondauno.com.ar\/#\/schema\/person\/7ec851ddeceb4133d7d7132dc645714e"},"breadcrumb":{"@id":"https:\/\/ondauno.com.ar\/index.php\/2025\/01\/18\/tragico-accidente-en-la-ruta-73-fallecio-un-ciclista-tresarroyense\/#breadcrumb"},"inLanguage":"es-AR","potentialAction":[{"@type":"ReadAction","target":["https:\/\/ondauno.com.ar\/index.php\/2025\/01\/18\/tragico-accidente-en-la-ruta-73-fallecio-un-ciclista-tresarroyense\/"]}]},{"@type":"ImageObject","inLanguage":"es-AR","@id":"https:\/\/ondauno.com.ar\/index.php\/2025\/01\/18\/tragico-accidente-en-la-ruta-73-fallecio-un-ciclista-tresarroyense\/#primaryimage","url":"https:\/\/ondauno.com.ar\/wp-content\/uploads\/2025\/01\/WhatsApp-Image-2025-01-18-at-12.19.21-e1737214009282.jpeg","contentUrl":"https:\/\/ondauno.com.ar\/wp-content\/uploads\/2025\/01\/WhatsApp-Image-2025-01-18-at-12.19.21-e1737214009282.jpeg","width":721,"height":622},{"@type":"BreadcrumbList","@id":"https:\/\/ondauno.com.ar\/index.php\/2025\/01\/18\/tragico-accidente-en-la-ruta-73-fallecio-un-ciclista-tresarroyense\/#breadcrumb","itemListElement":[{"@type":"ListItem","position":1,"name":"Inicio","item":"https:\/\/ondauno.com.ar\/"},{"@type":"ListItem","position":2,"name":"Tr\u00e1gico accidente en la ruta 73: falleci\u00f3 un ciclista tresarroyense"}]},{"@type":"WebSite","@id":"https:\/\/ondauno.com.ar\/#website","url":"https:\/\/ondauno.com.ar\/","name":"103.9 fm","description":"LA PRIMERA RADIO MULTIMEDIA DE TRES ARROYOS","potentialAction":[{"@type":"SearchAction","target":{"@type":"EntryPoint","urlTemplate":"https:\/\/ondauno.com.ar\/?s={search_term_string}"},"query-input":"required name=search_term_string"}],"inLanguage":"es-AR"},{"@type":"Person","@id":"https:\/\/ondauno.com.ar\/#\/schema\/person\/7ec851ddeceb4133d7d7132dc645714e","name":"OndaUno","image":{"@type":"ImageObject","inLanguage":"es-AR","@id":"https:\/\/ondauno.com.ar\/#\/schema\/person\/image\/","url":"https:\/\/secure.gravatar.com\/avatar\/93b8009f0de7021f1feb2bd5b32fb9e8?s=96&d=mm&r=g","contentUrl":"https:\/\/secure.gravatar.com\/avatar\/93b8009f0de7021f1feb2bd5b32fb9e8?s=96&d=mm&r=g","caption":"OndaUno"},"url":"https:\/\/ondauno.com.ar\/index.php\/author\/ondauno\/"}]}},"jetpack_publicize_connections":[],"jetpack_featured_media_url":"https:\/\/ondauno.com.ar\/wp-content\/uploads\/2025\/01\/WhatsApp-Image-2025-01-18-at-12.19.21-e1737214009282.jpeg","jetpack_sharing_enabled":true,"_links":{"self":[{"href":"https:\/\/ondauno.com.ar\/index.php\/wp-json\/wp\/v2\/posts\/53107","targetHints":{"allow":["GET"]}}],"collection":[{"href":"https:\/\/ondauno.com.ar\/index.php\/wp-json\/wp\/v2\/posts"}],"about":[{"href":"https:\/\/ondauno.com.ar\/index.php\/wp-json\/wp\/v2\/types\/post"}],"author":[{"embeddable":true,"href":"https:\/\/ondauno.com.ar\/index.php\/wp-json\/wp\/v2\/users\/1"}],"replies":[{"embeddable":true,"href":"https:\/\/ondauno.com.ar\/index.php\/wp-json\/wp\/v2\/comments?post=53107"}],"version-history":[{"count":1,"href":"https:\/\/ondauno.com.ar\/index.php\/wp-json\/wp\/v2\/posts\/53107\/revisions"}],"predecessor-version":[{"id":53114,"href":"https:\/\/ondauno.com.ar\/index.php\/wp-json\/wp\/v2\/posts\/53107\/revisions\/53114"}],"wp:featuredmedia":[{"embeddable":true,"href":"https:\/\/ondauno.com.ar\/index.php\/wp-json\/wp\/v2\/media\/53108"}],"wp:attachment":[{"href":"https:\/\/ondauno.com.ar\/index.php\/wp-json\/wp\/v2\/media?parent=53107"}],"wp:term":[{"taxonomy":"category","embeddable":true,"href":"https:\/\/ondauno.com.ar\/index.php\/wp-json\/wp\/v2\/categories?post=53107"},{"taxonomy":"post_tag","embeddable":true,"href":"https:\/\/ondauno.com.ar\/index.php\/wp-json\/wp\/v2\/tags?post=53107"}],"curies":[{"name":"wp","href":"https:\/\/api.w.org\/{rel}","templated":true}]}}