{"id":53101,"date":"2025-01-17T15:22:35","date_gmt":"2025-01-17T18:22:35","guid":{"rendered":"https:\/\/ondauno.com.ar\/?p=53101"},"modified":"2025-01-17T15:22:39","modified_gmt":"2025-01-17T18:22:39","slug":"detencion-en-claromeco-por-lesiones-graves-tras-una-discusion-en-un-comercio","status":"publish","type":"post","link":"https:\/\/ondauno.com.ar\/index.php\/2025\/01\/17\/detencion-en-claromeco-por-lesiones-graves-tras-una-discusion-en-un-comercio\/","title":{"rendered":"Detenci\u00f3n en Claromec\u00f3 por lesiones graves tras una discusi\u00f3n en un comercio"},"content":{"rendered":"<div class=\"ondau-before-content_3\" style=\"margin-top: -30px;\" id=\"ondau-186430731\"><a href=\"https:\/\/www.lps.com.ar\/\" aria-label=\"la-perse2\"><img loading=\"lazy\" decoding=\"async\" src=\"https:\/\/ondauno.com.ar\/wp-content\/uploads\/2021\/10\/la-perse2.jpg\" alt=\"\"  srcset=\"https:\/\/ondauno.com.ar\/wp-content\/uploads\/2021\/10\/la-perse2.jpg 1353w, https:\/\/ondauno.com.ar\/wp-content\/uploads\/2021\/10\/la-perse2-300x43.jpg 300w, https:\/\/ondauno.com.ar\/wp-content\/uploads\/2021\/10\/la-perse2-1024x148.jpg 1024w, https:\/\/ondauno.com.ar\/wp-content\/uploads\/2021\/10\/la-perse2-768x111.jpg 768w, https:\/\/ondauno.com.ar\/wp-content\/uploads\/2021\/10\/la-perse2-696x100.jpg 696w, https:\/\/ondauno.com.ar\/wp-content\/uploads\/2021\/10\/la-perse2-1068x154.jpg 1068w\" sizes=\"(max-width: 1353px) 100vw, 1353px\" class=\"no-lazyload\" width=\"1353\" height=\"195\"  style=\"display: inline-block;\" \/><\/a><\/div>\n<p>En la jornada de ayer, personal de la SubDDI Tres Arroyos, con colaboraci\u00f3n de la Estaci\u00f3n de Polic\u00eda Comunal Segunda de Claromec\u00f3, llev\u00f3 a cabo la detenci\u00f3n de un joven de 19 a\u00f1os en la localidad balnearia. La medida responde a una orden judicial por considerarlo responsable del delito de lesiones graves dolosas.<\/p>\n\n\n\n<p>El hecho que motiv\u00f3 la detenci\u00f3n ocurri\u00f3 el pasado 23 de noviembre en un local gastron\u00f3mico, donde se produjo una discusi\u00f3n que deriv\u00f3 en una agresi\u00f3n. Seg\u00fan se inform\u00f3, el ahora detenido atac\u00f3 a un menor de 14 a\u00f1os con una botella de vidrio, caus\u00e1ndole cortes en el rostro que fueron catalogados como lesiones graves por el personal m\u00e9dico.<\/p>\n\n\n\n<p>Tras la investigaci\u00f3n policial, la Fiscal\u00eda a cargo del Dr. Gabriel Lopazzo solicit\u00f3 la detenci\u00f3n del sospechoso, lo que fue concedido por el Juzgado de Garant\u00edas del Departamento Judicial de Bah\u00eda Blanca, con sede en Tres Arroyos. La detenci\u00f3n se concret\u00f3 en Claromec\u00f3 y el joven qued\u00f3 alojado en los calabozos de la Comisar\u00eda Primera de Tres Arroyos, a disposici\u00f3n de la justicia.<\/p>\n","protected":false},"excerpt":{"rendered":"<p>En la jornada de ayer, personal de la SubDDI Tres Arroyos, con colaboraci\u00f3n de la Estaci\u00f3n de Polic\u00eda Comunal Segunda de Claromec\u00f3, llev\u00f3 a cabo la detenci\u00f3n de un joven de 19 a\u00f1os en la localidad balnearia. La medida responde a una orden judicial por considerarlo responsable del delito de lesiones graves dolosas. El hecho [&hellip;]<\/p>\n","protected":false},"author":1,"featured_media":53102,"comment_status":"open","ping_status":"open","sticky":false,"template":"","format":"standard","meta":{"tdm_status":"","tdm_grid_status":"","_jetpack_memberships_contains_paid_content":false,"footnotes":"","jetpack_publicize_message":"","jetpack_publicize_feature_enabled":true,"jetpack_social_post_already_shared":false,"jetpack_social_options":{"image_generator_settings":{"template":"highway","default_image_id":0,"font":"","enabled":false},"version":2}},"categories":[29],"tags":[],"class_list":{"0":"post-53101","1":"post","2":"type-post","3":"status-publish","4":"format-standard","5":"has-post-thumbnail","7":"category-policiales"},"yoast_head":"<!-- This site is optimized with the Yoast SEO plugin v22.7 - https:\/\/yoast.com\/wordpress\/plugins\/seo\/ -->\n<title>Detenci\u00f3n en Claromec\u00f3 por lesiones graves tras una discusi\u00f3n en un comercio - 103.9 fm<\/title>\n<meta name=\"robots\" content=\"index, follow, max-snippet:-1, max-image-preview:large, max-video-preview:-1\" \/>\n<link rel=\"canonical\" href=\"https:\/\/ondauno.com.ar\/index.php\/2025\/01\/17\/detencion-en-claromeco-por-lesiones-graves-tras-una-discusion-en-un-comercio\/\" \/>\n<meta property=\"og:locale\" content=\"es_ES\" \/>\n<meta property=\"og:type\" content=\"article\" \/>\n<meta property=\"og:title\" content=\"Detenci\u00f3n en Claromec\u00f3 por lesiones graves tras una discusi\u00f3n en un comercio - 103.9 fm\" \/>\n<meta property=\"og:description\" content=\"En la jornada de ayer, personal de la SubDDI Tres Arroyos, con colaboraci\u00f3n de la Estaci\u00f3n de Polic\u00eda Comunal Segunda de Claromec\u00f3, llev\u00f3 a cabo la detenci\u00f3n de un joven de 19 a\u00f1os en la localidad balnearia. La medida responde a una orden judicial por considerarlo responsable del delito de lesiones graves dolosas. El hecho [&hellip;]\" \/>\n<meta property=\"og:url\" content=\"https:\/\/ondauno.com.ar\/index.php\/2025\/01\/17\/detencion-en-claromeco-por-lesiones-graves-tras-una-discusion-en-un-comercio\/\" \/>\n<meta property=\"og:site_name\" content=\"103.9 fm\" \/>\n<meta property=\"article:publisher\" content=\"https:\/\/www.facebook.com\/ondauno103.9\" \/>\n<meta property=\"article:published_time\" content=\"2025-01-17T18:22:35+00:00\" \/>\n<meta property=\"article:modified_time\" content=\"2025-01-17T18:22:39+00:00\" \/>\n<meta property=\"og:image\" content=\"http:\/\/ondauno.com.ar\/wp-content\/uploads\/2025\/01\/WhatsApp-Image-2025-01-17-at-14.02.17.jpeg\" \/>\n\t<meta property=\"og:image:width\" content=\"900\" \/>\n\t<meta property=\"og:image:height\" content=\"1600\" \/>\n\t<meta property=\"og:image:type\" content=\"image\/jpeg\" \/>\n<meta name=\"author\" content=\"OndaUno\" \/>\n<meta name=\"twitter:card\" content=\"summary_large_image\" \/>\n<meta name=\"twitter:label1\" content=\"Escrito por\" \/>\n\t<meta name=\"twitter:data1\" content=\"OndaUno\" \/>\n\t<meta name=\"twitter:label2\" content=\"Tiempo de lectura\" \/>\n\t<meta name=\"twitter:data2\" content=\"2 minutos\" \/>\n<script type=\"application\/ld+json\" class=\"yoast-schema-graph\">{\"@context\":\"https:\/\/schema.org\",\"@graph\":[{\"@type\":\"WebPage\",\"@id\":\"https:\/\/ondauno.com.ar\/index.php\/2025\/01\/17\/detencion-en-claromeco-por-lesiones-graves-tras-una-discusion-en-un-comercio\/\",\"url\":\"https:\/\/ondauno.com.ar\/index.php\/2025\/01\/17\/detencion-en-claromeco-por-lesiones-graves-tras-una-discusion-en-un-comercio\/\",\"name\":\"Detenci\u00f3n en Claromec\u00f3 por lesiones graves tras una discusi\u00f3n en un comercio - 103.9 fm\",\"isPartOf\":{\"@id\":\"https:\/\/ondauno.com.ar\/#website\"},\"primaryImageOfPage\":{\"@id\":\"https:\/\/ondauno.com.ar\/index.php\/2025\/01\/17\/detencion-en-claromeco-por-lesiones-graves-tras-una-discusion-en-un-comercio\/#primaryimage\"},\"image\":{\"@id\":\"https:\/\/ondauno.com.ar\/index.php\/2025\/01\/17\/detencion-en-claromeco-por-lesiones-graves-tras-una-discusion-en-un-comercio\/#primaryimage\"},\"thumbnailUrl\":\"https:\/\/ondauno.com.ar\/wp-content\/uploads\/2025\/01\/WhatsApp-Image-2025-01-17-at-14.02.17.jpeg\",\"datePublished\":\"2025-01-17T18:22:35+00:00\",\"dateModified\":\"2025-01-17T18:22:39+00:00\",\"author\":{\"@id\":\"https:\/\/ondauno.com.ar\/#\/schema\/person\/7ec851ddeceb4133d7d7132dc645714e\"},\"breadcrumb\":{\"@id\":\"https:\/\/ondauno.com.ar\/index.php\/2025\/01\/17\/detencion-en-claromeco-por-lesiones-graves-tras-una-discusion-en-un-comercio\/#breadcrumb\"},\"inLanguage\":\"es-AR\",\"potentialAction\":[{\"@type\":\"ReadAction\",\"target\":[\"https:\/\/ondauno.com.ar\/index.php\/2025\/01\/17\/detencion-en-claromeco-por-lesiones-graves-tras-una-discusion-en-un-comercio\/\"]}]},{\"@type\":\"ImageObject\",\"inLanguage\":\"es-AR\",\"@id\":\"https:\/\/ondauno.com.ar\/index.php\/2025\/01\/17\/detencion-en-claromeco-por-lesiones-graves-tras-una-discusion-en-un-comercio\/#primaryimage\",\"url\":\"https:\/\/ondauno.com.ar\/wp-content\/uploads\/2025\/01\/WhatsApp-Image-2025-01-17-at-14.02.17.jpeg\",\"contentUrl\":\"https:\/\/ondauno.com.ar\/wp-content\/uploads\/2025\/01\/WhatsApp-Image-2025-01-17-at-14.02.17.jpeg\",\"width\":900,\"height\":1600},{\"@type\":\"BreadcrumbList\",\"@id\":\"https:\/\/ondauno.com.ar\/index.php\/2025\/01\/17\/detencion-en-claromeco-por-lesiones-graves-tras-una-discusion-en-un-comercio\/#breadcrumb\",\"itemListElement\":[{\"@type\":\"ListItem\",\"position\":1,\"name\":\"Inicio\",\"item\":\"https:\/\/ondauno.com.ar\/\"},{\"@type\":\"ListItem\",\"position\":2,\"name\":\"Detenci\u00f3n en Claromec\u00f3 por lesiones graves tras una discusi\u00f3n en un comercio\"}]},{\"@type\":\"WebSite\",\"@id\":\"https:\/\/ondauno.com.ar\/#website\",\"url\":\"https:\/\/ondauno.com.ar\/\",\"name\":\"103.9 fm\",\"description\":\"LA PRIMERA RADIO MULTIMEDIA DE TRES ARROYOS\",\"potentialAction\":[{\"@type\":\"SearchAction\",\"target\":{\"@type\":\"EntryPoint\",\"urlTemplate\":\"https:\/\/ondauno.com.ar\/?s={search_term_string}\"},\"query-input\":\"required name=search_term_string\"}],\"inLanguage\":\"es-AR\"},{\"@type\":\"Person\",\"@id\":\"https:\/\/ondauno.com.ar\/#\/schema\/person\/7ec851ddeceb4133d7d7132dc645714e\",\"name\":\"OndaUno\",\"image\":{\"@type\":\"ImageObject\",\"inLanguage\":\"es-AR\",\"@id\":\"https:\/\/ondauno.com.ar\/#\/schema\/person\/image\/\",\"url\":\"https:\/\/secure.gravatar.com\/avatar\/93b8009f0de7021f1feb2bd5b32fb9e8?s=96&d=mm&r=g\",\"contentUrl\":\"https:\/\/secure.gravatar.com\/avatar\/93b8009f0de7021f1feb2bd5b32fb9e8?s=96&d=mm&r=g\",\"caption\":\"OndaUno\"},\"url\":\"https:\/\/ondauno.com.ar\/index.php\/author\/ondauno\/\"}]}<\/script>\n<!-- \/ Yoast SEO plugin. -->","yoast_head_json":{"title":"Detenci\u00f3n en Claromec\u00f3 por lesiones graves tras una discusi\u00f3n en un comercio - 103.9 fm","robots":{"index":"index","follow":"follow","max-snippet":"max-snippet:-1","max-image-preview":"max-image-preview:large","max-video-preview":"max-video-preview:-1"},"canonical":"https:\/\/ondauno.com.ar\/index.php\/2025\/01\/17\/detencion-en-claromeco-por-lesiones-graves-tras-una-discusion-en-un-comercio\/","og_locale":"es_ES","og_type":"article","og_title":"Detenci\u00f3n en Claromec\u00f3 por lesiones graves tras una discusi\u00f3n en un comercio - 103.9 fm","og_description":"En la jornada de ayer, personal de la SubDDI Tres Arroyos, con colaboraci\u00f3n de la Estaci\u00f3n de Polic\u00eda Comunal Segunda de Claromec\u00f3, llev\u00f3 a cabo la detenci\u00f3n de un joven de 19 a\u00f1os en la localidad balnearia. La medida responde a una orden judicial por considerarlo responsable del delito de lesiones graves dolosas. El hecho [&hellip;]","og_url":"https:\/\/ondauno.com.ar\/index.php\/2025\/01\/17\/detencion-en-claromeco-por-lesiones-graves-tras-una-discusion-en-un-comercio\/","og_site_name":"103.9 fm","article_publisher":"https:\/\/www.facebook.com\/ondauno103.9","article_published_time":"2025-01-17T18:22:35+00:00","article_modified_time":"2025-01-17T18:22:39+00:00","og_image":[{"width":900,"height":1600,"url":"http:\/\/ondauno.com.ar\/wp-content\/uploads\/2025\/01\/WhatsApp-Image-2025-01-17-at-14.02.17.jpeg","type":"image\/jpeg"}],"author":"OndaUno","twitter_card":"summary_large_image","twitter_misc":{"Escrito por":"OndaUno","Tiempo de lectura":"2 minutos"},"schema":{"@context":"https:\/\/schema.org","@graph":[{"@type":"WebPage","@id":"https:\/\/ondauno.com.ar\/index.php\/2025\/01\/17\/detencion-en-claromeco-por-lesiones-graves-tras-una-discusion-en-un-comercio\/","url":"https:\/\/ondauno.com.ar\/index.php\/2025\/01\/17\/detencion-en-claromeco-por-lesiones-graves-tras-una-discusion-en-un-comercio\/","name":"Detenci\u00f3n en Claromec\u00f3 por lesiones graves tras una discusi\u00f3n en un comercio - 103.9 fm","isPartOf":{"@id":"https:\/\/ondauno.com.ar\/#website"},"primaryImageOfPage":{"@id":"https:\/\/ondauno.com.ar\/index.php\/2025\/01\/17\/detencion-en-claromeco-por-lesiones-graves-tras-una-discusion-en-un-comercio\/#primaryimage"},"image":{"@id":"https:\/\/ondauno.com.ar\/index.php\/2025\/01\/17\/detencion-en-claromeco-por-lesiones-graves-tras-una-discusion-en-un-comercio\/#primaryimage"},"thumbnailUrl":"https:\/\/ondauno.com.ar\/wp-content\/uploads\/2025\/01\/WhatsApp-Image-2025-01-17-at-14.02.17.jpeg","datePublished":"2025-01-17T18:22:35+00:00","dateModified":"2025-01-17T18:22:39+00:00","author":{"@id":"https:\/\/ondauno.com.ar\/#\/schema\/person\/7ec851ddeceb4133d7d7132dc645714e"},"breadcrumb":{"@id":"https:\/\/ondauno.com.ar\/index.php\/2025\/01\/17\/detencion-en-claromeco-por-lesiones-graves-tras-una-discusion-en-un-comercio\/#breadcrumb"},"inLanguage":"es-AR","potentialAction":[{"@type":"ReadAction","target":["https:\/\/ondauno.com.ar\/index.php\/2025\/01\/17\/detencion-en-claromeco-por-lesiones-graves-tras-una-discusion-en-un-comercio\/"]}]},{"@type":"ImageObject","inLanguage":"es-AR","@id":"https:\/\/ondauno.com.ar\/index.php\/2025\/01\/17\/detencion-en-claromeco-por-lesiones-graves-tras-una-discusion-en-un-comercio\/#primaryimage","url":"https:\/\/ondauno.com.ar\/wp-content\/uploads\/2025\/01\/WhatsApp-Image-2025-01-17-at-14.02.17.jpeg","contentUrl":"https:\/\/ondauno.com.ar\/wp-content\/uploads\/2025\/01\/WhatsApp-Image-2025-01-17-at-14.02.17.jpeg","width":900,"height":1600},{"@type":"BreadcrumbList","@id":"https:\/\/ondauno.com.ar\/index.php\/2025\/01\/17\/detencion-en-claromeco-por-lesiones-graves-tras-una-discusion-en-un-comercio\/#breadcrumb","itemListElement":[{"@type":"ListItem","position":1,"name":"Inicio","item":"https:\/\/ondauno.com.ar\/"},{"@type":"ListItem","position":2,"name":"Detenci\u00f3n en Claromec\u00f3 por lesiones graves tras una discusi\u00f3n en un comercio"}]},{"@type":"WebSite","@id":"https:\/\/ondauno.com.ar\/#website","url":"https:\/\/ondauno.com.ar\/","name":"103.9 fm","description":"LA PRIMERA RADIO MULTIMEDIA DE TRES ARROYOS","potentialAction":[{"@type":"SearchAction","target":{"@type":"EntryPoint","urlTemplate":"https:\/\/ondauno.com.ar\/?s={search_term_string}"},"query-input":"required name=search_term_string"}],"inLanguage":"es-AR"},{"@type":"Person","@id":"https:\/\/ondauno.com.ar\/#\/schema\/person\/7ec851ddeceb4133d7d7132dc645714e","name":"OndaUno","image":{"@type":"ImageObject","inLanguage":"es-AR","@id":"https:\/\/ondauno.com.ar\/#\/schema\/person\/image\/","url":"https:\/\/secure.gravatar.com\/avatar\/93b8009f0de7021f1feb2bd5b32fb9e8?s=96&d=mm&r=g","contentUrl":"https:\/\/secure.gravatar.com\/avatar\/93b8009f0de7021f1feb2bd5b32fb9e8?s=96&d=mm&r=g","caption":"OndaUno"},"url":"https:\/\/ondauno.com.ar\/index.php\/author\/ondauno\/"}]}},"jetpack_publicize_connections":[],"jetpack_featured_media_url":"https:\/\/ondauno.com.ar\/wp-content\/uploads\/2025\/01\/WhatsApp-Image-2025-01-17-at-14.02.17.jpeg","jetpack_sharing_enabled":true,"_links":{"self":[{"href":"https:\/\/ondauno.com.ar\/index.php\/wp-json\/wp\/v2\/posts\/53101","targetHints":{"allow":["GET"]}}],"collection":[{"href":"https:\/\/ondauno.com.ar\/index.php\/wp-json\/wp\/v2\/posts"}],"about":[{"href":"https:\/\/ondauno.com.ar\/index.php\/wp-json\/wp\/v2\/types\/post"}],"author":[{"embeddable":true,"href":"https:\/\/ondauno.com.ar\/index.php\/wp-json\/wp\/v2\/users\/1"}],"replies":[{"embeddable":true,"href":"https:\/\/ondauno.com.ar\/index.php\/wp-json\/wp\/v2\/comments?post=53101"}],"version-history":[{"count":1,"href":"https:\/\/ondauno.com.ar\/index.php\/wp-json\/wp\/v2\/posts\/53101\/revisions"}],"predecessor-version":[{"id":53103,"href":"https:\/\/ondauno.com.ar\/index.php\/wp-json\/wp\/v2\/posts\/53101\/revisions\/53103"}],"wp:featuredmedia":[{"embeddable":true,"href":"https:\/\/ondauno.com.ar\/index.php\/wp-json\/wp\/v2\/media\/53102"}],"wp:attachment":[{"href":"https:\/\/ondauno.com.ar\/index.php\/wp-json\/wp\/v2\/media?parent=53101"}],"wp:term":[{"taxonomy":"category","embeddable":true,"href":"https:\/\/ondauno.com.ar\/index.php\/wp-json\/wp\/v2\/categories?post=53101"},{"taxonomy":"post_tag","embeddable":true,"href":"https:\/\/ondauno.com.ar\/index.php\/wp-json\/wp\/v2\/tags?post=53101"}],"curies":[{"name":"wp","href":"https:\/\/api.w.org\/{rel}","templated":true}]}}