{"id":52810,"date":"2025-01-04T11:56:38","date_gmt":"2025-01-04T14:56:38","guid":{"rendered":"https:\/\/ondauno.com.ar\/?p=52810"},"modified":"2025-01-04T11:56:41","modified_gmt":"2025-01-04T14:56:41","slug":"direccion-de-juventud-presente-con-puesto-de-hidratacion-en-las-fiestas-de-claromeco","status":"publish","type":"post","link":"https:\/\/ondauno.com.ar\/index.php\/2025\/01\/04\/direccion-de-juventud-presente-con-puesto-de-hidratacion-en-las-fiestas-de-claromeco\/","title":{"rendered":"Direcci\u00f3n de Juventud presente con puesto de hidrataci\u00f3n en las fiestas de Claromec\u00f3"},"content":{"rendered":"<div class=\"ondau-before-content_3\" style=\"margin-top: -30px;\" id=\"ondau-2311007664\"><a href=\"https:\/\/www.lps.com.ar\/\" aria-label=\"la-perse2\"><img loading=\"lazy\" decoding=\"async\" src=\"https:\/\/ondauno.com.ar\/wp-content\/uploads\/2021\/10\/la-perse2.jpg\" alt=\"\"  srcset=\"https:\/\/ondauno.com.ar\/wp-content\/uploads\/2021\/10\/la-perse2.jpg 1353w, https:\/\/ondauno.com.ar\/wp-content\/uploads\/2021\/10\/la-perse2-300x43.jpg 300w, https:\/\/ondauno.com.ar\/wp-content\/uploads\/2021\/10\/la-perse2-1024x148.jpg 1024w, https:\/\/ondauno.com.ar\/wp-content\/uploads\/2021\/10\/la-perse2-768x111.jpg 768w, https:\/\/ondauno.com.ar\/wp-content\/uploads\/2021\/10\/la-perse2-696x100.jpg 696w, https:\/\/ondauno.com.ar\/wp-content\/uploads\/2021\/10\/la-perse2-1068x154.jpg 1068w\" sizes=\"(max-width: 1353px) 100vw, 1353px\" class=\"no-lazyload\" width=\"1353\" height=\"195\"  style=\"display: inline-block;\" \/><\/a><\/div>\n<p>La Direcci\u00f3n de Pol\u00edticas para la Juventud anuncia que a partir de este Viernes 3 de Enero estar\u00e1 presente en las fiestas nocturnas de Claromec\u00f3 los d\u00edas Viernes y S\u00e1bado con puesto de hidrataci\u00f3n.<\/p>\n\n\n\n<p>Como parte de una de sus actividades informadas para este verano, desde el \u00e1rea municipal insisten con la importancia de trabajar y actuar de forma preventiva para que la juventud pueda disfrutar de sus espacios de dispersi\u00f3n de forma responsable y segura.<\/p>\n\n\n\n<p>En palabras del Director Jul\u00e1n Tornini \u201cEl hecho de que haya un puesto de hidrataci\u00f3n los fines de semana es simplemente uno de los eslabones de la cadena del trabajo en conjunto que estamos llevando con todas las \u00e1reas como son salud, seguridad, cultura, deportes, etc. Nos resulta importante poder estar cerca de los j\u00f3venes para que estos y sus familias est\u00e9n tranquilos de que todo lo que podamos hacer para prevenir cualquier da\u00f1o lo estamos haciendo\u201d.<\/p>\n\n\n\n<p>\u201cEstamos seguros que adem\u00e1s del trabajo que vamos a hacer desde el municipio, contaremos con el apoyo de la familia de los j\u00f3venes sobre la responsabilidad y el cuidado tanto de sus personas como del espacio p\u00fablico y el cuidado de los vecinos.\u201d<\/p>\n\n\n\n<p><\/p>\n","protected":false},"excerpt":{"rendered":"<p>La Direcci\u00f3n de Pol\u00edticas para la Juventud anuncia que a partir de este Viernes 3 de Enero estar\u00e1 presente en las fiestas nocturnas de Claromec\u00f3 los d\u00edas Viernes y S\u00e1bado con puesto de hidrataci\u00f3n. Como parte de una de sus actividades informadas para este verano, desde el \u00e1rea municipal insisten con la importancia de trabajar [&hellip;]<\/p>\n","protected":false},"author":1,"featured_media":52811,"comment_status":"open","ping_status":"open","sticky":false,"template":"","format":"standard","meta":{"tdm_status":"","tdm_grid_status":"","_jetpack_memberships_contains_paid_content":false,"footnotes":"","jetpack_publicize_message":"","jetpack_publicize_feature_enabled":true,"jetpack_social_post_already_shared":false,"jetpack_social_options":{"image_generator_settings":{"template":"highway","default_image_id":0,"font":"","enabled":false},"version":2}},"categories":[2],"tags":[],"class_list":{"0":"post-52810","1":"post","2":"type-post","3":"status-publish","4":"format-standard","5":"has-post-thumbnail","7":"category-locales"},"yoast_head":"<!-- This site is optimized with the Yoast SEO plugin v22.7 - https:\/\/yoast.com\/wordpress\/plugins\/seo\/ -->\n<title>Direcci\u00f3n de Juventud presente con puesto de hidrataci\u00f3n en las fiestas de Claromec\u00f3 - 103.9 fm<\/title>\n<meta name=\"robots\" content=\"index, follow, max-snippet:-1, max-image-preview:large, max-video-preview:-1\" \/>\n<link rel=\"canonical\" href=\"https:\/\/ondauno.com.ar\/index.php\/2025\/01\/04\/direccion-de-juventud-presente-con-puesto-de-hidratacion-en-las-fiestas-de-claromeco\/\" \/>\n<meta property=\"og:locale\" content=\"es_ES\" \/>\n<meta property=\"og:type\" content=\"article\" \/>\n<meta property=\"og:title\" content=\"Direcci\u00f3n de Juventud presente con puesto de hidrataci\u00f3n en las fiestas de Claromec\u00f3 - 103.9 fm\" \/>\n<meta property=\"og:description\" content=\"La Direcci\u00f3n de Pol\u00edticas para la Juventud anuncia que a partir de este Viernes 3 de Enero estar\u00e1 presente en las fiestas nocturnas de Claromec\u00f3 los d\u00edas Viernes y S\u00e1bado con puesto de hidrataci\u00f3n. Como parte de una de sus actividades informadas para este verano, desde el \u00e1rea municipal insisten con la importancia de trabajar [&hellip;]\" \/>\n<meta property=\"og:url\" content=\"https:\/\/ondauno.com.ar\/index.php\/2025\/01\/04\/direccion-de-juventud-presente-con-puesto-de-hidratacion-en-las-fiestas-de-claromeco\/\" \/>\n<meta property=\"og:site_name\" content=\"103.9 fm\" \/>\n<meta property=\"article:publisher\" content=\"https:\/\/www.facebook.com\/ondauno103.9\" \/>\n<meta property=\"article:published_time\" content=\"2025-01-04T14:56:38+00:00\" \/>\n<meta property=\"article:modified_time\" content=\"2025-01-04T14:56:41+00:00\" \/>\n<meta property=\"og:image\" content=\"http:\/\/ondauno.com.ar\/wp-content\/uploads\/2025\/01\/WhatsApp-Image-2025-01-03-at-12.14.45.jpeg\" \/>\n\t<meta property=\"og:image:width\" content=\"1080\" \/>\n\t<meta property=\"og:image:height\" content=\"1080\" \/>\n\t<meta property=\"og:image:type\" content=\"image\/jpeg\" \/>\n<meta name=\"author\" content=\"OndaUno\" \/>\n<meta name=\"twitter:card\" content=\"summary_large_image\" \/>\n<meta name=\"twitter:label1\" content=\"Escrito por\" \/>\n\t<meta name=\"twitter:data1\" content=\"OndaUno\" \/>\n\t<meta name=\"twitter:label2\" content=\"Tiempo de lectura\" \/>\n\t<meta name=\"twitter:data2\" content=\"2 minutos\" \/>\n<script type=\"application\/ld+json\" class=\"yoast-schema-graph\">{\"@context\":\"https:\/\/schema.org\",\"@graph\":[{\"@type\":\"WebPage\",\"@id\":\"https:\/\/ondauno.com.ar\/index.php\/2025\/01\/04\/direccion-de-juventud-presente-con-puesto-de-hidratacion-en-las-fiestas-de-claromeco\/\",\"url\":\"https:\/\/ondauno.com.ar\/index.php\/2025\/01\/04\/direccion-de-juventud-presente-con-puesto-de-hidratacion-en-las-fiestas-de-claromeco\/\",\"name\":\"Direcci\u00f3n de Juventud presente con puesto de hidrataci\u00f3n en las fiestas de Claromec\u00f3 - 103.9 fm\",\"isPartOf\":{\"@id\":\"https:\/\/ondauno.com.ar\/#website\"},\"primaryImageOfPage\":{\"@id\":\"https:\/\/ondauno.com.ar\/index.php\/2025\/01\/04\/direccion-de-juventud-presente-con-puesto-de-hidratacion-en-las-fiestas-de-claromeco\/#primaryimage\"},\"image\":{\"@id\":\"https:\/\/ondauno.com.ar\/index.php\/2025\/01\/04\/direccion-de-juventud-presente-con-puesto-de-hidratacion-en-las-fiestas-de-claromeco\/#primaryimage\"},\"thumbnailUrl\":\"https:\/\/ondauno.com.ar\/wp-content\/uploads\/2025\/01\/WhatsApp-Image-2025-01-03-at-12.14.45.jpeg\",\"datePublished\":\"2025-01-04T14:56:38+00:00\",\"dateModified\":\"2025-01-04T14:56:41+00:00\",\"author\":{\"@id\":\"https:\/\/ondauno.com.ar\/#\/schema\/person\/7ec851ddeceb4133d7d7132dc645714e\"},\"breadcrumb\":{\"@id\":\"https:\/\/ondauno.com.ar\/index.php\/2025\/01\/04\/direccion-de-juventud-presente-con-puesto-de-hidratacion-en-las-fiestas-de-claromeco\/#breadcrumb\"},\"inLanguage\":\"es-AR\",\"potentialAction\":[{\"@type\":\"ReadAction\",\"target\":[\"https:\/\/ondauno.com.ar\/index.php\/2025\/01\/04\/direccion-de-juventud-presente-con-puesto-de-hidratacion-en-las-fiestas-de-claromeco\/\"]}]},{\"@type\":\"ImageObject\",\"inLanguage\":\"es-AR\",\"@id\":\"https:\/\/ondauno.com.ar\/index.php\/2025\/01\/04\/direccion-de-juventud-presente-con-puesto-de-hidratacion-en-las-fiestas-de-claromeco\/#primaryimage\",\"url\":\"https:\/\/ondauno.com.ar\/wp-content\/uploads\/2025\/01\/WhatsApp-Image-2025-01-03-at-12.14.45.jpeg\",\"contentUrl\":\"https:\/\/ondauno.com.ar\/wp-content\/uploads\/2025\/01\/WhatsApp-Image-2025-01-03-at-12.14.45.jpeg\",\"width\":1080,\"height\":1080},{\"@type\":\"BreadcrumbList\",\"@id\":\"https:\/\/ondauno.com.ar\/index.php\/2025\/01\/04\/direccion-de-juventud-presente-con-puesto-de-hidratacion-en-las-fiestas-de-claromeco\/#breadcrumb\",\"itemListElement\":[{\"@type\":\"ListItem\",\"position\":1,\"name\":\"Inicio\",\"item\":\"https:\/\/ondauno.com.ar\/\"},{\"@type\":\"ListItem\",\"position\":2,\"name\":\"Direcci\u00f3n de Juventud presente con puesto de hidrataci\u00f3n en las fiestas de Claromec\u00f3\"}]},{\"@type\":\"WebSite\",\"@id\":\"https:\/\/ondauno.com.ar\/#website\",\"url\":\"https:\/\/ondauno.com.ar\/\",\"name\":\"103.9 fm\",\"description\":\"LA PRIMERA RADIO MULTIMEDIA DE TRES ARROYOS\",\"potentialAction\":[{\"@type\":\"SearchAction\",\"target\":{\"@type\":\"EntryPoint\",\"urlTemplate\":\"https:\/\/ondauno.com.ar\/?s={search_term_string}\"},\"query-input\":\"required name=search_term_string\"}],\"inLanguage\":\"es-AR\"},{\"@type\":\"Person\",\"@id\":\"https:\/\/ondauno.com.ar\/#\/schema\/person\/7ec851ddeceb4133d7d7132dc645714e\",\"name\":\"OndaUno\",\"image\":{\"@type\":\"ImageObject\",\"inLanguage\":\"es-AR\",\"@id\":\"https:\/\/ondauno.com.ar\/#\/schema\/person\/image\/\",\"url\":\"https:\/\/secure.gravatar.com\/avatar\/93b8009f0de7021f1feb2bd5b32fb9e8?s=96&d=mm&r=g\",\"contentUrl\":\"https:\/\/secure.gravatar.com\/avatar\/93b8009f0de7021f1feb2bd5b32fb9e8?s=96&d=mm&r=g\",\"caption\":\"OndaUno\"},\"url\":\"https:\/\/ondauno.com.ar\/index.php\/author\/ondauno\/\"}]}<\/script>\n<!-- \/ Yoast SEO plugin. -->","yoast_head_json":{"title":"Direcci\u00f3n de Juventud presente con puesto de hidrataci\u00f3n en las fiestas de Claromec\u00f3 - 103.9 fm","robots":{"index":"index","follow":"follow","max-snippet":"max-snippet:-1","max-image-preview":"max-image-preview:large","max-video-preview":"max-video-preview:-1"},"canonical":"https:\/\/ondauno.com.ar\/index.php\/2025\/01\/04\/direccion-de-juventud-presente-con-puesto-de-hidratacion-en-las-fiestas-de-claromeco\/","og_locale":"es_ES","og_type":"article","og_title":"Direcci\u00f3n de Juventud presente con puesto de hidrataci\u00f3n en las fiestas de Claromec\u00f3 - 103.9 fm","og_description":"La Direcci\u00f3n de Pol\u00edticas para la Juventud anuncia que a partir de este Viernes 3 de Enero estar\u00e1 presente en las fiestas nocturnas de Claromec\u00f3 los d\u00edas Viernes y S\u00e1bado con puesto de hidrataci\u00f3n. Como parte de una de sus actividades informadas para este verano, desde el \u00e1rea municipal insisten con la importancia de trabajar [&hellip;]","og_url":"https:\/\/ondauno.com.ar\/index.php\/2025\/01\/04\/direccion-de-juventud-presente-con-puesto-de-hidratacion-en-las-fiestas-de-claromeco\/","og_site_name":"103.9 fm","article_publisher":"https:\/\/www.facebook.com\/ondauno103.9","article_published_time":"2025-01-04T14:56:38+00:00","article_modified_time":"2025-01-04T14:56:41+00:00","og_image":[{"width":1080,"height":1080,"url":"http:\/\/ondauno.com.ar\/wp-content\/uploads\/2025\/01\/WhatsApp-Image-2025-01-03-at-12.14.45.jpeg","type":"image\/jpeg"}],"author":"OndaUno","twitter_card":"summary_large_image","twitter_misc":{"Escrito por":"OndaUno","Tiempo de lectura":"2 minutos"},"schema":{"@context":"https:\/\/schema.org","@graph":[{"@type":"WebPage","@id":"https:\/\/ondauno.com.ar\/index.php\/2025\/01\/04\/direccion-de-juventud-presente-con-puesto-de-hidratacion-en-las-fiestas-de-claromeco\/","url":"https:\/\/ondauno.com.ar\/index.php\/2025\/01\/04\/direccion-de-juventud-presente-con-puesto-de-hidratacion-en-las-fiestas-de-claromeco\/","name":"Direcci\u00f3n de Juventud presente con puesto de hidrataci\u00f3n en las fiestas de Claromec\u00f3 - 103.9 fm","isPartOf":{"@id":"https:\/\/ondauno.com.ar\/#website"},"primaryImageOfPage":{"@id":"https:\/\/ondauno.com.ar\/index.php\/2025\/01\/04\/direccion-de-juventud-presente-con-puesto-de-hidratacion-en-las-fiestas-de-claromeco\/#primaryimage"},"image":{"@id":"https:\/\/ondauno.com.ar\/index.php\/2025\/01\/04\/direccion-de-juventud-presente-con-puesto-de-hidratacion-en-las-fiestas-de-claromeco\/#primaryimage"},"thumbnailUrl":"https:\/\/ondauno.com.ar\/wp-content\/uploads\/2025\/01\/WhatsApp-Image-2025-01-03-at-12.14.45.jpeg","datePublished":"2025-01-04T14:56:38+00:00","dateModified":"2025-01-04T14:56:41+00:00","author":{"@id":"https:\/\/ondauno.com.ar\/#\/schema\/person\/7ec851ddeceb4133d7d7132dc645714e"},"breadcrumb":{"@id":"https:\/\/ondauno.com.ar\/index.php\/2025\/01\/04\/direccion-de-juventud-presente-con-puesto-de-hidratacion-en-las-fiestas-de-claromeco\/#breadcrumb"},"inLanguage":"es-AR","potentialAction":[{"@type":"ReadAction","target":["https:\/\/ondauno.com.ar\/index.php\/2025\/01\/04\/direccion-de-juventud-presente-con-puesto-de-hidratacion-en-las-fiestas-de-claromeco\/"]}]},{"@type":"ImageObject","inLanguage":"es-AR","@id":"https:\/\/ondauno.com.ar\/index.php\/2025\/01\/04\/direccion-de-juventud-presente-con-puesto-de-hidratacion-en-las-fiestas-de-claromeco\/#primaryimage","url":"https:\/\/ondauno.com.ar\/wp-content\/uploads\/2025\/01\/WhatsApp-Image-2025-01-03-at-12.14.45.jpeg","contentUrl":"https:\/\/ondauno.com.ar\/wp-content\/uploads\/2025\/01\/WhatsApp-Image-2025-01-03-at-12.14.45.jpeg","width":1080,"height":1080},{"@type":"BreadcrumbList","@id":"https:\/\/ondauno.com.ar\/index.php\/2025\/01\/04\/direccion-de-juventud-presente-con-puesto-de-hidratacion-en-las-fiestas-de-claromeco\/#breadcrumb","itemListElement":[{"@type":"ListItem","position":1,"name":"Inicio","item":"https:\/\/ondauno.com.ar\/"},{"@type":"ListItem","position":2,"name":"Direcci\u00f3n de Juventud presente con puesto de hidrataci\u00f3n en las fiestas de Claromec\u00f3"}]},{"@type":"WebSite","@id":"https:\/\/ondauno.com.ar\/#website","url":"https:\/\/ondauno.com.ar\/","name":"103.9 fm","description":"LA PRIMERA RADIO MULTIMEDIA DE TRES ARROYOS","potentialAction":[{"@type":"SearchAction","target":{"@type":"EntryPoint","urlTemplate":"https:\/\/ondauno.com.ar\/?s={search_term_string}"},"query-input":"required name=search_term_string"}],"inLanguage":"es-AR"},{"@type":"Person","@id":"https:\/\/ondauno.com.ar\/#\/schema\/person\/7ec851ddeceb4133d7d7132dc645714e","name":"OndaUno","image":{"@type":"ImageObject","inLanguage":"es-AR","@id":"https:\/\/ondauno.com.ar\/#\/schema\/person\/image\/","url":"https:\/\/secure.gravatar.com\/avatar\/93b8009f0de7021f1feb2bd5b32fb9e8?s=96&d=mm&r=g","contentUrl":"https:\/\/secure.gravatar.com\/avatar\/93b8009f0de7021f1feb2bd5b32fb9e8?s=96&d=mm&r=g","caption":"OndaUno"},"url":"https:\/\/ondauno.com.ar\/index.php\/author\/ondauno\/"}]}},"jetpack_publicize_connections":[],"jetpack_featured_media_url":"https:\/\/ondauno.com.ar\/wp-content\/uploads\/2025\/01\/WhatsApp-Image-2025-01-03-at-12.14.45.jpeg","jetpack_sharing_enabled":true,"_links":{"self":[{"href":"https:\/\/ondauno.com.ar\/index.php\/wp-json\/wp\/v2\/posts\/52810","targetHints":{"allow":["GET"]}}],"collection":[{"href":"https:\/\/ondauno.com.ar\/index.php\/wp-json\/wp\/v2\/posts"}],"about":[{"href":"https:\/\/ondauno.com.ar\/index.php\/wp-json\/wp\/v2\/types\/post"}],"author":[{"embeddable":true,"href":"https:\/\/ondauno.com.ar\/index.php\/wp-json\/wp\/v2\/users\/1"}],"replies":[{"embeddable":true,"href":"https:\/\/ondauno.com.ar\/index.php\/wp-json\/wp\/v2\/comments?post=52810"}],"version-history":[{"count":1,"href":"https:\/\/ondauno.com.ar\/index.php\/wp-json\/wp\/v2\/posts\/52810\/revisions"}],"predecessor-version":[{"id":52812,"href":"https:\/\/ondauno.com.ar\/index.php\/wp-json\/wp\/v2\/posts\/52810\/revisions\/52812"}],"wp:featuredmedia":[{"embeddable":true,"href":"https:\/\/ondauno.com.ar\/index.php\/wp-json\/wp\/v2\/media\/52811"}],"wp:attachment":[{"href":"https:\/\/ondauno.com.ar\/index.php\/wp-json\/wp\/v2\/media?parent=52810"}],"wp:term":[{"taxonomy":"category","embeddable":true,"href":"https:\/\/ondauno.com.ar\/index.php\/wp-json\/wp\/v2\/categories?post=52810"},{"taxonomy":"post_tag","embeddable":true,"href":"https:\/\/ondauno.com.ar\/index.php\/wp-json\/wp\/v2\/tags?post=52810"}],"curies":[{"name":"wp","href":"https:\/\/api.w.org\/{rel}","templated":true}]}}