{"id":5277,"date":"2020-01-30T13:55:10","date_gmt":"2020-01-30T16:55:10","guid":{"rendered":"http:\/\/ondauno.com.ar\/?p=5277"},"modified":"2020-02-08T13:19:55","modified_gmt":"2020-02-08T16:19:55","slug":"vendimia-2020-apoyo-del-gobierno-nacional-al-sector-vitivinicola","status":"publish","type":"post","link":"https:\/\/ondauno.com.ar\/index.php\/2020\/01\/30\/vendimia-2020-apoyo-del-gobierno-nacional-al-sector-vitivinicola\/","title":{"rendered":"Vendimia 2020: Apoyo del gobierno nacional al sector vitivin\u00edcola"},"content":{"rendered":"<div class=\"ondau-before-content_3\" style=\"margin-top: -30px;\" id=\"ondau-3427071080\"><a href=\"https:\/\/www.lps.com.ar\/\" aria-label=\"la-perse2\"><img loading=\"lazy\" decoding=\"async\" src=\"https:\/\/ondauno.com.ar\/wp-content\/uploads\/2021\/10\/la-perse2.jpg\" alt=\"\"  srcset=\"https:\/\/ondauno.com.ar\/wp-content\/uploads\/2021\/10\/la-perse2.jpg 1353w, https:\/\/ondauno.com.ar\/wp-content\/uploads\/2021\/10\/la-perse2-300x43.jpg 300w, https:\/\/ondauno.com.ar\/wp-content\/uploads\/2021\/10\/la-perse2-1024x148.jpg 1024w, https:\/\/ondauno.com.ar\/wp-content\/uploads\/2021\/10\/la-perse2-768x111.jpg 768w, https:\/\/ondauno.com.ar\/wp-content\/uploads\/2021\/10\/la-perse2-696x100.jpg 696w, https:\/\/ondauno.com.ar\/wp-content\/uploads\/2021\/10\/la-perse2-1068x154.jpg 1068w\" sizes=\"(max-width: 1353px) 100vw, 1353px\" class=\"no-lazyload\" width=\"1353\" height=\"195\"  style=\"display: inline-block;\" \/><\/a><\/div>\n<figure class=\"wp-block-image\"><img decoding=\"async\" data-src=\"https:\/\/lh3.googleusercontent.com\/TWM9wra3Uxd-w2AVGGNs--FTddJ_WbRSNmWO905QL6Te7cU2vI3pKFKtyy1Y9f80aE1xuNtTvOU4xU7pL8hlIAnFbjfa-Rogx_Xs2SSKw4Dh2PM2a_Sk0mdA5qKFuw\" alt=\"\" src=\"data:image\/gif;base64,R0lGODlhAQABAAAAACH5BAEKAAEALAAAAAABAAEAAAICTAEAOw==\" class=\"lazyload\" \/><noscript><img decoding=\"async\" src=\"https:\/\/lh3.googleusercontent.com\/TWM9wra3Uxd-w2AVGGNs--FTddJ_WbRSNmWO905QL6Te7cU2vI3pKFKtyy1Y9f80aE1xuNtTvOU4xU7pL8hlIAnFbjfa-Rogx_Xs2SSKw4Dh2PM2a_Sk0mdA5qKFuw\" alt=\"\"\/><\/noscript><\/figure>\n\n\n\n<p><\/p>\n\n\n\n<p>El Gobierno apoyar\u00e1 junto a la provincia de Mendoza al sector vitivin\u00edcola con pr\u00e9stamos a una tasa bonificada en torno al 20%&nbsp;<br \/><\/p>\n\n\n\n<ul class=\"wp-block-list\"><li>El objetivo es brindar financiamiento a tasas accesibles a peque\u00f1os productores de la provincia, de cara a la vendimia de este a\u00f1o.<\/li><\/ul>\n\n\n\n<p>Buenos Aires, 30 de enero de 2020. El Ministerio de Desarrollo Productivo de la Naci\u00f3n otorgar\u00e1 junto al Gobierno de Mendoza apoyo financiero a los productores vitivin\u00edcolas de esa provincia por un monto total de 700 millones de pesos. Ser\u00e1 en conjunto con el Banco de la Naci\u00f3n Argentina y el Fondo para la Transformaci\u00f3n y el Crecimiento (FTyC), a trav\u00e9s del r\u00e9gimen de bonificaci\u00f3n de tasas.&nbsp;<\/p>\n\n\n\n<p>El respaldo financiero, que se destinar\u00e1 para capital de trabajo, se brindar\u00e1 a trav\u00e9s de dos l\u00edneas. La primera ser\u00e1 por medio del Fondo para la Transformaci\u00f3n y el Crecimiento, por $ 300 millones y apuntar\u00e1 a peque\u00f1os productores con dificultades para acceder al sistema bancario.&nbsp;<\/p>\n\n\n\n<p>La otra l\u00ednea ser\u00e1 del Banco Naci\u00f3n, por un monto de $ 400 millones, destinada principalmente a cooperativas que agrupan a peque\u00f1os productores. Esta l\u00ednea contar\u00e1 con el respaldo de Naci\u00f3n, a trav\u00e9s del FONDEP.&nbsp;<\/p>\n\n\n\n<p>De esta forma, y a partir del esfuerzo conjunto de los gobiernos nacional y provincial, los productores contar\u00e1n con una tasa final para ambas l\u00edneas en torno al 20%, por un m\u00e1ximo de $ 2,5 millones por productor.<\/p>\n\n\n\n<p>Los productores lograr\u00e1n asi acceder a cr\u00e9ditos destinados a financiar gastos de cosecha y acarreo de uva y derivados del proceso de elaboraci\u00f3n vin\u00edcola, en el marco de vendimia de este a\u00f1o.&nbsp;<\/p>\n\n\n\n<p>El impulso a estas l\u00edneas de financiamiento se enmarca en el trabajo que est\u00e1 realizado el Ministerio de Desarrollo Productivo de la Naci\u00f3n para construir un esquema de financiamiento con tasas accesibles con alcance a diversos sectores productivos y regiones del pa\u00eds. En este marco, tambi\u00e9n se est\u00e1 trabajando con el gobierno de San Juan en una l\u00ednea de financiamiento para el sector agroindustrial.&nbsp;<\/p>\n\n\n\n<p>Sobre el sector<\/p>\n\n\n\n<p>De acuerdo a datos sectoriales, Argentina acumula el 2,8% de la superficie mundial de vi\u00f1edos y es el 7\u00b0 productor mundial de uvas. Adem\u00e1s, es el 5\u00b0 elaborador mundial de vinos y el 11\u00b0 exportador mundial. Argentina es uno de los pa\u00edses con mayor consumo per c\u00e1pita de vinos (18 litros por a\u00f1o). La facturaci\u00f3n anual del sector supera los US$ 3.500 millones. Genera aproximadamente 156.000 empleos directos y 300.000 indirectos.<\/p>\n\n\n\n<p><\/p>\n","protected":false},"excerpt":{"rendered":"<p>El Gobierno apoyar\u00e1 junto a la provincia de Mendoza al sector vitivin\u00edcola con pr\u00e9stamos a una tasa bonificada en torno al 20%&nbsp; El objetivo es brindar financiamiento a tasas accesibles a peque\u00f1os productores de la provincia, de cara a la vendimia de este a\u00f1o. Buenos Aires, 30 de enero de 2020. El Ministerio de Desarrollo [&hellip;]<\/p>\n","protected":false},"author":2,"featured_media":45248,"comment_status":"open","ping_status":"open","sticky":false,"template":"","format":"standard","meta":{"tdm_status":"","tdm_grid_status":"","_jetpack_memberships_contains_paid_content":false,"footnotes":"","jetpack_publicize_message":"","jetpack_publicize_feature_enabled":true,"jetpack_social_post_already_shared":false,"jetpack_social_options":{"image_generator_settings":{"template":"highway","default_image_id":0,"font":"","enabled":false},"version":2}},"categories":[3,1],"tags":[],"class_list":{"0":"post-5277","1":"post","2":"type-post","3":"status-publish","4":"format-standard","5":"has-post-thumbnail","7":"category-nacionales","8":"category-sin-categoria"},"yoast_head":"<!-- This site is optimized with the Yoast SEO plugin v22.7 - https:\/\/yoast.com\/wordpress\/plugins\/seo\/ -->\n<title>Vendimia 2020: Apoyo del gobierno nacional al sector vitivin\u00edcola - 103.9 fm<\/title>\n<meta name=\"robots\" content=\"index, follow, max-snippet:-1, max-image-preview:large, max-video-preview:-1\" \/>\n<link rel=\"canonical\" href=\"https:\/\/ondauno.com.ar\/index.php\/2020\/01\/30\/vendimia-2020-apoyo-del-gobierno-nacional-al-sector-vitivinicola\/\" \/>\n<meta property=\"og:locale\" content=\"es_ES\" \/>\n<meta property=\"og:type\" content=\"article\" \/>\n<meta property=\"og:title\" content=\"Vendimia 2020: Apoyo del gobierno nacional al sector vitivin\u00edcola - 103.9 fm\" \/>\n<meta property=\"og:description\" content=\"El Gobierno apoyar\u00e1 junto a la provincia de Mendoza al sector vitivin\u00edcola con pr\u00e9stamos a una tasa bonificada en torno al 20%&nbsp; El objetivo es brindar financiamiento a tasas accesibles a peque\u00f1os productores de la provincia, de cara a la vendimia de este a\u00f1o. Buenos Aires, 30 de enero de 2020. El Ministerio de Desarrollo [&hellip;]\" \/>\n<meta property=\"og:url\" content=\"https:\/\/ondauno.com.ar\/index.php\/2020\/01\/30\/vendimia-2020-apoyo-del-gobierno-nacional-al-sector-vitivinicola\/\" \/>\n<meta property=\"og:site_name\" content=\"103.9 fm\" \/>\n<meta property=\"article:publisher\" content=\"https:\/\/www.facebook.com\/ondauno103.9\" \/>\n<meta property=\"article:published_time\" content=\"2020-01-30T16:55:10+00:00\" \/>\n<meta property=\"article:modified_time\" content=\"2020-02-08T16:19:55+00:00\" \/>\n<meta property=\"og:image\" content=\"https:\/\/ondauno.com.ar\/wp-content\/uploads\/2024\/03\/logo-jpg.jpg\" \/>\n\t<meta property=\"og:image:width\" content=\"336\" \/>\n\t<meta property=\"og:image:height\" content=\"292\" \/>\n\t<meta property=\"og:image:type\" content=\"image\/jpeg\" \/>\n<meta name=\"author\" content=\"fernando garcia\" \/>\n<meta name=\"twitter:card\" content=\"summary_large_image\" \/>\n<meta name=\"twitter:label1\" content=\"Escrito por\" \/>\n\t<meta name=\"twitter:data1\" content=\"fernando garcia\" \/>\n\t<meta name=\"twitter:label2\" content=\"Tiempo de lectura\" \/>\n\t<meta name=\"twitter:data2\" content=\"2 minutos\" \/>\n<script type=\"application\/ld+json\" class=\"yoast-schema-graph\">{\"@context\":\"https:\/\/schema.org\",\"@graph\":[{\"@type\":\"WebPage\",\"@id\":\"https:\/\/ondauno.com.ar\/index.php\/2020\/01\/30\/vendimia-2020-apoyo-del-gobierno-nacional-al-sector-vitivinicola\/\",\"url\":\"https:\/\/ondauno.com.ar\/index.php\/2020\/01\/30\/vendimia-2020-apoyo-del-gobierno-nacional-al-sector-vitivinicola\/\",\"name\":\"Vendimia 2020: Apoyo del gobierno nacional al sector vitivin\u00edcola - 103.9 fm\",\"isPartOf\":{\"@id\":\"https:\/\/ondauno.com.ar\/#website\"},\"primaryImageOfPage\":{\"@id\":\"https:\/\/ondauno.com.ar\/index.php\/2020\/01\/30\/vendimia-2020-apoyo-del-gobierno-nacional-al-sector-vitivinicola\/#primaryimage\"},\"image\":{\"@id\":\"https:\/\/ondauno.com.ar\/index.php\/2020\/01\/30\/vendimia-2020-apoyo-del-gobierno-nacional-al-sector-vitivinicola\/#primaryimage\"},\"thumbnailUrl\":\"https:\/\/ondauno.com.ar\/wp-content\/uploads\/2024\/03\/logo-jpg.jpg\",\"datePublished\":\"2020-01-30T16:55:10+00:00\",\"dateModified\":\"2020-02-08T16:19:55+00:00\",\"author\":{\"@id\":\"https:\/\/ondauno.com.ar\/#\/schema\/person\/201d1b68e6c75e0fd396fe5f8af5d139\"},\"breadcrumb\":{\"@id\":\"https:\/\/ondauno.com.ar\/index.php\/2020\/01\/30\/vendimia-2020-apoyo-del-gobierno-nacional-al-sector-vitivinicola\/#breadcrumb\"},\"inLanguage\":\"es-AR\",\"potentialAction\":[{\"@type\":\"ReadAction\",\"target\":[\"https:\/\/ondauno.com.ar\/index.php\/2020\/01\/30\/vendimia-2020-apoyo-del-gobierno-nacional-al-sector-vitivinicola\/\"]}]},{\"@type\":\"ImageObject\",\"inLanguage\":\"es-AR\",\"@id\":\"https:\/\/ondauno.com.ar\/index.php\/2020\/01\/30\/vendimia-2020-apoyo-del-gobierno-nacional-al-sector-vitivinicola\/#primaryimage\",\"url\":\"https:\/\/ondauno.com.ar\/wp-content\/uploads\/2024\/03\/logo-jpg.jpg\",\"contentUrl\":\"https:\/\/ondauno.com.ar\/wp-content\/uploads\/2024\/03\/logo-jpg.jpg\",\"width\":336,\"height\":292},{\"@type\":\"BreadcrumbList\",\"@id\":\"https:\/\/ondauno.com.ar\/index.php\/2020\/01\/30\/vendimia-2020-apoyo-del-gobierno-nacional-al-sector-vitivinicola\/#breadcrumb\",\"itemListElement\":[{\"@type\":\"ListItem\",\"position\":1,\"name\":\"Inicio\",\"item\":\"https:\/\/ondauno.com.ar\/\"},{\"@type\":\"ListItem\",\"position\":2,\"name\":\"Vendimia 2020: Apoyo del gobierno nacional al sector vitivin\u00edcola\"}]},{\"@type\":\"WebSite\",\"@id\":\"https:\/\/ondauno.com.ar\/#website\",\"url\":\"https:\/\/ondauno.com.ar\/\",\"name\":\"103.9 fm\",\"description\":\"LA PRIMERA RADIO MULTIMEDIA DE TRES ARROYOS\",\"potentialAction\":[{\"@type\":\"SearchAction\",\"target\":{\"@type\":\"EntryPoint\",\"urlTemplate\":\"https:\/\/ondauno.com.ar\/?s={search_term_string}\"},\"query-input\":\"required name=search_term_string\"}],\"inLanguage\":\"es-AR\"},{\"@type\":\"Person\",\"@id\":\"https:\/\/ondauno.com.ar\/#\/schema\/person\/201d1b68e6c75e0fd396fe5f8af5d139\",\"name\":\"fernando garcia\",\"image\":{\"@type\":\"ImageObject\",\"inLanguage\":\"es-AR\",\"@id\":\"https:\/\/ondauno.com.ar\/#\/schema\/person\/image\/\",\"url\":\"https:\/\/secure.gravatar.com\/avatar\/5f7254642ad81272e79a2e69653cfdfc?s=96&d=mm&r=g\",\"contentUrl\":\"https:\/\/secure.gravatar.com\/avatar\/5f7254642ad81272e79a2e69653cfdfc?s=96&d=mm&r=g\",\"caption\":\"fernando garcia\"},\"url\":\"https:\/\/ondauno.com.ar\/index.php\/author\/ondaunoeditor\/\"}]}<\/script>\n<!-- \/ Yoast SEO plugin. -->","yoast_head_json":{"title":"Vendimia 2020: Apoyo del gobierno nacional al sector vitivin\u00edcola - 103.9 fm","robots":{"index":"index","follow":"follow","max-snippet":"max-snippet:-1","max-image-preview":"max-image-preview:large","max-video-preview":"max-video-preview:-1"},"canonical":"https:\/\/ondauno.com.ar\/index.php\/2020\/01\/30\/vendimia-2020-apoyo-del-gobierno-nacional-al-sector-vitivinicola\/","og_locale":"es_ES","og_type":"article","og_title":"Vendimia 2020: Apoyo del gobierno nacional al sector vitivin\u00edcola - 103.9 fm","og_description":"El Gobierno apoyar\u00e1 junto a la provincia de Mendoza al sector vitivin\u00edcola con pr\u00e9stamos a una tasa bonificada en torno al 20%&nbsp; El objetivo es brindar financiamiento a tasas accesibles a peque\u00f1os productores de la provincia, de cara a la vendimia de este a\u00f1o. Buenos Aires, 30 de enero de 2020. El Ministerio de Desarrollo [&hellip;]","og_url":"https:\/\/ondauno.com.ar\/index.php\/2020\/01\/30\/vendimia-2020-apoyo-del-gobierno-nacional-al-sector-vitivinicola\/","og_site_name":"103.9 fm","article_publisher":"https:\/\/www.facebook.com\/ondauno103.9","article_published_time":"2020-01-30T16:55:10+00:00","article_modified_time":"2020-02-08T16:19:55+00:00","og_image":[{"width":336,"height":292,"url":"https:\/\/ondauno.com.ar\/wp-content\/uploads\/2024\/03\/logo-jpg.jpg","type":"image\/jpeg"}],"author":"fernando garcia","twitter_card":"summary_large_image","twitter_misc":{"Escrito por":"fernando garcia","Tiempo de lectura":"2 minutos"},"schema":{"@context":"https:\/\/schema.org","@graph":[{"@type":"WebPage","@id":"https:\/\/ondauno.com.ar\/index.php\/2020\/01\/30\/vendimia-2020-apoyo-del-gobierno-nacional-al-sector-vitivinicola\/","url":"https:\/\/ondauno.com.ar\/index.php\/2020\/01\/30\/vendimia-2020-apoyo-del-gobierno-nacional-al-sector-vitivinicola\/","name":"Vendimia 2020: Apoyo del gobierno nacional al sector vitivin\u00edcola - 103.9 fm","isPartOf":{"@id":"https:\/\/ondauno.com.ar\/#website"},"primaryImageOfPage":{"@id":"https:\/\/ondauno.com.ar\/index.php\/2020\/01\/30\/vendimia-2020-apoyo-del-gobierno-nacional-al-sector-vitivinicola\/#primaryimage"},"image":{"@id":"https:\/\/ondauno.com.ar\/index.php\/2020\/01\/30\/vendimia-2020-apoyo-del-gobierno-nacional-al-sector-vitivinicola\/#primaryimage"},"thumbnailUrl":"https:\/\/ondauno.com.ar\/wp-content\/uploads\/2024\/03\/logo-jpg.jpg","datePublished":"2020-01-30T16:55:10+00:00","dateModified":"2020-02-08T16:19:55+00:00","author":{"@id":"https:\/\/ondauno.com.ar\/#\/schema\/person\/201d1b68e6c75e0fd396fe5f8af5d139"},"breadcrumb":{"@id":"https:\/\/ondauno.com.ar\/index.php\/2020\/01\/30\/vendimia-2020-apoyo-del-gobierno-nacional-al-sector-vitivinicola\/#breadcrumb"},"inLanguage":"es-AR","potentialAction":[{"@type":"ReadAction","target":["https:\/\/ondauno.com.ar\/index.php\/2020\/01\/30\/vendimia-2020-apoyo-del-gobierno-nacional-al-sector-vitivinicola\/"]}]},{"@type":"ImageObject","inLanguage":"es-AR","@id":"https:\/\/ondauno.com.ar\/index.php\/2020\/01\/30\/vendimia-2020-apoyo-del-gobierno-nacional-al-sector-vitivinicola\/#primaryimage","url":"https:\/\/ondauno.com.ar\/wp-content\/uploads\/2024\/03\/logo-jpg.jpg","contentUrl":"https:\/\/ondauno.com.ar\/wp-content\/uploads\/2024\/03\/logo-jpg.jpg","width":336,"height":292},{"@type":"BreadcrumbList","@id":"https:\/\/ondauno.com.ar\/index.php\/2020\/01\/30\/vendimia-2020-apoyo-del-gobierno-nacional-al-sector-vitivinicola\/#breadcrumb","itemListElement":[{"@type":"ListItem","position":1,"name":"Inicio","item":"https:\/\/ondauno.com.ar\/"},{"@type":"ListItem","position":2,"name":"Vendimia 2020: Apoyo del gobierno nacional al sector vitivin\u00edcola"}]},{"@type":"WebSite","@id":"https:\/\/ondauno.com.ar\/#website","url":"https:\/\/ondauno.com.ar\/","name":"103.9 fm","description":"LA PRIMERA RADIO MULTIMEDIA DE TRES ARROYOS","potentialAction":[{"@type":"SearchAction","target":{"@type":"EntryPoint","urlTemplate":"https:\/\/ondauno.com.ar\/?s={search_term_string}"},"query-input":"required name=search_term_string"}],"inLanguage":"es-AR"},{"@type":"Person","@id":"https:\/\/ondauno.com.ar\/#\/schema\/person\/201d1b68e6c75e0fd396fe5f8af5d139","name":"fernando garcia","image":{"@type":"ImageObject","inLanguage":"es-AR","@id":"https:\/\/ondauno.com.ar\/#\/schema\/person\/image\/","url":"https:\/\/secure.gravatar.com\/avatar\/5f7254642ad81272e79a2e69653cfdfc?s=96&d=mm&r=g","contentUrl":"https:\/\/secure.gravatar.com\/avatar\/5f7254642ad81272e79a2e69653cfdfc?s=96&d=mm&r=g","caption":"fernando garcia"},"url":"https:\/\/ondauno.com.ar\/index.php\/author\/ondaunoeditor\/"}]}},"jetpack_publicize_connections":[],"jetpack_featured_media_url":"https:\/\/ondauno.com.ar\/wp-content\/uploads\/2024\/03\/logo-jpg.jpg","jetpack_sharing_enabled":true,"_links":{"self":[{"href":"https:\/\/ondauno.com.ar\/index.php\/wp-json\/wp\/v2\/posts\/5277","targetHints":{"allow":["GET"]}}],"collection":[{"href":"https:\/\/ondauno.com.ar\/index.php\/wp-json\/wp\/v2\/posts"}],"about":[{"href":"https:\/\/ondauno.com.ar\/index.php\/wp-json\/wp\/v2\/types\/post"}],"author":[{"embeddable":true,"href":"https:\/\/ondauno.com.ar\/index.php\/wp-json\/wp\/v2\/users\/2"}],"replies":[{"embeddable":true,"href":"https:\/\/ondauno.com.ar\/index.php\/wp-json\/wp\/v2\/comments?post=5277"}],"version-history":[{"count":0,"href":"https:\/\/ondauno.com.ar\/index.php\/wp-json\/wp\/v2\/posts\/5277\/revisions"}],"wp:featuredmedia":[{"embeddable":true,"href":"https:\/\/ondauno.com.ar\/index.php\/wp-json\/wp\/v2\/media\/45248"}],"wp:attachment":[{"href":"https:\/\/ondauno.com.ar\/index.php\/wp-json\/wp\/v2\/media?parent=5277"}],"wp:term":[{"taxonomy":"category","embeddable":true,"href":"https:\/\/ondauno.com.ar\/index.php\/wp-json\/wp\/v2\/categories?post=5277"},{"taxonomy":"post_tag","embeddable":true,"href":"https:\/\/ondauno.com.ar\/index.php\/wp-json\/wp\/v2\/tags?post=5277"}],"curies":[{"name":"wp","href":"https:\/\/api.w.org\/{rel}","templated":true}]}}