{"id":52728,"date":"2024-12-30T15:15:46","date_gmt":"2024-12-30T18:15:46","guid":{"rendered":"https:\/\/ondauno.com.ar\/?p=52728"},"modified":"2024-12-30T15:31:46","modified_gmt":"2024-12-30T18:31:46","slug":"violento-episodio-en-el-centro-de-claromeco-agresion-a-conductor-en-plena-via-publica-video","status":"publish","type":"post","link":"https:\/\/ondauno.com.ar\/index.php\/2024\/12\/30\/violento-episodio-en-el-centro-de-claromeco-agresion-a-conductor-en-plena-via-publica-video\/","title":{"rendered":"Violento episodio en el centro de Claromec\u00f3: agresi\u00f3n a conductor en plena v\u00eda p\u00fablica (video)"},"content":{"rendered":"<div class=\"ondau-before-content_3\" style=\"margin-top: -30px;\" id=\"ondau-463831871\"><a href=\"https:\/\/www.lps.com.ar\/\" aria-label=\"la-perse2\"><img loading=\"lazy\" decoding=\"async\" src=\"https:\/\/ondauno.com.ar\/wp-content\/uploads\/2021\/10\/la-perse2.jpg\" alt=\"\"  srcset=\"https:\/\/ondauno.com.ar\/wp-content\/uploads\/2021\/10\/la-perse2.jpg 1353w, https:\/\/ondauno.com.ar\/wp-content\/uploads\/2021\/10\/la-perse2-300x43.jpg 300w, https:\/\/ondauno.com.ar\/wp-content\/uploads\/2021\/10\/la-perse2-1024x148.jpg 1024w, https:\/\/ondauno.com.ar\/wp-content\/uploads\/2021\/10\/la-perse2-768x111.jpg 768w, https:\/\/ondauno.com.ar\/wp-content\/uploads\/2021\/10\/la-perse2-696x100.jpg 696w, https:\/\/ondauno.com.ar\/wp-content\/uploads\/2021\/10\/la-perse2-1068x154.jpg 1068w\" sizes=\"(max-width: 1353px) 100vw, 1353px\" class=\"no-lazyload\" width=\"1353\" height=\"195\"  style=\"display: inline-block;\" \/><\/a><\/div>\n<p>Un confuso y violento incidente tuvo lugar en el centro de Claromec\u00f3, sobre la calle 9 a metros de la avenida 26, durante la ma\u00f1ana del 29 de diciembre, alrededor de las 11.<\/p>\n\n\n\n<p>En un video que circula en redes sociales, se observa c\u00f3mo un hombre que se baja de un veh\u00edculo el cual se encontraba estacionado, corre hacia un Jeep azul en movimiento, salta sobre el cap\u00f3 y, tras caer sobre el conductor, comienza a golpearlo. Segundos despu\u00e9s, ambos descienden del autom\u00f3vil y contin\u00faan trenz\u00e1ndose a golpes en plena v\u00eda p\u00fablica, ante la mirada at\u00f3nita de varias personas presentes en el lugar.<\/p>\n\n\n\n<p>Minutos m\u00e1s tarde, efectivos policiales llegaron para disipar la situaci\u00f3n. Hasta el momento, se desconocen las causas que dieron origen al altercado.<\/p>\n\n\n\n<figure class=\"wp-block-embed is-type-rich is-provider-gestor-del-servicio wp-block-embed-gestor-del-servicio wp-embed-aspect-4-3 wp-has-aspect-ratio\"><div class=\"wp-block-embed__wrapper\">\n<div class=\"youtube-embed\" data-video_id=\"HKMmBz0DhY0\"><iframe loading=\"lazy\" title=\"Violento episodio en el centro de Claromec\u00f3: agresi\u00f3n a conductor en plena v\u00eda p\u00fablica\" width=\"696\" height=\"522\" data-src=\"https:\/\/www.youtube.com\/embed\/HKMmBz0DhY0?feature=oembed&#038;enablejsapi=1\" frameborder=\"0\" allow=\"accelerometer; autoplay; clipboard-write; encrypted-media; gyroscope; picture-in-picture; web-share\" referrerpolicy=\"strict-origin-when-cross-origin\" allowfullscreen src=\"data:image\/gif;base64,R0lGODlhAQABAAAAACH5BAEKAAEALAAAAAABAAEAAAICTAEAOw==\" class=\"lazyload\" data-load-mode=\"1\"><\/iframe><\/div>\n<\/div><\/figure>\n","protected":false},"excerpt":{"rendered":"<p>Un confuso y violento incidente tuvo lugar en el centro de Claromec\u00f3, sobre la calle 9 a metros de la avenida 26, durante la ma\u00f1ana del 29 de diciembre, alrededor de las 11. En un video que circula en redes sociales, se observa c\u00f3mo un hombre que se baja de un veh\u00edculo el cual se [&hellip;]<\/p>\n","protected":false},"author":1,"featured_media":52730,"comment_status":"open","ping_status":"open","sticky":false,"template":"","format":"standard","meta":{"tdm_status":"","tdm_grid_status":"","_jetpack_memberships_contains_paid_content":false,"footnotes":"","jetpack_publicize_message":"","jetpack_publicize_feature_enabled":true,"jetpack_social_post_already_shared":false,"jetpack_social_options":{"image_generator_settings":{"template":"highway","default_image_id":0,"font":"","enabled":false},"version":2}},"categories":[29],"tags":[],"class_list":{"0":"post-52728","1":"post","2":"type-post","3":"status-publish","4":"format-standard","5":"has-post-thumbnail","7":"category-policiales"},"yoast_head":"<!-- This site is optimized with the Yoast SEO plugin v22.7 - https:\/\/yoast.com\/wordpress\/plugins\/seo\/ -->\n<title>Violento episodio en el centro de Claromec\u00f3: agresi\u00f3n a conductor en plena v\u00eda p\u00fablica (video) - 103.9 fm<\/title>\n<meta name=\"robots\" content=\"index, follow, max-snippet:-1, max-image-preview:large, max-video-preview:-1\" \/>\n<link rel=\"canonical\" href=\"https:\/\/ondauno.com.ar\/index.php\/2024\/12\/30\/violento-episodio-en-el-centro-de-claromeco-agresion-a-conductor-en-plena-via-publica-video\/\" \/>\n<meta property=\"og:locale\" content=\"es_ES\" \/>\n<meta property=\"og:type\" content=\"article\" \/>\n<meta property=\"og:title\" content=\"Violento episodio en el centro de Claromec\u00f3: agresi\u00f3n a conductor en plena v\u00eda p\u00fablica (video) - 103.9 fm\" \/>\n<meta property=\"og:description\" content=\"Un confuso y violento incidente tuvo lugar en el centro de Claromec\u00f3, sobre la calle 9 a metros de la avenida 26, durante la ma\u00f1ana del 29 de diciembre, alrededor de las 11. En un video que circula en redes sociales, se observa c\u00f3mo un hombre que se baja de un veh\u00edculo el cual se [&hellip;]\" \/>\n<meta property=\"og:url\" content=\"https:\/\/ondauno.com.ar\/index.php\/2024\/12\/30\/violento-episodio-en-el-centro-de-claromeco-agresion-a-conductor-en-plena-via-publica-video\/\" \/>\n<meta property=\"og:site_name\" content=\"103.9 fm\" \/>\n<meta property=\"article:publisher\" content=\"https:\/\/www.facebook.com\/ondauno103.9\" \/>\n<meta property=\"article:published_time\" content=\"2024-12-30T18:15:46+00:00\" \/>\n<meta property=\"article:modified_time\" content=\"2024-12-30T18:31:46+00:00\" \/>\n<meta property=\"og:image\" content=\"http:\/\/ondauno.com.ar\/wp-content\/uploads\/2024\/12\/gesca.jpg\" \/>\n\t<meta property=\"og:image:width\" content=\"446\" \/>\n\t<meta property=\"og:image:height\" content=\"397\" \/>\n\t<meta property=\"og:image:type\" content=\"image\/jpeg\" \/>\n<meta name=\"author\" content=\"OndaUno\" \/>\n<meta name=\"twitter:card\" content=\"summary_large_image\" \/>\n<meta name=\"twitter:label1\" content=\"Escrito por\" \/>\n\t<meta name=\"twitter:data1\" content=\"OndaUno\" \/>\n\t<meta name=\"twitter:label2\" content=\"Tiempo de lectura\" \/>\n\t<meta name=\"twitter:data2\" content=\"1 minuto\" \/>\n<script type=\"application\/ld+json\" class=\"yoast-schema-graph\">{\"@context\":\"https:\/\/schema.org\",\"@graph\":[{\"@type\":\"WebPage\",\"@id\":\"https:\/\/ondauno.com.ar\/index.php\/2024\/12\/30\/violento-episodio-en-el-centro-de-claromeco-agresion-a-conductor-en-plena-via-publica-video\/\",\"url\":\"https:\/\/ondauno.com.ar\/index.php\/2024\/12\/30\/violento-episodio-en-el-centro-de-claromeco-agresion-a-conductor-en-plena-via-publica-video\/\",\"name\":\"Violento episodio en el centro de Claromec\u00f3: agresi\u00f3n a conductor en plena v\u00eda p\u00fablica (video) - 103.9 fm\",\"isPartOf\":{\"@id\":\"https:\/\/ondauno.com.ar\/#website\"},\"primaryImageOfPage\":{\"@id\":\"https:\/\/ondauno.com.ar\/index.php\/2024\/12\/30\/violento-episodio-en-el-centro-de-claromeco-agresion-a-conductor-en-plena-via-publica-video\/#primaryimage\"},\"image\":{\"@id\":\"https:\/\/ondauno.com.ar\/index.php\/2024\/12\/30\/violento-episodio-en-el-centro-de-claromeco-agresion-a-conductor-en-plena-via-publica-video\/#primaryimage\"},\"thumbnailUrl\":\"https:\/\/ondauno.com.ar\/wp-content\/uploads\/2024\/12\/gesca.jpg\",\"datePublished\":\"2024-12-30T18:15:46+00:00\",\"dateModified\":\"2024-12-30T18:31:46+00:00\",\"author\":{\"@id\":\"https:\/\/ondauno.com.ar\/#\/schema\/person\/7ec851ddeceb4133d7d7132dc645714e\"},\"breadcrumb\":{\"@id\":\"https:\/\/ondauno.com.ar\/index.php\/2024\/12\/30\/violento-episodio-en-el-centro-de-claromeco-agresion-a-conductor-en-plena-via-publica-video\/#breadcrumb\"},\"inLanguage\":\"es-AR\",\"potentialAction\":[{\"@type\":\"ReadAction\",\"target\":[\"https:\/\/ondauno.com.ar\/index.php\/2024\/12\/30\/violento-episodio-en-el-centro-de-claromeco-agresion-a-conductor-en-plena-via-publica-video\/\"]}]},{\"@type\":\"ImageObject\",\"inLanguage\":\"es-AR\",\"@id\":\"https:\/\/ondauno.com.ar\/index.php\/2024\/12\/30\/violento-episodio-en-el-centro-de-claromeco-agresion-a-conductor-en-plena-via-publica-video\/#primaryimage\",\"url\":\"https:\/\/ondauno.com.ar\/wp-content\/uploads\/2024\/12\/gesca.jpg\",\"contentUrl\":\"https:\/\/ondauno.com.ar\/wp-content\/uploads\/2024\/12\/gesca.jpg\",\"width\":446,\"height\":397},{\"@type\":\"BreadcrumbList\",\"@id\":\"https:\/\/ondauno.com.ar\/index.php\/2024\/12\/30\/violento-episodio-en-el-centro-de-claromeco-agresion-a-conductor-en-plena-via-publica-video\/#breadcrumb\",\"itemListElement\":[{\"@type\":\"ListItem\",\"position\":1,\"name\":\"Inicio\",\"item\":\"https:\/\/ondauno.com.ar\/\"},{\"@type\":\"ListItem\",\"position\":2,\"name\":\"Violento episodio en el centro de Claromec\u00f3: agresi\u00f3n a conductor en plena v\u00eda p\u00fablica (video)\"}]},{\"@type\":\"WebSite\",\"@id\":\"https:\/\/ondauno.com.ar\/#website\",\"url\":\"https:\/\/ondauno.com.ar\/\",\"name\":\"103.9 fm\",\"description\":\"LA PRIMERA RADIO MULTIMEDIA DE TRES ARROYOS\",\"potentialAction\":[{\"@type\":\"SearchAction\",\"target\":{\"@type\":\"EntryPoint\",\"urlTemplate\":\"https:\/\/ondauno.com.ar\/?s={search_term_string}\"},\"query-input\":\"required name=search_term_string\"}],\"inLanguage\":\"es-AR\"},{\"@type\":\"Person\",\"@id\":\"https:\/\/ondauno.com.ar\/#\/schema\/person\/7ec851ddeceb4133d7d7132dc645714e\",\"name\":\"OndaUno\",\"image\":{\"@type\":\"ImageObject\",\"inLanguage\":\"es-AR\",\"@id\":\"https:\/\/ondauno.com.ar\/#\/schema\/person\/image\/\",\"url\":\"https:\/\/secure.gravatar.com\/avatar\/93b8009f0de7021f1feb2bd5b32fb9e8?s=96&d=mm&r=g\",\"contentUrl\":\"https:\/\/secure.gravatar.com\/avatar\/93b8009f0de7021f1feb2bd5b32fb9e8?s=96&d=mm&r=g\",\"caption\":\"OndaUno\"},\"url\":\"https:\/\/ondauno.com.ar\/index.php\/author\/ondauno\/\"}]}<\/script>\n<!-- \/ Yoast SEO plugin. -->","yoast_head_json":{"title":"Violento episodio en el centro de Claromec\u00f3: agresi\u00f3n a conductor en plena v\u00eda p\u00fablica (video) - 103.9 fm","robots":{"index":"index","follow":"follow","max-snippet":"max-snippet:-1","max-image-preview":"max-image-preview:large","max-video-preview":"max-video-preview:-1"},"canonical":"https:\/\/ondauno.com.ar\/index.php\/2024\/12\/30\/violento-episodio-en-el-centro-de-claromeco-agresion-a-conductor-en-plena-via-publica-video\/","og_locale":"es_ES","og_type":"article","og_title":"Violento episodio en el centro de Claromec\u00f3: agresi\u00f3n a conductor en plena v\u00eda p\u00fablica (video) - 103.9 fm","og_description":"Un confuso y violento incidente tuvo lugar en el centro de Claromec\u00f3, sobre la calle 9 a metros de la avenida 26, durante la ma\u00f1ana del 29 de diciembre, alrededor de las 11. En un video que circula en redes sociales, se observa c\u00f3mo un hombre que se baja de un veh\u00edculo el cual se [&hellip;]","og_url":"https:\/\/ondauno.com.ar\/index.php\/2024\/12\/30\/violento-episodio-en-el-centro-de-claromeco-agresion-a-conductor-en-plena-via-publica-video\/","og_site_name":"103.9 fm","article_publisher":"https:\/\/www.facebook.com\/ondauno103.9","article_published_time":"2024-12-30T18:15:46+00:00","article_modified_time":"2024-12-30T18:31:46+00:00","og_image":[{"width":446,"height":397,"url":"http:\/\/ondauno.com.ar\/wp-content\/uploads\/2024\/12\/gesca.jpg","type":"image\/jpeg"}],"author":"OndaUno","twitter_card":"summary_large_image","twitter_misc":{"Escrito por":"OndaUno","Tiempo de lectura":"1 minuto"},"schema":{"@context":"https:\/\/schema.org","@graph":[{"@type":"WebPage","@id":"https:\/\/ondauno.com.ar\/index.php\/2024\/12\/30\/violento-episodio-en-el-centro-de-claromeco-agresion-a-conductor-en-plena-via-publica-video\/","url":"https:\/\/ondauno.com.ar\/index.php\/2024\/12\/30\/violento-episodio-en-el-centro-de-claromeco-agresion-a-conductor-en-plena-via-publica-video\/","name":"Violento episodio en el centro de Claromec\u00f3: agresi\u00f3n a conductor en plena v\u00eda p\u00fablica (video) - 103.9 fm","isPartOf":{"@id":"https:\/\/ondauno.com.ar\/#website"},"primaryImageOfPage":{"@id":"https:\/\/ondauno.com.ar\/index.php\/2024\/12\/30\/violento-episodio-en-el-centro-de-claromeco-agresion-a-conductor-en-plena-via-publica-video\/#primaryimage"},"image":{"@id":"https:\/\/ondauno.com.ar\/index.php\/2024\/12\/30\/violento-episodio-en-el-centro-de-claromeco-agresion-a-conductor-en-plena-via-publica-video\/#primaryimage"},"thumbnailUrl":"https:\/\/ondauno.com.ar\/wp-content\/uploads\/2024\/12\/gesca.jpg","datePublished":"2024-12-30T18:15:46+00:00","dateModified":"2024-12-30T18:31:46+00:00","author":{"@id":"https:\/\/ondauno.com.ar\/#\/schema\/person\/7ec851ddeceb4133d7d7132dc645714e"},"breadcrumb":{"@id":"https:\/\/ondauno.com.ar\/index.php\/2024\/12\/30\/violento-episodio-en-el-centro-de-claromeco-agresion-a-conductor-en-plena-via-publica-video\/#breadcrumb"},"inLanguage":"es-AR","potentialAction":[{"@type":"ReadAction","target":["https:\/\/ondauno.com.ar\/index.php\/2024\/12\/30\/violento-episodio-en-el-centro-de-claromeco-agresion-a-conductor-en-plena-via-publica-video\/"]}]},{"@type":"ImageObject","inLanguage":"es-AR","@id":"https:\/\/ondauno.com.ar\/index.php\/2024\/12\/30\/violento-episodio-en-el-centro-de-claromeco-agresion-a-conductor-en-plena-via-publica-video\/#primaryimage","url":"https:\/\/ondauno.com.ar\/wp-content\/uploads\/2024\/12\/gesca.jpg","contentUrl":"https:\/\/ondauno.com.ar\/wp-content\/uploads\/2024\/12\/gesca.jpg","width":446,"height":397},{"@type":"BreadcrumbList","@id":"https:\/\/ondauno.com.ar\/index.php\/2024\/12\/30\/violento-episodio-en-el-centro-de-claromeco-agresion-a-conductor-en-plena-via-publica-video\/#breadcrumb","itemListElement":[{"@type":"ListItem","position":1,"name":"Inicio","item":"https:\/\/ondauno.com.ar\/"},{"@type":"ListItem","position":2,"name":"Violento episodio en el centro de Claromec\u00f3: agresi\u00f3n a conductor en plena v\u00eda p\u00fablica (video)"}]},{"@type":"WebSite","@id":"https:\/\/ondauno.com.ar\/#website","url":"https:\/\/ondauno.com.ar\/","name":"103.9 fm","description":"LA PRIMERA RADIO MULTIMEDIA DE TRES ARROYOS","potentialAction":[{"@type":"SearchAction","target":{"@type":"EntryPoint","urlTemplate":"https:\/\/ondauno.com.ar\/?s={search_term_string}"},"query-input":"required name=search_term_string"}],"inLanguage":"es-AR"},{"@type":"Person","@id":"https:\/\/ondauno.com.ar\/#\/schema\/person\/7ec851ddeceb4133d7d7132dc645714e","name":"OndaUno","image":{"@type":"ImageObject","inLanguage":"es-AR","@id":"https:\/\/ondauno.com.ar\/#\/schema\/person\/image\/","url":"https:\/\/secure.gravatar.com\/avatar\/93b8009f0de7021f1feb2bd5b32fb9e8?s=96&d=mm&r=g","contentUrl":"https:\/\/secure.gravatar.com\/avatar\/93b8009f0de7021f1feb2bd5b32fb9e8?s=96&d=mm&r=g","caption":"OndaUno"},"url":"https:\/\/ondauno.com.ar\/index.php\/author\/ondauno\/"}]}},"jetpack_publicize_connections":[],"jetpack_featured_media_url":"https:\/\/ondauno.com.ar\/wp-content\/uploads\/2024\/12\/gesca.jpg","jetpack_sharing_enabled":true,"_links":{"self":[{"href":"https:\/\/ondauno.com.ar\/index.php\/wp-json\/wp\/v2\/posts\/52728","targetHints":{"allow":["GET"]}}],"collection":[{"href":"https:\/\/ondauno.com.ar\/index.php\/wp-json\/wp\/v2\/posts"}],"about":[{"href":"https:\/\/ondauno.com.ar\/index.php\/wp-json\/wp\/v2\/types\/post"}],"author":[{"embeddable":true,"href":"https:\/\/ondauno.com.ar\/index.php\/wp-json\/wp\/v2\/users\/1"}],"replies":[{"embeddable":true,"href":"https:\/\/ondauno.com.ar\/index.php\/wp-json\/wp\/v2\/comments?post=52728"}],"version-history":[{"count":2,"href":"https:\/\/ondauno.com.ar\/index.php\/wp-json\/wp\/v2\/posts\/52728\/revisions"}],"predecessor-version":[{"id":52732,"href":"https:\/\/ondauno.com.ar\/index.php\/wp-json\/wp\/v2\/posts\/52728\/revisions\/52732"}],"wp:featuredmedia":[{"embeddable":true,"href":"https:\/\/ondauno.com.ar\/index.php\/wp-json\/wp\/v2\/media\/52730"}],"wp:attachment":[{"href":"https:\/\/ondauno.com.ar\/index.php\/wp-json\/wp\/v2\/media?parent=52728"}],"wp:term":[{"taxonomy":"category","embeddable":true,"href":"https:\/\/ondauno.com.ar\/index.php\/wp-json\/wp\/v2\/categories?post=52728"},{"taxonomy":"post_tag","embeddable":true,"href":"https:\/\/ondauno.com.ar\/index.php\/wp-json\/wp\/v2\/tags?post=52728"}],"curies":[{"name":"wp","href":"https:\/\/api.w.org\/{rel}","templated":true}]}}