{"id":52709,"date":"2024-12-27T23:07:20","date_gmt":"2024-12-28T02:07:20","guid":{"rendered":"https:\/\/ondauno.com.ar\/?p=52709"},"modified":"2024-12-27T23:07:23","modified_gmt":"2024-12-28T02:07:23","slug":"secuestran-mas-de-dos-millones-de-pesos-y-elementos-sustraidos-en-un-hurto-los-responsables-son-dos-menores","status":"publish","type":"post","link":"https:\/\/ondauno.com.ar\/index.php\/2024\/12\/27\/secuestran-mas-de-dos-millones-de-pesos-y-elementos-sustraidos-en-un-hurto-los-responsables-son-dos-menores\/","title":{"rendered":"Secuestran m\u00e1s de dos millones de pesos y elementos sustra\u00eddos en un hurto: los responsables son dos menores"},"content":{"rendered":"<div class=\"ondau-before-content_3\" style=\"margin-top: -30px;\" id=\"ondau-481434494\"><a href=\"https:\/\/www.lps.com.ar\/\" aria-label=\"la-perse2\"><img loading=\"lazy\" decoding=\"async\" src=\"https:\/\/ondauno.com.ar\/wp-content\/uploads\/2021\/10\/la-perse2.jpg\" alt=\"\"  srcset=\"https:\/\/ondauno.com.ar\/wp-content\/uploads\/2021\/10\/la-perse2.jpg 1353w, https:\/\/ondauno.com.ar\/wp-content\/uploads\/2021\/10\/la-perse2-300x43.jpg 300w, https:\/\/ondauno.com.ar\/wp-content\/uploads\/2021\/10\/la-perse2-1024x148.jpg 1024w, https:\/\/ondauno.com.ar\/wp-content\/uploads\/2021\/10\/la-perse2-768x111.jpg 768w, https:\/\/ondauno.com.ar\/wp-content\/uploads\/2021\/10\/la-perse2-696x100.jpg 696w, https:\/\/ondauno.com.ar\/wp-content\/uploads\/2021\/10\/la-perse2-1068x154.jpg 1068w\" sizes=\"(max-width: 1353px) 100vw, 1353px\" class=\"no-lazyload\" width=\"1353\" height=\"195\"  style=\"display: inline-block;\" \/><\/a><\/div>\n<p>En el marco de una investigaci\u00f3n por un hurto denunciado por Mat\u00edas Fern\u00e1ndez Testa (40), personal de la Comisar\u00eda Primera de Tres Arroyos, bajo la direcci\u00f3n del subcomisario Franco Augusto Solli, logr\u00f3 esclarecer el caso y recuperar dinero en efectivo y bienes sustra\u00eddos.<\/p>\n\n\n\n<p>El hecho ocurri\u00f3 cuando autores desconocidos sustrajeron dinero en efectivo y una tarjeta de d\u00e9bito del interior de una camioneta estacionada en calle Lamadrid al 800. Tras investigaciones realizadas por el Grupo T\u00e1ctico Operativo (G.T.O.), relevamientos de c\u00e1maras de seguridad y an\u00e1lisis de redes sociales, se identific\u00f3 a los responsables: dos menores de 15 y 17 a\u00f1os.<\/p>\n\n\n\n<p>Con intervenci\u00f3n de la UFRPJ N.\u00ba 4, a cargo de la Dra. Mar\u00eda Vizzolini, y bajo supervisi\u00f3n del instructor judicial Dr. Fabi\u00e1n Guai, se realizaron tres allanamientos:<\/p>\n\n\n\n<ol class=\"wp-block-list\">\n<li><strong>Calle Almafuerte al 100:<\/strong> Se secuestraron $2.040.000 en efectivo, un motoveh\u00edculo Honda Titan 150 cc, un celular y ropa utilizada durante el hecho.<\/li>\n\n\n\n<li><\/li>\n\n\n\n<li><strong>Calle Alem al 1500:<\/strong> Se recuperaron elementos relacionados con la exhibici\u00f3n del dinero en redes sociales, como una s\u00e1bana, almohadas, documentaci\u00f3n de la motocicleta, celulares y una campera chaleco.<\/li>\n\n\n\n<li><\/li>\n\n\n\n<li><strong>Calle Godoy Cruz Bis al 300:<\/strong> Se incautaron un compresor y una motocicleta Gilera Smash 110 cc con el n\u00famero de motor suprimido, lo que dio lugar a actuaciones por infracci\u00f3n al art\u00edculo 289 inciso 3\u00ba del C\u00f3digo Penal.<\/li>\n\n\n\n<li><\/li>\n<\/ol>\n\n\n\n<figure class=\"wp-block-image size-large\"><img loading=\"lazy\" decoding=\"async\" width=\"822\" height=\"1024\" data-src=\"https:\/\/ondauno.com.ar\/wp-content\/uploads\/2024\/12\/WhatsApp-Image-2024-12-27-at-19.07.07-822x1024.jpeg\" alt=\"\" class=\"wp-image-52711 lazyload\" data-srcset=\"https:\/\/ondauno.com.ar\/wp-content\/uploads\/2024\/12\/WhatsApp-Image-2024-12-27-at-19.07.07-822x1024.jpeg 822w, https:\/\/ondauno.com.ar\/wp-content\/uploads\/2024\/12\/WhatsApp-Image-2024-12-27-at-19.07.07-241x300.jpeg 241w, https:\/\/ondauno.com.ar\/wp-content\/uploads\/2024\/12\/WhatsApp-Image-2024-12-27-at-19.07.07-768x957.jpeg 768w, https:\/\/ondauno.com.ar\/wp-content\/uploads\/2024\/12\/WhatsApp-Image-2024-12-27-at-19.07.07-337x420.jpeg 337w, https:\/\/ondauno.com.ar\/wp-content\/uploads\/2024\/12\/WhatsApp-Image-2024-12-27-at-19.07.07-696x867.jpeg 696w, https:\/\/ondauno.com.ar\/wp-content\/uploads\/2024\/12\/WhatsApp-Image-2024-12-27-at-19.07.07-1068x1330.jpeg 1068w, https:\/\/ondauno.com.ar\/wp-content\/uploads\/2024\/12\/WhatsApp-Image-2024-12-27-at-19.07.07.jpeg 1079w\" data-sizes=\"auto, (max-width: 822px) 100vw, 822px\" src=\"data:image\/gif;base64,R0lGODlhAQABAAAAACH5BAEKAAEALAAAAAABAAEAAAICTAEAOw==\" style=\"--smush-placeholder-width: 822px; --smush-placeholder-aspect-ratio: 822\/1024;\" \/><noscript><img loading=\"lazy\" decoding=\"async\" width=\"822\" height=\"1024\" src=\"https:\/\/ondauno.com.ar\/wp-content\/uploads\/2024\/12\/WhatsApp-Image-2024-12-27-at-19.07.07-822x1024.jpeg\" alt=\"\" class=\"wp-image-52711\" srcset=\"https:\/\/ondauno.com.ar\/wp-content\/uploads\/2024\/12\/WhatsApp-Image-2024-12-27-at-19.07.07-822x1024.jpeg 822w, https:\/\/ondauno.com.ar\/wp-content\/uploads\/2024\/12\/WhatsApp-Image-2024-12-27-at-19.07.07-241x300.jpeg 241w, https:\/\/ondauno.com.ar\/wp-content\/uploads\/2024\/12\/WhatsApp-Image-2024-12-27-at-19.07.07-768x957.jpeg 768w, https:\/\/ondauno.com.ar\/wp-content\/uploads\/2024\/12\/WhatsApp-Image-2024-12-27-at-19.07.07-337x420.jpeg 337w, https:\/\/ondauno.com.ar\/wp-content\/uploads\/2024\/12\/WhatsApp-Image-2024-12-27-at-19.07.07-696x867.jpeg 696w, https:\/\/ondauno.com.ar\/wp-content\/uploads\/2024\/12\/WhatsApp-Image-2024-12-27-at-19.07.07-1068x1330.jpeg 1068w, https:\/\/ondauno.com.ar\/wp-content\/uploads\/2024\/12\/WhatsApp-Image-2024-12-27-at-19.07.07.jpeg 1079w\" sizes=\"auto, (max-width: 822px) 100vw, 822px\" \/><\/noscript><\/figure>\n\n\n\n<p>Los menores, vinculados previamente a m\u00faltiples delitos, estuvieron implicados en un robo de una camioneta Volkswagen Amarok en febrero, que culmin\u00f3 en una persecuci\u00f3n policial y un choque con un remis. Tambi\u00e9n participaron en un hurto a una agente fiscal local, entre otros hechos.<\/p>\n\n\n\n<p>La Fiscal\u00eda de Menores contin\u00faa investigando los casos, mientras los elementos secuestrados permanecen bajo custodia judicial.<\/p>\n","protected":false},"excerpt":{"rendered":"<p>En el marco de una investigaci\u00f3n por un hurto denunciado por Mat\u00edas Fern\u00e1ndez Testa (40), personal de la Comisar\u00eda Primera de Tres Arroyos, bajo la direcci\u00f3n del subcomisario Franco Augusto Solli, logr\u00f3 esclarecer el caso y recuperar dinero en efectivo y bienes sustra\u00eddos. El hecho ocurri\u00f3 cuando autores desconocidos sustrajeron dinero en efectivo y una [&hellip;]<\/p>\n","protected":false},"author":1,"featured_media":52710,"comment_status":"open","ping_status":"open","sticky":false,"template":"","format":"standard","meta":{"tdm_status":"","tdm_grid_status":"","_jetpack_memberships_contains_paid_content":false,"footnotes":"","jetpack_publicize_message":"","jetpack_publicize_feature_enabled":true,"jetpack_social_post_already_shared":false,"jetpack_social_options":{"image_generator_settings":{"template":"highway","default_image_id":0,"font":"","enabled":false},"version":2}},"categories":[29],"tags":[],"class_list":{"0":"post-52709","1":"post","2":"type-post","3":"status-publish","4":"format-standard","5":"has-post-thumbnail","7":"category-policiales"},"yoast_head":"<!-- This site is optimized with the Yoast SEO plugin v22.7 - https:\/\/yoast.com\/wordpress\/plugins\/seo\/ -->\n<title>Secuestran m\u00e1s de dos millones de pesos y elementos sustra\u00eddos en un hurto: los responsables son dos menores - 103.9 fm<\/title>\n<meta name=\"robots\" content=\"index, follow, max-snippet:-1, max-image-preview:large, max-video-preview:-1\" \/>\n<link rel=\"canonical\" href=\"https:\/\/ondauno.com.ar\/index.php\/2024\/12\/27\/secuestran-mas-de-dos-millones-de-pesos-y-elementos-sustraidos-en-un-hurto-los-responsables-son-dos-menores\/\" \/>\n<meta property=\"og:locale\" content=\"es_ES\" \/>\n<meta property=\"og:type\" content=\"article\" \/>\n<meta property=\"og:title\" content=\"Secuestran m\u00e1s de dos millones de pesos y elementos sustra\u00eddos en un hurto: los responsables son dos menores - 103.9 fm\" \/>\n<meta property=\"og:description\" content=\"En el marco de una investigaci\u00f3n por un hurto denunciado por Mat\u00edas Fern\u00e1ndez Testa (40), personal de la Comisar\u00eda Primera de Tres Arroyos, bajo la direcci\u00f3n del subcomisario Franco Augusto Solli, logr\u00f3 esclarecer el caso y recuperar dinero en efectivo y bienes sustra\u00eddos. El hecho ocurri\u00f3 cuando autores desconocidos sustrajeron dinero en efectivo y una [&hellip;]\" \/>\n<meta property=\"og:url\" content=\"https:\/\/ondauno.com.ar\/index.php\/2024\/12\/27\/secuestran-mas-de-dos-millones-de-pesos-y-elementos-sustraidos-en-un-hurto-los-responsables-son-dos-menores\/\" \/>\n<meta property=\"og:site_name\" content=\"103.9 fm\" \/>\n<meta property=\"article:publisher\" content=\"https:\/\/www.facebook.com\/ondauno103.9\" \/>\n<meta property=\"article:published_time\" content=\"2024-12-28T02:07:20+00:00\" \/>\n<meta property=\"article:modified_time\" content=\"2024-12-28T02:07:23+00:00\" \/>\n<meta property=\"og:image\" content=\"http:\/\/ondauno.com.ar\/wp-content\/uploads\/2024\/12\/WhatsApp-Image-2024-12-27-at-19.07.08.jpeg\" \/>\n\t<meta property=\"og:image:width\" content=\"1079\" \/>\n\t<meta property=\"og:image:height\" content=\"738\" \/>\n\t<meta property=\"og:image:type\" content=\"image\/jpeg\" \/>\n<meta name=\"author\" content=\"OndaUno\" \/>\n<meta name=\"twitter:card\" content=\"summary_large_image\" \/>\n<meta name=\"twitter:label1\" content=\"Escrito por\" \/>\n\t<meta name=\"twitter:data1\" content=\"OndaUno\" \/>\n\t<meta name=\"twitter:label2\" content=\"Tiempo de lectura\" \/>\n\t<meta name=\"twitter:data2\" content=\"2 minutos\" \/>\n<script type=\"application\/ld+json\" class=\"yoast-schema-graph\">{\"@context\":\"https:\/\/schema.org\",\"@graph\":[{\"@type\":\"WebPage\",\"@id\":\"https:\/\/ondauno.com.ar\/index.php\/2024\/12\/27\/secuestran-mas-de-dos-millones-de-pesos-y-elementos-sustraidos-en-un-hurto-los-responsables-son-dos-menores\/\",\"url\":\"https:\/\/ondauno.com.ar\/index.php\/2024\/12\/27\/secuestran-mas-de-dos-millones-de-pesos-y-elementos-sustraidos-en-un-hurto-los-responsables-son-dos-menores\/\",\"name\":\"Secuestran m\u00e1s de dos millones de pesos y elementos sustra\u00eddos en un hurto: los responsables son dos menores - 103.9 fm\",\"isPartOf\":{\"@id\":\"https:\/\/ondauno.com.ar\/#website\"},\"primaryImageOfPage\":{\"@id\":\"https:\/\/ondauno.com.ar\/index.php\/2024\/12\/27\/secuestran-mas-de-dos-millones-de-pesos-y-elementos-sustraidos-en-un-hurto-los-responsables-son-dos-menores\/#primaryimage\"},\"image\":{\"@id\":\"https:\/\/ondauno.com.ar\/index.php\/2024\/12\/27\/secuestran-mas-de-dos-millones-de-pesos-y-elementos-sustraidos-en-un-hurto-los-responsables-son-dos-menores\/#primaryimage\"},\"thumbnailUrl\":\"https:\/\/ondauno.com.ar\/wp-content\/uploads\/2024\/12\/WhatsApp-Image-2024-12-27-at-19.07.08.jpeg\",\"datePublished\":\"2024-12-28T02:07:20+00:00\",\"dateModified\":\"2024-12-28T02:07:23+00:00\",\"author\":{\"@id\":\"https:\/\/ondauno.com.ar\/#\/schema\/person\/7ec851ddeceb4133d7d7132dc645714e\"},\"breadcrumb\":{\"@id\":\"https:\/\/ondauno.com.ar\/index.php\/2024\/12\/27\/secuestran-mas-de-dos-millones-de-pesos-y-elementos-sustraidos-en-un-hurto-los-responsables-son-dos-menores\/#breadcrumb\"},\"inLanguage\":\"es-AR\",\"potentialAction\":[{\"@type\":\"ReadAction\",\"target\":[\"https:\/\/ondauno.com.ar\/index.php\/2024\/12\/27\/secuestran-mas-de-dos-millones-de-pesos-y-elementos-sustraidos-en-un-hurto-los-responsables-son-dos-menores\/\"]}]},{\"@type\":\"ImageObject\",\"inLanguage\":\"es-AR\",\"@id\":\"https:\/\/ondauno.com.ar\/index.php\/2024\/12\/27\/secuestran-mas-de-dos-millones-de-pesos-y-elementos-sustraidos-en-un-hurto-los-responsables-son-dos-menores\/#primaryimage\",\"url\":\"https:\/\/ondauno.com.ar\/wp-content\/uploads\/2024\/12\/WhatsApp-Image-2024-12-27-at-19.07.08.jpeg\",\"contentUrl\":\"https:\/\/ondauno.com.ar\/wp-content\/uploads\/2024\/12\/WhatsApp-Image-2024-12-27-at-19.07.08.jpeg\",\"width\":1079,\"height\":738},{\"@type\":\"BreadcrumbList\",\"@id\":\"https:\/\/ondauno.com.ar\/index.php\/2024\/12\/27\/secuestran-mas-de-dos-millones-de-pesos-y-elementos-sustraidos-en-un-hurto-los-responsables-son-dos-menores\/#breadcrumb\",\"itemListElement\":[{\"@type\":\"ListItem\",\"position\":1,\"name\":\"Inicio\",\"item\":\"https:\/\/ondauno.com.ar\/\"},{\"@type\":\"ListItem\",\"position\":2,\"name\":\"Secuestran m\u00e1s de dos millones de pesos y elementos sustra\u00eddos en un hurto: los responsables son dos menores\"}]},{\"@type\":\"WebSite\",\"@id\":\"https:\/\/ondauno.com.ar\/#website\",\"url\":\"https:\/\/ondauno.com.ar\/\",\"name\":\"103.9 fm\",\"description\":\"LA PRIMERA RADIO MULTIMEDIA DE TRES ARROYOS\",\"potentialAction\":[{\"@type\":\"SearchAction\",\"target\":{\"@type\":\"EntryPoint\",\"urlTemplate\":\"https:\/\/ondauno.com.ar\/?s={search_term_string}\"},\"query-input\":\"required name=search_term_string\"}],\"inLanguage\":\"es-AR\"},{\"@type\":\"Person\",\"@id\":\"https:\/\/ondauno.com.ar\/#\/schema\/person\/7ec851ddeceb4133d7d7132dc645714e\",\"name\":\"OndaUno\",\"image\":{\"@type\":\"ImageObject\",\"inLanguage\":\"es-AR\",\"@id\":\"https:\/\/ondauno.com.ar\/#\/schema\/person\/image\/\",\"url\":\"https:\/\/secure.gravatar.com\/avatar\/93b8009f0de7021f1feb2bd5b32fb9e8?s=96&d=mm&r=g\",\"contentUrl\":\"https:\/\/secure.gravatar.com\/avatar\/93b8009f0de7021f1feb2bd5b32fb9e8?s=96&d=mm&r=g\",\"caption\":\"OndaUno\"},\"url\":\"https:\/\/ondauno.com.ar\/index.php\/author\/ondauno\/\"}]}<\/script>\n<!-- \/ Yoast SEO plugin. -->","yoast_head_json":{"title":"Secuestran m\u00e1s de dos millones de pesos y elementos sustra\u00eddos en un hurto: los responsables son dos menores - 103.9 fm","robots":{"index":"index","follow":"follow","max-snippet":"max-snippet:-1","max-image-preview":"max-image-preview:large","max-video-preview":"max-video-preview:-1"},"canonical":"https:\/\/ondauno.com.ar\/index.php\/2024\/12\/27\/secuestran-mas-de-dos-millones-de-pesos-y-elementos-sustraidos-en-un-hurto-los-responsables-son-dos-menores\/","og_locale":"es_ES","og_type":"article","og_title":"Secuestran m\u00e1s de dos millones de pesos y elementos sustra\u00eddos en un hurto: los responsables son dos menores - 103.9 fm","og_description":"En el marco de una investigaci\u00f3n por un hurto denunciado por Mat\u00edas Fern\u00e1ndez Testa (40), personal de la Comisar\u00eda Primera de Tres Arroyos, bajo la direcci\u00f3n del subcomisario Franco Augusto Solli, logr\u00f3 esclarecer el caso y recuperar dinero en efectivo y bienes sustra\u00eddos. El hecho ocurri\u00f3 cuando autores desconocidos sustrajeron dinero en efectivo y una [&hellip;]","og_url":"https:\/\/ondauno.com.ar\/index.php\/2024\/12\/27\/secuestran-mas-de-dos-millones-de-pesos-y-elementos-sustraidos-en-un-hurto-los-responsables-son-dos-menores\/","og_site_name":"103.9 fm","article_publisher":"https:\/\/www.facebook.com\/ondauno103.9","article_published_time":"2024-12-28T02:07:20+00:00","article_modified_time":"2024-12-28T02:07:23+00:00","og_image":[{"width":1079,"height":738,"url":"http:\/\/ondauno.com.ar\/wp-content\/uploads\/2024\/12\/WhatsApp-Image-2024-12-27-at-19.07.08.jpeg","type":"image\/jpeg"}],"author":"OndaUno","twitter_card":"summary_large_image","twitter_misc":{"Escrito por":"OndaUno","Tiempo de lectura":"2 minutos"},"schema":{"@context":"https:\/\/schema.org","@graph":[{"@type":"WebPage","@id":"https:\/\/ondauno.com.ar\/index.php\/2024\/12\/27\/secuestran-mas-de-dos-millones-de-pesos-y-elementos-sustraidos-en-un-hurto-los-responsables-son-dos-menores\/","url":"https:\/\/ondauno.com.ar\/index.php\/2024\/12\/27\/secuestran-mas-de-dos-millones-de-pesos-y-elementos-sustraidos-en-un-hurto-los-responsables-son-dos-menores\/","name":"Secuestran m\u00e1s de dos millones de pesos y elementos sustra\u00eddos en un hurto: los responsables son dos menores - 103.9 fm","isPartOf":{"@id":"https:\/\/ondauno.com.ar\/#website"},"primaryImageOfPage":{"@id":"https:\/\/ondauno.com.ar\/index.php\/2024\/12\/27\/secuestran-mas-de-dos-millones-de-pesos-y-elementos-sustraidos-en-un-hurto-los-responsables-son-dos-menores\/#primaryimage"},"image":{"@id":"https:\/\/ondauno.com.ar\/index.php\/2024\/12\/27\/secuestran-mas-de-dos-millones-de-pesos-y-elementos-sustraidos-en-un-hurto-los-responsables-son-dos-menores\/#primaryimage"},"thumbnailUrl":"https:\/\/ondauno.com.ar\/wp-content\/uploads\/2024\/12\/WhatsApp-Image-2024-12-27-at-19.07.08.jpeg","datePublished":"2024-12-28T02:07:20+00:00","dateModified":"2024-12-28T02:07:23+00:00","author":{"@id":"https:\/\/ondauno.com.ar\/#\/schema\/person\/7ec851ddeceb4133d7d7132dc645714e"},"breadcrumb":{"@id":"https:\/\/ondauno.com.ar\/index.php\/2024\/12\/27\/secuestran-mas-de-dos-millones-de-pesos-y-elementos-sustraidos-en-un-hurto-los-responsables-son-dos-menores\/#breadcrumb"},"inLanguage":"es-AR","potentialAction":[{"@type":"ReadAction","target":["https:\/\/ondauno.com.ar\/index.php\/2024\/12\/27\/secuestran-mas-de-dos-millones-de-pesos-y-elementos-sustraidos-en-un-hurto-los-responsables-son-dos-menores\/"]}]},{"@type":"ImageObject","inLanguage":"es-AR","@id":"https:\/\/ondauno.com.ar\/index.php\/2024\/12\/27\/secuestran-mas-de-dos-millones-de-pesos-y-elementos-sustraidos-en-un-hurto-los-responsables-son-dos-menores\/#primaryimage","url":"https:\/\/ondauno.com.ar\/wp-content\/uploads\/2024\/12\/WhatsApp-Image-2024-12-27-at-19.07.08.jpeg","contentUrl":"https:\/\/ondauno.com.ar\/wp-content\/uploads\/2024\/12\/WhatsApp-Image-2024-12-27-at-19.07.08.jpeg","width":1079,"height":738},{"@type":"BreadcrumbList","@id":"https:\/\/ondauno.com.ar\/index.php\/2024\/12\/27\/secuestran-mas-de-dos-millones-de-pesos-y-elementos-sustraidos-en-un-hurto-los-responsables-son-dos-menores\/#breadcrumb","itemListElement":[{"@type":"ListItem","position":1,"name":"Inicio","item":"https:\/\/ondauno.com.ar\/"},{"@type":"ListItem","position":2,"name":"Secuestran m\u00e1s de dos millones de pesos y elementos sustra\u00eddos en un hurto: los responsables son dos menores"}]},{"@type":"WebSite","@id":"https:\/\/ondauno.com.ar\/#website","url":"https:\/\/ondauno.com.ar\/","name":"103.9 fm","description":"LA PRIMERA RADIO MULTIMEDIA DE TRES ARROYOS","potentialAction":[{"@type":"SearchAction","target":{"@type":"EntryPoint","urlTemplate":"https:\/\/ondauno.com.ar\/?s={search_term_string}"},"query-input":"required name=search_term_string"}],"inLanguage":"es-AR"},{"@type":"Person","@id":"https:\/\/ondauno.com.ar\/#\/schema\/person\/7ec851ddeceb4133d7d7132dc645714e","name":"OndaUno","image":{"@type":"ImageObject","inLanguage":"es-AR","@id":"https:\/\/ondauno.com.ar\/#\/schema\/person\/image\/","url":"https:\/\/secure.gravatar.com\/avatar\/93b8009f0de7021f1feb2bd5b32fb9e8?s=96&d=mm&r=g","contentUrl":"https:\/\/secure.gravatar.com\/avatar\/93b8009f0de7021f1feb2bd5b32fb9e8?s=96&d=mm&r=g","caption":"OndaUno"},"url":"https:\/\/ondauno.com.ar\/index.php\/author\/ondauno\/"}]}},"jetpack_publicize_connections":[],"jetpack_featured_media_url":"https:\/\/ondauno.com.ar\/wp-content\/uploads\/2024\/12\/WhatsApp-Image-2024-12-27-at-19.07.08.jpeg","jetpack_sharing_enabled":true,"_links":{"self":[{"href":"https:\/\/ondauno.com.ar\/index.php\/wp-json\/wp\/v2\/posts\/52709","targetHints":{"allow":["GET"]}}],"collection":[{"href":"https:\/\/ondauno.com.ar\/index.php\/wp-json\/wp\/v2\/posts"}],"about":[{"href":"https:\/\/ondauno.com.ar\/index.php\/wp-json\/wp\/v2\/types\/post"}],"author":[{"embeddable":true,"href":"https:\/\/ondauno.com.ar\/index.php\/wp-json\/wp\/v2\/users\/1"}],"replies":[{"embeddable":true,"href":"https:\/\/ondauno.com.ar\/index.php\/wp-json\/wp\/v2\/comments?post=52709"}],"version-history":[{"count":1,"href":"https:\/\/ondauno.com.ar\/index.php\/wp-json\/wp\/v2\/posts\/52709\/revisions"}],"predecessor-version":[{"id":52712,"href":"https:\/\/ondauno.com.ar\/index.php\/wp-json\/wp\/v2\/posts\/52709\/revisions\/52712"}],"wp:featuredmedia":[{"embeddable":true,"href":"https:\/\/ondauno.com.ar\/index.php\/wp-json\/wp\/v2\/media\/52710"}],"wp:attachment":[{"href":"https:\/\/ondauno.com.ar\/index.php\/wp-json\/wp\/v2\/media?parent=52709"}],"wp:term":[{"taxonomy":"category","embeddable":true,"href":"https:\/\/ondauno.com.ar\/index.php\/wp-json\/wp\/v2\/categories?post=52709"},{"taxonomy":"post_tag","embeddable":true,"href":"https:\/\/ondauno.com.ar\/index.php\/wp-json\/wp\/v2\/tags?post=52709"}],"curies":[{"name":"wp","href":"https:\/\/api.w.org\/{rel}","templated":true}]}}