{"id":52674,"date":"2024-12-26T13:50:40","date_gmt":"2024-12-26T16:50:40","guid":{"rendered":"https:\/\/ondauno.com.ar\/?p=52674"},"modified":"2024-12-26T13:52:04","modified_gmt":"2024-12-26T16:52:04","slug":"nocturnidad-en-claromeco-es-un-lugar-peligroso-aseguro-alberto-cier","status":"publish","type":"post","link":"https:\/\/ondauno.com.ar\/index.php\/2024\/12\/26\/nocturnidad-en-claromeco-es-un-lugar-peligroso-aseguro-alberto-cier\/","title":{"rendered":"Nocturnidad en Claromec\u00f3: &#8220;Es un lugar peligroso&#8221;, asegur\u00f3 Alberto Cier"},"content":{"rendered":"<div class=\"ondau-before-content_3\" style=\"margin-top: -30px;\" id=\"ondau-3217625534\"><a href=\"https:\/\/www.lps.com.ar\/\" aria-label=\"la-perse2\"><img loading=\"lazy\" decoding=\"async\" src=\"https:\/\/ondauno.com.ar\/wp-content\/uploads\/2021\/10\/la-perse2.jpg\" alt=\"\"  srcset=\"https:\/\/ondauno.com.ar\/wp-content\/uploads\/2021\/10\/la-perse2.jpg 1353w, https:\/\/ondauno.com.ar\/wp-content\/uploads\/2021\/10\/la-perse2-300x43.jpg 300w, https:\/\/ondauno.com.ar\/wp-content\/uploads\/2021\/10\/la-perse2-1024x148.jpg 1024w, https:\/\/ondauno.com.ar\/wp-content\/uploads\/2021\/10\/la-perse2-768x111.jpg 768w, https:\/\/ondauno.com.ar\/wp-content\/uploads\/2021\/10\/la-perse2-696x100.jpg 696w, https:\/\/ondauno.com.ar\/wp-content\/uploads\/2021\/10\/la-perse2-1068x154.jpg 1068w\" sizes=\"(max-width: 1353px) 100vw, 1353px\" class=\"no-lazyload\" width=\"1353\" height=\"195\"  style=\"display: inline-block;\" \/><\/a><\/div>\n<p><em><strong>Alberto Cier habl\u00f3 en Cosas que pasan<\/strong><\/em><\/p>\n\n\n\n<p>En Cosas que pasan, Alberto Cier, integrante de una familia hist\u00f3rica de Claromec\u00f3, aport\u00f3 informaci\u00f3n clave sobre el terreno conocido como La Isla, propuesto como espacio para actividades de esparcimiento nocturno.<\/p>\n\n\n\n<p>Cier explic\u00f3 que La Isla carece de nomenclatura catastral y, por lo tanto, no tiene un propietario formalmente reconocido.<\/p>\n\n\n\n<p>\u201cNo existe para la provincia, no tiene documentaci\u00f3n. Nadie puede decir \u2018es m\u00eda\u2019. Nosotros hemos hecho uso del terreno por anexi\u00f3n, al ser lindero a nuestras quintas\u201d, afirm\u00f3.<\/p>\n\n\n\n<p>Seg\u00fan coment\u00f3 hace cuatro a\u00f1os inici\u00f3 los tr\u00e1mites correspondientes ante la Autoridad del Agua (ADA) y el organismo de Geodesia para incorporar el terreno a las propiedades de su familia.<\/p>\n\n\n\n<p>Respecto a los planes del municipio, Cier se\u00f1al\u00f3 que el intendente Pablo Garate aclar\u00f3 que el espacio proyectado para el emprendimiento no ser\u00eda La Isla, sino un terreno lindante, ubicado entre la entrada del Paseo de las Siete Cascadas y el arroyo.<\/p>\n\n\n\n<p>Sin embargo advirti\u00f3 que ese sector tambi\u00e9n presenta riesgos.<\/p>\n\n\n\n<p>\u201cEs un lugar peligroso, con barrancas y vegetaci\u00f3n densa, que podr\u00eda complicar cualquier actividad nocturna, especialmente en t\u00e9rminos de seguridad\u201d.<\/p>\n\n\n\n<p>El Concejo Deliberante de Tres Arroyos, a pedido del Ejecutivo, se encontraba analizando el uso de este espacio hasta el mediod\u00eda de este jueves.<\/p>\n\n\n\n<p>Si bien las sesiones ordinarias finalizaron, la Comisi\u00f3n de Turismo contin\u00faa en reuniones extraordinarias.<\/p>\n\n\n\n<figure class=\"wp-block-embed is-type-video is-provider-youtube wp-block-embed-youtube wp-embed-aspect-16-9 wp-has-aspect-ratio\"><div class=\"wp-block-embed__wrapper\">\n<div class=\"youtube-embed\" data-video_id=\"6vVnge_cM-Y\"><iframe loading=\"lazy\" title=\"Onda Uno 103.9 en vivo\" width=\"696\" height=\"392\" data-src=\"https:\/\/www.youtube.com\/embed\/6vVnge_cM-Y?feature=oembed&#038;enablejsapi=1\" frameborder=\"0\" allow=\"accelerometer; autoplay; clipboard-write; encrypted-media; gyroscope; picture-in-picture; web-share\" referrerpolicy=\"strict-origin-when-cross-origin\" allowfullscreen src=\"data:image\/gif;base64,R0lGODlhAQABAAAAACH5BAEKAAEALAAAAAABAAEAAAICTAEAOw==\" class=\"lazyload\" data-load-mode=\"1\"><\/iframe><\/div>\n<\/div><\/figure>\n","protected":false},"excerpt":{"rendered":"<p>Alberto Cier habl\u00f3 en Cosas que pasan En Cosas que pasan, Alberto Cier, integrante de una familia hist\u00f3rica de Claromec\u00f3, aport\u00f3 informaci\u00f3n clave sobre el terreno conocido como La Isla, propuesto como espacio para actividades de esparcimiento nocturno. Cier explic\u00f3 que La Isla carece de nomenclatura catastral y, por lo tanto, no tiene un propietario [&hellip;]<\/p>\n","protected":false},"author":1,"featured_media":52675,"comment_status":"open","ping_status":"open","sticky":false,"template":"","format":"standard","meta":{"tdm_status":"","tdm_grid_status":"","_jetpack_memberships_contains_paid_content":false,"footnotes":"","jetpack_publicize_message":"","jetpack_publicize_feature_enabled":true,"jetpack_social_post_already_shared":false,"jetpack_social_options":{"image_generator_settings":{"template":"highway","default_image_id":0,"font":"","enabled":false},"version":2}},"categories":[2],"tags":[],"class_list":{"0":"post-52674","1":"post","2":"type-post","3":"status-publish","4":"format-standard","5":"has-post-thumbnail","7":"category-locales"},"yoast_head":"<!-- This site is optimized with the Yoast SEO plugin v22.7 - https:\/\/yoast.com\/wordpress\/plugins\/seo\/ -->\n<title>Nocturnidad en Claromec\u00f3: &quot;Es un lugar peligroso&quot;, asegur\u00f3 Alberto Cier - 103.9 fm<\/title>\n<meta name=\"robots\" content=\"index, follow, max-snippet:-1, max-image-preview:large, max-video-preview:-1\" \/>\n<link rel=\"canonical\" href=\"https:\/\/ondauno.com.ar\/index.php\/2024\/12\/26\/nocturnidad-en-claromeco-es-un-lugar-peligroso-aseguro-alberto-cier\/\" \/>\n<meta property=\"og:locale\" content=\"es_ES\" \/>\n<meta property=\"og:type\" content=\"article\" \/>\n<meta property=\"og:title\" content=\"Nocturnidad en Claromec\u00f3: &quot;Es un lugar peligroso&quot;, asegur\u00f3 Alberto Cier - 103.9 fm\" \/>\n<meta property=\"og:description\" content=\"Alberto Cier habl\u00f3 en Cosas que pasan En Cosas que pasan, Alberto Cier, integrante de una familia hist\u00f3rica de Claromec\u00f3, aport\u00f3 informaci\u00f3n clave sobre el terreno conocido como La Isla, propuesto como espacio para actividades de esparcimiento nocturno. Cier explic\u00f3 que La Isla carece de nomenclatura catastral y, por lo tanto, no tiene un propietario [&hellip;]\" \/>\n<meta property=\"og:url\" content=\"https:\/\/ondauno.com.ar\/index.php\/2024\/12\/26\/nocturnidad-en-claromeco-es-un-lugar-peligroso-aseguro-alberto-cier\/\" \/>\n<meta property=\"og:site_name\" content=\"103.9 fm\" \/>\n<meta property=\"article:publisher\" content=\"https:\/\/www.facebook.com\/ondauno103.9\" \/>\n<meta property=\"article:published_time\" content=\"2024-12-26T16:50:40+00:00\" \/>\n<meta property=\"article:modified_time\" content=\"2024-12-26T16:52:04+00:00\" \/>\n<meta property=\"og:image\" content=\"http:\/\/ondauno.com.ar\/wp-content\/uploads\/2024\/12\/sier-la-isla.jpg\" \/>\n\t<meta property=\"og:image:width\" content=\"1600\" \/>\n\t<meta property=\"og:image:height\" content=\"1220\" \/>\n\t<meta property=\"og:image:type\" content=\"image\/jpeg\" \/>\n<meta name=\"author\" content=\"OndaUno\" \/>\n<meta name=\"twitter:card\" content=\"summary_large_image\" \/>\n<meta name=\"twitter:label1\" content=\"Escrito por\" \/>\n\t<meta name=\"twitter:data1\" content=\"OndaUno\" \/>\n\t<meta name=\"twitter:label2\" content=\"Tiempo de lectura\" \/>\n\t<meta name=\"twitter:data2\" content=\"2 minutos\" \/>\n<script type=\"application\/ld+json\" class=\"yoast-schema-graph\">{\"@context\":\"https:\/\/schema.org\",\"@graph\":[{\"@type\":\"WebPage\",\"@id\":\"https:\/\/ondauno.com.ar\/index.php\/2024\/12\/26\/nocturnidad-en-claromeco-es-un-lugar-peligroso-aseguro-alberto-cier\/\",\"url\":\"https:\/\/ondauno.com.ar\/index.php\/2024\/12\/26\/nocturnidad-en-claromeco-es-un-lugar-peligroso-aseguro-alberto-cier\/\",\"name\":\"Nocturnidad en Claromec\u00f3: \\\"Es un lugar peligroso\\\", asegur\u00f3 Alberto Cier - 103.9 fm\",\"isPartOf\":{\"@id\":\"https:\/\/ondauno.com.ar\/#website\"},\"primaryImageOfPage\":{\"@id\":\"https:\/\/ondauno.com.ar\/index.php\/2024\/12\/26\/nocturnidad-en-claromeco-es-un-lugar-peligroso-aseguro-alberto-cier\/#primaryimage\"},\"image\":{\"@id\":\"https:\/\/ondauno.com.ar\/index.php\/2024\/12\/26\/nocturnidad-en-claromeco-es-un-lugar-peligroso-aseguro-alberto-cier\/#primaryimage\"},\"thumbnailUrl\":\"https:\/\/ondauno.com.ar\/wp-content\/uploads\/2024\/12\/sier-la-isla.jpg\",\"datePublished\":\"2024-12-26T16:50:40+00:00\",\"dateModified\":\"2024-12-26T16:52:04+00:00\",\"author\":{\"@id\":\"https:\/\/ondauno.com.ar\/#\/schema\/person\/7ec851ddeceb4133d7d7132dc645714e\"},\"breadcrumb\":{\"@id\":\"https:\/\/ondauno.com.ar\/index.php\/2024\/12\/26\/nocturnidad-en-claromeco-es-un-lugar-peligroso-aseguro-alberto-cier\/#breadcrumb\"},\"inLanguage\":\"es-AR\",\"potentialAction\":[{\"@type\":\"ReadAction\",\"target\":[\"https:\/\/ondauno.com.ar\/index.php\/2024\/12\/26\/nocturnidad-en-claromeco-es-un-lugar-peligroso-aseguro-alberto-cier\/\"]}]},{\"@type\":\"ImageObject\",\"inLanguage\":\"es-AR\",\"@id\":\"https:\/\/ondauno.com.ar\/index.php\/2024\/12\/26\/nocturnidad-en-claromeco-es-un-lugar-peligroso-aseguro-alberto-cier\/#primaryimage\",\"url\":\"https:\/\/ondauno.com.ar\/wp-content\/uploads\/2024\/12\/sier-la-isla.jpg\",\"contentUrl\":\"https:\/\/ondauno.com.ar\/wp-content\/uploads\/2024\/12\/sier-la-isla.jpg\",\"width\":1600,\"height\":1220},{\"@type\":\"BreadcrumbList\",\"@id\":\"https:\/\/ondauno.com.ar\/index.php\/2024\/12\/26\/nocturnidad-en-claromeco-es-un-lugar-peligroso-aseguro-alberto-cier\/#breadcrumb\",\"itemListElement\":[{\"@type\":\"ListItem\",\"position\":1,\"name\":\"Inicio\",\"item\":\"https:\/\/ondauno.com.ar\/\"},{\"@type\":\"ListItem\",\"position\":2,\"name\":\"Nocturnidad en Claromec\u00f3: &#8220;Es un lugar peligroso&#8221;, asegur\u00f3 Alberto Cier\"}]},{\"@type\":\"WebSite\",\"@id\":\"https:\/\/ondauno.com.ar\/#website\",\"url\":\"https:\/\/ondauno.com.ar\/\",\"name\":\"103.9 fm\",\"description\":\"LA PRIMERA RADIO MULTIMEDIA DE TRES ARROYOS\",\"potentialAction\":[{\"@type\":\"SearchAction\",\"target\":{\"@type\":\"EntryPoint\",\"urlTemplate\":\"https:\/\/ondauno.com.ar\/?s={search_term_string}\"},\"query-input\":\"required name=search_term_string\"}],\"inLanguage\":\"es-AR\"},{\"@type\":\"Person\",\"@id\":\"https:\/\/ondauno.com.ar\/#\/schema\/person\/7ec851ddeceb4133d7d7132dc645714e\",\"name\":\"OndaUno\",\"image\":{\"@type\":\"ImageObject\",\"inLanguage\":\"es-AR\",\"@id\":\"https:\/\/ondauno.com.ar\/#\/schema\/person\/image\/\",\"url\":\"https:\/\/secure.gravatar.com\/avatar\/93b8009f0de7021f1feb2bd5b32fb9e8?s=96&d=mm&r=g\",\"contentUrl\":\"https:\/\/secure.gravatar.com\/avatar\/93b8009f0de7021f1feb2bd5b32fb9e8?s=96&d=mm&r=g\",\"caption\":\"OndaUno\"},\"url\":\"https:\/\/ondauno.com.ar\/index.php\/author\/ondauno\/\"}]}<\/script>\n<!-- \/ Yoast SEO plugin. -->","yoast_head_json":{"title":"Nocturnidad en Claromec\u00f3: \"Es un lugar peligroso\", asegur\u00f3 Alberto Cier - 103.9 fm","robots":{"index":"index","follow":"follow","max-snippet":"max-snippet:-1","max-image-preview":"max-image-preview:large","max-video-preview":"max-video-preview:-1"},"canonical":"https:\/\/ondauno.com.ar\/index.php\/2024\/12\/26\/nocturnidad-en-claromeco-es-un-lugar-peligroso-aseguro-alberto-cier\/","og_locale":"es_ES","og_type":"article","og_title":"Nocturnidad en Claromec\u00f3: \"Es un lugar peligroso\", asegur\u00f3 Alberto Cier - 103.9 fm","og_description":"Alberto Cier habl\u00f3 en Cosas que pasan En Cosas que pasan, Alberto Cier, integrante de una familia hist\u00f3rica de Claromec\u00f3, aport\u00f3 informaci\u00f3n clave sobre el terreno conocido como La Isla, propuesto como espacio para actividades de esparcimiento nocturno. Cier explic\u00f3 que La Isla carece de nomenclatura catastral y, por lo tanto, no tiene un propietario [&hellip;]","og_url":"https:\/\/ondauno.com.ar\/index.php\/2024\/12\/26\/nocturnidad-en-claromeco-es-un-lugar-peligroso-aseguro-alberto-cier\/","og_site_name":"103.9 fm","article_publisher":"https:\/\/www.facebook.com\/ondauno103.9","article_published_time":"2024-12-26T16:50:40+00:00","article_modified_time":"2024-12-26T16:52:04+00:00","og_image":[{"width":1600,"height":1220,"url":"http:\/\/ondauno.com.ar\/wp-content\/uploads\/2024\/12\/sier-la-isla.jpg","type":"image\/jpeg"}],"author":"OndaUno","twitter_card":"summary_large_image","twitter_misc":{"Escrito por":"OndaUno","Tiempo de lectura":"2 minutos"},"schema":{"@context":"https:\/\/schema.org","@graph":[{"@type":"WebPage","@id":"https:\/\/ondauno.com.ar\/index.php\/2024\/12\/26\/nocturnidad-en-claromeco-es-un-lugar-peligroso-aseguro-alberto-cier\/","url":"https:\/\/ondauno.com.ar\/index.php\/2024\/12\/26\/nocturnidad-en-claromeco-es-un-lugar-peligroso-aseguro-alberto-cier\/","name":"Nocturnidad en Claromec\u00f3: \"Es un lugar peligroso\", asegur\u00f3 Alberto Cier - 103.9 fm","isPartOf":{"@id":"https:\/\/ondauno.com.ar\/#website"},"primaryImageOfPage":{"@id":"https:\/\/ondauno.com.ar\/index.php\/2024\/12\/26\/nocturnidad-en-claromeco-es-un-lugar-peligroso-aseguro-alberto-cier\/#primaryimage"},"image":{"@id":"https:\/\/ondauno.com.ar\/index.php\/2024\/12\/26\/nocturnidad-en-claromeco-es-un-lugar-peligroso-aseguro-alberto-cier\/#primaryimage"},"thumbnailUrl":"https:\/\/ondauno.com.ar\/wp-content\/uploads\/2024\/12\/sier-la-isla.jpg","datePublished":"2024-12-26T16:50:40+00:00","dateModified":"2024-12-26T16:52:04+00:00","author":{"@id":"https:\/\/ondauno.com.ar\/#\/schema\/person\/7ec851ddeceb4133d7d7132dc645714e"},"breadcrumb":{"@id":"https:\/\/ondauno.com.ar\/index.php\/2024\/12\/26\/nocturnidad-en-claromeco-es-un-lugar-peligroso-aseguro-alberto-cier\/#breadcrumb"},"inLanguage":"es-AR","potentialAction":[{"@type":"ReadAction","target":["https:\/\/ondauno.com.ar\/index.php\/2024\/12\/26\/nocturnidad-en-claromeco-es-un-lugar-peligroso-aseguro-alberto-cier\/"]}]},{"@type":"ImageObject","inLanguage":"es-AR","@id":"https:\/\/ondauno.com.ar\/index.php\/2024\/12\/26\/nocturnidad-en-claromeco-es-un-lugar-peligroso-aseguro-alberto-cier\/#primaryimage","url":"https:\/\/ondauno.com.ar\/wp-content\/uploads\/2024\/12\/sier-la-isla.jpg","contentUrl":"https:\/\/ondauno.com.ar\/wp-content\/uploads\/2024\/12\/sier-la-isla.jpg","width":1600,"height":1220},{"@type":"BreadcrumbList","@id":"https:\/\/ondauno.com.ar\/index.php\/2024\/12\/26\/nocturnidad-en-claromeco-es-un-lugar-peligroso-aseguro-alberto-cier\/#breadcrumb","itemListElement":[{"@type":"ListItem","position":1,"name":"Inicio","item":"https:\/\/ondauno.com.ar\/"},{"@type":"ListItem","position":2,"name":"Nocturnidad en Claromec\u00f3: &#8220;Es un lugar peligroso&#8221;, asegur\u00f3 Alberto Cier"}]},{"@type":"WebSite","@id":"https:\/\/ondauno.com.ar\/#website","url":"https:\/\/ondauno.com.ar\/","name":"103.9 fm","description":"LA PRIMERA RADIO MULTIMEDIA DE TRES ARROYOS","potentialAction":[{"@type":"SearchAction","target":{"@type":"EntryPoint","urlTemplate":"https:\/\/ondauno.com.ar\/?s={search_term_string}"},"query-input":"required name=search_term_string"}],"inLanguage":"es-AR"},{"@type":"Person","@id":"https:\/\/ondauno.com.ar\/#\/schema\/person\/7ec851ddeceb4133d7d7132dc645714e","name":"OndaUno","image":{"@type":"ImageObject","inLanguage":"es-AR","@id":"https:\/\/ondauno.com.ar\/#\/schema\/person\/image\/","url":"https:\/\/secure.gravatar.com\/avatar\/93b8009f0de7021f1feb2bd5b32fb9e8?s=96&d=mm&r=g","contentUrl":"https:\/\/secure.gravatar.com\/avatar\/93b8009f0de7021f1feb2bd5b32fb9e8?s=96&d=mm&r=g","caption":"OndaUno"},"url":"https:\/\/ondauno.com.ar\/index.php\/author\/ondauno\/"}]}},"jetpack_publicize_connections":[],"jetpack_featured_media_url":"https:\/\/ondauno.com.ar\/wp-content\/uploads\/2024\/12\/sier-la-isla.jpg","jetpack_sharing_enabled":true,"_links":{"self":[{"href":"https:\/\/ondauno.com.ar\/index.php\/wp-json\/wp\/v2\/posts\/52674","targetHints":{"allow":["GET"]}}],"collection":[{"href":"https:\/\/ondauno.com.ar\/index.php\/wp-json\/wp\/v2\/posts"}],"about":[{"href":"https:\/\/ondauno.com.ar\/index.php\/wp-json\/wp\/v2\/types\/post"}],"author":[{"embeddable":true,"href":"https:\/\/ondauno.com.ar\/index.php\/wp-json\/wp\/v2\/users\/1"}],"replies":[{"embeddable":true,"href":"https:\/\/ondauno.com.ar\/index.php\/wp-json\/wp\/v2\/comments?post=52674"}],"version-history":[{"count":2,"href":"https:\/\/ondauno.com.ar\/index.php\/wp-json\/wp\/v2\/posts\/52674\/revisions"}],"predecessor-version":[{"id":52677,"href":"https:\/\/ondauno.com.ar\/index.php\/wp-json\/wp\/v2\/posts\/52674\/revisions\/52677"}],"wp:featuredmedia":[{"embeddable":true,"href":"https:\/\/ondauno.com.ar\/index.php\/wp-json\/wp\/v2\/media\/52675"}],"wp:attachment":[{"href":"https:\/\/ondauno.com.ar\/index.php\/wp-json\/wp\/v2\/media?parent=52674"}],"wp:term":[{"taxonomy":"category","embeddable":true,"href":"https:\/\/ondauno.com.ar\/index.php\/wp-json\/wp\/v2\/categories?post=52674"},{"taxonomy":"post_tag","embeddable":true,"href":"https:\/\/ondauno.com.ar\/index.php\/wp-json\/wp\/v2\/tags?post=52674"}],"curies":[{"name":"wp","href":"https:\/\/api.w.org\/{rel}","templated":true}]}}