{"id":52431,"date":"2024-12-13T18:02:22","date_gmt":"2024-12-13T21:02:22","guid":{"rendered":"https:\/\/ondauno.com.ar\/?p=52431"},"modified":"2024-12-13T18:02:25","modified_gmt":"2024-12-13T21:02:25","slug":"navidad-en-la-plaza-san-martin-una-tarde-magica-para-toda-la-familia","status":"publish","type":"post","link":"https:\/\/ondauno.com.ar\/index.php\/2024\/12\/13\/navidad-en-la-plaza-san-martin-una-tarde-magica-para-toda-la-familia\/","title":{"rendered":"\u00a1Navidad en la Plaza San Mart\u00edn: una tarde m\u00e1gica para toda la familia!"},"content":{"rendered":"<div class=\"ondau-before-content_3\" style=\"margin-top: -30px;\" id=\"ondau-713495085\"><a href=\"https:\/\/www.lps.com.ar\/\" aria-label=\"la-perse2\"><img loading=\"lazy\" decoding=\"async\" src=\"https:\/\/ondauno.com.ar\/wp-content\/uploads\/2021\/10\/la-perse2.jpg\" alt=\"\"  srcset=\"https:\/\/ondauno.com.ar\/wp-content\/uploads\/2021\/10\/la-perse2.jpg 1353w, https:\/\/ondauno.com.ar\/wp-content\/uploads\/2021\/10\/la-perse2-300x43.jpg 300w, https:\/\/ondauno.com.ar\/wp-content\/uploads\/2021\/10\/la-perse2-1024x148.jpg 1024w, https:\/\/ondauno.com.ar\/wp-content\/uploads\/2021\/10\/la-perse2-768x111.jpg 768w, https:\/\/ondauno.com.ar\/wp-content\/uploads\/2021\/10\/la-perse2-696x100.jpg 696w, https:\/\/ondauno.com.ar\/wp-content\/uploads\/2021\/10\/la-perse2-1068x154.jpg 1068w\" sizes=\"(max-width: 1353px) 100vw, 1353px\" class=\"no-lazyload\" width=\"1353\" height=\"195\"  style=\"display: inline-block;\" \/><\/a><\/div>\n<p>El pr\u00f3ximo domingo 15 de diciembre, la Plaza San Mart\u00edn se vestir\u00e1 de fiesta para celebrar la Navidad con una jornada llena de actividades gratuitas para disfrutar en familia. Desde las 17:00 hasta las 20:30 horas, toda la familia podr\u00e1n ser parte de esta propuesta organizada por Comercios Unidos, junto al municipio.<br>Cronograma de actividades:<\/p>\n\n\n\n<p>\u2022 17:00 hs: Juegos infantiles como inflables, jenga gigante y canchita para los m\u00e1s peque\u00f1os.<br>\u2022 18:00 hs: Clase de zumba a puro ritmo con Delfi Marchetti.<br>\u2022 18:30 hs: Presentaci\u00f3n en vivo del D\u00fao Adelines, llenando la tarde de m\u00fasica y buena onda.<br>\u2022 19:30 hs: \u00a1Llega Pap\u00e1 Noel! Los chicos podr\u00e1n entregarle sus cartitas y sacarse una foto especial.<br>\u2022 20:30 hs: Gran momento del encendido de las luces del \u00c1rbol de Navidad, para cerrar la jornada con toda la magia.<\/p>\n\n\n\n<p>Adem\u00e1s, en el horario de 18:00 a 20:00 hs, habr\u00e1 una Fotocabina disponible para que te lleves un recuerdo de esta celebraci\u00f3n.<\/p>\n\n\n\n<p>En este evento acompa\u00f1an la Direcci\u00f3n de Industria, Comercio y Emprendedurismo, junto con la Secretar\u00eda de Desarrollo Social, la Direcci\u00f3n de Cultura, Educaci\u00f3n y Derechos Humanos, y la Direcci\u00f3n de Deportes del Municipio de Tres Arroyos.<\/p>\n","protected":false},"excerpt":{"rendered":"<p>El pr\u00f3ximo domingo 15 de diciembre, la Plaza San Mart\u00edn se vestir\u00e1 de fiesta para celebrar la Navidad con una jornada llena de actividades gratuitas para disfrutar en familia. Desde las 17:00 hasta las 20:30 horas, toda la familia podr\u00e1n ser parte de esta propuesta organizada por Comercios Unidos, junto al municipio.Cronograma de actividades: \u2022 [&hellip;]<\/p>\n","protected":false},"author":1,"featured_media":52432,"comment_status":"open","ping_status":"open","sticky":false,"template":"","format":"standard","meta":{"tdm_status":"","tdm_grid_status":"","_jetpack_memberships_contains_paid_content":false,"footnotes":"","jetpack_publicize_message":"","jetpack_publicize_feature_enabled":true,"jetpack_social_post_already_shared":false,"jetpack_social_options":{"image_generator_settings":{"template":"highway","default_image_id":0,"font":"","enabled":false},"version":2}},"categories":[2],"tags":[],"class_list":{"0":"post-52431","1":"post","2":"type-post","3":"status-publish","4":"format-standard","5":"has-post-thumbnail","7":"category-locales"},"yoast_head":"<!-- This site is optimized with the Yoast SEO plugin v22.7 - https:\/\/yoast.com\/wordpress\/plugins\/seo\/ -->\n<title>\u00a1Navidad en la Plaza San Mart\u00edn: una tarde m\u00e1gica para toda la familia! - 103.9 fm<\/title>\n<meta name=\"robots\" content=\"index, follow, max-snippet:-1, max-image-preview:large, max-video-preview:-1\" \/>\n<link rel=\"canonical\" href=\"https:\/\/ondauno.com.ar\/index.php\/2024\/12\/13\/navidad-en-la-plaza-san-martin-una-tarde-magica-para-toda-la-familia\/\" \/>\n<meta property=\"og:locale\" content=\"es_ES\" \/>\n<meta property=\"og:type\" content=\"article\" \/>\n<meta property=\"og:title\" content=\"\u00a1Navidad en la Plaza San Mart\u00edn: una tarde m\u00e1gica para toda la familia! - 103.9 fm\" \/>\n<meta property=\"og:description\" content=\"El pr\u00f3ximo domingo 15 de diciembre, la Plaza San Mart\u00edn se vestir\u00e1 de fiesta para celebrar la Navidad con una jornada llena de actividades gratuitas para disfrutar en familia. Desde las 17:00 hasta las 20:30 horas, toda la familia podr\u00e1n ser parte de esta propuesta organizada por Comercios Unidos, junto al municipio.Cronograma de actividades: \u2022 [&hellip;]\" \/>\n<meta property=\"og:url\" content=\"https:\/\/ondauno.com.ar\/index.php\/2024\/12\/13\/navidad-en-la-plaza-san-martin-una-tarde-magica-para-toda-la-familia\/\" \/>\n<meta property=\"og:site_name\" content=\"103.9 fm\" \/>\n<meta property=\"article:publisher\" content=\"https:\/\/www.facebook.com\/ondauno103.9\" \/>\n<meta property=\"article:published_time\" content=\"2024-12-13T21:02:22+00:00\" \/>\n<meta property=\"article:modified_time\" content=\"2024-12-13T21:02:25+00:00\" \/>\n<meta property=\"og:image\" content=\"http:\/\/ondauno.com.ar\/wp-content\/uploads\/2024\/12\/WhatsApp-Image-2024-12-13-at-12.38.25.jpeg\" \/>\n\t<meta property=\"og:image:width\" content=\"1080\" \/>\n\t<meta property=\"og:image:height\" content=\"1080\" \/>\n\t<meta property=\"og:image:type\" content=\"image\/jpeg\" \/>\n<meta name=\"author\" content=\"OndaUno\" \/>\n<meta name=\"twitter:card\" content=\"summary_large_image\" \/>\n<meta name=\"twitter:label1\" content=\"Escrito por\" \/>\n\t<meta name=\"twitter:data1\" content=\"OndaUno\" \/>\n\t<meta name=\"twitter:label2\" content=\"Tiempo de lectura\" \/>\n\t<meta name=\"twitter:data2\" content=\"2 minutos\" \/>\n<script type=\"application\/ld+json\" class=\"yoast-schema-graph\">{\"@context\":\"https:\/\/schema.org\",\"@graph\":[{\"@type\":\"WebPage\",\"@id\":\"https:\/\/ondauno.com.ar\/index.php\/2024\/12\/13\/navidad-en-la-plaza-san-martin-una-tarde-magica-para-toda-la-familia\/\",\"url\":\"https:\/\/ondauno.com.ar\/index.php\/2024\/12\/13\/navidad-en-la-plaza-san-martin-una-tarde-magica-para-toda-la-familia\/\",\"name\":\"\u00a1Navidad en la Plaza San Mart\u00edn: una tarde m\u00e1gica para toda la familia! - 103.9 fm\",\"isPartOf\":{\"@id\":\"https:\/\/ondauno.com.ar\/#website\"},\"primaryImageOfPage\":{\"@id\":\"https:\/\/ondauno.com.ar\/index.php\/2024\/12\/13\/navidad-en-la-plaza-san-martin-una-tarde-magica-para-toda-la-familia\/#primaryimage\"},\"image\":{\"@id\":\"https:\/\/ondauno.com.ar\/index.php\/2024\/12\/13\/navidad-en-la-plaza-san-martin-una-tarde-magica-para-toda-la-familia\/#primaryimage\"},\"thumbnailUrl\":\"https:\/\/ondauno.com.ar\/wp-content\/uploads\/2024\/12\/WhatsApp-Image-2024-12-13-at-12.38.25.jpeg\",\"datePublished\":\"2024-12-13T21:02:22+00:00\",\"dateModified\":\"2024-12-13T21:02:25+00:00\",\"author\":{\"@id\":\"https:\/\/ondauno.com.ar\/#\/schema\/person\/7ec851ddeceb4133d7d7132dc645714e\"},\"breadcrumb\":{\"@id\":\"https:\/\/ondauno.com.ar\/index.php\/2024\/12\/13\/navidad-en-la-plaza-san-martin-una-tarde-magica-para-toda-la-familia\/#breadcrumb\"},\"inLanguage\":\"es-AR\",\"potentialAction\":[{\"@type\":\"ReadAction\",\"target\":[\"https:\/\/ondauno.com.ar\/index.php\/2024\/12\/13\/navidad-en-la-plaza-san-martin-una-tarde-magica-para-toda-la-familia\/\"]}]},{\"@type\":\"ImageObject\",\"inLanguage\":\"es-AR\",\"@id\":\"https:\/\/ondauno.com.ar\/index.php\/2024\/12\/13\/navidad-en-la-plaza-san-martin-una-tarde-magica-para-toda-la-familia\/#primaryimage\",\"url\":\"https:\/\/ondauno.com.ar\/wp-content\/uploads\/2024\/12\/WhatsApp-Image-2024-12-13-at-12.38.25.jpeg\",\"contentUrl\":\"https:\/\/ondauno.com.ar\/wp-content\/uploads\/2024\/12\/WhatsApp-Image-2024-12-13-at-12.38.25.jpeg\",\"width\":1080,\"height\":1080},{\"@type\":\"BreadcrumbList\",\"@id\":\"https:\/\/ondauno.com.ar\/index.php\/2024\/12\/13\/navidad-en-la-plaza-san-martin-una-tarde-magica-para-toda-la-familia\/#breadcrumb\",\"itemListElement\":[{\"@type\":\"ListItem\",\"position\":1,\"name\":\"Inicio\",\"item\":\"https:\/\/ondauno.com.ar\/\"},{\"@type\":\"ListItem\",\"position\":2,\"name\":\"\u00a1Navidad en la Plaza San Mart\u00edn: una tarde m\u00e1gica para toda la familia!\"}]},{\"@type\":\"WebSite\",\"@id\":\"https:\/\/ondauno.com.ar\/#website\",\"url\":\"https:\/\/ondauno.com.ar\/\",\"name\":\"103.9 fm\",\"description\":\"LA PRIMERA RADIO MULTIMEDIA DE TRES ARROYOS\",\"potentialAction\":[{\"@type\":\"SearchAction\",\"target\":{\"@type\":\"EntryPoint\",\"urlTemplate\":\"https:\/\/ondauno.com.ar\/?s={search_term_string}\"},\"query-input\":\"required name=search_term_string\"}],\"inLanguage\":\"es-AR\"},{\"@type\":\"Person\",\"@id\":\"https:\/\/ondauno.com.ar\/#\/schema\/person\/7ec851ddeceb4133d7d7132dc645714e\",\"name\":\"OndaUno\",\"image\":{\"@type\":\"ImageObject\",\"inLanguage\":\"es-AR\",\"@id\":\"https:\/\/ondauno.com.ar\/#\/schema\/person\/image\/\",\"url\":\"https:\/\/secure.gravatar.com\/avatar\/93b8009f0de7021f1feb2bd5b32fb9e8?s=96&d=mm&r=g\",\"contentUrl\":\"https:\/\/secure.gravatar.com\/avatar\/93b8009f0de7021f1feb2bd5b32fb9e8?s=96&d=mm&r=g\",\"caption\":\"OndaUno\"},\"url\":\"https:\/\/ondauno.com.ar\/index.php\/author\/ondauno\/\"}]}<\/script>\n<!-- \/ Yoast SEO plugin. -->","yoast_head_json":{"title":"\u00a1Navidad en la Plaza San Mart\u00edn: una tarde m\u00e1gica para toda la familia! - 103.9 fm","robots":{"index":"index","follow":"follow","max-snippet":"max-snippet:-1","max-image-preview":"max-image-preview:large","max-video-preview":"max-video-preview:-1"},"canonical":"https:\/\/ondauno.com.ar\/index.php\/2024\/12\/13\/navidad-en-la-plaza-san-martin-una-tarde-magica-para-toda-la-familia\/","og_locale":"es_ES","og_type":"article","og_title":"\u00a1Navidad en la Plaza San Mart\u00edn: una tarde m\u00e1gica para toda la familia! - 103.9 fm","og_description":"El pr\u00f3ximo domingo 15 de diciembre, la Plaza San Mart\u00edn se vestir\u00e1 de fiesta para celebrar la Navidad con una jornada llena de actividades gratuitas para disfrutar en familia. Desde las 17:00 hasta las 20:30 horas, toda la familia podr\u00e1n ser parte de esta propuesta organizada por Comercios Unidos, junto al municipio.Cronograma de actividades: \u2022 [&hellip;]","og_url":"https:\/\/ondauno.com.ar\/index.php\/2024\/12\/13\/navidad-en-la-plaza-san-martin-una-tarde-magica-para-toda-la-familia\/","og_site_name":"103.9 fm","article_publisher":"https:\/\/www.facebook.com\/ondauno103.9","article_published_time":"2024-12-13T21:02:22+00:00","article_modified_time":"2024-12-13T21:02:25+00:00","og_image":[{"width":1080,"height":1080,"url":"http:\/\/ondauno.com.ar\/wp-content\/uploads\/2024\/12\/WhatsApp-Image-2024-12-13-at-12.38.25.jpeg","type":"image\/jpeg"}],"author":"OndaUno","twitter_card":"summary_large_image","twitter_misc":{"Escrito por":"OndaUno","Tiempo de lectura":"2 minutos"},"schema":{"@context":"https:\/\/schema.org","@graph":[{"@type":"WebPage","@id":"https:\/\/ondauno.com.ar\/index.php\/2024\/12\/13\/navidad-en-la-plaza-san-martin-una-tarde-magica-para-toda-la-familia\/","url":"https:\/\/ondauno.com.ar\/index.php\/2024\/12\/13\/navidad-en-la-plaza-san-martin-una-tarde-magica-para-toda-la-familia\/","name":"\u00a1Navidad en la Plaza San Mart\u00edn: una tarde m\u00e1gica para toda la familia! - 103.9 fm","isPartOf":{"@id":"https:\/\/ondauno.com.ar\/#website"},"primaryImageOfPage":{"@id":"https:\/\/ondauno.com.ar\/index.php\/2024\/12\/13\/navidad-en-la-plaza-san-martin-una-tarde-magica-para-toda-la-familia\/#primaryimage"},"image":{"@id":"https:\/\/ondauno.com.ar\/index.php\/2024\/12\/13\/navidad-en-la-plaza-san-martin-una-tarde-magica-para-toda-la-familia\/#primaryimage"},"thumbnailUrl":"https:\/\/ondauno.com.ar\/wp-content\/uploads\/2024\/12\/WhatsApp-Image-2024-12-13-at-12.38.25.jpeg","datePublished":"2024-12-13T21:02:22+00:00","dateModified":"2024-12-13T21:02:25+00:00","author":{"@id":"https:\/\/ondauno.com.ar\/#\/schema\/person\/7ec851ddeceb4133d7d7132dc645714e"},"breadcrumb":{"@id":"https:\/\/ondauno.com.ar\/index.php\/2024\/12\/13\/navidad-en-la-plaza-san-martin-una-tarde-magica-para-toda-la-familia\/#breadcrumb"},"inLanguage":"es-AR","potentialAction":[{"@type":"ReadAction","target":["https:\/\/ondauno.com.ar\/index.php\/2024\/12\/13\/navidad-en-la-plaza-san-martin-una-tarde-magica-para-toda-la-familia\/"]}]},{"@type":"ImageObject","inLanguage":"es-AR","@id":"https:\/\/ondauno.com.ar\/index.php\/2024\/12\/13\/navidad-en-la-plaza-san-martin-una-tarde-magica-para-toda-la-familia\/#primaryimage","url":"https:\/\/ondauno.com.ar\/wp-content\/uploads\/2024\/12\/WhatsApp-Image-2024-12-13-at-12.38.25.jpeg","contentUrl":"https:\/\/ondauno.com.ar\/wp-content\/uploads\/2024\/12\/WhatsApp-Image-2024-12-13-at-12.38.25.jpeg","width":1080,"height":1080},{"@type":"BreadcrumbList","@id":"https:\/\/ondauno.com.ar\/index.php\/2024\/12\/13\/navidad-en-la-plaza-san-martin-una-tarde-magica-para-toda-la-familia\/#breadcrumb","itemListElement":[{"@type":"ListItem","position":1,"name":"Inicio","item":"https:\/\/ondauno.com.ar\/"},{"@type":"ListItem","position":2,"name":"\u00a1Navidad en la Plaza San Mart\u00edn: una tarde m\u00e1gica para toda la familia!"}]},{"@type":"WebSite","@id":"https:\/\/ondauno.com.ar\/#website","url":"https:\/\/ondauno.com.ar\/","name":"103.9 fm","description":"LA PRIMERA RADIO MULTIMEDIA DE TRES ARROYOS","potentialAction":[{"@type":"SearchAction","target":{"@type":"EntryPoint","urlTemplate":"https:\/\/ondauno.com.ar\/?s={search_term_string}"},"query-input":"required name=search_term_string"}],"inLanguage":"es-AR"},{"@type":"Person","@id":"https:\/\/ondauno.com.ar\/#\/schema\/person\/7ec851ddeceb4133d7d7132dc645714e","name":"OndaUno","image":{"@type":"ImageObject","inLanguage":"es-AR","@id":"https:\/\/ondauno.com.ar\/#\/schema\/person\/image\/","url":"https:\/\/secure.gravatar.com\/avatar\/93b8009f0de7021f1feb2bd5b32fb9e8?s=96&d=mm&r=g","contentUrl":"https:\/\/secure.gravatar.com\/avatar\/93b8009f0de7021f1feb2bd5b32fb9e8?s=96&d=mm&r=g","caption":"OndaUno"},"url":"https:\/\/ondauno.com.ar\/index.php\/author\/ondauno\/"}]}},"jetpack_publicize_connections":[],"jetpack_featured_media_url":"https:\/\/ondauno.com.ar\/wp-content\/uploads\/2024\/12\/WhatsApp-Image-2024-12-13-at-12.38.25.jpeg","jetpack_sharing_enabled":true,"_links":{"self":[{"href":"https:\/\/ondauno.com.ar\/index.php\/wp-json\/wp\/v2\/posts\/52431","targetHints":{"allow":["GET"]}}],"collection":[{"href":"https:\/\/ondauno.com.ar\/index.php\/wp-json\/wp\/v2\/posts"}],"about":[{"href":"https:\/\/ondauno.com.ar\/index.php\/wp-json\/wp\/v2\/types\/post"}],"author":[{"embeddable":true,"href":"https:\/\/ondauno.com.ar\/index.php\/wp-json\/wp\/v2\/users\/1"}],"replies":[{"embeddable":true,"href":"https:\/\/ondauno.com.ar\/index.php\/wp-json\/wp\/v2\/comments?post=52431"}],"version-history":[{"count":1,"href":"https:\/\/ondauno.com.ar\/index.php\/wp-json\/wp\/v2\/posts\/52431\/revisions"}],"predecessor-version":[{"id":52433,"href":"https:\/\/ondauno.com.ar\/index.php\/wp-json\/wp\/v2\/posts\/52431\/revisions\/52433"}],"wp:featuredmedia":[{"embeddable":true,"href":"https:\/\/ondauno.com.ar\/index.php\/wp-json\/wp\/v2\/media\/52432"}],"wp:attachment":[{"href":"https:\/\/ondauno.com.ar\/index.php\/wp-json\/wp\/v2\/media?parent=52431"}],"wp:term":[{"taxonomy":"category","embeddable":true,"href":"https:\/\/ondauno.com.ar\/index.php\/wp-json\/wp\/v2\/categories?post=52431"},{"taxonomy":"post_tag","embeddable":true,"href":"https:\/\/ondauno.com.ar\/index.php\/wp-json\/wp\/v2\/tags?post=52431"}],"curies":[{"name":"wp","href":"https:\/\/api.w.org\/{rel}","templated":true}]}}