{"id":52424,"date":"2024-12-12T16:49:36","date_gmt":"2024-12-12T19:49:36","guid":{"rendered":"https:\/\/ondauno.com.ar\/?p=52424"},"modified":"2024-12-12T16:49:38","modified_gmt":"2024-12-12T19:49:38","slug":"presupuesto-avila-propone-representar-bien-al-vecino-sin-perjudicar-al-municipio","status":"publish","type":"post","link":"https:\/\/ondauno.com.ar\/index.php\/2024\/12\/12\/presupuesto-avila-propone-representar-bien-al-vecino-sin-perjudicar-al-municipio\/","title":{"rendered":"Presupuesto: \u00c1vila propone &#8220;representar bien al vecino sin perjudicar al municipio&#8221;"},"content":{"rendered":"<div class=\"ondau-before-content_3\" style=\"margin-top: -30px;\" id=\"ondau-4293855273\"><a href=\"https:\/\/www.lps.com.ar\/\" aria-label=\"la-perse2\"><img loading=\"lazy\" decoding=\"async\" src=\"https:\/\/ondauno.com.ar\/wp-content\/uploads\/2021\/10\/la-perse2.jpg\" alt=\"\"  srcset=\"https:\/\/ondauno.com.ar\/wp-content\/uploads\/2021\/10\/la-perse2.jpg 1353w, https:\/\/ondauno.com.ar\/wp-content\/uploads\/2021\/10\/la-perse2-300x43.jpg 300w, https:\/\/ondauno.com.ar\/wp-content\/uploads\/2021\/10\/la-perse2-1024x148.jpg 1024w, https:\/\/ondauno.com.ar\/wp-content\/uploads\/2021\/10\/la-perse2-768x111.jpg 768w, https:\/\/ondauno.com.ar\/wp-content\/uploads\/2021\/10\/la-perse2-696x100.jpg 696w, https:\/\/ondauno.com.ar\/wp-content\/uploads\/2021\/10\/la-perse2-1068x154.jpg 1068w\" sizes=\"(max-width: 1353px) 100vw, 1353px\" class=\"no-lazyload\" width=\"1353\" height=\"195\"  style=\"display: inline-block;\" \/><\/a><\/div>\n<p>El concejal de Juntos, Carlos \u00c1vila, particip\u00f3 en el programa Cosas que pasan, donde abord\u00f3 diversos temas relacionados con el municipio. Entre ellos, destac\u00f3 el trabajo en la ordenanza impositiva 2025 y la necesidad de analizarla en detalle para presentar una contrapropuesta. \u201cEstamos evaluando cada \u00e1rea para representar bien al vecino sin perjudicar al municipio\u201d, afirm\u00f3 \u00c1vila.<\/p>\n\n\n\n<p>En relaci\u00f3n al primer a\u00f1o de gesti\u00f3n de Pablo Garate como intendente, se\u00f1al\u00f3 que \u201cla falta de comunicaci\u00f3n ha sido un problema grande, pero esperamos que 2025 sea un a\u00f1o de mayor di\u00e1logo y reuniones\u201d.<\/p>\n\n\n\n<figure class=\"wp-block-embed is-type-video is-provider-youtube wp-block-embed-youtube wp-embed-aspect-16-9 wp-has-aspect-ratio\"><div class=\"wp-block-embed__wrapper\">\n<div class=\"youtube-embed\" data-video_id=\"y-OuJtAsxA4\"><iframe loading=\"lazy\" title=\"Onda Uno 103.9 en vivo\" width=\"696\" height=\"392\" data-src=\"https:\/\/www.youtube.com\/embed\/y-OuJtAsxA4?start=445&#038;feature=oembed\" frameborder=\"0\" allow=\"accelerometer; autoplay; clipboard-write; encrypted-media; gyroscope; picture-in-picture; web-share\" referrerpolicy=\"strict-origin-when-cross-origin\" allowfullscreen src=\"data:image\/gif;base64,R0lGODlhAQABAAAAACH5BAEKAAEALAAAAAABAAEAAAICTAEAOw==\" class=\"lazyload\" data-load-mode=\"1\"><\/iframe><\/div>\n<\/div><\/figure>\n","protected":false},"excerpt":{"rendered":"<p>El concejal de Juntos, Carlos \u00c1vila, particip\u00f3 en el programa Cosas que pasan, donde abord\u00f3 diversos temas relacionados con el municipio. Entre ellos, destac\u00f3 el trabajo en la ordenanza impositiva 2025 y la necesidad de analizarla en detalle para presentar una contrapropuesta. \u201cEstamos evaluando cada \u00e1rea para representar bien al vecino sin perjudicar al municipio\u201d, [&hellip;]<\/p>\n","protected":false},"author":1,"featured_media":26996,"comment_status":"open","ping_status":"open","sticky":false,"template":"","format":"standard","meta":{"tdm_status":"","tdm_grid_status":"","_jetpack_memberships_contains_paid_content":false,"footnotes":"","jetpack_publicize_message":"","jetpack_publicize_feature_enabled":true,"jetpack_social_post_already_shared":false,"jetpack_social_options":{"image_generator_settings":{"template":"highway","default_image_id":0,"font":"","enabled":false},"version":2}},"categories":[2],"tags":[],"class_list":{"0":"post-52424","1":"post","2":"type-post","3":"status-publish","4":"format-standard","5":"has-post-thumbnail","7":"category-locales"},"yoast_head":"<!-- This site is optimized with the Yoast SEO plugin v22.7 - https:\/\/yoast.com\/wordpress\/plugins\/seo\/ -->\n<title>Presupuesto: \u00c1vila propone &quot;representar bien al vecino sin perjudicar al municipio&quot; - 103.9 fm<\/title>\n<meta name=\"robots\" content=\"index, follow, max-snippet:-1, max-image-preview:large, max-video-preview:-1\" \/>\n<link rel=\"canonical\" href=\"https:\/\/ondauno.com.ar\/index.php\/2024\/12\/12\/presupuesto-avila-propone-representar-bien-al-vecino-sin-perjudicar-al-municipio\/\" \/>\n<meta property=\"og:locale\" content=\"es_ES\" \/>\n<meta property=\"og:type\" content=\"article\" \/>\n<meta property=\"og:title\" content=\"Presupuesto: \u00c1vila propone &quot;representar bien al vecino sin perjudicar al municipio&quot; - 103.9 fm\" \/>\n<meta property=\"og:description\" content=\"El concejal de Juntos, Carlos \u00c1vila, particip\u00f3 en el programa Cosas que pasan, donde abord\u00f3 diversos temas relacionados con el municipio. Entre ellos, destac\u00f3 el trabajo en la ordenanza impositiva 2025 y la necesidad de analizarla en detalle para presentar una contrapropuesta. \u201cEstamos evaluando cada \u00e1rea para representar bien al vecino sin perjudicar al municipio\u201d, [&hellip;]\" \/>\n<meta property=\"og:url\" content=\"https:\/\/ondauno.com.ar\/index.php\/2024\/12\/12\/presupuesto-avila-propone-representar-bien-al-vecino-sin-perjudicar-al-municipio\/\" \/>\n<meta property=\"og:site_name\" content=\"103.9 fm\" \/>\n<meta property=\"article:publisher\" content=\"https:\/\/www.facebook.com\/ondauno103.9\" \/>\n<meta property=\"article:published_time\" content=\"2024-12-12T19:49:36+00:00\" \/>\n<meta property=\"article:modified_time\" content=\"2024-12-12T19:49:38+00:00\" \/>\n<meta property=\"og:image\" content=\"http:\/\/ondauno.com.ar\/wp-content\/uploads\/2021\/07\/avila.jpg\" \/>\n\t<meta property=\"og:image:width\" content=\"1240\" \/>\n\t<meta property=\"og:image:height\" content=\"1057\" \/>\n\t<meta property=\"og:image:type\" content=\"image\/jpeg\" \/>\n<meta name=\"author\" content=\"OndaUno\" \/>\n<meta name=\"twitter:card\" content=\"summary_large_image\" \/>\n<meta name=\"twitter:label1\" content=\"Escrito por\" \/>\n\t<meta name=\"twitter:data1\" content=\"OndaUno\" \/>\n\t<meta name=\"twitter:label2\" content=\"Tiempo de lectura\" \/>\n\t<meta name=\"twitter:data2\" content=\"1 minuto\" \/>\n<script type=\"application\/ld+json\" class=\"yoast-schema-graph\">{\"@context\":\"https:\/\/schema.org\",\"@graph\":[{\"@type\":\"WebPage\",\"@id\":\"https:\/\/ondauno.com.ar\/index.php\/2024\/12\/12\/presupuesto-avila-propone-representar-bien-al-vecino-sin-perjudicar-al-municipio\/\",\"url\":\"https:\/\/ondauno.com.ar\/index.php\/2024\/12\/12\/presupuesto-avila-propone-representar-bien-al-vecino-sin-perjudicar-al-municipio\/\",\"name\":\"Presupuesto: \u00c1vila propone \\\"representar bien al vecino sin perjudicar al municipio\\\" - 103.9 fm\",\"isPartOf\":{\"@id\":\"https:\/\/ondauno.com.ar\/#website\"},\"primaryImageOfPage\":{\"@id\":\"https:\/\/ondauno.com.ar\/index.php\/2024\/12\/12\/presupuesto-avila-propone-representar-bien-al-vecino-sin-perjudicar-al-municipio\/#primaryimage\"},\"image\":{\"@id\":\"https:\/\/ondauno.com.ar\/index.php\/2024\/12\/12\/presupuesto-avila-propone-representar-bien-al-vecino-sin-perjudicar-al-municipio\/#primaryimage\"},\"thumbnailUrl\":\"https:\/\/ondauno.com.ar\/wp-content\/uploads\/2021\/07\/avila.jpg\",\"datePublished\":\"2024-12-12T19:49:36+00:00\",\"dateModified\":\"2024-12-12T19:49:38+00:00\",\"author\":{\"@id\":\"https:\/\/ondauno.com.ar\/#\/schema\/person\/7ec851ddeceb4133d7d7132dc645714e\"},\"breadcrumb\":{\"@id\":\"https:\/\/ondauno.com.ar\/index.php\/2024\/12\/12\/presupuesto-avila-propone-representar-bien-al-vecino-sin-perjudicar-al-municipio\/#breadcrumb\"},\"inLanguage\":\"es-AR\",\"potentialAction\":[{\"@type\":\"ReadAction\",\"target\":[\"https:\/\/ondauno.com.ar\/index.php\/2024\/12\/12\/presupuesto-avila-propone-representar-bien-al-vecino-sin-perjudicar-al-municipio\/\"]}]},{\"@type\":\"ImageObject\",\"inLanguage\":\"es-AR\",\"@id\":\"https:\/\/ondauno.com.ar\/index.php\/2024\/12\/12\/presupuesto-avila-propone-representar-bien-al-vecino-sin-perjudicar-al-municipio\/#primaryimage\",\"url\":\"https:\/\/ondauno.com.ar\/wp-content\/uploads\/2021\/07\/avila.jpg\",\"contentUrl\":\"https:\/\/ondauno.com.ar\/wp-content\/uploads\/2021\/07\/avila.jpg\",\"width\":1240,\"height\":1057},{\"@type\":\"BreadcrumbList\",\"@id\":\"https:\/\/ondauno.com.ar\/index.php\/2024\/12\/12\/presupuesto-avila-propone-representar-bien-al-vecino-sin-perjudicar-al-municipio\/#breadcrumb\",\"itemListElement\":[{\"@type\":\"ListItem\",\"position\":1,\"name\":\"Inicio\",\"item\":\"https:\/\/ondauno.com.ar\/\"},{\"@type\":\"ListItem\",\"position\":2,\"name\":\"Presupuesto: \u00c1vila propone &#8220;representar bien al vecino sin perjudicar al municipio&#8221;\"}]},{\"@type\":\"WebSite\",\"@id\":\"https:\/\/ondauno.com.ar\/#website\",\"url\":\"https:\/\/ondauno.com.ar\/\",\"name\":\"103.9 fm\",\"description\":\"LA PRIMERA RADIO MULTIMEDIA DE TRES ARROYOS\",\"potentialAction\":[{\"@type\":\"SearchAction\",\"target\":{\"@type\":\"EntryPoint\",\"urlTemplate\":\"https:\/\/ondauno.com.ar\/?s={search_term_string}\"},\"query-input\":\"required name=search_term_string\"}],\"inLanguage\":\"es-AR\"},{\"@type\":\"Person\",\"@id\":\"https:\/\/ondauno.com.ar\/#\/schema\/person\/7ec851ddeceb4133d7d7132dc645714e\",\"name\":\"OndaUno\",\"image\":{\"@type\":\"ImageObject\",\"inLanguage\":\"es-AR\",\"@id\":\"https:\/\/ondauno.com.ar\/#\/schema\/person\/image\/\",\"url\":\"https:\/\/secure.gravatar.com\/avatar\/93b8009f0de7021f1feb2bd5b32fb9e8?s=96&d=mm&r=g\",\"contentUrl\":\"https:\/\/secure.gravatar.com\/avatar\/93b8009f0de7021f1feb2bd5b32fb9e8?s=96&d=mm&r=g\",\"caption\":\"OndaUno\"},\"url\":\"https:\/\/ondauno.com.ar\/index.php\/author\/ondauno\/\"}]}<\/script>\n<!-- \/ Yoast SEO plugin. -->","yoast_head_json":{"title":"Presupuesto: \u00c1vila propone \"representar bien al vecino sin perjudicar al municipio\" - 103.9 fm","robots":{"index":"index","follow":"follow","max-snippet":"max-snippet:-1","max-image-preview":"max-image-preview:large","max-video-preview":"max-video-preview:-1"},"canonical":"https:\/\/ondauno.com.ar\/index.php\/2024\/12\/12\/presupuesto-avila-propone-representar-bien-al-vecino-sin-perjudicar-al-municipio\/","og_locale":"es_ES","og_type":"article","og_title":"Presupuesto: \u00c1vila propone \"representar bien al vecino sin perjudicar al municipio\" - 103.9 fm","og_description":"El concejal de Juntos, Carlos \u00c1vila, particip\u00f3 en el programa Cosas que pasan, donde abord\u00f3 diversos temas relacionados con el municipio. Entre ellos, destac\u00f3 el trabajo en la ordenanza impositiva 2025 y la necesidad de analizarla en detalle para presentar una contrapropuesta. \u201cEstamos evaluando cada \u00e1rea para representar bien al vecino sin perjudicar al municipio\u201d, [&hellip;]","og_url":"https:\/\/ondauno.com.ar\/index.php\/2024\/12\/12\/presupuesto-avila-propone-representar-bien-al-vecino-sin-perjudicar-al-municipio\/","og_site_name":"103.9 fm","article_publisher":"https:\/\/www.facebook.com\/ondauno103.9","article_published_time":"2024-12-12T19:49:36+00:00","article_modified_time":"2024-12-12T19:49:38+00:00","og_image":[{"width":1240,"height":1057,"url":"http:\/\/ondauno.com.ar\/wp-content\/uploads\/2021\/07\/avila.jpg","type":"image\/jpeg"}],"author":"OndaUno","twitter_card":"summary_large_image","twitter_misc":{"Escrito por":"OndaUno","Tiempo de lectura":"1 minuto"},"schema":{"@context":"https:\/\/schema.org","@graph":[{"@type":"WebPage","@id":"https:\/\/ondauno.com.ar\/index.php\/2024\/12\/12\/presupuesto-avila-propone-representar-bien-al-vecino-sin-perjudicar-al-municipio\/","url":"https:\/\/ondauno.com.ar\/index.php\/2024\/12\/12\/presupuesto-avila-propone-representar-bien-al-vecino-sin-perjudicar-al-municipio\/","name":"Presupuesto: \u00c1vila propone \"representar bien al vecino sin perjudicar al municipio\" - 103.9 fm","isPartOf":{"@id":"https:\/\/ondauno.com.ar\/#website"},"primaryImageOfPage":{"@id":"https:\/\/ondauno.com.ar\/index.php\/2024\/12\/12\/presupuesto-avila-propone-representar-bien-al-vecino-sin-perjudicar-al-municipio\/#primaryimage"},"image":{"@id":"https:\/\/ondauno.com.ar\/index.php\/2024\/12\/12\/presupuesto-avila-propone-representar-bien-al-vecino-sin-perjudicar-al-municipio\/#primaryimage"},"thumbnailUrl":"https:\/\/ondauno.com.ar\/wp-content\/uploads\/2021\/07\/avila.jpg","datePublished":"2024-12-12T19:49:36+00:00","dateModified":"2024-12-12T19:49:38+00:00","author":{"@id":"https:\/\/ondauno.com.ar\/#\/schema\/person\/7ec851ddeceb4133d7d7132dc645714e"},"breadcrumb":{"@id":"https:\/\/ondauno.com.ar\/index.php\/2024\/12\/12\/presupuesto-avila-propone-representar-bien-al-vecino-sin-perjudicar-al-municipio\/#breadcrumb"},"inLanguage":"es-AR","potentialAction":[{"@type":"ReadAction","target":["https:\/\/ondauno.com.ar\/index.php\/2024\/12\/12\/presupuesto-avila-propone-representar-bien-al-vecino-sin-perjudicar-al-municipio\/"]}]},{"@type":"ImageObject","inLanguage":"es-AR","@id":"https:\/\/ondauno.com.ar\/index.php\/2024\/12\/12\/presupuesto-avila-propone-representar-bien-al-vecino-sin-perjudicar-al-municipio\/#primaryimage","url":"https:\/\/ondauno.com.ar\/wp-content\/uploads\/2021\/07\/avila.jpg","contentUrl":"https:\/\/ondauno.com.ar\/wp-content\/uploads\/2021\/07\/avila.jpg","width":1240,"height":1057},{"@type":"BreadcrumbList","@id":"https:\/\/ondauno.com.ar\/index.php\/2024\/12\/12\/presupuesto-avila-propone-representar-bien-al-vecino-sin-perjudicar-al-municipio\/#breadcrumb","itemListElement":[{"@type":"ListItem","position":1,"name":"Inicio","item":"https:\/\/ondauno.com.ar\/"},{"@type":"ListItem","position":2,"name":"Presupuesto: \u00c1vila propone &#8220;representar bien al vecino sin perjudicar al municipio&#8221;"}]},{"@type":"WebSite","@id":"https:\/\/ondauno.com.ar\/#website","url":"https:\/\/ondauno.com.ar\/","name":"103.9 fm","description":"LA PRIMERA RADIO MULTIMEDIA DE TRES ARROYOS","potentialAction":[{"@type":"SearchAction","target":{"@type":"EntryPoint","urlTemplate":"https:\/\/ondauno.com.ar\/?s={search_term_string}"},"query-input":"required name=search_term_string"}],"inLanguage":"es-AR"},{"@type":"Person","@id":"https:\/\/ondauno.com.ar\/#\/schema\/person\/7ec851ddeceb4133d7d7132dc645714e","name":"OndaUno","image":{"@type":"ImageObject","inLanguage":"es-AR","@id":"https:\/\/ondauno.com.ar\/#\/schema\/person\/image\/","url":"https:\/\/secure.gravatar.com\/avatar\/93b8009f0de7021f1feb2bd5b32fb9e8?s=96&d=mm&r=g","contentUrl":"https:\/\/secure.gravatar.com\/avatar\/93b8009f0de7021f1feb2bd5b32fb9e8?s=96&d=mm&r=g","caption":"OndaUno"},"url":"https:\/\/ondauno.com.ar\/index.php\/author\/ondauno\/"}]}},"jetpack_publicize_connections":[],"jetpack_featured_media_url":"https:\/\/ondauno.com.ar\/wp-content\/uploads\/2021\/07\/avila.jpg","jetpack_sharing_enabled":true,"_links":{"self":[{"href":"https:\/\/ondauno.com.ar\/index.php\/wp-json\/wp\/v2\/posts\/52424","targetHints":{"allow":["GET"]}}],"collection":[{"href":"https:\/\/ondauno.com.ar\/index.php\/wp-json\/wp\/v2\/posts"}],"about":[{"href":"https:\/\/ondauno.com.ar\/index.php\/wp-json\/wp\/v2\/types\/post"}],"author":[{"embeddable":true,"href":"https:\/\/ondauno.com.ar\/index.php\/wp-json\/wp\/v2\/users\/1"}],"replies":[{"embeddable":true,"href":"https:\/\/ondauno.com.ar\/index.php\/wp-json\/wp\/v2\/comments?post=52424"}],"version-history":[{"count":1,"href":"https:\/\/ondauno.com.ar\/index.php\/wp-json\/wp\/v2\/posts\/52424\/revisions"}],"predecessor-version":[{"id":52425,"href":"https:\/\/ondauno.com.ar\/index.php\/wp-json\/wp\/v2\/posts\/52424\/revisions\/52425"}],"wp:featuredmedia":[{"embeddable":true,"href":"https:\/\/ondauno.com.ar\/index.php\/wp-json\/wp\/v2\/media\/26996"}],"wp:attachment":[{"href":"https:\/\/ondauno.com.ar\/index.php\/wp-json\/wp\/v2\/media?parent=52424"}],"wp:term":[{"taxonomy":"category","embeddable":true,"href":"https:\/\/ondauno.com.ar\/index.php\/wp-json\/wp\/v2\/categories?post=52424"},{"taxonomy":"post_tag","embeddable":true,"href":"https:\/\/ondauno.com.ar\/index.php\/wp-json\/wp\/v2\/tags?post=52424"}],"curies":[{"name":"wp","href":"https:\/\/api.w.org\/{rel}","templated":true}]}}