{"id":52418,"date":"2024-12-12T16:45:08","date_gmt":"2024-12-12T19:45:08","guid":{"rendered":"https:\/\/ondauno.com.ar\/?p=52418"},"modified":"2024-12-12T16:46:25","modified_gmt":"2024-12-12T19:46:25","slug":"un-aporte-que-no-es-costoso-cuidaria-el-ambiente-maritimo-y-el-frente-costero-de-claromeco","status":"publish","type":"post","link":"https:\/\/ondauno.com.ar\/index.php\/2024\/12\/12\/un-aporte-que-no-es-costoso-cuidaria-el-ambiente-maritimo-y-el-frente-costero-de-claromeco\/","title":{"rendered":"Un aporte que no es costoso cuidar\u00eda el ambiente mar\u00edtimo y el frente costero de Claromec\u00f3"},"content":{"rendered":"<div class=\"ondau-before-content_3\" style=\"margin-top: -30px;\" id=\"ondau-1023462791\"><a href=\"https:\/\/www.lps.com.ar\/\" aria-label=\"la-perse2\"><img loading=\"lazy\" decoding=\"async\" src=\"https:\/\/ondauno.com.ar\/wp-content\/uploads\/2021\/10\/la-perse2.jpg\" alt=\"\"  srcset=\"https:\/\/ondauno.com.ar\/wp-content\/uploads\/2021\/10\/la-perse2.jpg 1353w, https:\/\/ondauno.com.ar\/wp-content\/uploads\/2021\/10\/la-perse2-300x43.jpg 300w, https:\/\/ondauno.com.ar\/wp-content\/uploads\/2021\/10\/la-perse2-1024x148.jpg 1024w, https:\/\/ondauno.com.ar\/wp-content\/uploads\/2021\/10\/la-perse2-768x111.jpg 768w, https:\/\/ondauno.com.ar\/wp-content\/uploads\/2021\/10\/la-perse2-696x100.jpg 696w, https:\/\/ondauno.com.ar\/wp-content\/uploads\/2021\/10\/la-perse2-1068x154.jpg 1068w\" sizes=\"(max-width: 1353px) 100vw, 1353px\" class=\"no-lazyload\" width=\"1353\" height=\"195\"  style=\"display: inline-block;\" \/><\/a><\/div>\n<p class=\"has-text-align-center\"><strong><em>Una muestra de archivo, de la basura que dejar\u00eda de llegar al mar si se aplicara la barrera de contenci\u00f3n propuesta por Carlos Avila<\/em><\/strong><\/p>\n\n\n\n<p>En Cosas que pasan el concejal de Juntos Carlos \u00c1vila tambi\u00e9n destac\u00f3 su propuesta para instalar barreras de contenci\u00f3n flotantes en el arroyo Claromec\u00f3, con el objetivo de evitar que pl\u00e1sticos y desechos lleguen al mar.<br>\u201cEs una soluci\u00f3n econ\u00f3mica y pr\u00e1ctica que puede implementarse r\u00e1pidamente. Solo falta la decisi\u00f3n de llevarla adelante\u201d, explic\u00f3 el concejal, quien subray\u00f3 la importancia de proteger el medio ambiente en beneficio de la comunidad.+<\/p>\n\n\n\n<p>Su propuesta, que el vecinalismo ignor\u00f3 por a\u00f1os, ahora espera ser tratada en el Concejo Deliberante De Tres Arroyos .<\/p>\n\n\n\n<figure class=\"wp-block-embed is-type-video is-provider-youtube wp-block-embed-youtube wp-embed-aspect-16-9 wp-has-aspect-ratio\"><div class=\"wp-block-embed__wrapper\">\n<iframe loading=\"lazy\" title=\"Onda Uno 103.9 en vivo\" width=\"696\" height=\"392\" data-src=\"https:\/\/www.youtube.com\/embed\/y-OuJtAsxA4?start=443&#038;feature=oembed\" frameborder=\"0\" allow=\"accelerometer; autoplay; clipboard-write; encrypted-media; gyroscope; picture-in-picture; web-share\" referrerpolicy=\"strict-origin-when-cross-origin\" allowfullscreen src=\"data:image\/gif;base64,R0lGODlhAQABAAAAACH5BAEKAAEALAAAAAABAAEAAAICTAEAOw==\" class=\"lazyload\" data-load-mode=\"1\"><\/iframe>\n<\/div><\/figure>\n","protected":false},"excerpt":{"rendered":"<p>Una muestra de archivo, de la basura que dejar\u00eda de llegar al mar si se aplicara la barrera de contenci\u00f3n propuesta por Carlos Avila En Cosas que pasan el concejal de Juntos Carlos \u00c1vila tambi\u00e9n destac\u00f3 su propuesta para instalar barreras de contenci\u00f3n flotantes en el arroyo Claromec\u00f3, con el objetivo de evitar que pl\u00e1sticos [&hellip;]<\/p>\n","protected":false},"author":1,"featured_media":52419,"comment_status":"open","ping_status":"open","sticky":false,"template":"","format":"standard","meta":{"tdm_status":"","tdm_grid_status":"","_jetpack_memberships_contains_paid_content":false,"footnotes":"","jetpack_publicize_message":"","jetpack_publicize_feature_enabled":true,"jetpack_social_post_already_shared":false,"jetpack_social_options":{"image_generator_settings":{"template":"highway","default_image_id":0,"font":"","enabled":false},"version":2}},"categories":[2],"tags":[],"class_list":{"0":"post-52418","1":"post","2":"type-post","3":"status-publish","4":"format-standard","5":"has-post-thumbnail","7":"category-locales"},"yoast_head":"<!-- This site is optimized with the Yoast SEO plugin v22.7 - https:\/\/yoast.com\/wordpress\/plugins\/seo\/ -->\n<title>Un aporte que no es costoso cuidar\u00eda el ambiente mar\u00edtimo y el frente costero de Claromec\u00f3 - 103.9 fm<\/title>\n<meta name=\"robots\" content=\"index, follow, max-snippet:-1, max-image-preview:large, max-video-preview:-1\" \/>\n<link rel=\"canonical\" href=\"https:\/\/ondauno.com.ar\/index.php\/2024\/12\/12\/un-aporte-que-no-es-costoso-cuidaria-el-ambiente-maritimo-y-el-frente-costero-de-claromeco\/\" \/>\n<meta property=\"og:locale\" content=\"es_ES\" \/>\n<meta property=\"og:type\" content=\"article\" \/>\n<meta property=\"og:title\" content=\"Un aporte que no es costoso cuidar\u00eda el ambiente mar\u00edtimo y el frente costero de Claromec\u00f3 - 103.9 fm\" \/>\n<meta property=\"og:description\" content=\"Una muestra de archivo, de la basura que dejar\u00eda de llegar al mar si se aplicara la barrera de contenci\u00f3n propuesta por Carlos Avila En Cosas que pasan el concejal de Juntos Carlos \u00c1vila tambi\u00e9n destac\u00f3 su propuesta para instalar barreras de contenci\u00f3n flotantes en el arroyo Claromec\u00f3, con el objetivo de evitar que pl\u00e1sticos [&hellip;]\" \/>\n<meta property=\"og:url\" content=\"https:\/\/ondauno.com.ar\/index.php\/2024\/12\/12\/un-aporte-que-no-es-costoso-cuidaria-el-ambiente-maritimo-y-el-frente-costero-de-claromeco\/\" \/>\n<meta property=\"og:site_name\" content=\"103.9 fm\" \/>\n<meta property=\"article:publisher\" content=\"https:\/\/www.facebook.com\/ondauno103.9\" \/>\n<meta property=\"article:published_time\" content=\"2024-12-12T19:45:08+00:00\" \/>\n<meta property=\"article:modified_time\" content=\"2024-12-12T19:46:25+00:00\" \/>\n<meta property=\"og:image\" content=\"http:\/\/ondauno.com.ar\/wp-content\/uploads\/2024\/12\/WhatsApp-Image-2024-12-12-at-14.36.03.jpeg\" \/>\n\t<meta property=\"og:image:width\" content=\"640\" \/>\n\t<meta property=\"og:image:height\" content=\"480\" \/>\n\t<meta property=\"og:image:type\" content=\"image\/jpeg\" \/>\n<meta name=\"author\" content=\"OndaUno\" \/>\n<meta name=\"twitter:card\" content=\"summary_large_image\" \/>\n<meta name=\"twitter:label1\" content=\"Escrito por\" \/>\n\t<meta name=\"twitter:data1\" content=\"OndaUno\" \/>\n\t<meta name=\"twitter:label2\" content=\"Tiempo de lectura\" \/>\n\t<meta name=\"twitter:data2\" content=\"1 minuto\" \/>\n<script type=\"application\/ld+json\" class=\"yoast-schema-graph\">{\"@context\":\"https:\/\/schema.org\",\"@graph\":[{\"@type\":\"WebPage\",\"@id\":\"https:\/\/ondauno.com.ar\/index.php\/2024\/12\/12\/un-aporte-que-no-es-costoso-cuidaria-el-ambiente-maritimo-y-el-frente-costero-de-claromeco\/\",\"url\":\"https:\/\/ondauno.com.ar\/index.php\/2024\/12\/12\/un-aporte-que-no-es-costoso-cuidaria-el-ambiente-maritimo-y-el-frente-costero-de-claromeco\/\",\"name\":\"Un aporte que no es costoso cuidar\u00eda el ambiente mar\u00edtimo y el frente costero de Claromec\u00f3 - 103.9 fm\",\"isPartOf\":{\"@id\":\"https:\/\/ondauno.com.ar\/#website\"},\"primaryImageOfPage\":{\"@id\":\"https:\/\/ondauno.com.ar\/index.php\/2024\/12\/12\/un-aporte-que-no-es-costoso-cuidaria-el-ambiente-maritimo-y-el-frente-costero-de-claromeco\/#primaryimage\"},\"image\":{\"@id\":\"https:\/\/ondauno.com.ar\/index.php\/2024\/12\/12\/un-aporte-que-no-es-costoso-cuidaria-el-ambiente-maritimo-y-el-frente-costero-de-claromeco\/#primaryimage\"},\"thumbnailUrl\":\"https:\/\/ondauno.com.ar\/wp-content\/uploads\/2024\/12\/WhatsApp-Image-2024-12-12-at-14.36.03.jpeg\",\"datePublished\":\"2024-12-12T19:45:08+00:00\",\"dateModified\":\"2024-12-12T19:46:25+00:00\",\"author\":{\"@id\":\"https:\/\/ondauno.com.ar\/#\/schema\/person\/7ec851ddeceb4133d7d7132dc645714e\"},\"breadcrumb\":{\"@id\":\"https:\/\/ondauno.com.ar\/index.php\/2024\/12\/12\/un-aporte-que-no-es-costoso-cuidaria-el-ambiente-maritimo-y-el-frente-costero-de-claromeco\/#breadcrumb\"},\"inLanguage\":\"es-AR\",\"potentialAction\":[{\"@type\":\"ReadAction\",\"target\":[\"https:\/\/ondauno.com.ar\/index.php\/2024\/12\/12\/un-aporte-que-no-es-costoso-cuidaria-el-ambiente-maritimo-y-el-frente-costero-de-claromeco\/\"]}]},{\"@type\":\"ImageObject\",\"inLanguage\":\"es-AR\",\"@id\":\"https:\/\/ondauno.com.ar\/index.php\/2024\/12\/12\/un-aporte-que-no-es-costoso-cuidaria-el-ambiente-maritimo-y-el-frente-costero-de-claromeco\/#primaryimage\",\"url\":\"https:\/\/ondauno.com.ar\/wp-content\/uploads\/2024\/12\/WhatsApp-Image-2024-12-12-at-14.36.03.jpeg\",\"contentUrl\":\"https:\/\/ondauno.com.ar\/wp-content\/uploads\/2024\/12\/WhatsApp-Image-2024-12-12-at-14.36.03.jpeg\",\"width\":640,\"height\":480},{\"@type\":\"BreadcrumbList\",\"@id\":\"https:\/\/ondauno.com.ar\/index.php\/2024\/12\/12\/un-aporte-que-no-es-costoso-cuidaria-el-ambiente-maritimo-y-el-frente-costero-de-claromeco\/#breadcrumb\",\"itemListElement\":[{\"@type\":\"ListItem\",\"position\":1,\"name\":\"Inicio\",\"item\":\"https:\/\/ondauno.com.ar\/\"},{\"@type\":\"ListItem\",\"position\":2,\"name\":\"Un aporte que no es costoso cuidar\u00eda el ambiente mar\u00edtimo y el frente costero de Claromec\u00f3\"}]},{\"@type\":\"WebSite\",\"@id\":\"https:\/\/ondauno.com.ar\/#website\",\"url\":\"https:\/\/ondauno.com.ar\/\",\"name\":\"103.9 fm\",\"description\":\"LA PRIMERA RADIO MULTIMEDIA DE TRES ARROYOS\",\"potentialAction\":[{\"@type\":\"SearchAction\",\"target\":{\"@type\":\"EntryPoint\",\"urlTemplate\":\"https:\/\/ondauno.com.ar\/?s={search_term_string}\"},\"query-input\":\"required name=search_term_string\"}],\"inLanguage\":\"es-AR\"},{\"@type\":\"Person\",\"@id\":\"https:\/\/ondauno.com.ar\/#\/schema\/person\/7ec851ddeceb4133d7d7132dc645714e\",\"name\":\"OndaUno\",\"image\":{\"@type\":\"ImageObject\",\"inLanguage\":\"es-AR\",\"@id\":\"https:\/\/ondauno.com.ar\/#\/schema\/person\/image\/\",\"url\":\"https:\/\/secure.gravatar.com\/avatar\/93b8009f0de7021f1feb2bd5b32fb9e8?s=96&d=mm&r=g\",\"contentUrl\":\"https:\/\/secure.gravatar.com\/avatar\/93b8009f0de7021f1feb2bd5b32fb9e8?s=96&d=mm&r=g\",\"caption\":\"OndaUno\"},\"url\":\"https:\/\/ondauno.com.ar\/index.php\/author\/ondauno\/\"}]}<\/script>\n<!-- \/ Yoast SEO plugin. -->","yoast_head_json":{"title":"Un aporte que no es costoso cuidar\u00eda el ambiente mar\u00edtimo y el frente costero de Claromec\u00f3 - 103.9 fm","robots":{"index":"index","follow":"follow","max-snippet":"max-snippet:-1","max-image-preview":"max-image-preview:large","max-video-preview":"max-video-preview:-1"},"canonical":"https:\/\/ondauno.com.ar\/index.php\/2024\/12\/12\/un-aporte-que-no-es-costoso-cuidaria-el-ambiente-maritimo-y-el-frente-costero-de-claromeco\/","og_locale":"es_ES","og_type":"article","og_title":"Un aporte que no es costoso cuidar\u00eda el ambiente mar\u00edtimo y el frente costero de Claromec\u00f3 - 103.9 fm","og_description":"Una muestra de archivo, de la basura que dejar\u00eda de llegar al mar si se aplicara la barrera de contenci\u00f3n propuesta por Carlos Avila En Cosas que pasan el concejal de Juntos Carlos \u00c1vila tambi\u00e9n destac\u00f3 su propuesta para instalar barreras de contenci\u00f3n flotantes en el arroyo Claromec\u00f3, con el objetivo de evitar que pl\u00e1sticos [&hellip;]","og_url":"https:\/\/ondauno.com.ar\/index.php\/2024\/12\/12\/un-aporte-que-no-es-costoso-cuidaria-el-ambiente-maritimo-y-el-frente-costero-de-claromeco\/","og_site_name":"103.9 fm","article_publisher":"https:\/\/www.facebook.com\/ondauno103.9","article_published_time":"2024-12-12T19:45:08+00:00","article_modified_time":"2024-12-12T19:46:25+00:00","og_image":[{"width":640,"height":480,"url":"http:\/\/ondauno.com.ar\/wp-content\/uploads\/2024\/12\/WhatsApp-Image-2024-12-12-at-14.36.03.jpeg","type":"image\/jpeg"}],"author":"OndaUno","twitter_card":"summary_large_image","twitter_misc":{"Escrito por":"OndaUno","Tiempo de lectura":"1 minuto"},"schema":{"@context":"https:\/\/schema.org","@graph":[{"@type":"WebPage","@id":"https:\/\/ondauno.com.ar\/index.php\/2024\/12\/12\/un-aporte-que-no-es-costoso-cuidaria-el-ambiente-maritimo-y-el-frente-costero-de-claromeco\/","url":"https:\/\/ondauno.com.ar\/index.php\/2024\/12\/12\/un-aporte-que-no-es-costoso-cuidaria-el-ambiente-maritimo-y-el-frente-costero-de-claromeco\/","name":"Un aporte que no es costoso cuidar\u00eda el ambiente mar\u00edtimo y el frente costero de Claromec\u00f3 - 103.9 fm","isPartOf":{"@id":"https:\/\/ondauno.com.ar\/#website"},"primaryImageOfPage":{"@id":"https:\/\/ondauno.com.ar\/index.php\/2024\/12\/12\/un-aporte-que-no-es-costoso-cuidaria-el-ambiente-maritimo-y-el-frente-costero-de-claromeco\/#primaryimage"},"image":{"@id":"https:\/\/ondauno.com.ar\/index.php\/2024\/12\/12\/un-aporte-que-no-es-costoso-cuidaria-el-ambiente-maritimo-y-el-frente-costero-de-claromeco\/#primaryimage"},"thumbnailUrl":"https:\/\/ondauno.com.ar\/wp-content\/uploads\/2024\/12\/WhatsApp-Image-2024-12-12-at-14.36.03.jpeg","datePublished":"2024-12-12T19:45:08+00:00","dateModified":"2024-12-12T19:46:25+00:00","author":{"@id":"https:\/\/ondauno.com.ar\/#\/schema\/person\/7ec851ddeceb4133d7d7132dc645714e"},"breadcrumb":{"@id":"https:\/\/ondauno.com.ar\/index.php\/2024\/12\/12\/un-aporte-que-no-es-costoso-cuidaria-el-ambiente-maritimo-y-el-frente-costero-de-claromeco\/#breadcrumb"},"inLanguage":"es-AR","potentialAction":[{"@type":"ReadAction","target":["https:\/\/ondauno.com.ar\/index.php\/2024\/12\/12\/un-aporte-que-no-es-costoso-cuidaria-el-ambiente-maritimo-y-el-frente-costero-de-claromeco\/"]}]},{"@type":"ImageObject","inLanguage":"es-AR","@id":"https:\/\/ondauno.com.ar\/index.php\/2024\/12\/12\/un-aporte-que-no-es-costoso-cuidaria-el-ambiente-maritimo-y-el-frente-costero-de-claromeco\/#primaryimage","url":"https:\/\/ondauno.com.ar\/wp-content\/uploads\/2024\/12\/WhatsApp-Image-2024-12-12-at-14.36.03.jpeg","contentUrl":"https:\/\/ondauno.com.ar\/wp-content\/uploads\/2024\/12\/WhatsApp-Image-2024-12-12-at-14.36.03.jpeg","width":640,"height":480},{"@type":"BreadcrumbList","@id":"https:\/\/ondauno.com.ar\/index.php\/2024\/12\/12\/un-aporte-que-no-es-costoso-cuidaria-el-ambiente-maritimo-y-el-frente-costero-de-claromeco\/#breadcrumb","itemListElement":[{"@type":"ListItem","position":1,"name":"Inicio","item":"https:\/\/ondauno.com.ar\/"},{"@type":"ListItem","position":2,"name":"Un aporte que no es costoso cuidar\u00eda el ambiente mar\u00edtimo y el frente costero de Claromec\u00f3"}]},{"@type":"WebSite","@id":"https:\/\/ondauno.com.ar\/#website","url":"https:\/\/ondauno.com.ar\/","name":"103.9 fm","description":"LA PRIMERA RADIO MULTIMEDIA DE TRES ARROYOS","potentialAction":[{"@type":"SearchAction","target":{"@type":"EntryPoint","urlTemplate":"https:\/\/ondauno.com.ar\/?s={search_term_string}"},"query-input":"required name=search_term_string"}],"inLanguage":"es-AR"},{"@type":"Person","@id":"https:\/\/ondauno.com.ar\/#\/schema\/person\/7ec851ddeceb4133d7d7132dc645714e","name":"OndaUno","image":{"@type":"ImageObject","inLanguage":"es-AR","@id":"https:\/\/ondauno.com.ar\/#\/schema\/person\/image\/","url":"https:\/\/secure.gravatar.com\/avatar\/93b8009f0de7021f1feb2bd5b32fb9e8?s=96&d=mm&r=g","contentUrl":"https:\/\/secure.gravatar.com\/avatar\/93b8009f0de7021f1feb2bd5b32fb9e8?s=96&d=mm&r=g","caption":"OndaUno"},"url":"https:\/\/ondauno.com.ar\/index.php\/author\/ondauno\/"}]}},"jetpack_publicize_connections":[],"jetpack_featured_media_url":"https:\/\/ondauno.com.ar\/wp-content\/uploads\/2024\/12\/WhatsApp-Image-2024-12-12-at-14.36.03.jpeg","jetpack_sharing_enabled":true,"_links":{"self":[{"href":"https:\/\/ondauno.com.ar\/index.php\/wp-json\/wp\/v2\/posts\/52418","targetHints":{"allow":["GET"]}}],"collection":[{"href":"https:\/\/ondauno.com.ar\/index.php\/wp-json\/wp\/v2\/posts"}],"about":[{"href":"https:\/\/ondauno.com.ar\/index.php\/wp-json\/wp\/v2\/types\/post"}],"author":[{"embeddable":true,"href":"https:\/\/ondauno.com.ar\/index.php\/wp-json\/wp\/v2\/users\/1"}],"replies":[{"embeddable":true,"href":"https:\/\/ondauno.com.ar\/index.php\/wp-json\/wp\/v2\/comments?post=52418"}],"version-history":[{"count":2,"href":"https:\/\/ondauno.com.ar\/index.php\/wp-json\/wp\/v2\/posts\/52418\/revisions"}],"predecessor-version":[{"id":52421,"href":"https:\/\/ondauno.com.ar\/index.php\/wp-json\/wp\/v2\/posts\/52418\/revisions\/52421"}],"wp:featuredmedia":[{"embeddable":true,"href":"https:\/\/ondauno.com.ar\/index.php\/wp-json\/wp\/v2\/media\/52419"}],"wp:attachment":[{"href":"https:\/\/ondauno.com.ar\/index.php\/wp-json\/wp\/v2\/media?parent=52418"}],"wp:term":[{"taxonomy":"category","embeddable":true,"href":"https:\/\/ondauno.com.ar\/index.php\/wp-json\/wp\/v2\/categories?post=52418"},{"taxonomy":"post_tag","embeddable":true,"href":"https:\/\/ondauno.com.ar\/index.php\/wp-json\/wp\/v2\/tags?post=52418"}],"curies":[{"name":"wp","href":"https:\/\/api.w.org\/{rel}","templated":true}]}}