{"id":52367,"date":"2024-12-10T23:19:50","date_gmt":"2024-12-11T02:19:50","guid":{"rendered":"https:\/\/ondauno.com.ar\/?p=52367"},"modified":"2024-12-10T23:19:53","modified_gmt":"2024-12-11T02:19:53","slug":"invitacion-a-la-exposicion-de-fin-de-ano","status":"publish","type":"post","link":"https:\/\/ondauno.com.ar\/index.php\/2024\/12\/10\/invitacion-a-la-exposicion-de-fin-de-ano\/","title":{"rendered":"Invitaci\u00f3n a la Exposici\u00f3n de Fin de A\u00f1o"},"content":{"rendered":"<div class=\"ondau-before-content_3\" style=\"margin-top: -30px;\" id=\"ondau-3138532523\"><a href=\"https:\/\/www.lps.com.ar\/\" aria-label=\"la-perse2\"><img loading=\"lazy\" decoding=\"async\" src=\"https:\/\/ondauno.com.ar\/wp-content\/uploads\/2021\/10\/la-perse2.jpg\" alt=\"\"  srcset=\"https:\/\/ondauno.com.ar\/wp-content\/uploads\/2021\/10\/la-perse2.jpg 1353w, https:\/\/ondauno.com.ar\/wp-content\/uploads\/2021\/10\/la-perse2-300x43.jpg 300w, https:\/\/ondauno.com.ar\/wp-content\/uploads\/2021\/10\/la-perse2-1024x148.jpg 1024w, https:\/\/ondauno.com.ar\/wp-content\/uploads\/2021\/10\/la-perse2-768x111.jpg 768w, https:\/\/ondauno.com.ar\/wp-content\/uploads\/2021\/10\/la-perse2-696x100.jpg 696w, https:\/\/ondauno.com.ar\/wp-content\/uploads\/2021\/10\/la-perse2-1068x154.jpg 1068w\" sizes=\"(max-width: 1353px) 100vw, 1353px\" class=\"no-lazyload\" width=\"1353\" height=\"195\"  style=\"display: inline-block;\" \/><\/a><\/div>\n<p>Nos complace invitarlos a la pr\u00f3xima exposici\u00f3n que se llevar\u00e1 a cabo el s\u00e1bado 14, a las 17 hs., en MUBATA.<br>En esta ocasi\u00f3n, contaremos con La presentaci\u00f3n del taller creativo dirigido por Diana Roppel, con la participaci\u00f3n de j\u00f3venes artistas de las localidades de San Francisco de Bellocq y Orense, quienes presentar\u00e1n sus trabajos e interpretaciones art\u00edsticas.<\/p>\n\n\n\n<p>Adem\u00e1s, podr\u00e1n recorrer tres exposiciones itinerantes que estar\u00e1n abiertas al p\u00fablico. Si a\u00fan no las visitaron, esta es una excelente oportunidad:<\/p>\n\n\n\n<p>&#8220;Arte Correo&#8221;, una exhibici\u00f3n que involucra a las escuelas de nuestra localidad y de la Provincia de Buenos Aires, centrada en el grabado y el arte gr\u00e1fico.<\/p>\n\n\n\n<p>&#8220;\u00d3pera Prima Gr\u00e1fica&#8221;, una muestra de xilograf\u00eda del artista y grabador local Dardo Saint Denis.<\/p>\n\n\n\n<p>**Homenaje al maestro Roberto Eduardo Cassina, una exposici\u00f3n que celebra su legado.<\/p>\n\n\n\n<p>Tambi\u00e9n podr\u00e1n disfrutar de nuestra exposici\u00f3n permanente, en esta propuesta de cierre de fin de a\u00f1o.<\/p>\n\n\n\n<p>Agradecemos profundamente la compa\u00f1\u00eda de los artistas, el p\u00fablico y @laesquina.boutiquedevinos por apoyar nuestras iniciativas y propuestas culturales.<\/p>\n\n\n\n<p>Comisi\u00f3n Directiva.<br>Coordinador Prof Bruno Defelippe.<\/p>\n\n\n\n<p><br>https:\/\/www.instagram.com\/p\/DDaXtpOJwoD\/?igsh=Mjh0eDNrZm50eWJx<\/p>\n","protected":false},"excerpt":{"rendered":"<p>Nos complace invitarlos a la pr\u00f3xima exposici\u00f3n que se llevar\u00e1 a cabo el s\u00e1bado 14, a las 17 hs., en MUBATA.En esta ocasi\u00f3n, contaremos con La presentaci\u00f3n del taller creativo dirigido por Diana Roppel, con la participaci\u00f3n de j\u00f3venes artistas de las localidades de San Francisco de Bellocq y Orense, quienes presentar\u00e1n sus trabajos e [&hellip;]<\/p>\n","protected":false},"author":1,"featured_media":48574,"comment_status":"open","ping_status":"open","sticky":false,"template":"","format":"standard","meta":{"tdm_status":"","tdm_grid_status":"","_jetpack_memberships_contains_paid_content":false,"footnotes":"","jetpack_publicize_message":"","jetpack_publicize_feature_enabled":true,"jetpack_social_post_already_shared":false,"jetpack_social_options":{"image_generator_settings":{"template":"highway","default_image_id":0,"font":"","enabled":false},"version":2}},"categories":[28],"tags":[],"class_list":{"0":"post-52367","1":"post","2":"type-post","3":"status-publish","4":"format-standard","5":"has-post-thumbnail","7":"category-interes-general"},"yoast_head":"<!-- This site is optimized with the Yoast SEO plugin v22.7 - https:\/\/yoast.com\/wordpress\/plugins\/seo\/ -->\n<title>Invitaci\u00f3n a la Exposici\u00f3n de Fin de A\u00f1o - 103.9 fm<\/title>\n<meta name=\"robots\" content=\"index, follow, max-snippet:-1, max-image-preview:large, max-video-preview:-1\" \/>\n<link rel=\"canonical\" href=\"https:\/\/ondauno.com.ar\/index.php\/2024\/12\/10\/invitacion-a-la-exposicion-de-fin-de-ano\/\" \/>\n<meta property=\"og:locale\" content=\"es_ES\" \/>\n<meta property=\"og:type\" content=\"article\" \/>\n<meta property=\"og:title\" content=\"Invitaci\u00f3n a la Exposici\u00f3n de Fin de A\u00f1o - 103.9 fm\" \/>\n<meta property=\"og:description\" content=\"Nos complace invitarlos a la pr\u00f3xima exposici\u00f3n que se llevar\u00e1 a cabo el s\u00e1bado 14, a las 17 hs., en MUBATA.En esta ocasi\u00f3n, contaremos con La presentaci\u00f3n del taller creativo dirigido por Diana Roppel, con la participaci\u00f3n de j\u00f3venes artistas de las localidades de San Francisco de Bellocq y Orense, quienes presentar\u00e1n sus trabajos e [&hellip;]\" \/>\n<meta property=\"og:url\" content=\"https:\/\/ondauno.com.ar\/index.php\/2024\/12\/10\/invitacion-a-la-exposicion-de-fin-de-ano\/\" \/>\n<meta property=\"og:site_name\" content=\"103.9 fm\" \/>\n<meta property=\"article:publisher\" content=\"https:\/\/www.facebook.com\/ondauno103.9\" \/>\n<meta property=\"article:published_time\" content=\"2024-12-11T02:19:50+00:00\" \/>\n<meta property=\"article:modified_time\" content=\"2024-12-11T02:19:53+00:00\" \/>\n<meta property=\"og:image\" content=\"http:\/\/ondauno.com.ar\/wp-content\/uploads\/2024\/07\/mubata.jpeg\" \/>\n\t<meta property=\"og:image:width\" content=\"293\" \/>\n\t<meta property=\"og:image:height\" content=\"180\" \/>\n\t<meta property=\"og:image:type\" content=\"image\/jpeg\" \/>\n<meta name=\"author\" content=\"OndaUno\" \/>\n<meta name=\"twitter:card\" content=\"summary_large_image\" \/>\n<meta name=\"twitter:label1\" content=\"Escrito por\" \/>\n\t<meta name=\"twitter:data1\" content=\"OndaUno\" \/>\n\t<meta name=\"twitter:label2\" content=\"Tiempo de lectura\" \/>\n\t<meta name=\"twitter:data2\" content=\"1 minuto\" \/>\n<script type=\"application\/ld+json\" class=\"yoast-schema-graph\">{\"@context\":\"https:\/\/schema.org\",\"@graph\":[{\"@type\":\"WebPage\",\"@id\":\"https:\/\/ondauno.com.ar\/index.php\/2024\/12\/10\/invitacion-a-la-exposicion-de-fin-de-ano\/\",\"url\":\"https:\/\/ondauno.com.ar\/index.php\/2024\/12\/10\/invitacion-a-la-exposicion-de-fin-de-ano\/\",\"name\":\"Invitaci\u00f3n a la Exposici\u00f3n de Fin de A\u00f1o - 103.9 fm\",\"isPartOf\":{\"@id\":\"https:\/\/ondauno.com.ar\/#website\"},\"primaryImageOfPage\":{\"@id\":\"https:\/\/ondauno.com.ar\/index.php\/2024\/12\/10\/invitacion-a-la-exposicion-de-fin-de-ano\/#primaryimage\"},\"image\":{\"@id\":\"https:\/\/ondauno.com.ar\/index.php\/2024\/12\/10\/invitacion-a-la-exposicion-de-fin-de-ano\/#primaryimage\"},\"thumbnailUrl\":\"https:\/\/ondauno.com.ar\/wp-content\/uploads\/2024\/07\/mubata.jpeg\",\"datePublished\":\"2024-12-11T02:19:50+00:00\",\"dateModified\":\"2024-12-11T02:19:53+00:00\",\"author\":{\"@id\":\"https:\/\/ondauno.com.ar\/#\/schema\/person\/7ec851ddeceb4133d7d7132dc645714e\"},\"breadcrumb\":{\"@id\":\"https:\/\/ondauno.com.ar\/index.php\/2024\/12\/10\/invitacion-a-la-exposicion-de-fin-de-ano\/#breadcrumb\"},\"inLanguage\":\"es-AR\",\"potentialAction\":[{\"@type\":\"ReadAction\",\"target\":[\"https:\/\/ondauno.com.ar\/index.php\/2024\/12\/10\/invitacion-a-la-exposicion-de-fin-de-ano\/\"]}]},{\"@type\":\"ImageObject\",\"inLanguage\":\"es-AR\",\"@id\":\"https:\/\/ondauno.com.ar\/index.php\/2024\/12\/10\/invitacion-a-la-exposicion-de-fin-de-ano\/#primaryimage\",\"url\":\"https:\/\/ondauno.com.ar\/wp-content\/uploads\/2024\/07\/mubata.jpeg\",\"contentUrl\":\"https:\/\/ondauno.com.ar\/wp-content\/uploads\/2024\/07\/mubata.jpeg\",\"width\":293,\"height\":180},{\"@type\":\"BreadcrumbList\",\"@id\":\"https:\/\/ondauno.com.ar\/index.php\/2024\/12\/10\/invitacion-a-la-exposicion-de-fin-de-ano\/#breadcrumb\",\"itemListElement\":[{\"@type\":\"ListItem\",\"position\":1,\"name\":\"Inicio\",\"item\":\"https:\/\/ondauno.com.ar\/\"},{\"@type\":\"ListItem\",\"position\":2,\"name\":\"Invitaci\u00f3n a la Exposici\u00f3n de Fin de A\u00f1o\"}]},{\"@type\":\"WebSite\",\"@id\":\"https:\/\/ondauno.com.ar\/#website\",\"url\":\"https:\/\/ondauno.com.ar\/\",\"name\":\"103.9 fm\",\"description\":\"LA PRIMERA RADIO MULTIMEDIA DE TRES ARROYOS\",\"potentialAction\":[{\"@type\":\"SearchAction\",\"target\":{\"@type\":\"EntryPoint\",\"urlTemplate\":\"https:\/\/ondauno.com.ar\/?s={search_term_string}\"},\"query-input\":\"required name=search_term_string\"}],\"inLanguage\":\"es-AR\"},{\"@type\":\"Person\",\"@id\":\"https:\/\/ondauno.com.ar\/#\/schema\/person\/7ec851ddeceb4133d7d7132dc645714e\",\"name\":\"OndaUno\",\"image\":{\"@type\":\"ImageObject\",\"inLanguage\":\"es-AR\",\"@id\":\"https:\/\/ondauno.com.ar\/#\/schema\/person\/image\/\",\"url\":\"https:\/\/secure.gravatar.com\/avatar\/93b8009f0de7021f1feb2bd5b32fb9e8?s=96&d=mm&r=g\",\"contentUrl\":\"https:\/\/secure.gravatar.com\/avatar\/93b8009f0de7021f1feb2bd5b32fb9e8?s=96&d=mm&r=g\",\"caption\":\"OndaUno\"},\"url\":\"https:\/\/ondauno.com.ar\/index.php\/author\/ondauno\/\"}]}<\/script>\n<!-- \/ Yoast SEO plugin. -->","yoast_head_json":{"title":"Invitaci\u00f3n a la Exposici\u00f3n de Fin de A\u00f1o - 103.9 fm","robots":{"index":"index","follow":"follow","max-snippet":"max-snippet:-1","max-image-preview":"max-image-preview:large","max-video-preview":"max-video-preview:-1"},"canonical":"https:\/\/ondauno.com.ar\/index.php\/2024\/12\/10\/invitacion-a-la-exposicion-de-fin-de-ano\/","og_locale":"es_ES","og_type":"article","og_title":"Invitaci\u00f3n a la Exposici\u00f3n de Fin de A\u00f1o - 103.9 fm","og_description":"Nos complace invitarlos a la pr\u00f3xima exposici\u00f3n que se llevar\u00e1 a cabo el s\u00e1bado 14, a las 17 hs., en MUBATA.En esta ocasi\u00f3n, contaremos con La presentaci\u00f3n del taller creativo dirigido por Diana Roppel, con la participaci\u00f3n de j\u00f3venes artistas de las localidades de San Francisco de Bellocq y Orense, quienes presentar\u00e1n sus trabajos e [&hellip;]","og_url":"https:\/\/ondauno.com.ar\/index.php\/2024\/12\/10\/invitacion-a-la-exposicion-de-fin-de-ano\/","og_site_name":"103.9 fm","article_publisher":"https:\/\/www.facebook.com\/ondauno103.9","article_published_time":"2024-12-11T02:19:50+00:00","article_modified_time":"2024-12-11T02:19:53+00:00","og_image":[{"width":293,"height":180,"url":"http:\/\/ondauno.com.ar\/wp-content\/uploads\/2024\/07\/mubata.jpeg","type":"image\/jpeg"}],"author":"OndaUno","twitter_card":"summary_large_image","twitter_misc":{"Escrito por":"OndaUno","Tiempo de lectura":"1 minuto"},"schema":{"@context":"https:\/\/schema.org","@graph":[{"@type":"WebPage","@id":"https:\/\/ondauno.com.ar\/index.php\/2024\/12\/10\/invitacion-a-la-exposicion-de-fin-de-ano\/","url":"https:\/\/ondauno.com.ar\/index.php\/2024\/12\/10\/invitacion-a-la-exposicion-de-fin-de-ano\/","name":"Invitaci\u00f3n a la Exposici\u00f3n de Fin de A\u00f1o - 103.9 fm","isPartOf":{"@id":"https:\/\/ondauno.com.ar\/#website"},"primaryImageOfPage":{"@id":"https:\/\/ondauno.com.ar\/index.php\/2024\/12\/10\/invitacion-a-la-exposicion-de-fin-de-ano\/#primaryimage"},"image":{"@id":"https:\/\/ondauno.com.ar\/index.php\/2024\/12\/10\/invitacion-a-la-exposicion-de-fin-de-ano\/#primaryimage"},"thumbnailUrl":"https:\/\/ondauno.com.ar\/wp-content\/uploads\/2024\/07\/mubata.jpeg","datePublished":"2024-12-11T02:19:50+00:00","dateModified":"2024-12-11T02:19:53+00:00","author":{"@id":"https:\/\/ondauno.com.ar\/#\/schema\/person\/7ec851ddeceb4133d7d7132dc645714e"},"breadcrumb":{"@id":"https:\/\/ondauno.com.ar\/index.php\/2024\/12\/10\/invitacion-a-la-exposicion-de-fin-de-ano\/#breadcrumb"},"inLanguage":"es-AR","potentialAction":[{"@type":"ReadAction","target":["https:\/\/ondauno.com.ar\/index.php\/2024\/12\/10\/invitacion-a-la-exposicion-de-fin-de-ano\/"]}]},{"@type":"ImageObject","inLanguage":"es-AR","@id":"https:\/\/ondauno.com.ar\/index.php\/2024\/12\/10\/invitacion-a-la-exposicion-de-fin-de-ano\/#primaryimage","url":"https:\/\/ondauno.com.ar\/wp-content\/uploads\/2024\/07\/mubata.jpeg","contentUrl":"https:\/\/ondauno.com.ar\/wp-content\/uploads\/2024\/07\/mubata.jpeg","width":293,"height":180},{"@type":"BreadcrumbList","@id":"https:\/\/ondauno.com.ar\/index.php\/2024\/12\/10\/invitacion-a-la-exposicion-de-fin-de-ano\/#breadcrumb","itemListElement":[{"@type":"ListItem","position":1,"name":"Inicio","item":"https:\/\/ondauno.com.ar\/"},{"@type":"ListItem","position":2,"name":"Invitaci\u00f3n a la Exposici\u00f3n de Fin de A\u00f1o"}]},{"@type":"WebSite","@id":"https:\/\/ondauno.com.ar\/#website","url":"https:\/\/ondauno.com.ar\/","name":"103.9 fm","description":"LA PRIMERA RADIO MULTIMEDIA DE TRES ARROYOS","potentialAction":[{"@type":"SearchAction","target":{"@type":"EntryPoint","urlTemplate":"https:\/\/ondauno.com.ar\/?s={search_term_string}"},"query-input":"required name=search_term_string"}],"inLanguage":"es-AR"},{"@type":"Person","@id":"https:\/\/ondauno.com.ar\/#\/schema\/person\/7ec851ddeceb4133d7d7132dc645714e","name":"OndaUno","image":{"@type":"ImageObject","inLanguage":"es-AR","@id":"https:\/\/ondauno.com.ar\/#\/schema\/person\/image\/","url":"https:\/\/secure.gravatar.com\/avatar\/93b8009f0de7021f1feb2bd5b32fb9e8?s=96&d=mm&r=g","contentUrl":"https:\/\/secure.gravatar.com\/avatar\/93b8009f0de7021f1feb2bd5b32fb9e8?s=96&d=mm&r=g","caption":"OndaUno"},"url":"https:\/\/ondauno.com.ar\/index.php\/author\/ondauno\/"}]}},"jetpack_publicize_connections":[],"jetpack_featured_media_url":"https:\/\/ondauno.com.ar\/wp-content\/uploads\/2024\/07\/mubata.jpeg","jetpack_sharing_enabled":true,"_links":{"self":[{"href":"https:\/\/ondauno.com.ar\/index.php\/wp-json\/wp\/v2\/posts\/52367","targetHints":{"allow":["GET"]}}],"collection":[{"href":"https:\/\/ondauno.com.ar\/index.php\/wp-json\/wp\/v2\/posts"}],"about":[{"href":"https:\/\/ondauno.com.ar\/index.php\/wp-json\/wp\/v2\/types\/post"}],"author":[{"embeddable":true,"href":"https:\/\/ondauno.com.ar\/index.php\/wp-json\/wp\/v2\/users\/1"}],"replies":[{"embeddable":true,"href":"https:\/\/ondauno.com.ar\/index.php\/wp-json\/wp\/v2\/comments?post=52367"}],"version-history":[{"count":1,"href":"https:\/\/ondauno.com.ar\/index.php\/wp-json\/wp\/v2\/posts\/52367\/revisions"}],"predecessor-version":[{"id":52368,"href":"https:\/\/ondauno.com.ar\/index.php\/wp-json\/wp\/v2\/posts\/52367\/revisions\/52368"}],"wp:featuredmedia":[{"embeddable":true,"href":"https:\/\/ondauno.com.ar\/index.php\/wp-json\/wp\/v2\/media\/48574"}],"wp:attachment":[{"href":"https:\/\/ondauno.com.ar\/index.php\/wp-json\/wp\/v2\/media?parent=52367"}],"wp:term":[{"taxonomy":"category","embeddable":true,"href":"https:\/\/ondauno.com.ar\/index.php\/wp-json\/wp\/v2\/categories?post=52367"},{"taxonomy":"post_tag","embeddable":true,"href":"https:\/\/ondauno.com.ar\/index.php\/wp-json\/wp\/v2\/tags?post=52367"}],"curies":[{"name":"wp","href":"https:\/\/api.w.org\/{rel}","templated":true}]}}