{"id":52164,"date":"2024-12-04T08:11:24","date_gmt":"2024-12-04T11:11:24","guid":{"rendered":"https:\/\/ondauno.com.ar\/?p=52164"},"modified":"2024-12-04T08:11:26","modified_gmt":"2024-12-04T11:11:26","slug":"presupuesto-el-mv-realizara-un-estudio-exhaustivo-antes-de-volver-a-convocar-a-garcimuno","status":"publish","type":"post","link":"https:\/\/ondauno.com.ar\/index.php\/2024\/12\/04\/presupuesto-el-mv-realizara-un-estudio-exhaustivo-antes-de-volver-a-convocar-a-garcimuno\/","title":{"rendered":"Presupuesto: el MV realizar\u00e1 un estudio exhaustivo &#8220;antes de volver a convocar a Garcimu\u00f1o&#8221;"},"content":{"rendered":"<div class=\"ondau-before-content_3\" style=\"margin-top: -30px;\" id=\"ondau-2631760883\"><a href=\"https:\/\/www.lps.com.ar\/\" aria-label=\"la-perse2\"><img loading=\"lazy\" decoding=\"async\" src=\"https:\/\/ondauno.com.ar\/wp-content\/uploads\/2021\/10\/la-perse2.jpg\" alt=\"\"  srcset=\"https:\/\/ondauno.com.ar\/wp-content\/uploads\/2021\/10\/la-perse2.jpg 1353w, https:\/\/ondauno.com.ar\/wp-content\/uploads\/2021\/10\/la-perse2-300x43.jpg 300w, https:\/\/ondauno.com.ar\/wp-content\/uploads\/2021\/10\/la-perse2-1024x148.jpg 1024w, https:\/\/ondauno.com.ar\/wp-content\/uploads\/2021\/10\/la-perse2-768x111.jpg 768w, https:\/\/ondauno.com.ar\/wp-content\/uploads\/2021\/10\/la-perse2-696x100.jpg 696w, https:\/\/ondauno.com.ar\/wp-content\/uploads\/2021\/10\/la-perse2-1068x154.jpg 1068w\" sizes=\"(max-width: 1353px) 100vw, 1353px\" class=\"no-lazyload\" width=\"1353\" height=\"195\"  style=\"display: inline-block;\" \/><\/a><\/div>\n<p>El concejal Mariano Hern\u00e1ndez, del Movimiento Vecinal, habl\u00f3 en Cosas que pasan para compartir su an\u00e1lisis inicial sobre el proyecto de presupuesto 2025 presentado por el secretario de Hacienda, Sergio Garcimu\u00f1o.<br>El plan contempla un monto total de $55.000 millones y un aumento escalonado de tasas del 67 % anual.<\/p>\n\n\n\n<p>\u201cEn principio lo vemos un poco elevado, considerando que las pautas de inflaci\u00f3n estimadas son del 18 % a nivel nacional y 36 % en la provincia\u201d, expres\u00f3 Hern\u00e1ndez. Seg\u00fan dijo la propuesta busca recuperar el atraso acumulado en las tasas municipales, aunque subray\u00f3 que &#8220;ese atraso tambi\u00e9n responde a decisiones previas del gobierno local&#8221;.<\/p>\n\n\n\n<p>El Movimiento Vecinal ya inici\u00f3 el an\u00e1lisis del proyecto con su equipo t\u00e9cnico, compuesto por contadores y exfuncionarios de Hacienda. \u201cQueremos realizar un estudio exhaustivo antes de convocar nuevamente a Garcimu\u00f1o. Es fundamental abordar la cuesti\u00f3n con preguntas concretas para lograr un presupuesto equilibrado\u201d, explic\u00f3.<\/p>\n\n\n\n<p>El debate sobre el presupuesto continuar\u00e1 en las pr\u00f3ximas semanas con reuniones entre los bloques y el equipo econ\u00f3mico del municipio.<\/p>\n\n\n\n<figure class=\"wp-block-embed is-type-video is-provider-youtube wp-block-embed-youtube wp-embed-aspect-16-9 wp-has-aspect-ratio\"><div class=\"wp-block-embed__wrapper\">\n<div class=\"youtube-embed\" data-video_id=\"MVCNDeX_W6Q\"><iframe loading=\"lazy\" title=\"Onda Uno 103.9 en vivo\" width=\"696\" height=\"392\" data-src=\"https:\/\/www.youtube.com\/embed\/MVCNDeX_W6Q?feature=oembed&#038;enablejsapi=1\" frameborder=\"0\" allow=\"accelerometer; autoplay; clipboard-write; encrypted-media; gyroscope; picture-in-picture; web-share\" referrerpolicy=\"strict-origin-when-cross-origin\" allowfullscreen src=\"data:image\/gif;base64,R0lGODlhAQABAAAAACH5BAEKAAEALAAAAAABAAEAAAICTAEAOw==\" class=\"lazyload\" data-load-mode=\"1\"><\/iframe><\/div>\n<\/div><\/figure>\n","protected":false},"excerpt":{"rendered":"<p>El concejal Mariano Hern\u00e1ndez, del Movimiento Vecinal, habl\u00f3 en Cosas que pasan para compartir su an\u00e1lisis inicial sobre el proyecto de presupuesto 2025 presentado por el secretario de Hacienda, Sergio Garcimu\u00f1o.El plan contempla un monto total de $55.000 millones y un aumento escalonado de tasas del 67 % anual. \u201cEn principio lo vemos un poco [&hellip;]<\/p>\n","protected":false},"author":1,"featured_media":35927,"comment_status":"open","ping_status":"open","sticky":false,"template":"","format":"standard","meta":{"tdm_status":"","tdm_grid_status":"","_jetpack_memberships_contains_paid_content":false,"footnotes":"","jetpack_publicize_message":"","jetpack_publicize_feature_enabled":true,"jetpack_social_post_already_shared":false,"jetpack_social_options":{"image_generator_settings":{"template":"highway","default_image_id":0,"font":"","enabled":false},"version":2}},"categories":[2],"tags":[],"class_list":{"0":"post-52164","1":"post","2":"type-post","3":"status-publish","4":"format-standard","5":"has-post-thumbnail","7":"category-locales"},"yoast_head":"<!-- This site is optimized with the Yoast SEO plugin v22.7 - https:\/\/yoast.com\/wordpress\/plugins\/seo\/ -->\n<title>Presupuesto: el MV realizar\u00e1 un estudio exhaustivo &quot;antes de volver a convocar a Garcimu\u00f1o&quot; - 103.9 fm<\/title>\n<meta name=\"robots\" content=\"index, follow, max-snippet:-1, max-image-preview:large, max-video-preview:-1\" \/>\n<link rel=\"canonical\" href=\"https:\/\/ondauno.com.ar\/index.php\/2024\/12\/04\/presupuesto-el-mv-realizara-un-estudio-exhaustivo-antes-de-volver-a-convocar-a-garcimuno\/\" \/>\n<meta property=\"og:locale\" content=\"es_ES\" \/>\n<meta property=\"og:type\" content=\"article\" \/>\n<meta property=\"og:title\" content=\"Presupuesto: el MV realizar\u00e1 un estudio exhaustivo &quot;antes de volver a convocar a Garcimu\u00f1o&quot; - 103.9 fm\" \/>\n<meta property=\"og:description\" content=\"El concejal Mariano Hern\u00e1ndez, del Movimiento Vecinal, habl\u00f3 en Cosas que pasan para compartir su an\u00e1lisis inicial sobre el proyecto de presupuesto 2025 presentado por el secretario de Hacienda, Sergio Garcimu\u00f1o.El plan contempla un monto total de $55.000 millones y un aumento escalonado de tasas del 67 % anual. \u201cEn principio lo vemos un poco [&hellip;]\" \/>\n<meta property=\"og:url\" content=\"https:\/\/ondauno.com.ar\/index.php\/2024\/12\/04\/presupuesto-el-mv-realizara-un-estudio-exhaustivo-antes-de-volver-a-convocar-a-garcimuno\/\" \/>\n<meta property=\"og:site_name\" content=\"103.9 fm\" \/>\n<meta property=\"article:publisher\" content=\"https:\/\/www.facebook.com\/ondauno103.9\" \/>\n<meta property=\"article:published_time\" content=\"2024-12-04T11:11:24+00:00\" \/>\n<meta property=\"article:modified_time\" content=\"2024-12-04T11:11:26+00:00\" \/>\n<meta property=\"og:image\" content=\"http:\/\/ondauno.com.ar\/wp-content\/uploads\/2022\/09\/lvp.hernandez.jpg\" \/>\n\t<meta property=\"og:image:width\" content=\"768\" \/>\n\t<meta property=\"og:image:height\" content=\"785\" \/>\n\t<meta property=\"og:image:type\" content=\"image\/jpeg\" \/>\n<meta name=\"author\" content=\"OndaUno\" \/>\n<meta name=\"twitter:card\" content=\"summary_large_image\" \/>\n<meta name=\"twitter:label1\" content=\"Escrito por\" \/>\n\t<meta name=\"twitter:data1\" content=\"OndaUno\" \/>\n\t<meta name=\"twitter:label2\" content=\"Tiempo de lectura\" \/>\n\t<meta name=\"twitter:data2\" content=\"1 minuto\" \/>\n<script type=\"application\/ld+json\" class=\"yoast-schema-graph\">{\"@context\":\"https:\/\/schema.org\",\"@graph\":[{\"@type\":\"WebPage\",\"@id\":\"https:\/\/ondauno.com.ar\/index.php\/2024\/12\/04\/presupuesto-el-mv-realizara-un-estudio-exhaustivo-antes-de-volver-a-convocar-a-garcimuno\/\",\"url\":\"https:\/\/ondauno.com.ar\/index.php\/2024\/12\/04\/presupuesto-el-mv-realizara-un-estudio-exhaustivo-antes-de-volver-a-convocar-a-garcimuno\/\",\"name\":\"Presupuesto: el MV realizar\u00e1 un estudio exhaustivo \\\"antes de volver a convocar a Garcimu\u00f1o\\\" - 103.9 fm\",\"isPartOf\":{\"@id\":\"https:\/\/ondauno.com.ar\/#website\"},\"primaryImageOfPage\":{\"@id\":\"https:\/\/ondauno.com.ar\/index.php\/2024\/12\/04\/presupuesto-el-mv-realizara-un-estudio-exhaustivo-antes-de-volver-a-convocar-a-garcimuno\/#primaryimage\"},\"image\":{\"@id\":\"https:\/\/ondauno.com.ar\/index.php\/2024\/12\/04\/presupuesto-el-mv-realizara-un-estudio-exhaustivo-antes-de-volver-a-convocar-a-garcimuno\/#primaryimage\"},\"thumbnailUrl\":\"https:\/\/ondauno.com.ar\/wp-content\/uploads\/2022\/09\/lvp.hernandez.jpg\",\"datePublished\":\"2024-12-04T11:11:24+00:00\",\"dateModified\":\"2024-12-04T11:11:26+00:00\",\"author\":{\"@id\":\"https:\/\/ondauno.com.ar\/#\/schema\/person\/7ec851ddeceb4133d7d7132dc645714e\"},\"breadcrumb\":{\"@id\":\"https:\/\/ondauno.com.ar\/index.php\/2024\/12\/04\/presupuesto-el-mv-realizara-un-estudio-exhaustivo-antes-de-volver-a-convocar-a-garcimuno\/#breadcrumb\"},\"inLanguage\":\"es-AR\",\"potentialAction\":[{\"@type\":\"ReadAction\",\"target\":[\"https:\/\/ondauno.com.ar\/index.php\/2024\/12\/04\/presupuesto-el-mv-realizara-un-estudio-exhaustivo-antes-de-volver-a-convocar-a-garcimuno\/\"]}]},{\"@type\":\"ImageObject\",\"inLanguage\":\"es-AR\",\"@id\":\"https:\/\/ondauno.com.ar\/index.php\/2024\/12\/04\/presupuesto-el-mv-realizara-un-estudio-exhaustivo-antes-de-volver-a-convocar-a-garcimuno\/#primaryimage\",\"url\":\"https:\/\/ondauno.com.ar\/wp-content\/uploads\/2022\/09\/lvp.hernandez.jpg\",\"contentUrl\":\"https:\/\/ondauno.com.ar\/wp-content\/uploads\/2022\/09\/lvp.hernandez.jpg\",\"width\":768,\"height\":785},{\"@type\":\"BreadcrumbList\",\"@id\":\"https:\/\/ondauno.com.ar\/index.php\/2024\/12\/04\/presupuesto-el-mv-realizara-un-estudio-exhaustivo-antes-de-volver-a-convocar-a-garcimuno\/#breadcrumb\",\"itemListElement\":[{\"@type\":\"ListItem\",\"position\":1,\"name\":\"Inicio\",\"item\":\"https:\/\/ondauno.com.ar\/\"},{\"@type\":\"ListItem\",\"position\":2,\"name\":\"Presupuesto: el MV realizar\u00e1 un estudio exhaustivo &#8220;antes de volver a convocar a Garcimu\u00f1o&#8221;\"}]},{\"@type\":\"WebSite\",\"@id\":\"https:\/\/ondauno.com.ar\/#website\",\"url\":\"https:\/\/ondauno.com.ar\/\",\"name\":\"103.9 fm\",\"description\":\"LA PRIMERA RADIO MULTIMEDIA DE TRES ARROYOS\",\"potentialAction\":[{\"@type\":\"SearchAction\",\"target\":{\"@type\":\"EntryPoint\",\"urlTemplate\":\"https:\/\/ondauno.com.ar\/?s={search_term_string}\"},\"query-input\":\"required name=search_term_string\"}],\"inLanguage\":\"es-AR\"},{\"@type\":\"Person\",\"@id\":\"https:\/\/ondauno.com.ar\/#\/schema\/person\/7ec851ddeceb4133d7d7132dc645714e\",\"name\":\"OndaUno\",\"image\":{\"@type\":\"ImageObject\",\"inLanguage\":\"es-AR\",\"@id\":\"https:\/\/ondauno.com.ar\/#\/schema\/person\/image\/\",\"url\":\"https:\/\/secure.gravatar.com\/avatar\/93b8009f0de7021f1feb2bd5b32fb9e8?s=96&d=mm&r=g\",\"contentUrl\":\"https:\/\/secure.gravatar.com\/avatar\/93b8009f0de7021f1feb2bd5b32fb9e8?s=96&d=mm&r=g\",\"caption\":\"OndaUno\"},\"url\":\"https:\/\/ondauno.com.ar\/index.php\/author\/ondauno\/\"}]}<\/script>\n<!-- \/ Yoast SEO plugin. -->","yoast_head_json":{"title":"Presupuesto: el MV realizar\u00e1 un estudio exhaustivo \"antes de volver a convocar a Garcimu\u00f1o\" - 103.9 fm","robots":{"index":"index","follow":"follow","max-snippet":"max-snippet:-1","max-image-preview":"max-image-preview:large","max-video-preview":"max-video-preview:-1"},"canonical":"https:\/\/ondauno.com.ar\/index.php\/2024\/12\/04\/presupuesto-el-mv-realizara-un-estudio-exhaustivo-antes-de-volver-a-convocar-a-garcimuno\/","og_locale":"es_ES","og_type":"article","og_title":"Presupuesto: el MV realizar\u00e1 un estudio exhaustivo \"antes de volver a convocar a Garcimu\u00f1o\" - 103.9 fm","og_description":"El concejal Mariano Hern\u00e1ndez, del Movimiento Vecinal, habl\u00f3 en Cosas que pasan para compartir su an\u00e1lisis inicial sobre el proyecto de presupuesto 2025 presentado por el secretario de Hacienda, Sergio Garcimu\u00f1o.El plan contempla un monto total de $55.000 millones y un aumento escalonado de tasas del 67 % anual. \u201cEn principio lo vemos un poco [&hellip;]","og_url":"https:\/\/ondauno.com.ar\/index.php\/2024\/12\/04\/presupuesto-el-mv-realizara-un-estudio-exhaustivo-antes-de-volver-a-convocar-a-garcimuno\/","og_site_name":"103.9 fm","article_publisher":"https:\/\/www.facebook.com\/ondauno103.9","article_published_time":"2024-12-04T11:11:24+00:00","article_modified_time":"2024-12-04T11:11:26+00:00","og_image":[{"width":768,"height":785,"url":"http:\/\/ondauno.com.ar\/wp-content\/uploads\/2022\/09\/lvp.hernandez.jpg","type":"image\/jpeg"}],"author":"OndaUno","twitter_card":"summary_large_image","twitter_misc":{"Escrito por":"OndaUno","Tiempo de lectura":"1 minuto"},"schema":{"@context":"https:\/\/schema.org","@graph":[{"@type":"WebPage","@id":"https:\/\/ondauno.com.ar\/index.php\/2024\/12\/04\/presupuesto-el-mv-realizara-un-estudio-exhaustivo-antes-de-volver-a-convocar-a-garcimuno\/","url":"https:\/\/ondauno.com.ar\/index.php\/2024\/12\/04\/presupuesto-el-mv-realizara-un-estudio-exhaustivo-antes-de-volver-a-convocar-a-garcimuno\/","name":"Presupuesto: el MV realizar\u00e1 un estudio exhaustivo \"antes de volver a convocar a Garcimu\u00f1o\" - 103.9 fm","isPartOf":{"@id":"https:\/\/ondauno.com.ar\/#website"},"primaryImageOfPage":{"@id":"https:\/\/ondauno.com.ar\/index.php\/2024\/12\/04\/presupuesto-el-mv-realizara-un-estudio-exhaustivo-antes-de-volver-a-convocar-a-garcimuno\/#primaryimage"},"image":{"@id":"https:\/\/ondauno.com.ar\/index.php\/2024\/12\/04\/presupuesto-el-mv-realizara-un-estudio-exhaustivo-antes-de-volver-a-convocar-a-garcimuno\/#primaryimage"},"thumbnailUrl":"https:\/\/ondauno.com.ar\/wp-content\/uploads\/2022\/09\/lvp.hernandez.jpg","datePublished":"2024-12-04T11:11:24+00:00","dateModified":"2024-12-04T11:11:26+00:00","author":{"@id":"https:\/\/ondauno.com.ar\/#\/schema\/person\/7ec851ddeceb4133d7d7132dc645714e"},"breadcrumb":{"@id":"https:\/\/ondauno.com.ar\/index.php\/2024\/12\/04\/presupuesto-el-mv-realizara-un-estudio-exhaustivo-antes-de-volver-a-convocar-a-garcimuno\/#breadcrumb"},"inLanguage":"es-AR","potentialAction":[{"@type":"ReadAction","target":["https:\/\/ondauno.com.ar\/index.php\/2024\/12\/04\/presupuesto-el-mv-realizara-un-estudio-exhaustivo-antes-de-volver-a-convocar-a-garcimuno\/"]}]},{"@type":"ImageObject","inLanguage":"es-AR","@id":"https:\/\/ondauno.com.ar\/index.php\/2024\/12\/04\/presupuesto-el-mv-realizara-un-estudio-exhaustivo-antes-de-volver-a-convocar-a-garcimuno\/#primaryimage","url":"https:\/\/ondauno.com.ar\/wp-content\/uploads\/2022\/09\/lvp.hernandez.jpg","contentUrl":"https:\/\/ondauno.com.ar\/wp-content\/uploads\/2022\/09\/lvp.hernandez.jpg","width":768,"height":785},{"@type":"BreadcrumbList","@id":"https:\/\/ondauno.com.ar\/index.php\/2024\/12\/04\/presupuesto-el-mv-realizara-un-estudio-exhaustivo-antes-de-volver-a-convocar-a-garcimuno\/#breadcrumb","itemListElement":[{"@type":"ListItem","position":1,"name":"Inicio","item":"https:\/\/ondauno.com.ar\/"},{"@type":"ListItem","position":2,"name":"Presupuesto: el MV realizar\u00e1 un estudio exhaustivo &#8220;antes de volver a convocar a Garcimu\u00f1o&#8221;"}]},{"@type":"WebSite","@id":"https:\/\/ondauno.com.ar\/#website","url":"https:\/\/ondauno.com.ar\/","name":"103.9 fm","description":"LA PRIMERA RADIO MULTIMEDIA DE TRES ARROYOS","potentialAction":[{"@type":"SearchAction","target":{"@type":"EntryPoint","urlTemplate":"https:\/\/ondauno.com.ar\/?s={search_term_string}"},"query-input":"required name=search_term_string"}],"inLanguage":"es-AR"},{"@type":"Person","@id":"https:\/\/ondauno.com.ar\/#\/schema\/person\/7ec851ddeceb4133d7d7132dc645714e","name":"OndaUno","image":{"@type":"ImageObject","inLanguage":"es-AR","@id":"https:\/\/ondauno.com.ar\/#\/schema\/person\/image\/","url":"https:\/\/secure.gravatar.com\/avatar\/93b8009f0de7021f1feb2bd5b32fb9e8?s=96&d=mm&r=g","contentUrl":"https:\/\/secure.gravatar.com\/avatar\/93b8009f0de7021f1feb2bd5b32fb9e8?s=96&d=mm&r=g","caption":"OndaUno"},"url":"https:\/\/ondauno.com.ar\/index.php\/author\/ondauno\/"}]}},"jetpack_publicize_connections":[],"jetpack_featured_media_url":"https:\/\/ondauno.com.ar\/wp-content\/uploads\/2022\/09\/lvp.hernandez.jpg","jetpack_sharing_enabled":true,"_links":{"self":[{"href":"https:\/\/ondauno.com.ar\/index.php\/wp-json\/wp\/v2\/posts\/52164","targetHints":{"allow":["GET"]}}],"collection":[{"href":"https:\/\/ondauno.com.ar\/index.php\/wp-json\/wp\/v2\/posts"}],"about":[{"href":"https:\/\/ondauno.com.ar\/index.php\/wp-json\/wp\/v2\/types\/post"}],"author":[{"embeddable":true,"href":"https:\/\/ondauno.com.ar\/index.php\/wp-json\/wp\/v2\/users\/1"}],"replies":[{"embeddable":true,"href":"https:\/\/ondauno.com.ar\/index.php\/wp-json\/wp\/v2\/comments?post=52164"}],"version-history":[{"count":1,"href":"https:\/\/ondauno.com.ar\/index.php\/wp-json\/wp\/v2\/posts\/52164\/revisions"}],"predecessor-version":[{"id":52165,"href":"https:\/\/ondauno.com.ar\/index.php\/wp-json\/wp\/v2\/posts\/52164\/revisions\/52165"}],"wp:featuredmedia":[{"embeddable":true,"href":"https:\/\/ondauno.com.ar\/index.php\/wp-json\/wp\/v2\/media\/35927"}],"wp:attachment":[{"href":"https:\/\/ondauno.com.ar\/index.php\/wp-json\/wp\/v2\/media?parent=52164"}],"wp:term":[{"taxonomy":"category","embeddable":true,"href":"https:\/\/ondauno.com.ar\/index.php\/wp-json\/wp\/v2\/categories?post=52164"},{"taxonomy":"post_tag","embeddable":true,"href":"https:\/\/ondauno.com.ar\/index.php\/wp-json\/wp\/v2\/tags?post=52164"}],"curies":[{"name":"wp","href":"https:\/\/api.w.org\/{rel}","templated":true}]}}