{"id":52095,"date":"2024-11-29T12:16:12","date_gmt":"2024-11-29T15:16:12","guid":{"rendered":"https:\/\/ondauno.com.ar\/?p=52095"},"modified":"2024-11-29T12:16:15","modified_gmt":"2024-11-29T15:16:15","slug":"sub-14-del-crc-viaja-al-regional-de-clubes-b-en-mar-del-plata","status":"publish","type":"post","link":"https:\/\/ondauno.com.ar\/index.php\/2024\/11\/29\/sub-14-del-crc-viaja-al-regional-de-clubes-b-en-mar-del-plata\/","title":{"rendered":"Sub 14 del CRC viaja al Regional de Clubes \u201cB\u201d en Mar del Plata"},"content":{"rendered":"<div class=\"ondau-before-content_3\" style=\"margin-top: -30px;\" id=\"ondau-2077644884\"><a href=\"https:\/\/www.lps.com.ar\/\" aria-label=\"la-perse2\"><img loading=\"lazy\" decoding=\"async\" src=\"https:\/\/ondauno.com.ar\/wp-content\/uploads\/2021\/10\/la-perse2.jpg\" alt=\"\"  srcset=\"https:\/\/ondauno.com.ar\/wp-content\/uploads\/2021\/10\/la-perse2.jpg 1353w, https:\/\/ondauno.com.ar\/wp-content\/uploads\/2021\/10\/la-perse2-300x43.jpg 300w, https:\/\/ondauno.com.ar\/wp-content\/uploads\/2021\/10\/la-perse2-1024x148.jpg 1024w, https:\/\/ondauno.com.ar\/wp-content\/uploads\/2021\/10\/la-perse2-768x111.jpg 768w, https:\/\/ondauno.com.ar\/wp-content\/uploads\/2021\/10\/la-perse2-696x100.jpg 696w, https:\/\/ondauno.com.ar\/wp-content\/uploads\/2021\/10\/la-perse2-1068x154.jpg 1068w\" sizes=\"(max-width: 1353px) 100vw, 1353px\" class=\"no-lazyload\" width=\"1353\" height=\"195\"  style=\"display: inline-block;\" \/><\/a><\/div>\n<p>El equipo Sub 14 del Club Recreativo Claromec\u00f3 (CRC) se dirige a Mar del Plata para competir en el Torneo Regional de Clubes de la categor\u00eda \u201cB\u201d. Este logro llega despu\u00e9s de haber ascendido a esta categor\u00eda el a\u00f1o pasado, un hito que refuerza el esfuerzo y talento del plantel.<\/p>\n\n\n\n<p>El certamen re\u00fane a 67 equipos provenientes de las nueve asociaciones y federaciones afiliadas a la Federaci\u00f3n Bonaerense de Hockey, consolid\u00e1ndose como un espacio destacado para el desarrollo y la competencia juvenil.<\/p>\n\n\n\n<figure class=\"wp-block-image size-large\"><img loading=\"lazy\" decoding=\"async\" width=\"767\" height=\"1024\" data-src=\"https:\/\/ondauno.com.ar\/wp-content\/uploads\/2024\/11\/WhatsApp-Image-2024-11-29-at-11.29.14-767x1024.jpeg\" alt=\"\" class=\"wp-image-52097 lazyload\" data-srcset=\"https:\/\/ondauno.com.ar\/wp-content\/uploads\/2024\/11\/WhatsApp-Image-2024-11-29-at-11.29.14-767x1024.jpeg 767w, https:\/\/ondauno.com.ar\/wp-content\/uploads\/2024\/11\/WhatsApp-Image-2024-11-29-at-11.29.14-225x300.jpeg 225w, https:\/\/ondauno.com.ar\/wp-content\/uploads\/2024\/11\/WhatsApp-Image-2024-11-29-at-11.29.14-768x1025.jpeg 768w, https:\/\/ondauno.com.ar\/wp-content\/uploads\/2024\/11\/WhatsApp-Image-2024-11-29-at-11.29.14-315x420.jpeg 315w, https:\/\/ondauno.com.ar\/wp-content\/uploads\/2024\/11\/WhatsApp-Image-2024-11-29-at-11.29.14-696x929.jpeg 696w, https:\/\/ondauno.com.ar\/wp-content\/uploads\/2024\/11\/WhatsApp-Image-2024-11-29-at-11.29.14.jpeg 959w\" data-sizes=\"auto, (max-width: 767px) 100vw, 767px\" src=\"data:image\/gif;base64,R0lGODlhAQABAAAAACH5BAEKAAEALAAAAAABAAEAAAICTAEAOw==\" style=\"--smush-placeholder-width: 767px; --smush-placeholder-aspect-ratio: 767\/1024;\" \/><noscript><img loading=\"lazy\" decoding=\"async\" width=\"767\" height=\"1024\" src=\"https:\/\/ondauno.com.ar\/wp-content\/uploads\/2024\/11\/WhatsApp-Image-2024-11-29-at-11.29.14-767x1024.jpeg\" alt=\"\" class=\"wp-image-52097\" srcset=\"https:\/\/ondauno.com.ar\/wp-content\/uploads\/2024\/11\/WhatsApp-Image-2024-11-29-at-11.29.14-767x1024.jpeg 767w, https:\/\/ondauno.com.ar\/wp-content\/uploads\/2024\/11\/WhatsApp-Image-2024-11-29-at-11.29.14-225x300.jpeg 225w, https:\/\/ondauno.com.ar\/wp-content\/uploads\/2024\/11\/WhatsApp-Image-2024-11-29-at-11.29.14-768x1025.jpeg 768w, https:\/\/ondauno.com.ar\/wp-content\/uploads\/2024\/11\/WhatsApp-Image-2024-11-29-at-11.29.14-315x420.jpeg 315w, https:\/\/ondauno.com.ar\/wp-content\/uploads\/2024\/11\/WhatsApp-Image-2024-11-29-at-11.29.14-696x929.jpeg 696w, https:\/\/ondauno.com.ar\/wp-content\/uploads\/2024\/11\/WhatsApp-Image-2024-11-29-at-11.29.14.jpeg 959w\" sizes=\"auto, (max-width: 767px) 100vw, 767px\" \/><\/noscript><\/figure>\n\n\n\n<p>Desde la comunidad del club, destacan el orgullo por el avance del equipo y le desean \u00e9xito en este importante desaf\u00edo. \u00a1A dejarlo todo en la cancha, chicas!<\/p>\n","protected":false},"excerpt":{"rendered":"<p>El equipo Sub 14 del Club Recreativo Claromec\u00f3 (CRC) se dirige a Mar del Plata para competir en el Torneo Regional de Clubes de la categor\u00eda \u201cB\u201d. Este logro llega despu\u00e9s de haber ascendido a esta categor\u00eda el a\u00f1o pasado, un hito que refuerza el esfuerzo y talento del plantel. El certamen re\u00fane a 67 [&hellip;]<\/p>\n","protected":false},"author":1,"featured_media":52096,"comment_status":"open","ping_status":"open","sticky":false,"template":"","format":"standard","meta":{"tdm_status":"","tdm_grid_status":"","_jetpack_memberships_contains_paid_content":false,"footnotes":"","jetpack_publicize_message":"","jetpack_publicize_feature_enabled":true,"jetpack_social_post_already_shared":false,"jetpack_social_options":{"image_generator_settings":{"template":"highway","default_image_id":0,"font":"","enabled":false},"version":2}},"categories":[37],"tags":[],"class_list":{"0":"post-52095","1":"post","2":"type-post","3":"status-publish","4":"format-standard","5":"has-post-thumbnail","7":"category-deportes"},"yoast_head":"<!-- This site is optimized with the Yoast SEO plugin v22.7 - https:\/\/yoast.com\/wordpress\/plugins\/seo\/ -->\n<title>Sub 14 del CRC viaja al Regional de Clubes \u201cB\u201d en Mar del Plata - 103.9 fm<\/title>\n<meta name=\"robots\" content=\"index, follow, max-snippet:-1, max-image-preview:large, max-video-preview:-1\" \/>\n<link rel=\"canonical\" href=\"https:\/\/ondauno.com.ar\/index.php\/2024\/11\/29\/sub-14-del-crc-viaja-al-regional-de-clubes-b-en-mar-del-plata\/\" \/>\n<meta property=\"og:locale\" content=\"es_ES\" \/>\n<meta property=\"og:type\" content=\"article\" \/>\n<meta property=\"og:title\" content=\"Sub 14 del CRC viaja al Regional de Clubes \u201cB\u201d en Mar del Plata - 103.9 fm\" \/>\n<meta property=\"og:description\" content=\"El equipo Sub 14 del Club Recreativo Claromec\u00f3 (CRC) se dirige a Mar del Plata para competir en el Torneo Regional de Clubes de la categor\u00eda \u201cB\u201d. Este logro llega despu\u00e9s de haber ascendido a esta categor\u00eda el a\u00f1o pasado, un hito que refuerza el esfuerzo y talento del plantel. El certamen re\u00fane a 67 [&hellip;]\" \/>\n<meta property=\"og:url\" content=\"https:\/\/ondauno.com.ar\/index.php\/2024\/11\/29\/sub-14-del-crc-viaja-al-regional-de-clubes-b-en-mar-del-plata\/\" \/>\n<meta property=\"og:site_name\" content=\"103.9 fm\" \/>\n<meta property=\"article:publisher\" content=\"https:\/\/www.facebook.com\/ondauno103.9\" \/>\n<meta property=\"article:published_time\" content=\"2024-11-29T15:16:12+00:00\" \/>\n<meta property=\"article:modified_time\" content=\"2024-11-29T15:16:15+00:00\" \/>\n<meta property=\"og:image\" content=\"http:\/\/ondauno.com.ar\/wp-content\/uploads\/2024\/11\/WhatsApp-Image-2024-11-29-at-11.29.15.jpeg\" \/>\n\t<meta property=\"og:image:width\" content=\"1600\" \/>\n\t<meta property=\"og:image:height\" content=\"1200\" \/>\n\t<meta property=\"og:image:type\" content=\"image\/jpeg\" \/>\n<meta name=\"author\" content=\"OndaUno\" \/>\n<meta name=\"twitter:card\" content=\"summary_large_image\" \/>\n<meta name=\"twitter:label1\" content=\"Escrito por\" \/>\n\t<meta name=\"twitter:data1\" content=\"OndaUno\" \/>\n\t<meta name=\"twitter:label2\" content=\"Tiempo de lectura\" \/>\n\t<meta name=\"twitter:data2\" content=\"1 minuto\" \/>\n<script type=\"application\/ld+json\" class=\"yoast-schema-graph\">{\"@context\":\"https:\/\/schema.org\",\"@graph\":[{\"@type\":\"WebPage\",\"@id\":\"https:\/\/ondauno.com.ar\/index.php\/2024\/11\/29\/sub-14-del-crc-viaja-al-regional-de-clubes-b-en-mar-del-plata\/\",\"url\":\"https:\/\/ondauno.com.ar\/index.php\/2024\/11\/29\/sub-14-del-crc-viaja-al-regional-de-clubes-b-en-mar-del-plata\/\",\"name\":\"Sub 14 del CRC viaja al Regional de Clubes \u201cB\u201d en Mar del Plata - 103.9 fm\",\"isPartOf\":{\"@id\":\"https:\/\/ondauno.com.ar\/#website\"},\"primaryImageOfPage\":{\"@id\":\"https:\/\/ondauno.com.ar\/index.php\/2024\/11\/29\/sub-14-del-crc-viaja-al-regional-de-clubes-b-en-mar-del-plata\/#primaryimage\"},\"image\":{\"@id\":\"https:\/\/ondauno.com.ar\/index.php\/2024\/11\/29\/sub-14-del-crc-viaja-al-regional-de-clubes-b-en-mar-del-plata\/#primaryimage\"},\"thumbnailUrl\":\"https:\/\/ondauno.com.ar\/wp-content\/uploads\/2024\/11\/WhatsApp-Image-2024-11-29-at-11.29.15.jpeg\",\"datePublished\":\"2024-11-29T15:16:12+00:00\",\"dateModified\":\"2024-11-29T15:16:15+00:00\",\"author\":{\"@id\":\"https:\/\/ondauno.com.ar\/#\/schema\/person\/7ec851ddeceb4133d7d7132dc645714e\"},\"breadcrumb\":{\"@id\":\"https:\/\/ondauno.com.ar\/index.php\/2024\/11\/29\/sub-14-del-crc-viaja-al-regional-de-clubes-b-en-mar-del-plata\/#breadcrumb\"},\"inLanguage\":\"es-AR\",\"potentialAction\":[{\"@type\":\"ReadAction\",\"target\":[\"https:\/\/ondauno.com.ar\/index.php\/2024\/11\/29\/sub-14-del-crc-viaja-al-regional-de-clubes-b-en-mar-del-plata\/\"]}]},{\"@type\":\"ImageObject\",\"inLanguage\":\"es-AR\",\"@id\":\"https:\/\/ondauno.com.ar\/index.php\/2024\/11\/29\/sub-14-del-crc-viaja-al-regional-de-clubes-b-en-mar-del-plata\/#primaryimage\",\"url\":\"https:\/\/ondauno.com.ar\/wp-content\/uploads\/2024\/11\/WhatsApp-Image-2024-11-29-at-11.29.15.jpeg\",\"contentUrl\":\"https:\/\/ondauno.com.ar\/wp-content\/uploads\/2024\/11\/WhatsApp-Image-2024-11-29-at-11.29.15.jpeg\",\"width\":1600,\"height\":1200},{\"@type\":\"BreadcrumbList\",\"@id\":\"https:\/\/ondauno.com.ar\/index.php\/2024\/11\/29\/sub-14-del-crc-viaja-al-regional-de-clubes-b-en-mar-del-plata\/#breadcrumb\",\"itemListElement\":[{\"@type\":\"ListItem\",\"position\":1,\"name\":\"Inicio\",\"item\":\"https:\/\/ondauno.com.ar\/\"},{\"@type\":\"ListItem\",\"position\":2,\"name\":\"Sub 14 del CRC viaja al Regional de Clubes \u201cB\u201d en Mar del Plata\"}]},{\"@type\":\"WebSite\",\"@id\":\"https:\/\/ondauno.com.ar\/#website\",\"url\":\"https:\/\/ondauno.com.ar\/\",\"name\":\"103.9 fm\",\"description\":\"LA PRIMERA RADIO MULTIMEDIA DE TRES ARROYOS\",\"potentialAction\":[{\"@type\":\"SearchAction\",\"target\":{\"@type\":\"EntryPoint\",\"urlTemplate\":\"https:\/\/ondauno.com.ar\/?s={search_term_string}\"},\"query-input\":\"required name=search_term_string\"}],\"inLanguage\":\"es-AR\"},{\"@type\":\"Person\",\"@id\":\"https:\/\/ondauno.com.ar\/#\/schema\/person\/7ec851ddeceb4133d7d7132dc645714e\",\"name\":\"OndaUno\",\"image\":{\"@type\":\"ImageObject\",\"inLanguage\":\"es-AR\",\"@id\":\"https:\/\/ondauno.com.ar\/#\/schema\/person\/image\/\",\"url\":\"https:\/\/secure.gravatar.com\/avatar\/93b8009f0de7021f1feb2bd5b32fb9e8?s=96&d=mm&r=g\",\"contentUrl\":\"https:\/\/secure.gravatar.com\/avatar\/93b8009f0de7021f1feb2bd5b32fb9e8?s=96&d=mm&r=g\",\"caption\":\"OndaUno\"},\"url\":\"https:\/\/ondauno.com.ar\/index.php\/author\/ondauno\/\"}]}<\/script>\n<!-- \/ Yoast SEO plugin. -->","yoast_head_json":{"title":"Sub 14 del CRC viaja al Regional de Clubes \u201cB\u201d en Mar del Plata - 103.9 fm","robots":{"index":"index","follow":"follow","max-snippet":"max-snippet:-1","max-image-preview":"max-image-preview:large","max-video-preview":"max-video-preview:-1"},"canonical":"https:\/\/ondauno.com.ar\/index.php\/2024\/11\/29\/sub-14-del-crc-viaja-al-regional-de-clubes-b-en-mar-del-plata\/","og_locale":"es_ES","og_type":"article","og_title":"Sub 14 del CRC viaja al Regional de Clubes \u201cB\u201d en Mar del Plata - 103.9 fm","og_description":"El equipo Sub 14 del Club Recreativo Claromec\u00f3 (CRC) se dirige a Mar del Plata para competir en el Torneo Regional de Clubes de la categor\u00eda \u201cB\u201d. Este logro llega despu\u00e9s de haber ascendido a esta categor\u00eda el a\u00f1o pasado, un hito que refuerza el esfuerzo y talento del plantel. El certamen re\u00fane a 67 [&hellip;]","og_url":"https:\/\/ondauno.com.ar\/index.php\/2024\/11\/29\/sub-14-del-crc-viaja-al-regional-de-clubes-b-en-mar-del-plata\/","og_site_name":"103.9 fm","article_publisher":"https:\/\/www.facebook.com\/ondauno103.9","article_published_time":"2024-11-29T15:16:12+00:00","article_modified_time":"2024-11-29T15:16:15+00:00","og_image":[{"width":1600,"height":1200,"url":"http:\/\/ondauno.com.ar\/wp-content\/uploads\/2024\/11\/WhatsApp-Image-2024-11-29-at-11.29.15.jpeg","type":"image\/jpeg"}],"author":"OndaUno","twitter_card":"summary_large_image","twitter_misc":{"Escrito por":"OndaUno","Tiempo de lectura":"1 minuto"},"schema":{"@context":"https:\/\/schema.org","@graph":[{"@type":"WebPage","@id":"https:\/\/ondauno.com.ar\/index.php\/2024\/11\/29\/sub-14-del-crc-viaja-al-regional-de-clubes-b-en-mar-del-plata\/","url":"https:\/\/ondauno.com.ar\/index.php\/2024\/11\/29\/sub-14-del-crc-viaja-al-regional-de-clubes-b-en-mar-del-plata\/","name":"Sub 14 del CRC viaja al Regional de Clubes \u201cB\u201d en Mar del Plata - 103.9 fm","isPartOf":{"@id":"https:\/\/ondauno.com.ar\/#website"},"primaryImageOfPage":{"@id":"https:\/\/ondauno.com.ar\/index.php\/2024\/11\/29\/sub-14-del-crc-viaja-al-regional-de-clubes-b-en-mar-del-plata\/#primaryimage"},"image":{"@id":"https:\/\/ondauno.com.ar\/index.php\/2024\/11\/29\/sub-14-del-crc-viaja-al-regional-de-clubes-b-en-mar-del-plata\/#primaryimage"},"thumbnailUrl":"https:\/\/ondauno.com.ar\/wp-content\/uploads\/2024\/11\/WhatsApp-Image-2024-11-29-at-11.29.15.jpeg","datePublished":"2024-11-29T15:16:12+00:00","dateModified":"2024-11-29T15:16:15+00:00","author":{"@id":"https:\/\/ondauno.com.ar\/#\/schema\/person\/7ec851ddeceb4133d7d7132dc645714e"},"breadcrumb":{"@id":"https:\/\/ondauno.com.ar\/index.php\/2024\/11\/29\/sub-14-del-crc-viaja-al-regional-de-clubes-b-en-mar-del-plata\/#breadcrumb"},"inLanguage":"es-AR","potentialAction":[{"@type":"ReadAction","target":["https:\/\/ondauno.com.ar\/index.php\/2024\/11\/29\/sub-14-del-crc-viaja-al-regional-de-clubes-b-en-mar-del-plata\/"]}]},{"@type":"ImageObject","inLanguage":"es-AR","@id":"https:\/\/ondauno.com.ar\/index.php\/2024\/11\/29\/sub-14-del-crc-viaja-al-regional-de-clubes-b-en-mar-del-plata\/#primaryimage","url":"https:\/\/ondauno.com.ar\/wp-content\/uploads\/2024\/11\/WhatsApp-Image-2024-11-29-at-11.29.15.jpeg","contentUrl":"https:\/\/ondauno.com.ar\/wp-content\/uploads\/2024\/11\/WhatsApp-Image-2024-11-29-at-11.29.15.jpeg","width":1600,"height":1200},{"@type":"BreadcrumbList","@id":"https:\/\/ondauno.com.ar\/index.php\/2024\/11\/29\/sub-14-del-crc-viaja-al-regional-de-clubes-b-en-mar-del-plata\/#breadcrumb","itemListElement":[{"@type":"ListItem","position":1,"name":"Inicio","item":"https:\/\/ondauno.com.ar\/"},{"@type":"ListItem","position":2,"name":"Sub 14 del CRC viaja al Regional de Clubes \u201cB\u201d en Mar del Plata"}]},{"@type":"WebSite","@id":"https:\/\/ondauno.com.ar\/#website","url":"https:\/\/ondauno.com.ar\/","name":"103.9 fm","description":"LA PRIMERA RADIO MULTIMEDIA DE TRES ARROYOS","potentialAction":[{"@type":"SearchAction","target":{"@type":"EntryPoint","urlTemplate":"https:\/\/ondauno.com.ar\/?s={search_term_string}"},"query-input":"required name=search_term_string"}],"inLanguage":"es-AR"},{"@type":"Person","@id":"https:\/\/ondauno.com.ar\/#\/schema\/person\/7ec851ddeceb4133d7d7132dc645714e","name":"OndaUno","image":{"@type":"ImageObject","inLanguage":"es-AR","@id":"https:\/\/ondauno.com.ar\/#\/schema\/person\/image\/","url":"https:\/\/secure.gravatar.com\/avatar\/93b8009f0de7021f1feb2bd5b32fb9e8?s=96&d=mm&r=g","contentUrl":"https:\/\/secure.gravatar.com\/avatar\/93b8009f0de7021f1feb2bd5b32fb9e8?s=96&d=mm&r=g","caption":"OndaUno"},"url":"https:\/\/ondauno.com.ar\/index.php\/author\/ondauno\/"}]}},"jetpack_publicize_connections":[],"jetpack_featured_media_url":"https:\/\/ondauno.com.ar\/wp-content\/uploads\/2024\/11\/WhatsApp-Image-2024-11-29-at-11.29.15.jpeg","jetpack_sharing_enabled":true,"_links":{"self":[{"href":"https:\/\/ondauno.com.ar\/index.php\/wp-json\/wp\/v2\/posts\/52095","targetHints":{"allow":["GET"]}}],"collection":[{"href":"https:\/\/ondauno.com.ar\/index.php\/wp-json\/wp\/v2\/posts"}],"about":[{"href":"https:\/\/ondauno.com.ar\/index.php\/wp-json\/wp\/v2\/types\/post"}],"author":[{"embeddable":true,"href":"https:\/\/ondauno.com.ar\/index.php\/wp-json\/wp\/v2\/users\/1"}],"replies":[{"embeddable":true,"href":"https:\/\/ondauno.com.ar\/index.php\/wp-json\/wp\/v2\/comments?post=52095"}],"version-history":[{"count":1,"href":"https:\/\/ondauno.com.ar\/index.php\/wp-json\/wp\/v2\/posts\/52095\/revisions"}],"predecessor-version":[{"id":52098,"href":"https:\/\/ondauno.com.ar\/index.php\/wp-json\/wp\/v2\/posts\/52095\/revisions\/52098"}],"wp:featuredmedia":[{"embeddable":true,"href":"https:\/\/ondauno.com.ar\/index.php\/wp-json\/wp\/v2\/media\/52096"}],"wp:attachment":[{"href":"https:\/\/ondauno.com.ar\/index.php\/wp-json\/wp\/v2\/media?parent=52095"}],"wp:term":[{"taxonomy":"category","embeddable":true,"href":"https:\/\/ondauno.com.ar\/index.php\/wp-json\/wp\/v2\/categories?post=52095"},{"taxonomy":"post_tag","embeddable":true,"href":"https:\/\/ondauno.com.ar\/index.php\/wp-json\/wp\/v2\/tags?post=52095"}],"curies":[{"name":"wp","href":"https:\/\/api.w.org\/{rel}","templated":true}]}}