{"id":51994,"date":"2024-11-25T19:24:17","date_gmt":"2024-11-25T22:24:17","guid":{"rendered":"https:\/\/ondauno.com.ar\/?p=51994"},"modified":"2024-11-25T19:24:20","modified_gmt":"2024-11-25T22:24:20","slug":"apolonio-la-reduccion-a-50-km-h-es-un-punto-medio-razonable-para-las-avenidas","status":"publish","type":"post","link":"https:\/\/ondauno.com.ar\/index.php\/2024\/11\/25\/apolonio-la-reduccion-a-50-km-h-es-un-punto-medio-razonable-para-las-avenidas\/","title":{"rendered":"Apolonio: \u201cLa reducci\u00f3n a 50 km\/h es un punto medio razonable para las avenidas\u201d"},"content":{"rendered":"<div class=\"ondau-before-content_3\" style=\"margin-top: -30px;\" id=\"ondau-1217046744\"><a href=\"https:\/\/www.lps.com.ar\/\" aria-label=\"la-perse2\"><img loading=\"lazy\" decoding=\"async\" src=\"https:\/\/ondauno.com.ar\/wp-content\/uploads\/2021\/10\/la-perse2.jpg\" alt=\"\"  srcset=\"https:\/\/ondauno.com.ar\/wp-content\/uploads\/2021\/10\/la-perse2.jpg 1353w, https:\/\/ondauno.com.ar\/wp-content\/uploads\/2021\/10\/la-perse2-300x43.jpg 300w, https:\/\/ondauno.com.ar\/wp-content\/uploads\/2021\/10\/la-perse2-1024x148.jpg 1024w, https:\/\/ondauno.com.ar\/wp-content\/uploads\/2021\/10\/la-perse2-768x111.jpg 768w, https:\/\/ondauno.com.ar\/wp-content\/uploads\/2021\/10\/la-perse2-696x100.jpg 696w, https:\/\/ondauno.com.ar\/wp-content\/uploads\/2021\/10\/la-perse2-1068x154.jpg 1068w\" sizes=\"(max-width: 1353px) 100vw, 1353px\" class=\"no-lazyload\" width=\"1353\" height=\"195\"  style=\"display: inline-block;\" \/><\/a><\/div>\n<p>El secretario de Seguridad, Juan Apolonio, habl\u00f3 en Cosas que pasan sobre temas vinculados a la seguridad vial y las recientes decisiones del municipio en materia de tr\u00e1nsito. Entre los puntos destacados, abord\u00f3 la ordenanza que propone reducir la velocidad m\u00e1xima en avenidas a 40 km\/h, una medida que a\u00fan no fue promulgada por el Ejecutivo.<\/p>\n\n\n\n<p>Apolonio explic\u00f3 que, tras un an\u00e1lisis t\u00e9cnico, se considera que 40 km\/h podr\u00eda ser una velocidad demasiado reducida para las avenidas, cuya funci\u00f3n es agilizar el tr\u00e1nsito. Por ello, se\u00f1al\u00f3 que el municipio eval\u00faa una reducci\u00f3n m\u00e1s moderada. \u201cCreemos que 50 km\/h podr\u00eda ser una velocidad de consenso que mantenga la seguridad sin comprometer la fluidez del tr\u00e1nsito\u201d.<\/p>\n\n\n\n<p>Asimismo mencion\u00f3 que esta decisi\u00f3n se alinea con un proyecto de ley en discusi\u00f3n en la C\u00e1mara de Diputados, que tambi\u00e9n propone llevar la m\u00e1xima a 50 km\/h en avenidas a nivel nacional.<br>Apolonio destac\u00f3 que la implementaci\u00f3n de estas medidas requiere un cambio cultural y mayor educaci\u00f3n vial. \u201cEl cumplimiento estricto de 40 km\/h ser\u00eda dif\u00edcil para los conductores, por eso estamos buscando una soluci\u00f3n intermedia\u201d.<\/p>\n\n\n\n<p><strong>Fotomultas<\/strong><\/p>\n\n\n\n<p>En relaci\u00f3n al sistema de fotomultas, el secretario confirm\u00f3 que est\u00e1 pr\u00f3ximo a implementarse: \u201cEntiendo que la semana que viene estar\u00e1 operativo, ya con la autorizaci\u00f3n de la Provincia\u201d. Adem\u00e1s, adelant\u00f3 que se realizar\u00e1 una campa\u00f1a de comunicaci\u00f3n masiva para informar a los conductores sobre la ubicaci\u00f3n de las c\u00e1maras y el tipo de infracciones que se controlar\u00e1n.<\/p>\n\n\n\n<p>Apolonio tambi\u00e9n subray\u00f3 que respetar las normas de tr\u00e1nsito es fundamental para prevenir accidentes. \u201cAquellos que cumplen con las reglas no deber\u00edan preocuparse por la presencia de c\u00e1maras. Sin embargo, haremos un esfuerzo para que todos est\u00e9n informados\u201d.<\/p>\n\n\n\n<p><strong>Violencia en la noche<\/strong><\/p>\n\n\n\n<p>Por otro lado Apolonio se refiri\u00f3 a un incidente ocurrido en un local nocturno de Claromec\u00f3, donde un menor result\u00f3 herido. El municipio, junto con la polic\u00eda, actu\u00f3 de inmediato realizando las actas correspondientes por incumplimientos como la convivencia de menores y mayores en un espacio de venta de bebidas alcoh\u00f3licas.<\/p>\n\n\n\n<figure class=\"wp-block-embed is-type-video is-provider-youtube wp-block-embed-youtube wp-embed-aspect-16-9 wp-has-aspect-ratio\"><div class=\"wp-block-embed__wrapper\">\n<div class=\"youtube-embed\" data-video_id=\"iBKynnOVx4I\"><iframe loading=\"lazy\" title=\"Onda Uno 103.9 en vivo\" width=\"696\" height=\"392\" data-src=\"https:\/\/www.youtube.com\/embed\/iBKynnOVx4I?feature=oembed&#038;enablejsapi=1\" frameborder=\"0\" allow=\"accelerometer; autoplay; clipboard-write; encrypted-media; gyroscope; picture-in-picture; web-share\" referrerpolicy=\"strict-origin-when-cross-origin\" allowfullscreen src=\"data:image\/gif;base64,R0lGODlhAQABAAAAACH5BAEKAAEALAAAAAABAAEAAAICTAEAOw==\" class=\"lazyload\" data-load-mode=\"1\"><\/iframe><\/div>\n<\/div><\/figure>\n","protected":false},"excerpt":{"rendered":"<p>El secretario de Seguridad, Juan Apolonio, habl\u00f3 en Cosas que pasan sobre temas vinculados a la seguridad vial y las recientes decisiones del municipio en materia de tr\u00e1nsito. Entre los puntos destacados, abord\u00f3 la ordenanza que propone reducir la velocidad m\u00e1xima en avenidas a 40 km\/h, una medida que a\u00fan no fue promulgada por el [&hellip;]<\/p>\n","protected":false},"author":1,"featured_media":3214,"comment_status":"open","ping_status":"open","sticky":false,"template":"","format":"standard","meta":{"tdm_status":"","tdm_grid_status":"","_jetpack_memberships_contains_paid_content":false,"footnotes":"","jetpack_publicize_message":"","jetpack_publicize_feature_enabled":true,"jetpack_social_post_already_shared":false,"jetpack_social_options":{"image_generator_settings":{"template":"highway","default_image_id":0,"font":"","enabled":false},"version":2}},"categories":[2],"tags":[],"class_list":{"0":"post-51994","1":"post","2":"type-post","3":"status-publish","4":"format-standard","5":"has-post-thumbnail","7":"category-locales"},"yoast_head":"<!-- This site is optimized with the Yoast SEO plugin v22.7 - https:\/\/yoast.com\/wordpress\/plugins\/seo\/ -->\n<title>Apolonio: \u201cLa reducci\u00f3n a 50 km\/h es un punto medio razonable para las avenidas\u201d - 103.9 fm<\/title>\n<meta name=\"robots\" content=\"index, follow, max-snippet:-1, max-image-preview:large, max-video-preview:-1\" \/>\n<link rel=\"canonical\" href=\"https:\/\/ondauno.com.ar\/index.php\/2024\/11\/25\/apolonio-la-reduccion-a-50-km-h-es-un-punto-medio-razonable-para-las-avenidas\/\" \/>\n<meta property=\"og:locale\" content=\"es_ES\" \/>\n<meta property=\"og:type\" content=\"article\" \/>\n<meta property=\"og:title\" content=\"Apolonio: \u201cLa reducci\u00f3n a 50 km\/h es un punto medio razonable para las avenidas\u201d - 103.9 fm\" \/>\n<meta property=\"og:description\" content=\"El secretario de Seguridad, Juan Apolonio, habl\u00f3 en Cosas que pasan sobre temas vinculados a la seguridad vial y las recientes decisiones del municipio en materia de tr\u00e1nsito. Entre los puntos destacados, abord\u00f3 la ordenanza que propone reducir la velocidad m\u00e1xima en avenidas a 40 km\/h, una medida que a\u00fan no fue promulgada por el [&hellip;]\" \/>\n<meta property=\"og:url\" content=\"https:\/\/ondauno.com.ar\/index.php\/2024\/11\/25\/apolonio-la-reduccion-a-50-km-h-es-un-punto-medio-razonable-para-las-avenidas\/\" \/>\n<meta property=\"og:site_name\" content=\"103.9 fm\" \/>\n<meta property=\"article:publisher\" content=\"https:\/\/www.facebook.com\/ondauno103.9\" \/>\n<meta property=\"article:published_time\" content=\"2024-11-25T22:24:17+00:00\" \/>\n<meta property=\"article:modified_time\" content=\"2024-11-25T22:24:20+00:00\" \/>\n<meta property=\"og:image\" content=\"http:\/\/ondauno.com.ar\/wp-content\/uploads\/2019\/12\/WhatsApp-Image-2019-12-11-at-13.41.00-4.jpeg\" \/>\n\t<meta property=\"og:image:width\" content=\"1040\" \/>\n\t<meta property=\"og:image:height\" content=\"780\" \/>\n\t<meta property=\"og:image:type\" content=\"image\/jpeg\" \/>\n<meta name=\"author\" content=\"OndaUno\" \/>\n<meta name=\"twitter:card\" content=\"summary_large_image\" \/>\n<meta name=\"twitter:label1\" content=\"Escrito por\" \/>\n\t<meta name=\"twitter:data1\" content=\"OndaUno\" \/>\n\t<meta name=\"twitter:label2\" content=\"Tiempo de lectura\" \/>\n\t<meta name=\"twitter:data2\" content=\"2 minutos\" \/>\n<script type=\"application\/ld+json\" class=\"yoast-schema-graph\">{\"@context\":\"https:\/\/schema.org\",\"@graph\":[{\"@type\":\"WebPage\",\"@id\":\"https:\/\/ondauno.com.ar\/index.php\/2024\/11\/25\/apolonio-la-reduccion-a-50-km-h-es-un-punto-medio-razonable-para-las-avenidas\/\",\"url\":\"https:\/\/ondauno.com.ar\/index.php\/2024\/11\/25\/apolonio-la-reduccion-a-50-km-h-es-un-punto-medio-razonable-para-las-avenidas\/\",\"name\":\"Apolonio: \u201cLa reducci\u00f3n a 50 km\/h es un punto medio razonable para las avenidas\u201d - 103.9 fm\",\"isPartOf\":{\"@id\":\"https:\/\/ondauno.com.ar\/#website\"},\"primaryImageOfPage\":{\"@id\":\"https:\/\/ondauno.com.ar\/index.php\/2024\/11\/25\/apolonio-la-reduccion-a-50-km-h-es-un-punto-medio-razonable-para-las-avenidas\/#primaryimage\"},\"image\":{\"@id\":\"https:\/\/ondauno.com.ar\/index.php\/2024\/11\/25\/apolonio-la-reduccion-a-50-km-h-es-un-punto-medio-razonable-para-las-avenidas\/#primaryimage\"},\"thumbnailUrl\":\"https:\/\/ondauno.com.ar\/wp-content\/uploads\/2019\/12\/WhatsApp-Image-2019-12-11-at-13.41.00-4.jpeg\",\"datePublished\":\"2024-11-25T22:24:17+00:00\",\"dateModified\":\"2024-11-25T22:24:20+00:00\",\"author\":{\"@id\":\"https:\/\/ondauno.com.ar\/#\/schema\/person\/7ec851ddeceb4133d7d7132dc645714e\"},\"breadcrumb\":{\"@id\":\"https:\/\/ondauno.com.ar\/index.php\/2024\/11\/25\/apolonio-la-reduccion-a-50-km-h-es-un-punto-medio-razonable-para-las-avenidas\/#breadcrumb\"},\"inLanguage\":\"es-AR\",\"potentialAction\":[{\"@type\":\"ReadAction\",\"target\":[\"https:\/\/ondauno.com.ar\/index.php\/2024\/11\/25\/apolonio-la-reduccion-a-50-km-h-es-un-punto-medio-razonable-para-las-avenidas\/\"]}]},{\"@type\":\"ImageObject\",\"inLanguage\":\"es-AR\",\"@id\":\"https:\/\/ondauno.com.ar\/index.php\/2024\/11\/25\/apolonio-la-reduccion-a-50-km-h-es-un-punto-medio-razonable-para-las-avenidas\/#primaryimage\",\"url\":\"https:\/\/ondauno.com.ar\/wp-content\/uploads\/2019\/12\/WhatsApp-Image-2019-12-11-at-13.41.00-4.jpeg\",\"contentUrl\":\"https:\/\/ondauno.com.ar\/wp-content\/uploads\/2019\/12\/WhatsApp-Image-2019-12-11-at-13.41.00-4.jpeg\",\"width\":1040,\"height\":780},{\"@type\":\"BreadcrumbList\",\"@id\":\"https:\/\/ondauno.com.ar\/index.php\/2024\/11\/25\/apolonio-la-reduccion-a-50-km-h-es-un-punto-medio-razonable-para-las-avenidas\/#breadcrumb\",\"itemListElement\":[{\"@type\":\"ListItem\",\"position\":1,\"name\":\"Inicio\",\"item\":\"https:\/\/ondauno.com.ar\/\"},{\"@type\":\"ListItem\",\"position\":2,\"name\":\"Apolonio: \u201cLa reducci\u00f3n a 50 km\/h es un punto medio razonable para las avenidas\u201d\"}]},{\"@type\":\"WebSite\",\"@id\":\"https:\/\/ondauno.com.ar\/#website\",\"url\":\"https:\/\/ondauno.com.ar\/\",\"name\":\"103.9 fm\",\"description\":\"LA PRIMERA RADIO MULTIMEDIA DE TRES ARROYOS\",\"potentialAction\":[{\"@type\":\"SearchAction\",\"target\":{\"@type\":\"EntryPoint\",\"urlTemplate\":\"https:\/\/ondauno.com.ar\/?s={search_term_string}\"},\"query-input\":\"required name=search_term_string\"}],\"inLanguage\":\"es-AR\"},{\"@type\":\"Person\",\"@id\":\"https:\/\/ondauno.com.ar\/#\/schema\/person\/7ec851ddeceb4133d7d7132dc645714e\",\"name\":\"OndaUno\",\"image\":{\"@type\":\"ImageObject\",\"inLanguage\":\"es-AR\",\"@id\":\"https:\/\/ondauno.com.ar\/#\/schema\/person\/image\/\",\"url\":\"https:\/\/secure.gravatar.com\/avatar\/93b8009f0de7021f1feb2bd5b32fb9e8?s=96&d=mm&r=g\",\"contentUrl\":\"https:\/\/secure.gravatar.com\/avatar\/93b8009f0de7021f1feb2bd5b32fb9e8?s=96&d=mm&r=g\",\"caption\":\"OndaUno\"},\"url\":\"https:\/\/ondauno.com.ar\/index.php\/author\/ondauno\/\"}]}<\/script>\n<!-- \/ Yoast SEO plugin. -->","yoast_head_json":{"title":"Apolonio: \u201cLa reducci\u00f3n a 50 km\/h es un punto medio razonable para las avenidas\u201d - 103.9 fm","robots":{"index":"index","follow":"follow","max-snippet":"max-snippet:-1","max-image-preview":"max-image-preview:large","max-video-preview":"max-video-preview:-1"},"canonical":"https:\/\/ondauno.com.ar\/index.php\/2024\/11\/25\/apolonio-la-reduccion-a-50-km-h-es-un-punto-medio-razonable-para-las-avenidas\/","og_locale":"es_ES","og_type":"article","og_title":"Apolonio: \u201cLa reducci\u00f3n a 50 km\/h es un punto medio razonable para las avenidas\u201d - 103.9 fm","og_description":"El secretario de Seguridad, Juan Apolonio, habl\u00f3 en Cosas que pasan sobre temas vinculados a la seguridad vial y las recientes decisiones del municipio en materia de tr\u00e1nsito. Entre los puntos destacados, abord\u00f3 la ordenanza que propone reducir la velocidad m\u00e1xima en avenidas a 40 km\/h, una medida que a\u00fan no fue promulgada por el [&hellip;]","og_url":"https:\/\/ondauno.com.ar\/index.php\/2024\/11\/25\/apolonio-la-reduccion-a-50-km-h-es-un-punto-medio-razonable-para-las-avenidas\/","og_site_name":"103.9 fm","article_publisher":"https:\/\/www.facebook.com\/ondauno103.9","article_published_time":"2024-11-25T22:24:17+00:00","article_modified_time":"2024-11-25T22:24:20+00:00","og_image":[{"width":1040,"height":780,"url":"http:\/\/ondauno.com.ar\/wp-content\/uploads\/2019\/12\/WhatsApp-Image-2019-12-11-at-13.41.00-4.jpeg","type":"image\/jpeg"}],"author":"OndaUno","twitter_card":"summary_large_image","twitter_misc":{"Escrito por":"OndaUno","Tiempo de lectura":"2 minutos"},"schema":{"@context":"https:\/\/schema.org","@graph":[{"@type":"WebPage","@id":"https:\/\/ondauno.com.ar\/index.php\/2024\/11\/25\/apolonio-la-reduccion-a-50-km-h-es-un-punto-medio-razonable-para-las-avenidas\/","url":"https:\/\/ondauno.com.ar\/index.php\/2024\/11\/25\/apolonio-la-reduccion-a-50-km-h-es-un-punto-medio-razonable-para-las-avenidas\/","name":"Apolonio: \u201cLa reducci\u00f3n a 50 km\/h es un punto medio razonable para las avenidas\u201d - 103.9 fm","isPartOf":{"@id":"https:\/\/ondauno.com.ar\/#website"},"primaryImageOfPage":{"@id":"https:\/\/ondauno.com.ar\/index.php\/2024\/11\/25\/apolonio-la-reduccion-a-50-km-h-es-un-punto-medio-razonable-para-las-avenidas\/#primaryimage"},"image":{"@id":"https:\/\/ondauno.com.ar\/index.php\/2024\/11\/25\/apolonio-la-reduccion-a-50-km-h-es-un-punto-medio-razonable-para-las-avenidas\/#primaryimage"},"thumbnailUrl":"https:\/\/ondauno.com.ar\/wp-content\/uploads\/2019\/12\/WhatsApp-Image-2019-12-11-at-13.41.00-4.jpeg","datePublished":"2024-11-25T22:24:17+00:00","dateModified":"2024-11-25T22:24:20+00:00","author":{"@id":"https:\/\/ondauno.com.ar\/#\/schema\/person\/7ec851ddeceb4133d7d7132dc645714e"},"breadcrumb":{"@id":"https:\/\/ondauno.com.ar\/index.php\/2024\/11\/25\/apolonio-la-reduccion-a-50-km-h-es-un-punto-medio-razonable-para-las-avenidas\/#breadcrumb"},"inLanguage":"es-AR","potentialAction":[{"@type":"ReadAction","target":["https:\/\/ondauno.com.ar\/index.php\/2024\/11\/25\/apolonio-la-reduccion-a-50-km-h-es-un-punto-medio-razonable-para-las-avenidas\/"]}]},{"@type":"ImageObject","inLanguage":"es-AR","@id":"https:\/\/ondauno.com.ar\/index.php\/2024\/11\/25\/apolonio-la-reduccion-a-50-km-h-es-un-punto-medio-razonable-para-las-avenidas\/#primaryimage","url":"https:\/\/ondauno.com.ar\/wp-content\/uploads\/2019\/12\/WhatsApp-Image-2019-12-11-at-13.41.00-4.jpeg","contentUrl":"https:\/\/ondauno.com.ar\/wp-content\/uploads\/2019\/12\/WhatsApp-Image-2019-12-11-at-13.41.00-4.jpeg","width":1040,"height":780},{"@type":"BreadcrumbList","@id":"https:\/\/ondauno.com.ar\/index.php\/2024\/11\/25\/apolonio-la-reduccion-a-50-km-h-es-un-punto-medio-razonable-para-las-avenidas\/#breadcrumb","itemListElement":[{"@type":"ListItem","position":1,"name":"Inicio","item":"https:\/\/ondauno.com.ar\/"},{"@type":"ListItem","position":2,"name":"Apolonio: \u201cLa reducci\u00f3n a 50 km\/h es un punto medio razonable para las avenidas\u201d"}]},{"@type":"WebSite","@id":"https:\/\/ondauno.com.ar\/#website","url":"https:\/\/ondauno.com.ar\/","name":"103.9 fm","description":"LA PRIMERA RADIO MULTIMEDIA DE TRES ARROYOS","potentialAction":[{"@type":"SearchAction","target":{"@type":"EntryPoint","urlTemplate":"https:\/\/ondauno.com.ar\/?s={search_term_string}"},"query-input":"required name=search_term_string"}],"inLanguage":"es-AR"},{"@type":"Person","@id":"https:\/\/ondauno.com.ar\/#\/schema\/person\/7ec851ddeceb4133d7d7132dc645714e","name":"OndaUno","image":{"@type":"ImageObject","inLanguage":"es-AR","@id":"https:\/\/ondauno.com.ar\/#\/schema\/person\/image\/","url":"https:\/\/secure.gravatar.com\/avatar\/93b8009f0de7021f1feb2bd5b32fb9e8?s=96&d=mm&r=g","contentUrl":"https:\/\/secure.gravatar.com\/avatar\/93b8009f0de7021f1feb2bd5b32fb9e8?s=96&d=mm&r=g","caption":"OndaUno"},"url":"https:\/\/ondauno.com.ar\/index.php\/author\/ondauno\/"}]}},"jetpack_publicize_connections":[],"jetpack_featured_media_url":"https:\/\/ondauno.com.ar\/wp-content\/uploads\/2019\/12\/WhatsApp-Image-2019-12-11-at-13.41.00-4.jpeg","jetpack_sharing_enabled":true,"_links":{"self":[{"href":"https:\/\/ondauno.com.ar\/index.php\/wp-json\/wp\/v2\/posts\/51994","targetHints":{"allow":["GET"]}}],"collection":[{"href":"https:\/\/ondauno.com.ar\/index.php\/wp-json\/wp\/v2\/posts"}],"about":[{"href":"https:\/\/ondauno.com.ar\/index.php\/wp-json\/wp\/v2\/types\/post"}],"author":[{"embeddable":true,"href":"https:\/\/ondauno.com.ar\/index.php\/wp-json\/wp\/v2\/users\/1"}],"replies":[{"embeddable":true,"href":"https:\/\/ondauno.com.ar\/index.php\/wp-json\/wp\/v2\/comments?post=51994"}],"version-history":[{"count":1,"href":"https:\/\/ondauno.com.ar\/index.php\/wp-json\/wp\/v2\/posts\/51994\/revisions"}],"predecessor-version":[{"id":51995,"href":"https:\/\/ondauno.com.ar\/index.php\/wp-json\/wp\/v2\/posts\/51994\/revisions\/51995"}],"wp:featuredmedia":[{"embeddable":true,"href":"https:\/\/ondauno.com.ar\/index.php\/wp-json\/wp\/v2\/media\/3214"}],"wp:attachment":[{"href":"https:\/\/ondauno.com.ar\/index.php\/wp-json\/wp\/v2\/media?parent=51994"}],"wp:term":[{"taxonomy":"category","embeddable":true,"href":"https:\/\/ondauno.com.ar\/index.php\/wp-json\/wp\/v2\/categories?post=51994"},{"taxonomy":"post_tag","embeddable":true,"href":"https:\/\/ondauno.com.ar\/index.php\/wp-json\/wp\/v2\/tags?post=51994"}],"curies":[{"name":"wp","href":"https:\/\/api.w.org\/{rel}","templated":true}]}}