{"id":51831,"date":"2024-11-16T02:15:55","date_gmt":"2024-11-16T05:15:55","guid":{"rendered":"https:\/\/ondauno.com.ar\/?p=51831"},"modified":"2024-11-16T02:24:57","modified_gmt":"2024-11-16T05:24:57","slug":"felipe-yane-presento-su-proyecto-para-2025-competir-en-el-procar-4000","status":"publish","type":"post","link":"https:\/\/ondauno.com.ar\/index.php\/2024\/11\/16\/felipe-yane-presento-su-proyecto-para-2025-competir-en-el-procar-4000\/","title":{"rendered":"Felipe Yane present\u00f3 su proyecto para 2025: competir en el ProCar 4000"},"content":{"rendered":"<div class=\"ondau-before-content_3\" style=\"margin-top: -30px;\" id=\"ondau-1250504698\"><a href=\"https:\/\/www.lps.com.ar\/\" aria-label=\"la-perse2\"><img loading=\"lazy\" decoding=\"async\" src=\"https:\/\/ondauno.com.ar\/wp-content\/uploads\/2021\/10\/la-perse2.jpg\" alt=\"\"  srcset=\"https:\/\/ondauno.com.ar\/wp-content\/uploads\/2021\/10\/la-perse2.jpg 1353w, https:\/\/ondauno.com.ar\/wp-content\/uploads\/2021\/10\/la-perse2-300x43.jpg 300w, https:\/\/ondauno.com.ar\/wp-content\/uploads\/2021\/10\/la-perse2-1024x148.jpg 1024w, https:\/\/ondauno.com.ar\/wp-content\/uploads\/2021\/10\/la-perse2-768x111.jpg 768w, https:\/\/ondauno.com.ar\/wp-content\/uploads\/2021\/10\/la-perse2-696x100.jpg 696w, https:\/\/ondauno.com.ar\/wp-content\/uploads\/2021\/10\/la-perse2-1068x154.jpg 1068w\" sizes=\"(max-width: 1353px) 100vw, 1353px\" class=\"no-lazyload\" width=\"1353\" height=\"195\"  style=\"display: inline-block;\" \/><\/a><\/div>\n<p>El piloto tresarroyense Felipe Yane anunci\u00f3 oficialmente su nuevo desaf\u00edo para 2025: participar en la categor\u00eda Procar 4000. En una entrevista, Yane comparti\u00f3 detalles sobre su decisi\u00f3n de dejar de lado la categor\u00eda Mar y Sierras B para enfocarse en este ambicioso proyecto que promete marcar un gran salto en su carrera deportiva.<\/p>\n\n\n\n<p>Yane explic\u00f3 que, tras finalizar la temporada actual, comenzar\u00e1 con las modificaciones necesarias en el motor y otros aspectos t\u00e9cnicos del auto. Contar\u00e1 con el apoyo de su padre, quien aporta su experiencia tanto en preparaci\u00f3n como en circuitos. &#8220;Gracias a pap\u00e1 he podido avanzar mucho. \u00c9l conoce los circuitos y eso me da tranquilidad, pero obviamente tengo que girar, hacer mi experiencia y probar hasta lograr andar bien&#8221;, coment\u00f3.<\/p>\n\n\n\n<figure class=\"wp-block-image size-large\"><img loading=\"lazy\" decoding=\"async\" width=\"1024\" height=\"576\" data-src=\"https:\/\/ondauno.com.ar\/wp-content\/uploads\/2024\/11\/WhatsApp-Image-2024-11-16-at-01.49.38-1024x576.jpeg\" alt=\"\" class=\"wp-image-51833 lazyload\" data-srcset=\"https:\/\/ondauno.com.ar\/wp-content\/uploads\/2024\/11\/WhatsApp-Image-2024-11-16-at-01.49.38-1024x576.jpeg 1024w, https:\/\/ondauno.com.ar\/wp-content\/uploads\/2024\/11\/WhatsApp-Image-2024-11-16-at-01.49.38-300x169.jpeg 300w, https:\/\/ondauno.com.ar\/wp-content\/uploads\/2024\/11\/WhatsApp-Image-2024-11-16-at-01.49.38-768x432.jpeg 768w, https:\/\/ondauno.com.ar\/wp-content\/uploads\/2024\/11\/WhatsApp-Image-2024-11-16-at-01.49.38-1536x864.jpeg 1536w, https:\/\/ondauno.com.ar\/wp-content\/uploads\/2024\/11\/WhatsApp-Image-2024-11-16-at-01.49.38-747x420.jpeg 747w, https:\/\/ondauno.com.ar\/wp-content\/uploads\/2024\/11\/WhatsApp-Image-2024-11-16-at-01.49.38-696x392.jpeg 696w, https:\/\/ondauno.com.ar\/wp-content\/uploads\/2024\/11\/WhatsApp-Image-2024-11-16-at-01.49.38-1068x601.jpeg 1068w, https:\/\/ondauno.com.ar\/wp-content\/uploads\/2024\/11\/WhatsApp-Image-2024-11-16-at-01.49.38.jpeg 1600w\" data-sizes=\"auto, (max-width: 1024px) 100vw, 1024px\" src=\"data:image\/gif;base64,R0lGODlhAQABAAAAACH5BAEKAAEALAAAAAABAAEAAAICTAEAOw==\" style=\"--smush-placeholder-width: 1024px; --smush-placeholder-aspect-ratio: 1024\/576;\" \/><noscript><img loading=\"lazy\" decoding=\"async\" width=\"1024\" height=\"576\" src=\"https:\/\/ondauno.com.ar\/wp-content\/uploads\/2024\/11\/WhatsApp-Image-2024-11-16-at-01.49.38-1024x576.jpeg\" alt=\"\" class=\"wp-image-51833\" srcset=\"https:\/\/ondauno.com.ar\/wp-content\/uploads\/2024\/11\/WhatsApp-Image-2024-11-16-at-01.49.38-1024x576.jpeg 1024w, https:\/\/ondauno.com.ar\/wp-content\/uploads\/2024\/11\/WhatsApp-Image-2024-11-16-at-01.49.38-300x169.jpeg 300w, https:\/\/ondauno.com.ar\/wp-content\/uploads\/2024\/11\/WhatsApp-Image-2024-11-16-at-01.49.38-768x432.jpeg 768w, https:\/\/ondauno.com.ar\/wp-content\/uploads\/2024\/11\/WhatsApp-Image-2024-11-16-at-01.49.38-1536x864.jpeg 1536w, https:\/\/ondauno.com.ar\/wp-content\/uploads\/2024\/11\/WhatsApp-Image-2024-11-16-at-01.49.38-747x420.jpeg 747w, https:\/\/ondauno.com.ar\/wp-content\/uploads\/2024\/11\/WhatsApp-Image-2024-11-16-at-01.49.38-696x392.jpeg 696w, https:\/\/ondauno.com.ar\/wp-content\/uploads\/2024\/11\/WhatsApp-Image-2024-11-16-at-01.49.38-1068x601.jpeg 1068w, https:\/\/ondauno.com.ar\/wp-content\/uploads\/2024\/11\/WhatsApp-Image-2024-11-16-at-01.49.38.jpeg 1600w\" sizes=\"auto, (max-width: 1024px) 100vw, 1024px\" \/><\/noscript><\/figure>\n\n\n\n<p>La categor\u00eda Procar 4000 se desarrolla principalmente en circuitos de La Plata y Buenos Aires, pero tambi\u00e9n incluye desaf\u00edos en Concepci\u00f3n del Uruguay, Toay y 9 de Julio, lugares que Yane considera \u201chermosos y grandes\u201d. Este cambio implicar\u00e1 un aumento considerable en los costos de participaci\u00f3n, desde viajes y hospedajes hasta el mantenimiento del auto. Sin embargo, el piloto conf\u00eda en el apoyo de sponsors y la colaboraci\u00f3n de su comunidad. \u201cRecibo mucho apoyo de Tres Arroyos, tanto de la publicidad que ya tengo en el auto como de nuevos sponsors. Eso nos da confianza para entrar al a\u00f1o\u201d, se\u00f1al\u00f3<\/p>\n\n\n\n<p><br>El veh\u00edculo con el que competir\u00e1 fue utilizado previamente en el TSS, donde logr\u00f3 un campeonato. Seg\u00fan Yane, este auto representa un gran desaf\u00edo t\u00e9cnico, especialmente en la preparaci\u00f3n del motor y la aerodin\u00e1mica. &#8220;El chasis es diferente, el motor tiene m\u00e1s potencia, y hay varios ajustes que estamos trabajando. Es algo nuevo, pero estamos muy entusiasmados&#8221;, afirmo<\/p>\n\n\n\n<p>Felipe tambi\u00e9n destac\u00f3 el nivel de competitividad del ProCar 4000, una categor\u00eda con m\u00e1s de 40 autos y pilotos de alto nivel. Esto lo motiva a redoblar esfuerzos, incluyendo un entrenamiento m\u00e1s exigente. \u201cEs una motivaci\u00f3n nueva. Habr\u00e1 que trabajar mucho para ser competitivos\u201d, reflexion\u00f3.<\/p>\n\n\n\n<figure class=\"wp-block-image size-large\"><img loading=\"lazy\" decoding=\"async\" width=\"1024\" height=\"576\" data-src=\"https:\/\/ondauno.com.ar\/wp-content\/uploads\/2024\/11\/WhatsApp-Image-2024-11-16-at-01.49.39-1-1024x576.jpeg\" alt=\"\" class=\"wp-image-51834 lazyload\" data-srcset=\"https:\/\/ondauno.com.ar\/wp-content\/uploads\/2024\/11\/WhatsApp-Image-2024-11-16-at-01.49.39-1-1024x576.jpeg 1024w, https:\/\/ondauno.com.ar\/wp-content\/uploads\/2024\/11\/WhatsApp-Image-2024-11-16-at-01.49.39-1-300x169.jpeg 300w, https:\/\/ondauno.com.ar\/wp-content\/uploads\/2024\/11\/WhatsApp-Image-2024-11-16-at-01.49.39-1-768x432.jpeg 768w, https:\/\/ondauno.com.ar\/wp-content\/uploads\/2024\/11\/WhatsApp-Image-2024-11-16-at-01.49.39-1-1536x864.jpeg 1536w, https:\/\/ondauno.com.ar\/wp-content\/uploads\/2024\/11\/WhatsApp-Image-2024-11-16-at-01.49.39-1-747x420.jpeg 747w, https:\/\/ondauno.com.ar\/wp-content\/uploads\/2024\/11\/WhatsApp-Image-2024-11-16-at-01.49.39-1-696x392.jpeg 696w, https:\/\/ondauno.com.ar\/wp-content\/uploads\/2024\/11\/WhatsApp-Image-2024-11-16-at-01.49.39-1-1068x601.jpeg 1068w, https:\/\/ondauno.com.ar\/wp-content\/uploads\/2024\/11\/WhatsApp-Image-2024-11-16-at-01.49.39-1.jpeg 1600w\" data-sizes=\"auto, (max-width: 1024px) 100vw, 1024px\" src=\"data:image\/gif;base64,R0lGODlhAQABAAAAACH5BAEKAAEALAAAAAABAAEAAAICTAEAOw==\" style=\"--smush-placeholder-width: 1024px; --smush-placeholder-aspect-ratio: 1024\/576;\" \/><noscript><img loading=\"lazy\" decoding=\"async\" width=\"1024\" height=\"576\" src=\"https:\/\/ondauno.com.ar\/wp-content\/uploads\/2024\/11\/WhatsApp-Image-2024-11-16-at-01.49.39-1-1024x576.jpeg\" alt=\"\" class=\"wp-image-51834\" srcset=\"https:\/\/ondauno.com.ar\/wp-content\/uploads\/2024\/11\/WhatsApp-Image-2024-11-16-at-01.49.39-1-1024x576.jpeg 1024w, https:\/\/ondauno.com.ar\/wp-content\/uploads\/2024\/11\/WhatsApp-Image-2024-11-16-at-01.49.39-1-300x169.jpeg 300w, https:\/\/ondauno.com.ar\/wp-content\/uploads\/2024\/11\/WhatsApp-Image-2024-11-16-at-01.49.39-1-768x432.jpeg 768w, https:\/\/ondauno.com.ar\/wp-content\/uploads\/2024\/11\/WhatsApp-Image-2024-11-16-at-01.49.39-1-1536x864.jpeg 1536w, https:\/\/ondauno.com.ar\/wp-content\/uploads\/2024\/11\/WhatsApp-Image-2024-11-16-at-01.49.39-1-747x420.jpeg 747w, https:\/\/ondauno.com.ar\/wp-content\/uploads\/2024\/11\/WhatsApp-Image-2024-11-16-at-01.49.39-1-696x392.jpeg 696w, https:\/\/ondauno.com.ar\/wp-content\/uploads\/2024\/11\/WhatsApp-Image-2024-11-16-at-01.49.39-1-1068x601.jpeg 1068w, https:\/\/ondauno.com.ar\/wp-content\/uploads\/2024\/11\/WhatsApp-Image-2024-11-16-at-01.49.39-1.jpeg 1600w\" sizes=\"auto, (max-width: 1024px) 100vw, 1024px\" \/><\/noscript><\/figure>\n\n\n\n<p><strong>Cierre de temporada en Mar y Sierras B<\/strong><\/p>\n\n\n\n<p>Antes de embarcarse en este nuevo desaf\u00edo, Yane se enfocar\u00e1 en cerrar el a\u00f1o de la mejor manera en el Mar y Sierras B, donde se encuentra bien posicionado. \u201cQueremos terminar bien esta \u00faltima carrera. Son fierros, hay que girar y llegar, pero estamos confiados en un buen resultado\u201d, concluy\u00f3.<\/p>\n\n\n\n<p>El entusiasmo de Yane y su equipo auguran un 2025 prometedor para el piloto tresarroyense, que busca consolidarse en una categor\u00eda de mayor nivel y seguir llevando el nombre de Tres Arroyos a lo m\u00e1s alto del automovilismo.<\/p>\n","protected":false},"excerpt":{"rendered":"<p>El piloto tresarroyense Felipe Yane anunci\u00f3 oficialmente su nuevo desaf\u00edo para 2025: participar en la categor\u00eda Procar 4000. En una entrevista, Yane comparti\u00f3 detalles sobre su decisi\u00f3n de dejar de lado la categor\u00eda Mar y Sierras B para enfocarse en este ambicioso proyecto que promete marcar un gran salto en su carrera deportiva. Yane explic\u00f3 [&hellip;]<\/p>\n","protected":false},"author":1,"featured_media":51832,"comment_status":"open","ping_status":"open","sticky":false,"template":"","format":"standard","meta":{"tdm_status":"","tdm_grid_status":"","_jetpack_memberships_contains_paid_content":false,"footnotes":"","jetpack_publicize_message":"","jetpack_publicize_feature_enabled":true,"jetpack_social_post_already_shared":false,"jetpack_social_options":{"image_generator_settings":{"template":"highway","default_image_id":0,"font":"","enabled":false},"version":2}},"categories":[6],"tags":[],"class_list":{"0":"post-51831","1":"post","2":"type-post","3":"status-publish","4":"format-standard","5":"has-post-thumbnail","7":"category-automovilismo"},"yoast_head":"<!-- This site is optimized with the Yoast SEO plugin v22.7 - https:\/\/yoast.com\/wordpress\/plugins\/seo\/ -->\n<title>Felipe Yane present\u00f3 su proyecto para 2025: competir en el ProCar 4000 - 103.9 fm<\/title>\n<meta name=\"robots\" content=\"index, follow, max-snippet:-1, max-image-preview:large, max-video-preview:-1\" \/>\n<link rel=\"canonical\" href=\"https:\/\/ondauno.com.ar\/index.php\/2024\/11\/16\/felipe-yane-presento-su-proyecto-para-2025-competir-en-el-procar-4000\/\" \/>\n<meta property=\"og:locale\" content=\"es_ES\" \/>\n<meta property=\"og:type\" content=\"article\" \/>\n<meta property=\"og:title\" content=\"Felipe Yane present\u00f3 su proyecto para 2025: competir en el ProCar 4000 - 103.9 fm\" \/>\n<meta property=\"og:description\" content=\"El piloto tresarroyense Felipe Yane anunci\u00f3 oficialmente su nuevo desaf\u00edo para 2025: participar en la categor\u00eda Procar 4000. En una entrevista, Yane comparti\u00f3 detalles sobre su decisi\u00f3n de dejar de lado la categor\u00eda Mar y Sierras B para enfocarse en este ambicioso proyecto que promete marcar un gran salto en su carrera deportiva. Yane explic\u00f3 [&hellip;]\" \/>\n<meta property=\"og:url\" content=\"https:\/\/ondauno.com.ar\/index.php\/2024\/11\/16\/felipe-yane-presento-su-proyecto-para-2025-competir-en-el-procar-4000\/\" \/>\n<meta property=\"og:site_name\" content=\"103.9 fm\" \/>\n<meta property=\"article:publisher\" content=\"https:\/\/www.facebook.com\/ondauno103.9\" \/>\n<meta property=\"article:published_time\" content=\"2024-11-16T05:15:55+00:00\" \/>\n<meta property=\"article:modified_time\" content=\"2024-11-16T05:24:57+00:00\" \/>\n<meta property=\"og:image\" content=\"http:\/\/ondauno.com.ar\/wp-content\/uploads\/2024\/11\/WhatsApp-Image-2024-11-16-at-01.49.39.jpeg\" \/>\n\t<meta property=\"og:image:width\" content=\"1600\" \/>\n\t<meta property=\"og:image:height\" content=\"900\" \/>\n\t<meta property=\"og:image:type\" content=\"image\/jpeg\" \/>\n<meta name=\"author\" content=\"OndaUno\" \/>\n<meta name=\"twitter:card\" content=\"summary_large_image\" \/>\n<meta name=\"twitter:label1\" content=\"Escrito por\" \/>\n\t<meta name=\"twitter:data1\" content=\"OndaUno\" \/>\n\t<meta name=\"twitter:label2\" content=\"Tiempo de lectura\" \/>\n\t<meta name=\"twitter:data2\" content=\"3 minutos\" \/>\n<script type=\"application\/ld+json\" class=\"yoast-schema-graph\">{\"@context\":\"https:\/\/schema.org\",\"@graph\":[{\"@type\":\"WebPage\",\"@id\":\"https:\/\/ondauno.com.ar\/index.php\/2024\/11\/16\/felipe-yane-presento-su-proyecto-para-2025-competir-en-el-procar-4000\/\",\"url\":\"https:\/\/ondauno.com.ar\/index.php\/2024\/11\/16\/felipe-yane-presento-su-proyecto-para-2025-competir-en-el-procar-4000\/\",\"name\":\"Felipe Yane present\u00f3 su proyecto para 2025: competir en el ProCar 4000 - 103.9 fm\",\"isPartOf\":{\"@id\":\"https:\/\/ondauno.com.ar\/#website\"},\"primaryImageOfPage\":{\"@id\":\"https:\/\/ondauno.com.ar\/index.php\/2024\/11\/16\/felipe-yane-presento-su-proyecto-para-2025-competir-en-el-procar-4000\/#primaryimage\"},\"image\":{\"@id\":\"https:\/\/ondauno.com.ar\/index.php\/2024\/11\/16\/felipe-yane-presento-su-proyecto-para-2025-competir-en-el-procar-4000\/#primaryimage\"},\"thumbnailUrl\":\"https:\/\/ondauno.com.ar\/wp-content\/uploads\/2024\/11\/WhatsApp-Image-2024-11-16-at-01.49.39.jpeg\",\"datePublished\":\"2024-11-16T05:15:55+00:00\",\"dateModified\":\"2024-11-16T05:24:57+00:00\",\"author\":{\"@id\":\"https:\/\/ondauno.com.ar\/#\/schema\/person\/7ec851ddeceb4133d7d7132dc645714e\"},\"breadcrumb\":{\"@id\":\"https:\/\/ondauno.com.ar\/index.php\/2024\/11\/16\/felipe-yane-presento-su-proyecto-para-2025-competir-en-el-procar-4000\/#breadcrumb\"},\"inLanguage\":\"es-AR\",\"potentialAction\":[{\"@type\":\"ReadAction\",\"target\":[\"https:\/\/ondauno.com.ar\/index.php\/2024\/11\/16\/felipe-yane-presento-su-proyecto-para-2025-competir-en-el-procar-4000\/\"]}]},{\"@type\":\"ImageObject\",\"inLanguage\":\"es-AR\",\"@id\":\"https:\/\/ondauno.com.ar\/index.php\/2024\/11\/16\/felipe-yane-presento-su-proyecto-para-2025-competir-en-el-procar-4000\/#primaryimage\",\"url\":\"https:\/\/ondauno.com.ar\/wp-content\/uploads\/2024\/11\/WhatsApp-Image-2024-11-16-at-01.49.39.jpeg\",\"contentUrl\":\"https:\/\/ondauno.com.ar\/wp-content\/uploads\/2024\/11\/WhatsApp-Image-2024-11-16-at-01.49.39.jpeg\",\"width\":1600,\"height\":900},{\"@type\":\"BreadcrumbList\",\"@id\":\"https:\/\/ondauno.com.ar\/index.php\/2024\/11\/16\/felipe-yane-presento-su-proyecto-para-2025-competir-en-el-procar-4000\/#breadcrumb\",\"itemListElement\":[{\"@type\":\"ListItem\",\"position\":1,\"name\":\"Inicio\",\"item\":\"https:\/\/ondauno.com.ar\/\"},{\"@type\":\"ListItem\",\"position\":2,\"name\":\"Felipe Yane present\u00f3 su proyecto para 2025: competir en el ProCar 4000\"}]},{\"@type\":\"WebSite\",\"@id\":\"https:\/\/ondauno.com.ar\/#website\",\"url\":\"https:\/\/ondauno.com.ar\/\",\"name\":\"103.9 fm\",\"description\":\"LA PRIMERA RADIO MULTIMEDIA DE TRES ARROYOS\",\"potentialAction\":[{\"@type\":\"SearchAction\",\"target\":{\"@type\":\"EntryPoint\",\"urlTemplate\":\"https:\/\/ondauno.com.ar\/?s={search_term_string}\"},\"query-input\":\"required name=search_term_string\"}],\"inLanguage\":\"es-AR\"},{\"@type\":\"Person\",\"@id\":\"https:\/\/ondauno.com.ar\/#\/schema\/person\/7ec851ddeceb4133d7d7132dc645714e\",\"name\":\"OndaUno\",\"image\":{\"@type\":\"ImageObject\",\"inLanguage\":\"es-AR\",\"@id\":\"https:\/\/ondauno.com.ar\/#\/schema\/person\/image\/\",\"url\":\"https:\/\/secure.gravatar.com\/avatar\/93b8009f0de7021f1feb2bd5b32fb9e8?s=96&d=mm&r=g\",\"contentUrl\":\"https:\/\/secure.gravatar.com\/avatar\/93b8009f0de7021f1feb2bd5b32fb9e8?s=96&d=mm&r=g\",\"caption\":\"OndaUno\"},\"url\":\"https:\/\/ondauno.com.ar\/index.php\/author\/ondauno\/\"}]}<\/script>\n<!-- \/ Yoast SEO plugin. -->","yoast_head_json":{"title":"Felipe Yane present\u00f3 su proyecto para 2025: competir en el ProCar 4000 - 103.9 fm","robots":{"index":"index","follow":"follow","max-snippet":"max-snippet:-1","max-image-preview":"max-image-preview:large","max-video-preview":"max-video-preview:-1"},"canonical":"https:\/\/ondauno.com.ar\/index.php\/2024\/11\/16\/felipe-yane-presento-su-proyecto-para-2025-competir-en-el-procar-4000\/","og_locale":"es_ES","og_type":"article","og_title":"Felipe Yane present\u00f3 su proyecto para 2025: competir en el ProCar 4000 - 103.9 fm","og_description":"El piloto tresarroyense Felipe Yane anunci\u00f3 oficialmente su nuevo desaf\u00edo para 2025: participar en la categor\u00eda Procar 4000. En una entrevista, Yane comparti\u00f3 detalles sobre su decisi\u00f3n de dejar de lado la categor\u00eda Mar y Sierras B para enfocarse en este ambicioso proyecto que promete marcar un gran salto en su carrera deportiva. Yane explic\u00f3 [&hellip;]","og_url":"https:\/\/ondauno.com.ar\/index.php\/2024\/11\/16\/felipe-yane-presento-su-proyecto-para-2025-competir-en-el-procar-4000\/","og_site_name":"103.9 fm","article_publisher":"https:\/\/www.facebook.com\/ondauno103.9","article_published_time":"2024-11-16T05:15:55+00:00","article_modified_time":"2024-11-16T05:24:57+00:00","og_image":[{"width":1600,"height":900,"url":"http:\/\/ondauno.com.ar\/wp-content\/uploads\/2024\/11\/WhatsApp-Image-2024-11-16-at-01.49.39.jpeg","type":"image\/jpeg"}],"author":"OndaUno","twitter_card":"summary_large_image","twitter_misc":{"Escrito por":"OndaUno","Tiempo de lectura":"3 minutos"},"schema":{"@context":"https:\/\/schema.org","@graph":[{"@type":"WebPage","@id":"https:\/\/ondauno.com.ar\/index.php\/2024\/11\/16\/felipe-yane-presento-su-proyecto-para-2025-competir-en-el-procar-4000\/","url":"https:\/\/ondauno.com.ar\/index.php\/2024\/11\/16\/felipe-yane-presento-su-proyecto-para-2025-competir-en-el-procar-4000\/","name":"Felipe Yane present\u00f3 su proyecto para 2025: competir en el ProCar 4000 - 103.9 fm","isPartOf":{"@id":"https:\/\/ondauno.com.ar\/#website"},"primaryImageOfPage":{"@id":"https:\/\/ondauno.com.ar\/index.php\/2024\/11\/16\/felipe-yane-presento-su-proyecto-para-2025-competir-en-el-procar-4000\/#primaryimage"},"image":{"@id":"https:\/\/ondauno.com.ar\/index.php\/2024\/11\/16\/felipe-yane-presento-su-proyecto-para-2025-competir-en-el-procar-4000\/#primaryimage"},"thumbnailUrl":"https:\/\/ondauno.com.ar\/wp-content\/uploads\/2024\/11\/WhatsApp-Image-2024-11-16-at-01.49.39.jpeg","datePublished":"2024-11-16T05:15:55+00:00","dateModified":"2024-11-16T05:24:57+00:00","author":{"@id":"https:\/\/ondauno.com.ar\/#\/schema\/person\/7ec851ddeceb4133d7d7132dc645714e"},"breadcrumb":{"@id":"https:\/\/ondauno.com.ar\/index.php\/2024\/11\/16\/felipe-yane-presento-su-proyecto-para-2025-competir-en-el-procar-4000\/#breadcrumb"},"inLanguage":"es-AR","potentialAction":[{"@type":"ReadAction","target":["https:\/\/ondauno.com.ar\/index.php\/2024\/11\/16\/felipe-yane-presento-su-proyecto-para-2025-competir-en-el-procar-4000\/"]}]},{"@type":"ImageObject","inLanguage":"es-AR","@id":"https:\/\/ondauno.com.ar\/index.php\/2024\/11\/16\/felipe-yane-presento-su-proyecto-para-2025-competir-en-el-procar-4000\/#primaryimage","url":"https:\/\/ondauno.com.ar\/wp-content\/uploads\/2024\/11\/WhatsApp-Image-2024-11-16-at-01.49.39.jpeg","contentUrl":"https:\/\/ondauno.com.ar\/wp-content\/uploads\/2024\/11\/WhatsApp-Image-2024-11-16-at-01.49.39.jpeg","width":1600,"height":900},{"@type":"BreadcrumbList","@id":"https:\/\/ondauno.com.ar\/index.php\/2024\/11\/16\/felipe-yane-presento-su-proyecto-para-2025-competir-en-el-procar-4000\/#breadcrumb","itemListElement":[{"@type":"ListItem","position":1,"name":"Inicio","item":"https:\/\/ondauno.com.ar\/"},{"@type":"ListItem","position":2,"name":"Felipe Yane present\u00f3 su proyecto para 2025: competir en el ProCar 4000"}]},{"@type":"WebSite","@id":"https:\/\/ondauno.com.ar\/#website","url":"https:\/\/ondauno.com.ar\/","name":"103.9 fm","description":"LA PRIMERA RADIO MULTIMEDIA DE TRES ARROYOS","potentialAction":[{"@type":"SearchAction","target":{"@type":"EntryPoint","urlTemplate":"https:\/\/ondauno.com.ar\/?s={search_term_string}"},"query-input":"required name=search_term_string"}],"inLanguage":"es-AR"},{"@type":"Person","@id":"https:\/\/ondauno.com.ar\/#\/schema\/person\/7ec851ddeceb4133d7d7132dc645714e","name":"OndaUno","image":{"@type":"ImageObject","inLanguage":"es-AR","@id":"https:\/\/ondauno.com.ar\/#\/schema\/person\/image\/","url":"https:\/\/secure.gravatar.com\/avatar\/93b8009f0de7021f1feb2bd5b32fb9e8?s=96&d=mm&r=g","contentUrl":"https:\/\/secure.gravatar.com\/avatar\/93b8009f0de7021f1feb2bd5b32fb9e8?s=96&d=mm&r=g","caption":"OndaUno"},"url":"https:\/\/ondauno.com.ar\/index.php\/author\/ondauno\/"}]}},"jetpack_publicize_connections":[],"jetpack_featured_media_url":"https:\/\/ondauno.com.ar\/wp-content\/uploads\/2024\/11\/WhatsApp-Image-2024-11-16-at-01.49.39.jpeg","jetpack_sharing_enabled":true,"_links":{"self":[{"href":"https:\/\/ondauno.com.ar\/index.php\/wp-json\/wp\/v2\/posts\/51831","targetHints":{"allow":["GET"]}}],"collection":[{"href":"https:\/\/ondauno.com.ar\/index.php\/wp-json\/wp\/v2\/posts"}],"about":[{"href":"https:\/\/ondauno.com.ar\/index.php\/wp-json\/wp\/v2\/types\/post"}],"author":[{"embeddable":true,"href":"https:\/\/ondauno.com.ar\/index.php\/wp-json\/wp\/v2\/users\/1"}],"replies":[{"embeddable":true,"href":"https:\/\/ondauno.com.ar\/index.php\/wp-json\/wp\/v2\/comments?post=51831"}],"version-history":[{"count":3,"href":"https:\/\/ondauno.com.ar\/index.php\/wp-json\/wp\/v2\/posts\/51831\/revisions"}],"predecessor-version":[{"id":51837,"href":"https:\/\/ondauno.com.ar\/index.php\/wp-json\/wp\/v2\/posts\/51831\/revisions\/51837"}],"wp:featuredmedia":[{"embeddable":true,"href":"https:\/\/ondauno.com.ar\/index.php\/wp-json\/wp\/v2\/media\/51832"}],"wp:attachment":[{"href":"https:\/\/ondauno.com.ar\/index.php\/wp-json\/wp\/v2\/media?parent=51831"}],"wp:term":[{"taxonomy":"category","embeddable":true,"href":"https:\/\/ondauno.com.ar\/index.php\/wp-json\/wp\/v2\/categories?post=51831"},{"taxonomy":"post_tag","embeddable":true,"href":"https:\/\/ondauno.com.ar\/index.php\/wp-json\/wp\/v2\/tags?post=51831"}],"curies":[{"name":"wp","href":"https:\/\/api.w.org\/{rel}","templated":true}]}}