{"id":51828,"date":"2024-11-15T20:41:20","date_gmt":"2024-11-15T23:41:20","guid":{"rendered":"https:\/\/ondauno.com.ar\/?p=51828"},"modified":"2024-11-15T20:41:23","modified_gmt":"2024-11-15T23:41:23","slug":"encuentro-del-programa-producimos-en-red-en-tres-arroyos","status":"publish","type":"post","link":"https:\/\/ondauno.com.ar\/index.php\/2024\/11\/15\/encuentro-del-programa-producimos-en-red-en-tres-arroyos\/","title":{"rendered":"Encuentro del programa \u201cProducimos en red\u201d en Tres Arroyos"},"content":{"rendered":"<div class=\"ondau-before-content_3\" style=\"margin-top: -30px;\" id=\"ondau-3073245192\"><a href=\"https:\/\/www.lps.com.ar\/\" aria-label=\"la-perse2\"><img loading=\"lazy\" decoding=\"async\" src=\"https:\/\/ondauno.com.ar\/wp-content\/uploads\/2021\/10\/la-perse2.jpg\" alt=\"\"  srcset=\"https:\/\/ondauno.com.ar\/wp-content\/uploads\/2021\/10\/la-perse2.jpg 1353w, https:\/\/ondauno.com.ar\/wp-content\/uploads\/2021\/10\/la-perse2-300x43.jpg 300w, https:\/\/ondauno.com.ar\/wp-content\/uploads\/2021\/10\/la-perse2-1024x148.jpg 1024w, https:\/\/ondauno.com.ar\/wp-content\/uploads\/2021\/10\/la-perse2-768x111.jpg 768w, https:\/\/ondauno.com.ar\/wp-content\/uploads\/2021\/10\/la-perse2-696x100.jpg 696w, https:\/\/ondauno.com.ar\/wp-content\/uploads\/2021\/10\/la-perse2-1068x154.jpg 1068w\" sizes=\"(max-width: 1353px) 100vw, 1353px\" class=\"no-lazyload\" width=\"1353\" height=\"195\"  style=\"display: inline-block;\" \/><\/a><\/div>\n<p>Este mi\u00e9rcoles 13 de noviembre, se llev\u00f3 adelante un encuentro en el marco del programa \u201cProducimos en red\u201d.<\/p>\n\n\n\n<p>Durante la jornada, se cont\u00f3 con la presencia de la Subsecretaria T\u00e9cnica, Administrativa y Legal Mercedes Castilla y la Directora Regional de la VI secci\u00f3n Ximena Martel del Ministerio de mujeres y diversidad de la provincia de Buenos Aires.<\/p>\n\n\n\n<p>En un primer momento, las expositoras se reunieron con docentes e integrantes del centro de estudiantes, para conocer los proyectos productivos que llevan adelante en sus pr\u00e1cticas educativas, en el marco de las Tecnicaturas en Agroecolog\u00eda, Trabajo Social y Gastronom\u00eda que dicta el ISFDyT 33.<\/p>\n\n\n\n<p>Posteriormente, en el Sal\u00f3n \u201cIslas Malvinas\u201d del Instituto de Formaci\u00f3n Docente y T\u00e9cnica N\u00b0 33 \u201cProf. Emilio de la Calle\u201d, se encontraron emprendedoras\/es; organizaciones sociales que llevan adelante una actividad productiva; cooperativas y grupos de personas con intenciones de iniciar en el mundo del cooperativismo.<\/p>\n\n\n\n<p>Las funcionarias abordaron herramientas para proyectos productivos, emprendedurismo y cooperativismo. Al respecto, la subsecretaria Mercedes Castillo coment\u00f3: \u201clo valioso de este encuentro est\u00e1 en poder conocernos y fortalecernos en lo que tiene que ver con lo productivo en el marco de la econom\u00eda social, solidaria y feminista\u201d.<\/p>\n\n\n\n<p>Por su parte, la directora de la VI Regi\u00f3n, Ximena Martel, resalt\u00f3 la importancia de \u201cllegar a distritos como el de Tres Arroyos para acompa\u00f1ar a emprendedoras, traer la perspectiva de g\u00e9nero y formalizar los proyectos productivos de la econom\u00eda social, ya que en su mayor\u00eda est\u00e1n encabezados por mujeres que son quienes m\u00e1s sufren los embates de la econom\u00eda actual\u201d.<\/p>\n\n\n\n<p>El encuentro cont\u00f3 con la presencia de la directora de mujeres, g\u00e9nero y diversidad, Delfina Espinal; el director de Industria, Comercio y Emprendedurismo, Mauro Daddario; el coordinador de la Oficina de empleo Juan Jos\u00e9 Moizzi y la directora del ISFDyT N\u00b0 33 prof. Graciela Callegari.<\/p>\n\n\n\n<p>La directora de mujeres, g\u00e9nero y diversidad, Delfina Espinal tambi\u00e9n recalc\u00f3 \u201cla importancia del acompa\u00f1amiento a los proyectos productivos de las mujeres y diversidades que sufren m\u00e1s las consecuencias econ\u00f3micas, haciendo hincapi\u00e9 en la importancia de dar herramientas para que puedan lograr una independencia econ\u00f3mica\u201d, agreg\u00f3 \u201ctambi\u00e9n es importante destacar que con nuestra gesti\u00f3n estamos acompa\u00f1ado a las trabajadoras de la econom\u00eda social con perspectiva de g\u00e9nero, tanto en los mercados barriales, como con espacios de formaci\u00f3n y comercializaci\u00f3n\u201d.<\/p>\n","protected":false},"excerpt":{"rendered":"<p>Este mi\u00e9rcoles 13 de noviembre, se llev\u00f3 adelante un encuentro en el marco del programa \u201cProducimos en red\u201d. Durante la jornada, se cont\u00f3 con la presencia de la Subsecretaria T\u00e9cnica, Administrativa y Legal Mercedes Castilla y la Directora Regional de la VI secci\u00f3n Ximena Martel del Ministerio de mujeres y diversidad de la provincia de [&hellip;]<\/p>\n","protected":false},"author":1,"featured_media":51829,"comment_status":"open","ping_status":"open","sticky":false,"template":"","format":"standard","meta":{"tdm_status":"","tdm_grid_status":"","_jetpack_memberships_contains_paid_content":false,"footnotes":"","jetpack_publicize_message":"","jetpack_publicize_feature_enabled":true,"jetpack_social_post_already_shared":false,"jetpack_social_options":{"image_generator_settings":{"template":"highway","default_image_id":0,"font":"","enabled":false},"version":2}},"categories":[28],"tags":[],"class_list":{"0":"post-51828","1":"post","2":"type-post","3":"status-publish","4":"format-standard","5":"has-post-thumbnail","7":"category-interes-general"},"yoast_head":"<!-- This site is optimized with the Yoast SEO plugin v22.7 - https:\/\/yoast.com\/wordpress\/plugins\/seo\/ -->\n<title>Encuentro del programa \u201cProducimos en red\u201d en Tres Arroyos - 103.9 fm<\/title>\n<meta name=\"robots\" content=\"index, follow, max-snippet:-1, max-image-preview:large, max-video-preview:-1\" \/>\n<link rel=\"canonical\" href=\"https:\/\/ondauno.com.ar\/index.php\/2024\/11\/15\/encuentro-del-programa-producimos-en-red-en-tres-arroyos\/\" \/>\n<meta property=\"og:locale\" content=\"es_ES\" \/>\n<meta property=\"og:type\" content=\"article\" \/>\n<meta property=\"og:title\" content=\"Encuentro del programa \u201cProducimos en red\u201d en Tres Arroyos - 103.9 fm\" \/>\n<meta property=\"og:description\" content=\"Este mi\u00e9rcoles 13 de noviembre, se llev\u00f3 adelante un encuentro en el marco del programa \u201cProducimos en red\u201d. Durante la jornada, se cont\u00f3 con la presencia de la Subsecretaria T\u00e9cnica, Administrativa y Legal Mercedes Castilla y la Directora Regional de la VI secci\u00f3n Ximena Martel del Ministerio de mujeres y diversidad de la provincia de [&hellip;]\" \/>\n<meta property=\"og:url\" content=\"https:\/\/ondauno.com.ar\/index.php\/2024\/11\/15\/encuentro-del-programa-producimos-en-red-en-tres-arroyos\/\" \/>\n<meta property=\"og:site_name\" content=\"103.9 fm\" \/>\n<meta property=\"article:publisher\" content=\"https:\/\/www.facebook.com\/ondauno103.9\" \/>\n<meta property=\"article:published_time\" content=\"2024-11-15T23:41:20+00:00\" \/>\n<meta property=\"article:modified_time\" content=\"2024-11-15T23:41:23+00:00\" \/>\n<meta property=\"og:image\" content=\"http:\/\/ondauno.com.ar\/wp-content\/uploads\/2024\/11\/WhatsApp-Image-2024-11-15-at-20.37.36.jpeg\" \/>\n\t<meta property=\"og:image:width\" content=\"1600\" \/>\n\t<meta property=\"og:image:height\" content=\"1196\" \/>\n\t<meta property=\"og:image:type\" content=\"image\/jpeg\" \/>\n<meta name=\"author\" content=\"OndaUno\" \/>\n<meta name=\"twitter:card\" content=\"summary_large_image\" \/>\n<meta name=\"twitter:label1\" content=\"Escrito por\" \/>\n\t<meta name=\"twitter:data1\" content=\"OndaUno\" \/>\n\t<meta name=\"twitter:label2\" content=\"Tiempo de lectura\" \/>\n\t<meta name=\"twitter:data2\" content=\"2 minutos\" \/>\n<script type=\"application\/ld+json\" class=\"yoast-schema-graph\">{\"@context\":\"https:\/\/schema.org\",\"@graph\":[{\"@type\":\"WebPage\",\"@id\":\"https:\/\/ondauno.com.ar\/index.php\/2024\/11\/15\/encuentro-del-programa-producimos-en-red-en-tres-arroyos\/\",\"url\":\"https:\/\/ondauno.com.ar\/index.php\/2024\/11\/15\/encuentro-del-programa-producimos-en-red-en-tres-arroyos\/\",\"name\":\"Encuentro del programa \u201cProducimos en red\u201d en Tres Arroyos - 103.9 fm\",\"isPartOf\":{\"@id\":\"https:\/\/ondauno.com.ar\/#website\"},\"primaryImageOfPage\":{\"@id\":\"https:\/\/ondauno.com.ar\/index.php\/2024\/11\/15\/encuentro-del-programa-producimos-en-red-en-tres-arroyos\/#primaryimage\"},\"image\":{\"@id\":\"https:\/\/ondauno.com.ar\/index.php\/2024\/11\/15\/encuentro-del-programa-producimos-en-red-en-tres-arroyos\/#primaryimage\"},\"thumbnailUrl\":\"https:\/\/ondauno.com.ar\/wp-content\/uploads\/2024\/11\/WhatsApp-Image-2024-11-15-at-20.37.36.jpeg\",\"datePublished\":\"2024-11-15T23:41:20+00:00\",\"dateModified\":\"2024-11-15T23:41:23+00:00\",\"author\":{\"@id\":\"https:\/\/ondauno.com.ar\/#\/schema\/person\/7ec851ddeceb4133d7d7132dc645714e\"},\"breadcrumb\":{\"@id\":\"https:\/\/ondauno.com.ar\/index.php\/2024\/11\/15\/encuentro-del-programa-producimos-en-red-en-tres-arroyos\/#breadcrumb\"},\"inLanguage\":\"es-AR\",\"potentialAction\":[{\"@type\":\"ReadAction\",\"target\":[\"https:\/\/ondauno.com.ar\/index.php\/2024\/11\/15\/encuentro-del-programa-producimos-en-red-en-tres-arroyos\/\"]}]},{\"@type\":\"ImageObject\",\"inLanguage\":\"es-AR\",\"@id\":\"https:\/\/ondauno.com.ar\/index.php\/2024\/11\/15\/encuentro-del-programa-producimos-en-red-en-tres-arroyos\/#primaryimage\",\"url\":\"https:\/\/ondauno.com.ar\/wp-content\/uploads\/2024\/11\/WhatsApp-Image-2024-11-15-at-20.37.36.jpeg\",\"contentUrl\":\"https:\/\/ondauno.com.ar\/wp-content\/uploads\/2024\/11\/WhatsApp-Image-2024-11-15-at-20.37.36.jpeg\",\"width\":1600,\"height\":1196},{\"@type\":\"BreadcrumbList\",\"@id\":\"https:\/\/ondauno.com.ar\/index.php\/2024\/11\/15\/encuentro-del-programa-producimos-en-red-en-tres-arroyos\/#breadcrumb\",\"itemListElement\":[{\"@type\":\"ListItem\",\"position\":1,\"name\":\"Inicio\",\"item\":\"https:\/\/ondauno.com.ar\/\"},{\"@type\":\"ListItem\",\"position\":2,\"name\":\"Encuentro del programa \u201cProducimos en red\u201d en Tres Arroyos\"}]},{\"@type\":\"WebSite\",\"@id\":\"https:\/\/ondauno.com.ar\/#website\",\"url\":\"https:\/\/ondauno.com.ar\/\",\"name\":\"103.9 fm\",\"description\":\"LA PRIMERA RADIO MULTIMEDIA DE TRES ARROYOS\",\"potentialAction\":[{\"@type\":\"SearchAction\",\"target\":{\"@type\":\"EntryPoint\",\"urlTemplate\":\"https:\/\/ondauno.com.ar\/?s={search_term_string}\"},\"query-input\":\"required name=search_term_string\"}],\"inLanguage\":\"es-AR\"},{\"@type\":\"Person\",\"@id\":\"https:\/\/ondauno.com.ar\/#\/schema\/person\/7ec851ddeceb4133d7d7132dc645714e\",\"name\":\"OndaUno\",\"image\":{\"@type\":\"ImageObject\",\"inLanguage\":\"es-AR\",\"@id\":\"https:\/\/ondauno.com.ar\/#\/schema\/person\/image\/\",\"url\":\"https:\/\/secure.gravatar.com\/avatar\/93b8009f0de7021f1feb2bd5b32fb9e8?s=96&d=mm&r=g\",\"contentUrl\":\"https:\/\/secure.gravatar.com\/avatar\/93b8009f0de7021f1feb2bd5b32fb9e8?s=96&d=mm&r=g\",\"caption\":\"OndaUno\"},\"url\":\"https:\/\/ondauno.com.ar\/index.php\/author\/ondauno\/\"}]}<\/script>\n<!-- \/ Yoast SEO plugin. -->","yoast_head_json":{"title":"Encuentro del programa \u201cProducimos en red\u201d en Tres Arroyos - 103.9 fm","robots":{"index":"index","follow":"follow","max-snippet":"max-snippet:-1","max-image-preview":"max-image-preview:large","max-video-preview":"max-video-preview:-1"},"canonical":"https:\/\/ondauno.com.ar\/index.php\/2024\/11\/15\/encuentro-del-programa-producimos-en-red-en-tres-arroyos\/","og_locale":"es_ES","og_type":"article","og_title":"Encuentro del programa \u201cProducimos en red\u201d en Tres Arroyos - 103.9 fm","og_description":"Este mi\u00e9rcoles 13 de noviembre, se llev\u00f3 adelante un encuentro en el marco del programa \u201cProducimos en red\u201d. Durante la jornada, se cont\u00f3 con la presencia de la Subsecretaria T\u00e9cnica, Administrativa y Legal Mercedes Castilla y la Directora Regional de la VI secci\u00f3n Ximena Martel del Ministerio de mujeres y diversidad de la provincia de [&hellip;]","og_url":"https:\/\/ondauno.com.ar\/index.php\/2024\/11\/15\/encuentro-del-programa-producimos-en-red-en-tres-arroyos\/","og_site_name":"103.9 fm","article_publisher":"https:\/\/www.facebook.com\/ondauno103.9","article_published_time":"2024-11-15T23:41:20+00:00","article_modified_time":"2024-11-15T23:41:23+00:00","og_image":[{"width":1600,"height":1196,"url":"http:\/\/ondauno.com.ar\/wp-content\/uploads\/2024\/11\/WhatsApp-Image-2024-11-15-at-20.37.36.jpeg","type":"image\/jpeg"}],"author":"OndaUno","twitter_card":"summary_large_image","twitter_misc":{"Escrito por":"OndaUno","Tiempo de lectura":"2 minutos"},"schema":{"@context":"https:\/\/schema.org","@graph":[{"@type":"WebPage","@id":"https:\/\/ondauno.com.ar\/index.php\/2024\/11\/15\/encuentro-del-programa-producimos-en-red-en-tres-arroyos\/","url":"https:\/\/ondauno.com.ar\/index.php\/2024\/11\/15\/encuentro-del-programa-producimos-en-red-en-tres-arroyos\/","name":"Encuentro del programa \u201cProducimos en red\u201d en Tres Arroyos - 103.9 fm","isPartOf":{"@id":"https:\/\/ondauno.com.ar\/#website"},"primaryImageOfPage":{"@id":"https:\/\/ondauno.com.ar\/index.php\/2024\/11\/15\/encuentro-del-programa-producimos-en-red-en-tres-arroyos\/#primaryimage"},"image":{"@id":"https:\/\/ondauno.com.ar\/index.php\/2024\/11\/15\/encuentro-del-programa-producimos-en-red-en-tres-arroyos\/#primaryimage"},"thumbnailUrl":"https:\/\/ondauno.com.ar\/wp-content\/uploads\/2024\/11\/WhatsApp-Image-2024-11-15-at-20.37.36.jpeg","datePublished":"2024-11-15T23:41:20+00:00","dateModified":"2024-11-15T23:41:23+00:00","author":{"@id":"https:\/\/ondauno.com.ar\/#\/schema\/person\/7ec851ddeceb4133d7d7132dc645714e"},"breadcrumb":{"@id":"https:\/\/ondauno.com.ar\/index.php\/2024\/11\/15\/encuentro-del-programa-producimos-en-red-en-tres-arroyos\/#breadcrumb"},"inLanguage":"es-AR","potentialAction":[{"@type":"ReadAction","target":["https:\/\/ondauno.com.ar\/index.php\/2024\/11\/15\/encuentro-del-programa-producimos-en-red-en-tres-arroyos\/"]}]},{"@type":"ImageObject","inLanguage":"es-AR","@id":"https:\/\/ondauno.com.ar\/index.php\/2024\/11\/15\/encuentro-del-programa-producimos-en-red-en-tres-arroyos\/#primaryimage","url":"https:\/\/ondauno.com.ar\/wp-content\/uploads\/2024\/11\/WhatsApp-Image-2024-11-15-at-20.37.36.jpeg","contentUrl":"https:\/\/ondauno.com.ar\/wp-content\/uploads\/2024\/11\/WhatsApp-Image-2024-11-15-at-20.37.36.jpeg","width":1600,"height":1196},{"@type":"BreadcrumbList","@id":"https:\/\/ondauno.com.ar\/index.php\/2024\/11\/15\/encuentro-del-programa-producimos-en-red-en-tres-arroyos\/#breadcrumb","itemListElement":[{"@type":"ListItem","position":1,"name":"Inicio","item":"https:\/\/ondauno.com.ar\/"},{"@type":"ListItem","position":2,"name":"Encuentro del programa \u201cProducimos en red\u201d en Tres Arroyos"}]},{"@type":"WebSite","@id":"https:\/\/ondauno.com.ar\/#website","url":"https:\/\/ondauno.com.ar\/","name":"103.9 fm","description":"LA PRIMERA RADIO MULTIMEDIA DE TRES ARROYOS","potentialAction":[{"@type":"SearchAction","target":{"@type":"EntryPoint","urlTemplate":"https:\/\/ondauno.com.ar\/?s={search_term_string}"},"query-input":"required name=search_term_string"}],"inLanguage":"es-AR"},{"@type":"Person","@id":"https:\/\/ondauno.com.ar\/#\/schema\/person\/7ec851ddeceb4133d7d7132dc645714e","name":"OndaUno","image":{"@type":"ImageObject","inLanguage":"es-AR","@id":"https:\/\/ondauno.com.ar\/#\/schema\/person\/image\/","url":"https:\/\/secure.gravatar.com\/avatar\/93b8009f0de7021f1feb2bd5b32fb9e8?s=96&d=mm&r=g","contentUrl":"https:\/\/secure.gravatar.com\/avatar\/93b8009f0de7021f1feb2bd5b32fb9e8?s=96&d=mm&r=g","caption":"OndaUno"},"url":"https:\/\/ondauno.com.ar\/index.php\/author\/ondauno\/"}]}},"jetpack_publicize_connections":[],"jetpack_featured_media_url":"https:\/\/ondauno.com.ar\/wp-content\/uploads\/2024\/11\/WhatsApp-Image-2024-11-15-at-20.37.36.jpeg","jetpack_sharing_enabled":true,"_links":{"self":[{"href":"https:\/\/ondauno.com.ar\/index.php\/wp-json\/wp\/v2\/posts\/51828","targetHints":{"allow":["GET"]}}],"collection":[{"href":"https:\/\/ondauno.com.ar\/index.php\/wp-json\/wp\/v2\/posts"}],"about":[{"href":"https:\/\/ondauno.com.ar\/index.php\/wp-json\/wp\/v2\/types\/post"}],"author":[{"embeddable":true,"href":"https:\/\/ondauno.com.ar\/index.php\/wp-json\/wp\/v2\/users\/1"}],"replies":[{"embeddable":true,"href":"https:\/\/ondauno.com.ar\/index.php\/wp-json\/wp\/v2\/comments?post=51828"}],"version-history":[{"count":1,"href":"https:\/\/ondauno.com.ar\/index.php\/wp-json\/wp\/v2\/posts\/51828\/revisions"}],"predecessor-version":[{"id":51830,"href":"https:\/\/ondauno.com.ar\/index.php\/wp-json\/wp\/v2\/posts\/51828\/revisions\/51830"}],"wp:featuredmedia":[{"embeddable":true,"href":"https:\/\/ondauno.com.ar\/index.php\/wp-json\/wp\/v2\/media\/51829"}],"wp:attachment":[{"href":"https:\/\/ondauno.com.ar\/index.php\/wp-json\/wp\/v2\/media?parent=51828"}],"wp:term":[{"taxonomy":"category","embeddable":true,"href":"https:\/\/ondauno.com.ar\/index.php\/wp-json\/wp\/v2\/categories?post=51828"},{"taxonomy":"post_tag","embeddable":true,"href":"https:\/\/ondauno.com.ar\/index.php\/wp-json\/wp\/v2\/tags?post=51828"}],"curies":[{"name":"wp","href":"https:\/\/api.w.org\/{rel}","templated":true}]}}