{"id":51818,"date":"2024-11-15T20:10:06","date_gmt":"2024-11-15T23:10:06","guid":{"rendered":"https:\/\/ondauno.com.ar\/?p=51818"},"modified":"2024-11-15T20:10:13","modified_gmt":"2024-11-15T23:10:13","slug":"la-pausa-ahora-abre-desde-el-viernes-y-agrego-las-cenas-a-su-oferta-gastronomica","status":"publish","type":"post","link":"https:\/\/ondauno.com.ar\/index.php\/2024\/11\/15\/la-pausa-ahora-abre-desde-el-viernes-y-agrego-las-cenas-a-su-oferta-gastronomica\/","title":{"rendered":"La Pausa ahora abre desde el viernes y agreg\u00f3 las cenas a su oferta gastron\u00f3mica"},"content":{"rendered":"<div class=\"ondau-before-content_3\" style=\"margin-top: -30px;\" id=\"ondau-2340658265\"><a href=\"https:\/\/www.lps.com.ar\/\" aria-label=\"la-perse2\"><img loading=\"lazy\" decoding=\"async\" src=\"https:\/\/ondauno.com.ar\/wp-content\/uploads\/2021\/10\/la-perse2.jpg\" alt=\"\"  srcset=\"https:\/\/ondauno.com.ar\/wp-content\/uploads\/2021\/10\/la-perse2.jpg 1353w, https:\/\/ondauno.com.ar\/wp-content\/uploads\/2021\/10\/la-perse2-300x43.jpg 300w, https:\/\/ondauno.com.ar\/wp-content\/uploads\/2021\/10\/la-perse2-1024x148.jpg 1024w, https:\/\/ondauno.com.ar\/wp-content\/uploads\/2021\/10\/la-perse2-768x111.jpg 768w, https:\/\/ondauno.com.ar\/wp-content\/uploads\/2021\/10\/la-perse2-696x100.jpg 696w, https:\/\/ondauno.com.ar\/wp-content\/uploads\/2021\/10\/la-perse2-1068x154.jpg 1068w\" sizes=\"(max-width: 1353px) 100vw, 1353px\" class=\"no-lazyload\" width=\"1353\" height=\"195\"  style=\"display: inline-block;\" \/><\/a><\/div>\n<p>En Cosas que pasan, Emanuel Monforte, responsable del parador La Pausa en Reta, comparti\u00f3 detalles sobre las propuestas gastron\u00f3micas y el panorama para este fin de semana.<\/p>\n\n\n\n<p>\u201cHoy tenemos una jornada c\u00e1lida, aunque se espera un cambio de clima ma\u00f1ana con lluvias y una baja de temperatura, pero el domingo mejora. Esto nos favorece porque con el fr\u00edo la gente busca caf\u00e9 y platos calientes, como el pollo al disco o el vac\u00edo al horno con papas fritas, que est\u00e1n teniendo mucho \u00e9xito\u201d, coment\u00f3 Monforte.<\/p>\n\n\n\n<p>Entre las especialidades de La Pausa, destac\u00f3 la famosa pasta frola Margarita, elaborada con una receta familiar. \u201cEs nuestra estrella. Incluso personas que no suelen comer dulce de membrillo la prueban y quedan encantadas. Una vez me dijeron: \u2018Esto no es una pasta frola, es un postre\u2019\u201d, confi\u00f3.<\/p>\n\n\n\n<p>Emanuel tambi\u00e9n anunci\u00f3 el lanzamiento de la picada marina, una nueva opci\u00f3n que estar\u00e1 disponible desde este fin de semana. \u201cTiene varios productos del mar, y ya la probamos internamente. Estamos muy contentos con el resultado\u201d, agreg\u00f3.<\/p>\n\n\n\n<p>En cuanto a los horarios, confirm\u00f3 que el parador ampliar\u00e1 sus servicios, incluyendo cenas los s\u00e1bados y domingos.<br>\u201cHoy arrancamos oficialmente con viernes, s\u00e1bado y domingo, y en temporada estaremos todos los d\u00edas desde las 8. hasta la cena\u201d, explic\u00f3.<\/p>\n\n\n\n<p>Adem\u00e1s destac\u00f3 el inicio del servicio de guardavidas en Reta, un elemento clave para la seguridad en la playa. \u201cEs fundamental para nosotros. Hoy comienzan con nueve guardavidas, y el equipo se ir\u00e1 ampliando a medida que nos acerquemos al verano\u201d, mencion\u00f3.<\/p>\n\n\n\n<figure class=\"wp-block-embed is-type-video is-provider-youtube wp-block-embed-youtube wp-embed-aspect-16-9 wp-has-aspect-ratio\"><div class=\"wp-block-embed__wrapper\">\n<div class=\"youtube-embed\" data-video_id=\"4DPaDfuBGig\"><iframe loading=\"lazy\" title=\"Onda Uno 103.9 en vivo\" width=\"696\" height=\"392\" data-src=\"https:\/\/www.youtube.com\/embed\/4DPaDfuBGig?feature=oembed&#038;enablejsapi=1\" frameborder=\"0\" allow=\"accelerometer; autoplay; clipboard-write; encrypted-media; gyroscope; picture-in-picture; web-share\" referrerpolicy=\"strict-origin-when-cross-origin\" allowfullscreen src=\"data:image\/gif;base64,R0lGODlhAQABAAAAACH5BAEKAAEALAAAAAABAAEAAAICTAEAOw==\" class=\"lazyload\" data-load-mode=\"1\"><\/iframe><\/div>\n<\/div><\/figure>\n","protected":false},"excerpt":{"rendered":"<p>En Cosas que pasan, Emanuel Monforte, responsable del parador La Pausa en Reta, comparti\u00f3 detalles sobre las propuestas gastron\u00f3micas y el panorama para este fin de semana. \u201cHoy tenemos una jornada c\u00e1lida, aunque se espera un cambio de clima ma\u00f1ana con lluvias y una baja de temperatura, pero el domingo mejora. Esto nos favorece porque [&hellip;]<\/p>\n","protected":false},"author":1,"featured_media":50989,"comment_status":"open","ping_status":"open","sticky":false,"template":"","format":"standard","meta":{"tdm_status":"","tdm_grid_status":"","_jetpack_memberships_contains_paid_content":false,"footnotes":"","jetpack_publicize_message":"","jetpack_publicize_feature_enabled":true,"jetpack_social_post_already_shared":false,"jetpack_social_options":{"image_generator_settings":{"template":"highway","default_image_id":0,"font":"","enabled":false},"version":2}},"categories":[28],"tags":[],"class_list":{"0":"post-51818","1":"post","2":"type-post","3":"status-publish","4":"format-standard","5":"has-post-thumbnail","7":"category-interes-general"},"yoast_head":"<!-- This site is optimized with the Yoast SEO plugin v22.7 - https:\/\/yoast.com\/wordpress\/plugins\/seo\/ -->\n<title>La Pausa ahora abre desde el viernes y agreg\u00f3 las cenas a su oferta gastron\u00f3mica - 103.9 fm<\/title>\n<meta name=\"robots\" content=\"index, follow, max-snippet:-1, max-image-preview:large, max-video-preview:-1\" \/>\n<link rel=\"canonical\" href=\"https:\/\/ondauno.com.ar\/index.php\/2024\/11\/15\/la-pausa-ahora-abre-desde-el-viernes-y-agrego-las-cenas-a-su-oferta-gastronomica\/\" \/>\n<meta property=\"og:locale\" content=\"es_ES\" \/>\n<meta property=\"og:type\" content=\"article\" \/>\n<meta property=\"og:title\" content=\"La Pausa ahora abre desde el viernes y agreg\u00f3 las cenas a su oferta gastron\u00f3mica - 103.9 fm\" \/>\n<meta property=\"og:description\" content=\"En Cosas que pasan, Emanuel Monforte, responsable del parador La Pausa en Reta, comparti\u00f3 detalles sobre las propuestas gastron\u00f3micas y el panorama para este fin de semana. \u201cHoy tenemos una jornada c\u00e1lida, aunque se espera un cambio de clima ma\u00f1ana con lluvias y una baja de temperatura, pero el domingo mejora. Esto nos favorece porque [&hellip;]\" \/>\n<meta property=\"og:url\" content=\"https:\/\/ondauno.com.ar\/index.php\/2024\/11\/15\/la-pausa-ahora-abre-desde-el-viernes-y-agrego-las-cenas-a-su-oferta-gastronomica\/\" \/>\n<meta property=\"og:site_name\" content=\"103.9 fm\" \/>\n<meta property=\"article:publisher\" content=\"https:\/\/www.facebook.com\/ondauno103.9\" \/>\n<meta property=\"article:published_time\" content=\"2024-11-15T23:10:06+00:00\" \/>\n<meta property=\"article:modified_time\" content=\"2024-11-15T23:10:13+00:00\" \/>\n<meta property=\"og:image\" content=\"http:\/\/ondauno.com.ar\/wp-content\/uploads\/2024\/10\/WhatsApp-Image-2024-10-11-at-20.58.07.jpeg\" \/>\n\t<meta property=\"og:image:width\" content=\"575\" \/>\n\t<meta property=\"og:image:height\" content=\"1280\" \/>\n\t<meta property=\"og:image:type\" content=\"image\/jpeg\" \/>\n<meta name=\"author\" content=\"OndaUno\" \/>\n<meta name=\"twitter:card\" content=\"summary_large_image\" \/>\n<meta name=\"twitter:label1\" content=\"Escrito por\" \/>\n\t<meta name=\"twitter:data1\" content=\"OndaUno\" \/>\n\t<meta name=\"twitter:label2\" content=\"Tiempo de lectura\" \/>\n\t<meta name=\"twitter:data2\" content=\"2 minutos\" \/>\n<script type=\"application\/ld+json\" class=\"yoast-schema-graph\">{\"@context\":\"https:\/\/schema.org\",\"@graph\":[{\"@type\":\"WebPage\",\"@id\":\"https:\/\/ondauno.com.ar\/index.php\/2024\/11\/15\/la-pausa-ahora-abre-desde-el-viernes-y-agrego-las-cenas-a-su-oferta-gastronomica\/\",\"url\":\"https:\/\/ondauno.com.ar\/index.php\/2024\/11\/15\/la-pausa-ahora-abre-desde-el-viernes-y-agrego-las-cenas-a-su-oferta-gastronomica\/\",\"name\":\"La Pausa ahora abre desde el viernes y agreg\u00f3 las cenas a su oferta gastron\u00f3mica - 103.9 fm\",\"isPartOf\":{\"@id\":\"https:\/\/ondauno.com.ar\/#website\"},\"primaryImageOfPage\":{\"@id\":\"https:\/\/ondauno.com.ar\/index.php\/2024\/11\/15\/la-pausa-ahora-abre-desde-el-viernes-y-agrego-las-cenas-a-su-oferta-gastronomica\/#primaryimage\"},\"image\":{\"@id\":\"https:\/\/ondauno.com.ar\/index.php\/2024\/11\/15\/la-pausa-ahora-abre-desde-el-viernes-y-agrego-las-cenas-a-su-oferta-gastronomica\/#primaryimage\"},\"thumbnailUrl\":\"https:\/\/ondauno.com.ar\/wp-content\/uploads\/2024\/10\/WhatsApp-Image-2024-10-11-at-20.58.07.jpeg\",\"datePublished\":\"2024-11-15T23:10:06+00:00\",\"dateModified\":\"2024-11-15T23:10:13+00:00\",\"author\":{\"@id\":\"https:\/\/ondauno.com.ar\/#\/schema\/person\/7ec851ddeceb4133d7d7132dc645714e\"},\"breadcrumb\":{\"@id\":\"https:\/\/ondauno.com.ar\/index.php\/2024\/11\/15\/la-pausa-ahora-abre-desde-el-viernes-y-agrego-las-cenas-a-su-oferta-gastronomica\/#breadcrumb\"},\"inLanguage\":\"es-AR\",\"potentialAction\":[{\"@type\":\"ReadAction\",\"target\":[\"https:\/\/ondauno.com.ar\/index.php\/2024\/11\/15\/la-pausa-ahora-abre-desde-el-viernes-y-agrego-las-cenas-a-su-oferta-gastronomica\/\"]}]},{\"@type\":\"ImageObject\",\"inLanguage\":\"es-AR\",\"@id\":\"https:\/\/ondauno.com.ar\/index.php\/2024\/11\/15\/la-pausa-ahora-abre-desde-el-viernes-y-agrego-las-cenas-a-su-oferta-gastronomica\/#primaryimage\",\"url\":\"https:\/\/ondauno.com.ar\/wp-content\/uploads\/2024\/10\/WhatsApp-Image-2024-10-11-at-20.58.07.jpeg\",\"contentUrl\":\"https:\/\/ondauno.com.ar\/wp-content\/uploads\/2024\/10\/WhatsApp-Image-2024-10-11-at-20.58.07.jpeg\",\"width\":575,\"height\":1280},{\"@type\":\"BreadcrumbList\",\"@id\":\"https:\/\/ondauno.com.ar\/index.php\/2024\/11\/15\/la-pausa-ahora-abre-desde-el-viernes-y-agrego-las-cenas-a-su-oferta-gastronomica\/#breadcrumb\",\"itemListElement\":[{\"@type\":\"ListItem\",\"position\":1,\"name\":\"Inicio\",\"item\":\"https:\/\/ondauno.com.ar\/\"},{\"@type\":\"ListItem\",\"position\":2,\"name\":\"La Pausa ahora abre desde el viernes y agreg\u00f3 las cenas a su oferta gastron\u00f3mica\"}]},{\"@type\":\"WebSite\",\"@id\":\"https:\/\/ondauno.com.ar\/#website\",\"url\":\"https:\/\/ondauno.com.ar\/\",\"name\":\"103.9 fm\",\"description\":\"LA PRIMERA RADIO MULTIMEDIA DE TRES ARROYOS\",\"potentialAction\":[{\"@type\":\"SearchAction\",\"target\":{\"@type\":\"EntryPoint\",\"urlTemplate\":\"https:\/\/ondauno.com.ar\/?s={search_term_string}\"},\"query-input\":\"required name=search_term_string\"}],\"inLanguage\":\"es-AR\"},{\"@type\":\"Person\",\"@id\":\"https:\/\/ondauno.com.ar\/#\/schema\/person\/7ec851ddeceb4133d7d7132dc645714e\",\"name\":\"OndaUno\",\"image\":{\"@type\":\"ImageObject\",\"inLanguage\":\"es-AR\",\"@id\":\"https:\/\/ondauno.com.ar\/#\/schema\/person\/image\/\",\"url\":\"https:\/\/secure.gravatar.com\/avatar\/93b8009f0de7021f1feb2bd5b32fb9e8?s=96&d=mm&r=g\",\"contentUrl\":\"https:\/\/secure.gravatar.com\/avatar\/93b8009f0de7021f1feb2bd5b32fb9e8?s=96&d=mm&r=g\",\"caption\":\"OndaUno\"},\"url\":\"https:\/\/ondauno.com.ar\/index.php\/author\/ondauno\/\"}]}<\/script>\n<!-- \/ Yoast SEO plugin. -->","yoast_head_json":{"title":"La Pausa ahora abre desde el viernes y agreg\u00f3 las cenas a su oferta gastron\u00f3mica - 103.9 fm","robots":{"index":"index","follow":"follow","max-snippet":"max-snippet:-1","max-image-preview":"max-image-preview:large","max-video-preview":"max-video-preview:-1"},"canonical":"https:\/\/ondauno.com.ar\/index.php\/2024\/11\/15\/la-pausa-ahora-abre-desde-el-viernes-y-agrego-las-cenas-a-su-oferta-gastronomica\/","og_locale":"es_ES","og_type":"article","og_title":"La Pausa ahora abre desde el viernes y agreg\u00f3 las cenas a su oferta gastron\u00f3mica - 103.9 fm","og_description":"En Cosas que pasan, Emanuel Monforte, responsable del parador La Pausa en Reta, comparti\u00f3 detalles sobre las propuestas gastron\u00f3micas y el panorama para este fin de semana. \u201cHoy tenemos una jornada c\u00e1lida, aunque se espera un cambio de clima ma\u00f1ana con lluvias y una baja de temperatura, pero el domingo mejora. Esto nos favorece porque [&hellip;]","og_url":"https:\/\/ondauno.com.ar\/index.php\/2024\/11\/15\/la-pausa-ahora-abre-desde-el-viernes-y-agrego-las-cenas-a-su-oferta-gastronomica\/","og_site_name":"103.9 fm","article_publisher":"https:\/\/www.facebook.com\/ondauno103.9","article_published_time":"2024-11-15T23:10:06+00:00","article_modified_time":"2024-11-15T23:10:13+00:00","og_image":[{"width":575,"height":1280,"url":"http:\/\/ondauno.com.ar\/wp-content\/uploads\/2024\/10\/WhatsApp-Image-2024-10-11-at-20.58.07.jpeg","type":"image\/jpeg"}],"author":"OndaUno","twitter_card":"summary_large_image","twitter_misc":{"Escrito por":"OndaUno","Tiempo de lectura":"2 minutos"},"schema":{"@context":"https:\/\/schema.org","@graph":[{"@type":"WebPage","@id":"https:\/\/ondauno.com.ar\/index.php\/2024\/11\/15\/la-pausa-ahora-abre-desde-el-viernes-y-agrego-las-cenas-a-su-oferta-gastronomica\/","url":"https:\/\/ondauno.com.ar\/index.php\/2024\/11\/15\/la-pausa-ahora-abre-desde-el-viernes-y-agrego-las-cenas-a-su-oferta-gastronomica\/","name":"La Pausa ahora abre desde el viernes y agreg\u00f3 las cenas a su oferta gastron\u00f3mica - 103.9 fm","isPartOf":{"@id":"https:\/\/ondauno.com.ar\/#website"},"primaryImageOfPage":{"@id":"https:\/\/ondauno.com.ar\/index.php\/2024\/11\/15\/la-pausa-ahora-abre-desde-el-viernes-y-agrego-las-cenas-a-su-oferta-gastronomica\/#primaryimage"},"image":{"@id":"https:\/\/ondauno.com.ar\/index.php\/2024\/11\/15\/la-pausa-ahora-abre-desde-el-viernes-y-agrego-las-cenas-a-su-oferta-gastronomica\/#primaryimage"},"thumbnailUrl":"https:\/\/ondauno.com.ar\/wp-content\/uploads\/2024\/10\/WhatsApp-Image-2024-10-11-at-20.58.07.jpeg","datePublished":"2024-11-15T23:10:06+00:00","dateModified":"2024-11-15T23:10:13+00:00","author":{"@id":"https:\/\/ondauno.com.ar\/#\/schema\/person\/7ec851ddeceb4133d7d7132dc645714e"},"breadcrumb":{"@id":"https:\/\/ondauno.com.ar\/index.php\/2024\/11\/15\/la-pausa-ahora-abre-desde-el-viernes-y-agrego-las-cenas-a-su-oferta-gastronomica\/#breadcrumb"},"inLanguage":"es-AR","potentialAction":[{"@type":"ReadAction","target":["https:\/\/ondauno.com.ar\/index.php\/2024\/11\/15\/la-pausa-ahora-abre-desde-el-viernes-y-agrego-las-cenas-a-su-oferta-gastronomica\/"]}]},{"@type":"ImageObject","inLanguage":"es-AR","@id":"https:\/\/ondauno.com.ar\/index.php\/2024\/11\/15\/la-pausa-ahora-abre-desde-el-viernes-y-agrego-las-cenas-a-su-oferta-gastronomica\/#primaryimage","url":"https:\/\/ondauno.com.ar\/wp-content\/uploads\/2024\/10\/WhatsApp-Image-2024-10-11-at-20.58.07.jpeg","contentUrl":"https:\/\/ondauno.com.ar\/wp-content\/uploads\/2024\/10\/WhatsApp-Image-2024-10-11-at-20.58.07.jpeg","width":575,"height":1280},{"@type":"BreadcrumbList","@id":"https:\/\/ondauno.com.ar\/index.php\/2024\/11\/15\/la-pausa-ahora-abre-desde-el-viernes-y-agrego-las-cenas-a-su-oferta-gastronomica\/#breadcrumb","itemListElement":[{"@type":"ListItem","position":1,"name":"Inicio","item":"https:\/\/ondauno.com.ar\/"},{"@type":"ListItem","position":2,"name":"La Pausa ahora abre desde el viernes y agreg\u00f3 las cenas a su oferta gastron\u00f3mica"}]},{"@type":"WebSite","@id":"https:\/\/ondauno.com.ar\/#website","url":"https:\/\/ondauno.com.ar\/","name":"103.9 fm","description":"LA PRIMERA RADIO MULTIMEDIA DE TRES ARROYOS","potentialAction":[{"@type":"SearchAction","target":{"@type":"EntryPoint","urlTemplate":"https:\/\/ondauno.com.ar\/?s={search_term_string}"},"query-input":"required name=search_term_string"}],"inLanguage":"es-AR"},{"@type":"Person","@id":"https:\/\/ondauno.com.ar\/#\/schema\/person\/7ec851ddeceb4133d7d7132dc645714e","name":"OndaUno","image":{"@type":"ImageObject","inLanguage":"es-AR","@id":"https:\/\/ondauno.com.ar\/#\/schema\/person\/image\/","url":"https:\/\/secure.gravatar.com\/avatar\/93b8009f0de7021f1feb2bd5b32fb9e8?s=96&d=mm&r=g","contentUrl":"https:\/\/secure.gravatar.com\/avatar\/93b8009f0de7021f1feb2bd5b32fb9e8?s=96&d=mm&r=g","caption":"OndaUno"},"url":"https:\/\/ondauno.com.ar\/index.php\/author\/ondauno\/"}]}},"jetpack_publicize_connections":[],"jetpack_featured_media_url":"https:\/\/ondauno.com.ar\/wp-content\/uploads\/2024\/10\/WhatsApp-Image-2024-10-11-at-20.58.07.jpeg","jetpack_sharing_enabled":true,"_links":{"self":[{"href":"https:\/\/ondauno.com.ar\/index.php\/wp-json\/wp\/v2\/posts\/51818","targetHints":{"allow":["GET"]}}],"collection":[{"href":"https:\/\/ondauno.com.ar\/index.php\/wp-json\/wp\/v2\/posts"}],"about":[{"href":"https:\/\/ondauno.com.ar\/index.php\/wp-json\/wp\/v2\/types\/post"}],"author":[{"embeddable":true,"href":"https:\/\/ondauno.com.ar\/index.php\/wp-json\/wp\/v2\/users\/1"}],"replies":[{"embeddable":true,"href":"https:\/\/ondauno.com.ar\/index.php\/wp-json\/wp\/v2\/comments?post=51818"}],"version-history":[{"count":1,"href":"https:\/\/ondauno.com.ar\/index.php\/wp-json\/wp\/v2\/posts\/51818\/revisions"}],"predecessor-version":[{"id":51819,"href":"https:\/\/ondauno.com.ar\/index.php\/wp-json\/wp\/v2\/posts\/51818\/revisions\/51819"}],"wp:featuredmedia":[{"embeddable":true,"href":"https:\/\/ondauno.com.ar\/index.php\/wp-json\/wp\/v2\/media\/50989"}],"wp:attachment":[{"href":"https:\/\/ondauno.com.ar\/index.php\/wp-json\/wp\/v2\/media?parent=51818"}],"wp:term":[{"taxonomy":"category","embeddable":true,"href":"https:\/\/ondauno.com.ar\/index.php\/wp-json\/wp\/v2\/categories?post=51818"},{"taxonomy":"post_tag","embeddable":true,"href":"https:\/\/ondauno.com.ar\/index.php\/wp-json\/wp\/v2\/tags?post=51818"}],"curies":[{"name":"wp","href":"https:\/\/api.w.org\/{rel}","templated":true}]}}