{"id":51811,"date":"2024-11-15T20:06:17","date_gmt":"2024-11-15T23:06:17","guid":{"rendered":"https:\/\/ondauno.com.ar\/?p=51811"},"modified":"2024-11-15T20:06:21","modified_gmt":"2024-11-15T23:06:21","slug":"arrullo-estrenara-su-primer-material-audiovisual-este-domingo","status":"publish","type":"post","link":"https:\/\/ondauno.com.ar\/index.php\/2024\/11\/15\/arrullo-estrenara-su-primer-material-audiovisual-este-domingo\/","title":{"rendered":"Arrullo estrenar\u00e1 su primer material audiovisual este domingo"},"content":{"rendered":"<div class=\"ondau-before-content_3\" style=\"margin-top: -30px;\" id=\"ondau-1343045630\"><a href=\"https:\/\/www.lps.com.ar\/\" aria-label=\"la-perse2\"><img loading=\"lazy\" decoding=\"async\" src=\"https:\/\/ondauno.com.ar\/wp-content\/uploads\/2021\/10\/la-perse2.jpg\" alt=\"\"  srcset=\"https:\/\/ondauno.com.ar\/wp-content\/uploads\/2021\/10\/la-perse2.jpg 1353w, https:\/\/ondauno.com.ar\/wp-content\/uploads\/2021\/10\/la-perse2-300x43.jpg 300w, https:\/\/ondauno.com.ar\/wp-content\/uploads\/2021\/10\/la-perse2-1024x148.jpg 1024w, https:\/\/ondauno.com.ar\/wp-content\/uploads\/2021\/10\/la-perse2-768x111.jpg 768w, https:\/\/ondauno.com.ar\/wp-content\/uploads\/2021\/10\/la-perse2-696x100.jpg 696w, https:\/\/ondauno.com.ar\/wp-content\/uploads\/2021\/10\/la-perse2-1068x154.jpg 1068w\" sizes=\"(max-width: 1353px) 100vw, 1353px\" class=\"no-lazyload\" width=\"1353\" height=\"195\"  style=\"display: inline-block;\" \/><\/a><\/div>\n<p>En Cosas que pasan, Fede Sagardoy, integrante de la banda Arrullo, brind\u00f3 detalles sobre los proyectos de este grupo que mezcla folklore con toques de rock y pop. Durante la entrevista, habl\u00f3 sobre el estreno de su primer material audiovisual, previsto para este domingo a las 21 y comparti\u00f3 reflexiones sobre la identidad y proyecci\u00f3n de la banda.<\/p>\n\n\n\n<p>&#8220;Arrullo naci\u00f3 como un grupo de amigos. Siempre supimos que \u00edbamos a hacer m\u00fasica juntos con mi hermano, y empezamos a experimentar hasta que surgi\u00f3 este folklore alternativo con nuestro estilo propio&#8221;, explic\u00f3 Fede Sagardoy.<\/p>\n\n\n\n<p>El material que presentar\u00e1n fue grabado en el Centro Cultural La Estaci\u00f3n, bajo la producci\u00f3n de Francisco Arana, y cuenta con un video realizado en el anfiteatro de Marisol por Roc\u00edo Olivera y su equipo.<\/p>\n\n\n\n<p>\u201cLa est\u00e9tica del lugar, rodeado de \u00e1rboles y m\u00e9danos, se adapta perfectamente a lo que quer\u00edamos mostrar. Lo grabamos en 4K, as\u00ed que lo que se ver\u00e1 ser\u00e1 muy lindo\u201d, agreg\u00f3.<\/p>\n\n\n\n<p>Sobre el repertorio en producciones audiovisuales adelant\u00f3 que produjeron cuatro temas, entre ellos una chacarera propia.<\/p>\n\n\n\n<p>&#8220;El primero que estrenaremos es La negadora, un tema muy actual que habla de las relaciones modernas y lo que generan las redes sociales&#8221;, coment\u00f3 Sagardoy.<\/p>\n\n\n\n<p>Adem\u00e1s la banda se presentar\u00e1 este s\u00e1bado en la Pe\u00f1a de Cerro Siete Colores, con un repertorio pensado para bailar. \u201cBuscamos adaptarnos a cada lugar. Nos encanta que la gente se divierta y sienta nuestra m\u00fasica\u201d, destac\u00f3.<\/p>\n\n\n\n<p>La banda Arrullo est\u00e1 integrada por los hermanos Fran y Fede Sagardoy, Tommy Rey, Javi Currinka, Cristian Cravena y Facu Ceriani. La agrupaci\u00f3n, que viene ganando popularidad en la regi\u00f3n, apuesta por un enfoque profesional en cada detalle.<\/p>\n\n\n\n<p>\u201cCuidamos la est\u00e9tica, el sonido y la forma en que nos presentamos, porque queremos que cada show sea especial\u201d, concluy\u00f3.<\/p>\n\n\n\n<figure class=\"wp-block-embed is-type-video is-provider-youtube wp-block-embed-youtube wp-embed-aspect-16-9 wp-has-aspect-ratio\"><div class=\"wp-block-embed__wrapper\">\n<div class=\"youtube-embed\" data-video_id=\"6SsiaidasJU\"><iframe loading=\"lazy\" title=\"Onda Uno 103.9 en vivo\" width=\"696\" height=\"392\" data-src=\"https:\/\/www.youtube.com\/embed\/6SsiaidasJU?feature=oembed&#038;enablejsapi=1\" frameborder=\"0\" allow=\"accelerometer; autoplay; clipboard-write; encrypted-media; gyroscope; picture-in-picture; web-share\" referrerpolicy=\"strict-origin-when-cross-origin\" allowfullscreen src=\"data:image\/gif;base64,R0lGODlhAQABAAAAACH5BAEKAAEALAAAAAABAAEAAAICTAEAOw==\" class=\"lazyload\" data-load-mode=\"1\"><\/iframe><\/div>\n<\/div><\/figure>\n","protected":false},"excerpt":{"rendered":"<p>En Cosas que pasan, Fede Sagardoy, integrante de la banda Arrullo, brind\u00f3 detalles sobre los proyectos de este grupo que mezcla folklore con toques de rock y pop. Durante la entrevista, habl\u00f3 sobre el estreno de su primer material audiovisual, previsto para este domingo a las 21 y comparti\u00f3 reflexiones sobre la identidad y proyecci\u00f3n [&hellip;]<\/p>\n","protected":false},"author":1,"featured_media":51816,"comment_status":"open","ping_status":"open","sticky":false,"template":"","format":"standard","meta":{"tdm_status":"","tdm_grid_status":"","_jetpack_memberships_contains_paid_content":false,"footnotes":"","jetpack_publicize_message":"","jetpack_publicize_feature_enabled":true,"jetpack_social_post_already_shared":false,"jetpack_social_options":{"image_generator_settings":{"template":"highway","default_image_id":0,"font":"","enabled":false},"version":2}},"categories":[2],"tags":[],"class_list":{"0":"post-51811","1":"post","2":"type-post","3":"status-publish","4":"format-standard","5":"has-post-thumbnail","7":"category-locales"},"yoast_head":"<!-- This site is optimized with the Yoast SEO plugin v22.7 - https:\/\/yoast.com\/wordpress\/plugins\/seo\/ -->\n<title>Arrullo estrenar\u00e1 su primer material audiovisual este domingo - 103.9 fm<\/title>\n<meta name=\"robots\" content=\"index, follow, max-snippet:-1, max-image-preview:large, max-video-preview:-1\" \/>\n<link rel=\"canonical\" href=\"https:\/\/ondauno.com.ar\/index.php\/2024\/11\/15\/arrullo-estrenara-su-primer-material-audiovisual-este-domingo\/\" \/>\n<meta property=\"og:locale\" content=\"es_ES\" \/>\n<meta property=\"og:type\" content=\"article\" \/>\n<meta property=\"og:title\" content=\"Arrullo estrenar\u00e1 su primer material audiovisual este domingo - 103.9 fm\" \/>\n<meta property=\"og:description\" content=\"En Cosas que pasan, Fede Sagardoy, integrante de la banda Arrullo, brind\u00f3 detalles sobre los proyectos de este grupo que mezcla folklore con toques de rock y pop. Durante la entrevista, habl\u00f3 sobre el estreno de su primer material audiovisual, previsto para este domingo a las 21 y comparti\u00f3 reflexiones sobre la identidad y proyecci\u00f3n [&hellip;]\" \/>\n<meta property=\"og:url\" content=\"https:\/\/ondauno.com.ar\/index.php\/2024\/11\/15\/arrullo-estrenara-su-primer-material-audiovisual-este-domingo\/\" \/>\n<meta property=\"og:site_name\" content=\"103.9 fm\" \/>\n<meta property=\"article:publisher\" content=\"https:\/\/www.facebook.com\/ondauno103.9\" \/>\n<meta property=\"article:published_time\" content=\"2024-11-15T23:06:17+00:00\" \/>\n<meta property=\"article:modified_time\" content=\"2024-11-15T23:06:21+00:00\" \/>\n<meta property=\"og:image\" content=\"http:\/\/ondauno.com.ar\/wp-content\/uploads\/2024\/11\/WhatsApp-Image-2024-11-15-at-19.34.47.jpeg\" \/>\n\t<meta property=\"og:image:width\" content=\"1204\" \/>\n\t<meta property=\"og:image:height\" content=\"1600\" \/>\n\t<meta property=\"og:image:type\" content=\"image\/jpeg\" \/>\n<meta name=\"author\" content=\"OndaUno\" \/>\n<meta name=\"twitter:card\" content=\"summary_large_image\" \/>\n<meta name=\"twitter:label1\" content=\"Escrito por\" \/>\n\t<meta name=\"twitter:data1\" content=\"OndaUno\" \/>\n\t<meta name=\"twitter:label2\" content=\"Tiempo de lectura\" \/>\n\t<meta name=\"twitter:data2\" content=\"2 minutos\" \/>\n<script type=\"application\/ld+json\" class=\"yoast-schema-graph\">{\"@context\":\"https:\/\/schema.org\",\"@graph\":[{\"@type\":\"WebPage\",\"@id\":\"https:\/\/ondauno.com.ar\/index.php\/2024\/11\/15\/arrullo-estrenara-su-primer-material-audiovisual-este-domingo\/\",\"url\":\"https:\/\/ondauno.com.ar\/index.php\/2024\/11\/15\/arrullo-estrenara-su-primer-material-audiovisual-este-domingo\/\",\"name\":\"Arrullo estrenar\u00e1 su primer material audiovisual este domingo - 103.9 fm\",\"isPartOf\":{\"@id\":\"https:\/\/ondauno.com.ar\/#website\"},\"primaryImageOfPage\":{\"@id\":\"https:\/\/ondauno.com.ar\/index.php\/2024\/11\/15\/arrullo-estrenara-su-primer-material-audiovisual-este-domingo\/#primaryimage\"},\"image\":{\"@id\":\"https:\/\/ondauno.com.ar\/index.php\/2024\/11\/15\/arrullo-estrenara-su-primer-material-audiovisual-este-domingo\/#primaryimage\"},\"thumbnailUrl\":\"https:\/\/ondauno.com.ar\/wp-content\/uploads\/2024\/11\/WhatsApp-Image-2024-11-15-at-19.34.47.jpeg\",\"datePublished\":\"2024-11-15T23:06:17+00:00\",\"dateModified\":\"2024-11-15T23:06:21+00:00\",\"author\":{\"@id\":\"https:\/\/ondauno.com.ar\/#\/schema\/person\/7ec851ddeceb4133d7d7132dc645714e\"},\"breadcrumb\":{\"@id\":\"https:\/\/ondauno.com.ar\/index.php\/2024\/11\/15\/arrullo-estrenara-su-primer-material-audiovisual-este-domingo\/#breadcrumb\"},\"inLanguage\":\"es-AR\",\"potentialAction\":[{\"@type\":\"ReadAction\",\"target\":[\"https:\/\/ondauno.com.ar\/index.php\/2024\/11\/15\/arrullo-estrenara-su-primer-material-audiovisual-este-domingo\/\"]}]},{\"@type\":\"ImageObject\",\"inLanguage\":\"es-AR\",\"@id\":\"https:\/\/ondauno.com.ar\/index.php\/2024\/11\/15\/arrullo-estrenara-su-primer-material-audiovisual-este-domingo\/#primaryimage\",\"url\":\"https:\/\/ondauno.com.ar\/wp-content\/uploads\/2024\/11\/WhatsApp-Image-2024-11-15-at-19.34.47.jpeg\",\"contentUrl\":\"https:\/\/ondauno.com.ar\/wp-content\/uploads\/2024\/11\/WhatsApp-Image-2024-11-15-at-19.34.47.jpeg\",\"width\":1204,\"height\":1600},{\"@type\":\"BreadcrumbList\",\"@id\":\"https:\/\/ondauno.com.ar\/index.php\/2024\/11\/15\/arrullo-estrenara-su-primer-material-audiovisual-este-domingo\/#breadcrumb\",\"itemListElement\":[{\"@type\":\"ListItem\",\"position\":1,\"name\":\"Inicio\",\"item\":\"https:\/\/ondauno.com.ar\/\"},{\"@type\":\"ListItem\",\"position\":2,\"name\":\"Arrullo estrenar\u00e1 su primer material audiovisual este domingo\"}]},{\"@type\":\"WebSite\",\"@id\":\"https:\/\/ondauno.com.ar\/#website\",\"url\":\"https:\/\/ondauno.com.ar\/\",\"name\":\"103.9 fm\",\"description\":\"LA PRIMERA RADIO MULTIMEDIA DE TRES ARROYOS\",\"potentialAction\":[{\"@type\":\"SearchAction\",\"target\":{\"@type\":\"EntryPoint\",\"urlTemplate\":\"https:\/\/ondauno.com.ar\/?s={search_term_string}\"},\"query-input\":\"required name=search_term_string\"}],\"inLanguage\":\"es-AR\"},{\"@type\":\"Person\",\"@id\":\"https:\/\/ondauno.com.ar\/#\/schema\/person\/7ec851ddeceb4133d7d7132dc645714e\",\"name\":\"OndaUno\",\"image\":{\"@type\":\"ImageObject\",\"inLanguage\":\"es-AR\",\"@id\":\"https:\/\/ondauno.com.ar\/#\/schema\/person\/image\/\",\"url\":\"https:\/\/secure.gravatar.com\/avatar\/93b8009f0de7021f1feb2bd5b32fb9e8?s=96&d=mm&r=g\",\"contentUrl\":\"https:\/\/secure.gravatar.com\/avatar\/93b8009f0de7021f1feb2bd5b32fb9e8?s=96&d=mm&r=g\",\"caption\":\"OndaUno\"},\"url\":\"https:\/\/ondauno.com.ar\/index.php\/author\/ondauno\/\"}]}<\/script>\n<!-- \/ Yoast SEO plugin. -->","yoast_head_json":{"title":"Arrullo estrenar\u00e1 su primer material audiovisual este domingo - 103.9 fm","robots":{"index":"index","follow":"follow","max-snippet":"max-snippet:-1","max-image-preview":"max-image-preview:large","max-video-preview":"max-video-preview:-1"},"canonical":"https:\/\/ondauno.com.ar\/index.php\/2024\/11\/15\/arrullo-estrenara-su-primer-material-audiovisual-este-domingo\/","og_locale":"es_ES","og_type":"article","og_title":"Arrullo estrenar\u00e1 su primer material audiovisual este domingo - 103.9 fm","og_description":"En Cosas que pasan, Fede Sagardoy, integrante de la banda Arrullo, brind\u00f3 detalles sobre los proyectos de este grupo que mezcla folklore con toques de rock y pop. Durante la entrevista, habl\u00f3 sobre el estreno de su primer material audiovisual, previsto para este domingo a las 21 y comparti\u00f3 reflexiones sobre la identidad y proyecci\u00f3n [&hellip;]","og_url":"https:\/\/ondauno.com.ar\/index.php\/2024\/11\/15\/arrullo-estrenara-su-primer-material-audiovisual-este-domingo\/","og_site_name":"103.9 fm","article_publisher":"https:\/\/www.facebook.com\/ondauno103.9","article_published_time":"2024-11-15T23:06:17+00:00","article_modified_time":"2024-11-15T23:06:21+00:00","og_image":[{"width":1204,"height":1600,"url":"http:\/\/ondauno.com.ar\/wp-content\/uploads\/2024\/11\/WhatsApp-Image-2024-11-15-at-19.34.47.jpeg","type":"image\/jpeg"}],"author":"OndaUno","twitter_card":"summary_large_image","twitter_misc":{"Escrito por":"OndaUno","Tiempo de lectura":"2 minutos"},"schema":{"@context":"https:\/\/schema.org","@graph":[{"@type":"WebPage","@id":"https:\/\/ondauno.com.ar\/index.php\/2024\/11\/15\/arrullo-estrenara-su-primer-material-audiovisual-este-domingo\/","url":"https:\/\/ondauno.com.ar\/index.php\/2024\/11\/15\/arrullo-estrenara-su-primer-material-audiovisual-este-domingo\/","name":"Arrullo estrenar\u00e1 su primer material audiovisual este domingo - 103.9 fm","isPartOf":{"@id":"https:\/\/ondauno.com.ar\/#website"},"primaryImageOfPage":{"@id":"https:\/\/ondauno.com.ar\/index.php\/2024\/11\/15\/arrullo-estrenara-su-primer-material-audiovisual-este-domingo\/#primaryimage"},"image":{"@id":"https:\/\/ondauno.com.ar\/index.php\/2024\/11\/15\/arrullo-estrenara-su-primer-material-audiovisual-este-domingo\/#primaryimage"},"thumbnailUrl":"https:\/\/ondauno.com.ar\/wp-content\/uploads\/2024\/11\/WhatsApp-Image-2024-11-15-at-19.34.47.jpeg","datePublished":"2024-11-15T23:06:17+00:00","dateModified":"2024-11-15T23:06:21+00:00","author":{"@id":"https:\/\/ondauno.com.ar\/#\/schema\/person\/7ec851ddeceb4133d7d7132dc645714e"},"breadcrumb":{"@id":"https:\/\/ondauno.com.ar\/index.php\/2024\/11\/15\/arrullo-estrenara-su-primer-material-audiovisual-este-domingo\/#breadcrumb"},"inLanguage":"es-AR","potentialAction":[{"@type":"ReadAction","target":["https:\/\/ondauno.com.ar\/index.php\/2024\/11\/15\/arrullo-estrenara-su-primer-material-audiovisual-este-domingo\/"]}]},{"@type":"ImageObject","inLanguage":"es-AR","@id":"https:\/\/ondauno.com.ar\/index.php\/2024\/11\/15\/arrullo-estrenara-su-primer-material-audiovisual-este-domingo\/#primaryimage","url":"https:\/\/ondauno.com.ar\/wp-content\/uploads\/2024\/11\/WhatsApp-Image-2024-11-15-at-19.34.47.jpeg","contentUrl":"https:\/\/ondauno.com.ar\/wp-content\/uploads\/2024\/11\/WhatsApp-Image-2024-11-15-at-19.34.47.jpeg","width":1204,"height":1600},{"@type":"BreadcrumbList","@id":"https:\/\/ondauno.com.ar\/index.php\/2024\/11\/15\/arrullo-estrenara-su-primer-material-audiovisual-este-domingo\/#breadcrumb","itemListElement":[{"@type":"ListItem","position":1,"name":"Inicio","item":"https:\/\/ondauno.com.ar\/"},{"@type":"ListItem","position":2,"name":"Arrullo estrenar\u00e1 su primer material audiovisual este domingo"}]},{"@type":"WebSite","@id":"https:\/\/ondauno.com.ar\/#website","url":"https:\/\/ondauno.com.ar\/","name":"103.9 fm","description":"LA PRIMERA RADIO MULTIMEDIA DE TRES ARROYOS","potentialAction":[{"@type":"SearchAction","target":{"@type":"EntryPoint","urlTemplate":"https:\/\/ondauno.com.ar\/?s={search_term_string}"},"query-input":"required name=search_term_string"}],"inLanguage":"es-AR"},{"@type":"Person","@id":"https:\/\/ondauno.com.ar\/#\/schema\/person\/7ec851ddeceb4133d7d7132dc645714e","name":"OndaUno","image":{"@type":"ImageObject","inLanguage":"es-AR","@id":"https:\/\/ondauno.com.ar\/#\/schema\/person\/image\/","url":"https:\/\/secure.gravatar.com\/avatar\/93b8009f0de7021f1feb2bd5b32fb9e8?s=96&d=mm&r=g","contentUrl":"https:\/\/secure.gravatar.com\/avatar\/93b8009f0de7021f1feb2bd5b32fb9e8?s=96&d=mm&r=g","caption":"OndaUno"},"url":"https:\/\/ondauno.com.ar\/index.php\/author\/ondauno\/"}]}},"jetpack_publicize_connections":[],"jetpack_featured_media_url":"https:\/\/ondauno.com.ar\/wp-content\/uploads\/2024\/11\/WhatsApp-Image-2024-11-15-at-19.34.47.jpeg","jetpack_sharing_enabled":true,"_links":{"self":[{"href":"https:\/\/ondauno.com.ar\/index.php\/wp-json\/wp\/v2\/posts\/51811","targetHints":{"allow":["GET"]}}],"collection":[{"href":"https:\/\/ondauno.com.ar\/index.php\/wp-json\/wp\/v2\/posts"}],"about":[{"href":"https:\/\/ondauno.com.ar\/index.php\/wp-json\/wp\/v2\/types\/post"}],"author":[{"embeddable":true,"href":"https:\/\/ondauno.com.ar\/index.php\/wp-json\/wp\/v2\/users\/1"}],"replies":[{"embeddable":true,"href":"https:\/\/ondauno.com.ar\/index.php\/wp-json\/wp\/v2\/comments?post=51811"}],"version-history":[{"count":1,"href":"https:\/\/ondauno.com.ar\/index.php\/wp-json\/wp\/v2\/posts\/51811\/revisions"}],"predecessor-version":[{"id":51817,"href":"https:\/\/ondauno.com.ar\/index.php\/wp-json\/wp\/v2\/posts\/51811\/revisions\/51817"}],"wp:featuredmedia":[{"embeddable":true,"href":"https:\/\/ondauno.com.ar\/index.php\/wp-json\/wp\/v2\/media\/51816"}],"wp:attachment":[{"href":"https:\/\/ondauno.com.ar\/index.php\/wp-json\/wp\/v2\/media?parent=51811"}],"wp:term":[{"taxonomy":"category","embeddable":true,"href":"https:\/\/ondauno.com.ar\/index.php\/wp-json\/wp\/v2\/categories?post=51811"},{"taxonomy":"post_tag","embeddable":true,"href":"https:\/\/ondauno.com.ar\/index.php\/wp-json\/wp\/v2\/tags?post=51811"}],"curies":[{"name":"wp","href":"https:\/\/api.w.org\/{rel}","templated":true}]}}