{"id":5169,"date":"2020-01-27T21:13:37","date_gmt":"2020-01-28T00:13:37","guid":{"rendered":"http:\/\/ondauno.com.ar\/?p=5169"},"modified":"2020-01-27T21:13:42","modified_gmt":"2020-01-28T00:13:42","slug":"operativos-policiales-de-fin-de-semana","status":"publish","type":"post","link":"https:\/\/ondauno.com.ar\/index.php\/2020\/01\/27\/operativos-policiales-de-fin-de-semana\/","title":{"rendered":"Operativos policiales de fin de semana"},"content":{"rendered":"<div class=\"ondau-before-content_3\" style=\"margin-top: -30px;\" id=\"ondau-300907957\"><a href=\"https:\/\/www.lps.com.ar\/\" aria-label=\"la-perse2\"><img loading=\"lazy\" decoding=\"async\" src=\"https:\/\/ondauno.com.ar\/wp-content\/uploads\/2021\/10\/la-perse2.jpg\" alt=\"\"  srcset=\"https:\/\/ondauno.com.ar\/wp-content\/uploads\/2021\/10\/la-perse2.jpg 1353w, https:\/\/ondauno.com.ar\/wp-content\/uploads\/2021\/10\/la-perse2-300x43.jpg 300w, https:\/\/ondauno.com.ar\/wp-content\/uploads\/2021\/10\/la-perse2-1024x148.jpg 1024w, https:\/\/ondauno.com.ar\/wp-content\/uploads\/2021\/10\/la-perse2-768x111.jpg 768w, https:\/\/ondauno.com.ar\/wp-content\/uploads\/2021\/10\/la-perse2-696x100.jpg 696w, https:\/\/ondauno.com.ar\/wp-content\/uploads\/2021\/10\/la-perse2-1068x154.jpg 1068w\" sizes=\"(max-width: 1353px) 100vw, 1353px\" class=\"no-lazyload\" width=\"1353\" height=\"195\"  style=\"display: inline-block;\" \/><\/a><\/div>\n<p class=\"MsoNormal\">Como resultado de los operativos de control vehicular que se contin\u00faan realizando en la ciudad cabecera personal de la Estaci\u00f3n Policial Tres Arroyos, secuestr\u00f3 un Peugeot 206 por registrar prohibici\u00f3n de circular,\u00a0una motocicleta Cerro por carecer de seguro obligatorio y una motocicleta Yamaha por carecer su conductor de licencia habilitante.\n\n\n\n\n<figure class=\"wp-block-image\"><img decoding=\"async\" data-src=\"http:\/\/ondauno.com.ar\/wp-content\/uploads\/2020\/01\/op-pol2629257069..jpg\" alt=\"\" class=\"wp-image-5165 lazyload\" src=\"data:image\/gif;base64,R0lGODlhAQABAAAAACH5BAEKAAEALAAAAAABAAEAAAICTAEAOw==\" \/><noscript><img decoding=\"async\" src=\"http:\/\/ondauno.com.ar\/wp-content\/uploads\/2020\/01\/op-pol2629257069..jpg\" alt=\"\" class=\"wp-image-5165\"\/><\/noscript><\/figure>\n\n\n\n<figure class=\"wp-block-image\"><img decoding=\"async\" data-src=\"http:\/\/ondauno.com.ar\/wp-content\/uploads\/2020\/01\/op-pol1-12144504928..jpg\" alt=\"\" class=\"wp-image-5164 lazyload\" src=\"data:image\/gif;base64,R0lGODlhAQABAAAAACH5BAEKAAEALAAAAAABAAEAAAICTAEAOw==\" \/><noscript><img decoding=\"async\" src=\"http:\/\/ondauno.com.ar\/wp-content\/uploads\/2020\/01\/op-pol1-12144504928..jpg\" alt=\"\" class=\"wp-image-5164\"\/><\/noscript><\/figure>\n\n\n\n\n\n\n\n\n<p class=\"MsoNormal\">Dentro de los controles operativo sol, personal policial Destacamento de Reta se procedi\u00f3 al secuestro de un UTV y una motocicleta por carecer de seguros obligatorios. Adem\u00e1s secuestraron un cuatriciclo Polaris\u00a0y un motoveh\u00edculo Guerrero, tambi\u00e9n por carecer de seguro obligatorio y porque adem\u00e1s sus conductores eran menores de edad, no contando con la debida cedula de conducir habilitante.\n\n\n\n\n<figure class=\"wp-block-image\"><img decoding=\"async\" data-src=\"http:\/\/ondauno.com.ar\/wp-content\/uploads\/2020\/01\/op-pol51689264453..jpg\" alt=\"\" class=\"wp-image-5166 lazyload\" src=\"data:image\/gif;base64,R0lGODlhAQABAAAAACH5BAEKAAEALAAAAAABAAEAAAICTAEAOw==\" \/><noscript><img decoding=\"async\" src=\"http:\/\/ondauno.com.ar\/wp-content\/uploads\/2020\/01\/op-pol51689264453..jpg\" alt=\"\" class=\"wp-image-5166\"\/><\/noscript><\/figure>\n\n\n\n<figure class=\"wp-block-image\"><img decoding=\"async\" data-src=\"http:\/\/ondauno.com.ar\/wp-content\/uploads\/2020\/01\/op-poli6610548015..jpg\" alt=\"\" class=\"wp-image-5167 lazyload\" src=\"data:image\/gif;base64,R0lGODlhAQABAAAAACH5BAEKAAEALAAAAAABAAEAAAICTAEAOw==\" \/><noscript><img decoding=\"async\" src=\"http:\/\/ondauno.com.ar\/wp-content\/uploads\/2020\/01\/op-poli6610548015..jpg\" alt=\"\" class=\"wp-image-5167\"\/><\/noscript><\/figure>\n\n\n\n<figure class=\"wp-block-image\"><img decoding=\"async\" data-src=\"http:\/\/ondauno.com.ar\/wp-content\/uploads\/2020\/01\/op-pol3287324140..jpg\" alt=\"\" class=\"wp-image-5168 lazyload\" src=\"data:image\/gif;base64,R0lGODlhAQABAAAAACH5BAEKAAEALAAAAAABAAEAAAICTAEAOw==\" \/><noscript><img decoding=\"async\" src=\"http:\/\/ondauno.com.ar\/wp-content\/uploads\/2020\/01\/op-pol3287324140..jpg\" alt=\"\" class=\"wp-image-5168\"\/><\/noscript><\/figure>\n\n\n\n<p class=\"MsoNormal\">Se ruega a los progenitores una mayor colaboraci\u00f3n en no permitir que sus hijos conduzcan ese tipo de rodados, los cuales, y m\u00e1s all\u00e1 de la debida infracci\u00f3n de tr\u00e1nsito, son m\u00e1quinas de una gran cilindrada y es&nbsp;de vital importancia que sus conductores est\u00e9n habilitados para su uso seguro por la integridad de ellos mismos y por la de terceros.\n\n\n\n\n\n\n","protected":false},"excerpt":{"rendered":"<p>Como resultado de los operativos de control vehicular que se contin\u00faan realizando en la ciudad cabecera personal de la Estaci\u00f3n Policial Tres Arroyos, secuestr\u00f3 un Peugeot 206 por registrar prohibici\u00f3n de circular,\u00a0una motocicleta Cerro por carecer de seguro obligatorio y una motocicleta Yamaha por carecer su conductor de licencia habilitante. Dentro de los controles operativo [&hellip;]<\/p>\n","protected":false},"author":2,"featured_media":45248,"comment_status":"open","ping_status":"open","sticky":false,"template":"","format":"standard","meta":{"tdm_status":"","tdm_grid_status":"","_jetpack_memberships_contains_paid_content":false,"footnotes":"","jetpack_publicize_message":"","jetpack_publicize_feature_enabled":true,"jetpack_social_post_already_shared":false,"jetpack_social_options":{"image_generator_settings":{"template":"highway","default_image_id":0,"font":"","enabled":false},"version":2}},"categories":[29],"tags":[],"class_list":{"0":"post-5169","1":"post","2":"type-post","3":"status-publish","4":"format-standard","5":"has-post-thumbnail","7":"category-policiales"},"yoast_head":"<!-- This site is optimized with the Yoast SEO plugin v22.7 - https:\/\/yoast.com\/wordpress\/plugins\/seo\/ -->\n<title>Operativos policiales de fin de semana - 103.9 fm<\/title>\n<meta name=\"robots\" content=\"index, follow, max-snippet:-1, max-image-preview:large, max-video-preview:-1\" \/>\n<link rel=\"canonical\" href=\"https:\/\/ondauno.com.ar\/index.php\/2020\/01\/27\/operativos-policiales-de-fin-de-semana\/\" \/>\n<meta property=\"og:locale\" content=\"es_ES\" \/>\n<meta property=\"og:type\" content=\"article\" \/>\n<meta property=\"og:title\" content=\"Operativos policiales de fin de semana - 103.9 fm\" \/>\n<meta property=\"og:description\" content=\"Como resultado de los operativos de control vehicular que se contin\u00faan realizando en la ciudad cabecera personal de la Estaci\u00f3n Policial Tres Arroyos, secuestr\u00f3 un Peugeot 206 por registrar prohibici\u00f3n de circular,\u00a0una motocicleta Cerro por carecer de seguro obligatorio y una motocicleta Yamaha por carecer su conductor de licencia habilitante. Dentro de los controles operativo [&hellip;]\" \/>\n<meta property=\"og:url\" content=\"https:\/\/ondauno.com.ar\/index.php\/2020\/01\/27\/operativos-policiales-de-fin-de-semana\/\" \/>\n<meta property=\"og:site_name\" content=\"103.9 fm\" \/>\n<meta property=\"article:publisher\" content=\"https:\/\/www.facebook.com\/ondauno103.9\" \/>\n<meta property=\"article:published_time\" content=\"2020-01-28T00:13:37+00:00\" \/>\n<meta property=\"article:modified_time\" content=\"2020-01-28T00:13:42+00:00\" \/>\n<meta property=\"og:image\" content=\"https:\/\/ondauno.com.ar\/wp-content\/uploads\/2024\/03\/logo-jpg.jpg\" \/>\n\t<meta property=\"og:image:width\" content=\"336\" \/>\n\t<meta property=\"og:image:height\" content=\"292\" \/>\n\t<meta property=\"og:image:type\" content=\"image\/jpeg\" \/>\n<meta name=\"author\" content=\"fernando garcia\" \/>\n<meta name=\"twitter:card\" content=\"summary_large_image\" \/>\n<meta name=\"twitter:label1\" content=\"Escrito por\" \/>\n\t<meta name=\"twitter:data1\" content=\"fernando garcia\" \/>\n\t<meta name=\"twitter:label2\" content=\"Tiempo de lectura\" \/>\n\t<meta name=\"twitter:data2\" content=\"1 minuto\" \/>\n<script type=\"application\/ld+json\" class=\"yoast-schema-graph\">{\"@context\":\"https:\/\/schema.org\",\"@graph\":[{\"@type\":\"WebPage\",\"@id\":\"https:\/\/ondauno.com.ar\/index.php\/2020\/01\/27\/operativos-policiales-de-fin-de-semana\/\",\"url\":\"https:\/\/ondauno.com.ar\/index.php\/2020\/01\/27\/operativos-policiales-de-fin-de-semana\/\",\"name\":\"Operativos policiales de fin de semana - 103.9 fm\",\"isPartOf\":{\"@id\":\"https:\/\/ondauno.com.ar\/#website\"},\"primaryImageOfPage\":{\"@id\":\"https:\/\/ondauno.com.ar\/index.php\/2020\/01\/27\/operativos-policiales-de-fin-de-semana\/#primaryimage\"},\"image\":{\"@id\":\"https:\/\/ondauno.com.ar\/index.php\/2020\/01\/27\/operativos-policiales-de-fin-de-semana\/#primaryimage\"},\"thumbnailUrl\":\"https:\/\/ondauno.com.ar\/wp-content\/uploads\/2024\/03\/logo-jpg.jpg\",\"datePublished\":\"2020-01-28T00:13:37+00:00\",\"dateModified\":\"2020-01-28T00:13:42+00:00\",\"author\":{\"@id\":\"https:\/\/ondauno.com.ar\/#\/schema\/person\/201d1b68e6c75e0fd396fe5f8af5d139\"},\"breadcrumb\":{\"@id\":\"https:\/\/ondauno.com.ar\/index.php\/2020\/01\/27\/operativos-policiales-de-fin-de-semana\/#breadcrumb\"},\"inLanguage\":\"es-AR\",\"potentialAction\":[{\"@type\":\"ReadAction\",\"target\":[\"https:\/\/ondauno.com.ar\/index.php\/2020\/01\/27\/operativos-policiales-de-fin-de-semana\/\"]}]},{\"@type\":\"ImageObject\",\"inLanguage\":\"es-AR\",\"@id\":\"https:\/\/ondauno.com.ar\/index.php\/2020\/01\/27\/operativos-policiales-de-fin-de-semana\/#primaryimage\",\"url\":\"https:\/\/ondauno.com.ar\/wp-content\/uploads\/2024\/03\/logo-jpg.jpg\",\"contentUrl\":\"https:\/\/ondauno.com.ar\/wp-content\/uploads\/2024\/03\/logo-jpg.jpg\",\"width\":336,\"height\":292},{\"@type\":\"BreadcrumbList\",\"@id\":\"https:\/\/ondauno.com.ar\/index.php\/2020\/01\/27\/operativos-policiales-de-fin-de-semana\/#breadcrumb\",\"itemListElement\":[{\"@type\":\"ListItem\",\"position\":1,\"name\":\"Inicio\",\"item\":\"https:\/\/ondauno.com.ar\/\"},{\"@type\":\"ListItem\",\"position\":2,\"name\":\"Operativos policiales de fin de semana\"}]},{\"@type\":\"WebSite\",\"@id\":\"https:\/\/ondauno.com.ar\/#website\",\"url\":\"https:\/\/ondauno.com.ar\/\",\"name\":\"103.9 fm\",\"description\":\"LA PRIMERA RADIO MULTIMEDIA DE TRES ARROYOS\",\"potentialAction\":[{\"@type\":\"SearchAction\",\"target\":{\"@type\":\"EntryPoint\",\"urlTemplate\":\"https:\/\/ondauno.com.ar\/?s={search_term_string}\"},\"query-input\":\"required name=search_term_string\"}],\"inLanguage\":\"es-AR\"},{\"@type\":\"Person\",\"@id\":\"https:\/\/ondauno.com.ar\/#\/schema\/person\/201d1b68e6c75e0fd396fe5f8af5d139\",\"name\":\"fernando garcia\",\"image\":{\"@type\":\"ImageObject\",\"inLanguage\":\"es-AR\",\"@id\":\"https:\/\/ondauno.com.ar\/#\/schema\/person\/image\/\",\"url\":\"https:\/\/secure.gravatar.com\/avatar\/5f7254642ad81272e79a2e69653cfdfc?s=96&d=mm&r=g\",\"contentUrl\":\"https:\/\/secure.gravatar.com\/avatar\/5f7254642ad81272e79a2e69653cfdfc?s=96&d=mm&r=g\",\"caption\":\"fernando garcia\"},\"url\":\"https:\/\/ondauno.com.ar\/index.php\/author\/ondaunoeditor\/\"}]}<\/script>\n<!-- \/ Yoast SEO plugin. -->","yoast_head_json":{"title":"Operativos policiales de fin de semana - 103.9 fm","robots":{"index":"index","follow":"follow","max-snippet":"max-snippet:-1","max-image-preview":"max-image-preview:large","max-video-preview":"max-video-preview:-1"},"canonical":"https:\/\/ondauno.com.ar\/index.php\/2020\/01\/27\/operativos-policiales-de-fin-de-semana\/","og_locale":"es_ES","og_type":"article","og_title":"Operativos policiales de fin de semana - 103.9 fm","og_description":"Como resultado de los operativos de control vehicular que se contin\u00faan realizando en la ciudad cabecera personal de la Estaci\u00f3n Policial Tres Arroyos, secuestr\u00f3 un Peugeot 206 por registrar prohibici\u00f3n de circular,\u00a0una motocicleta Cerro por carecer de seguro obligatorio y una motocicleta Yamaha por carecer su conductor de licencia habilitante. Dentro de los controles operativo [&hellip;]","og_url":"https:\/\/ondauno.com.ar\/index.php\/2020\/01\/27\/operativos-policiales-de-fin-de-semana\/","og_site_name":"103.9 fm","article_publisher":"https:\/\/www.facebook.com\/ondauno103.9","article_published_time":"2020-01-28T00:13:37+00:00","article_modified_time":"2020-01-28T00:13:42+00:00","og_image":[{"width":336,"height":292,"url":"https:\/\/ondauno.com.ar\/wp-content\/uploads\/2024\/03\/logo-jpg.jpg","type":"image\/jpeg"}],"author":"fernando garcia","twitter_card":"summary_large_image","twitter_misc":{"Escrito por":"fernando garcia","Tiempo de lectura":"1 minuto"},"schema":{"@context":"https:\/\/schema.org","@graph":[{"@type":"WebPage","@id":"https:\/\/ondauno.com.ar\/index.php\/2020\/01\/27\/operativos-policiales-de-fin-de-semana\/","url":"https:\/\/ondauno.com.ar\/index.php\/2020\/01\/27\/operativos-policiales-de-fin-de-semana\/","name":"Operativos policiales de fin de semana - 103.9 fm","isPartOf":{"@id":"https:\/\/ondauno.com.ar\/#website"},"primaryImageOfPage":{"@id":"https:\/\/ondauno.com.ar\/index.php\/2020\/01\/27\/operativos-policiales-de-fin-de-semana\/#primaryimage"},"image":{"@id":"https:\/\/ondauno.com.ar\/index.php\/2020\/01\/27\/operativos-policiales-de-fin-de-semana\/#primaryimage"},"thumbnailUrl":"https:\/\/ondauno.com.ar\/wp-content\/uploads\/2024\/03\/logo-jpg.jpg","datePublished":"2020-01-28T00:13:37+00:00","dateModified":"2020-01-28T00:13:42+00:00","author":{"@id":"https:\/\/ondauno.com.ar\/#\/schema\/person\/201d1b68e6c75e0fd396fe5f8af5d139"},"breadcrumb":{"@id":"https:\/\/ondauno.com.ar\/index.php\/2020\/01\/27\/operativos-policiales-de-fin-de-semana\/#breadcrumb"},"inLanguage":"es-AR","potentialAction":[{"@type":"ReadAction","target":["https:\/\/ondauno.com.ar\/index.php\/2020\/01\/27\/operativos-policiales-de-fin-de-semana\/"]}]},{"@type":"ImageObject","inLanguage":"es-AR","@id":"https:\/\/ondauno.com.ar\/index.php\/2020\/01\/27\/operativos-policiales-de-fin-de-semana\/#primaryimage","url":"https:\/\/ondauno.com.ar\/wp-content\/uploads\/2024\/03\/logo-jpg.jpg","contentUrl":"https:\/\/ondauno.com.ar\/wp-content\/uploads\/2024\/03\/logo-jpg.jpg","width":336,"height":292},{"@type":"BreadcrumbList","@id":"https:\/\/ondauno.com.ar\/index.php\/2020\/01\/27\/operativos-policiales-de-fin-de-semana\/#breadcrumb","itemListElement":[{"@type":"ListItem","position":1,"name":"Inicio","item":"https:\/\/ondauno.com.ar\/"},{"@type":"ListItem","position":2,"name":"Operativos policiales de fin de semana"}]},{"@type":"WebSite","@id":"https:\/\/ondauno.com.ar\/#website","url":"https:\/\/ondauno.com.ar\/","name":"103.9 fm","description":"LA PRIMERA RADIO MULTIMEDIA DE TRES ARROYOS","potentialAction":[{"@type":"SearchAction","target":{"@type":"EntryPoint","urlTemplate":"https:\/\/ondauno.com.ar\/?s={search_term_string}"},"query-input":"required name=search_term_string"}],"inLanguage":"es-AR"},{"@type":"Person","@id":"https:\/\/ondauno.com.ar\/#\/schema\/person\/201d1b68e6c75e0fd396fe5f8af5d139","name":"fernando garcia","image":{"@type":"ImageObject","inLanguage":"es-AR","@id":"https:\/\/ondauno.com.ar\/#\/schema\/person\/image\/","url":"https:\/\/secure.gravatar.com\/avatar\/5f7254642ad81272e79a2e69653cfdfc?s=96&d=mm&r=g","contentUrl":"https:\/\/secure.gravatar.com\/avatar\/5f7254642ad81272e79a2e69653cfdfc?s=96&d=mm&r=g","caption":"fernando garcia"},"url":"https:\/\/ondauno.com.ar\/index.php\/author\/ondaunoeditor\/"}]}},"jetpack_publicize_connections":[],"jetpack_featured_media_url":"https:\/\/ondauno.com.ar\/wp-content\/uploads\/2024\/03\/logo-jpg.jpg","jetpack_sharing_enabled":true,"_links":{"self":[{"href":"https:\/\/ondauno.com.ar\/index.php\/wp-json\/wp\/v2\/posts\/5169","targetHints":{"allow":["GET"]}}],"collection":[{"href":"https:\/\/ondauno.com.ar\/index.php\/wp-json\/wp\/v2\/posts"}],"about":[{"href":"https:\/\/ondauno.com.ar\/index.php\/wp-json\/wp\/v2\/types\/post"}],"author":[{"embeddable":true,"href":"https:\/\/ondauno.com.ar\/index.php\/wp-json\/wp\/v2\/users\/2"}],"replies":[{"embeddable":true,"href":"https:\/\/ondauno.com.ar\/index.php\/wp-json\/wp\/v2\/comments?post=5169"}],"version-history":[{"count":0,"href":"https:\/\/ondauno.com.ar\/index.php\/wp-json\/wp\/v2\/posts\/5169\/revisions"}],"wp:featuredmedia":[{"embeddable":true,"href":"https:\/\/ondauno.com.ar\/index.php\/wp-json\/wp\/v2\/media\/45248"}],"wp:attachment":[{"href":"https:\/\/ondauno.com.ar\/index.php\/wp-json\/wp\/v2\/media?parent=5169"}],"wp:term":[{"taxonomy":"category","embeddable":true,"href":"https:\/\/ondauno.com.ar\/index.php\/wp-json\/wp\/v2\/categories?post=5169"},{"taxonomy":"post_tag","embeddable":true,"href":"https:\/\/ondauno.com.ar\/index.php\/wp-json\/wp\/v2\/tags?post=5169"}],"curies":[{"name":"wp","href":"https:\/\/api.w.org\/{rel}","templated":true}]}}