{"id":51475,"date":"2024-10-31T11:26:49","date_gmt":"2024-10-31T14:26:49","guid":{"rendered":"https:\/\/ondauno.com.ar\/?p=51475"},"modified":"2024-10-31T11:26:51","modified_gmt":"2024-10-31T14:26:51","slug":"excelente-repercusion-de-la-primera-edicion-de-la-noche-de-las-mamografias","status":"publish","type":"post","link":"https:\/\/ondauno.com.ar\/index.php\/2024\/10\/31\/excelente-repercusion-de-la-primera-edicion-de-la-noche-de-las-mamografias\/","title":{"rendered":"Excelente repercusi\u00f3n de la primera edici\u00f3n de la Noche de las Mamograf\u00edas"},"content":{"rendered":"<div class=\"ondau-before-content_3\" style=\"margin-top: -30px;\" id=\"ondau-3537280916\"><a href=\"https:\/\/www.lps.com.ar\/\" aria-label=\"la-perse2\"><img loading=\"lazy\" decoding=\"async\" src=\"https:\/\/ondauno.com.ar\/wp-content\/uploads\/2021\/10\/la-perse2.jpg\" alt=\"\"  srcset=\"https:\/\/ondauno.com.ar\/wp-content\/uploads\/2021\/10\/la-perse2.jpg 1353w, https:\/\/ondauno.com.ar\/wp-content\/uploads\/2021\/10\/la-perse2-300x43.jpg 300w, https:\/\/ondauno.com.ar\/wp-content\/uploads\/2021\/10\/la-perse2-1024x148.jpg 1024w, https:\/\/ondauno.com.ar\/wp-content\/uploads\/2021\/10\/la-perse2-768x111.jpg 768w, https:\/\/ondauno.com.ar\/wp-content\/uploads\/2021\/10\/la-perse2-696x100.jpg 696w, https:\/\/ondauno.com.ar\/wp-content\/uploads\/2021\/10\/la-perse2-1068x154.jpg 1068w\" sizes=\"(max-width: 1353px) 100vw, 1353px\" class=\"no-lazyload\" width=\"1353\" height=\"195\"  style=\"display: inline-block;\" \/><\/a><\/div>\n<p>En el marco del Mes de la Sensibilizaci\u00f3n sobre el C\u00e1ncer de Mama, el Centro Municipal de Salud llev\u00f3 a cabo la \u201cNoche de las Mamograf\u00edas\u201d, un evento que busca concientizar y brindar a las mujeres del distrito la oportunidad de acceder a mamograf\u00edas gratuitas. Esta iniciativa forma parte de la campa\u00f1a <em>No lo dejes en visto<\/em>, que promueve la detecci\u00f3n temprana de esta enfermedad. \u201cHay que prevenir y tambi\u00e9n ense\u00f1ar a nuestros hijos la importancia de controlarse y cuidarse\u201d, comparti\u00f3 una de las asistentes, mientras que otra participante destac\u00f3 la atenci\u00f3n brindada: \u201cLas chicas te atienden bien, te dan \u00e1nimos&#8230; que vengan porque es algo que las mujeres tenemos que hacer\u201d.<\/p>\n\n\n\n<p>Durante estas jornadas, mujeres mayores de 40 a\u00f1os o aquellas con antecedentes familiares de c\u00e1ncer de mama pudieron acceder a estos estudios, con resultados disponibles en un plazo de entre siete y catorce d\u00edas. Adem\u00e1s, la campa\u00f1a integral incluye caminatas de concientizaci\u00f3n, actividades de prevenci\u00f3n en los Centros de Atenci\u00f3n Primaria de Salud (CAPS), y pr\u00f3ximamente se realizar\u00e1n mamograf\u00edas en las localidades del distrito. Las mujeres interesadas deber\u00e1n registrarse en sus CAPS antes del 1 de noviembre y cumplir con requisitos espec\u00edficos, como no haberse realizado una mamograf\u00eda en el \u00faltimo a\u00f1o y evitar el uso de productos como desodorantes o perfumes el d\u00eda del estudio.<\/p>\n","protected":false},"excerpt":{"rendered":"<p>En el marco del Mes de la Sensibilizaci\u00f3n sobre el C\u00e1ncer de Mama, el Centro Municipal de Salud llev\u00f3 a cabo la \u201cNoche de las Mamograf\u00edas\u201d, un evento que busca concientizar y brindar a las mujeres del distrito la oportunidad de acceder a mamograf\u00edas gratuitas. Esta iniciativa forma parte de la campa\u00f1a No lo dejes [&hellip;]<\/p>\n","protected":false},"author":1,"featured_media":51476,"comment_status":"open","ping_status":"open","sticky":false,"template":"","format":"standard","meta":{"tdm_status":"","tdm_grid_status":"","_jetpack_memberships_contains_paid_content":false,"footnotes":"","jetpack_publicize_message":"","jetpack_publicize_feature_enabled":true,"jetpack_social_post_already_shared":false,"jetpack_social_options":{"image_generator_settings":{"template":"highway","default_image_id":0,"font":"","enabled":false},"version":2}},"categories":[2],"tags":[],"class_list":{"0":"post-51475","1":"post","2":"type-post","3":"status-publish","4":"format-standard","5":"has-post-thumbnail","7":"category-locales"},"yoast_head":"<!-- This site is optimized with the Yoast SEO plugin v22.7 - https:\/\/yoast.com\/wordpress\/plugins\/seo\/ -->\n<title>Excelente repercusi\u00f3n de la primera edici\u00f3n de la Noche de las Mamograf\u00edas - 103.9 fm<\/title>\n<meta name=\"robots\" content=\"index, follow, max-snippet:-1, max-image-preview:large, max-video-preview:-1\" \/>\n<link rel=\"canonical\" href=\"https:\/\/ondauno.com.ar\/index.php\/2024\/10\/31\/excelente-repercusion-de-la-primera-edicion-de-la-noche-de-las-mamografias\/\" \/>\n<meta property=\"og:locale\" content=\"es_ES\" \/>\n<meta property=\"og:type\" content=\"article\" \/>\n<meta property=\"og:title\" content=\"Excelente repercusi\u00f3n de la primera edici\u00f3n de la Noche de las Mamograf\u00edas - 103.9 fm\" \/>\n<meta property=\"og:description\" content=\"En el marco del Mes de la Sensibilizaci\u00f3n sobre el C\u00e1ncer de Mama, el Centro Municipal de Salud llev\u00f3 a cabo la \u201cNoche de las Mamograf\u00edas\u201d, un evento que busca concientizar y brindar a las mujeres del distrito la oportunidad de acceder a mamograf\u00edas gratuitas. Esta iniciativa forma parte de la campa\u00f1a No lo dejes [&hellip;]\" \/>\n<meta property=\"og:url\" content=\"https:\/\/ondauno.com.ar\/index.php\/2024\/10\/31\/excelente-repercusion-de-la-primera-edicion-de-la-noche-de-las-mamografias\/\" \/>\n<meta property=\"og:site_name\" content=\"103.9 fm\" \/>\n<meta property=\"article:publisher\" content=\"https:\/\/www.facebook.com\/ondauno103.9\" \/>\n<meta property=\"article:published_time\" content=\"2024-10-31T14:26:49+00:00\" \/>\n<meta property=\"article:modified_time\" content=\"2024-10-31T14:26:51+00:00\" \/>\n<meta property=\"og:image\" content=\"http:\/\/ondauno.com.ar\/wp-content\/uploads\/2024\/10\/WhatsApp-Image-2024-10-31-at-10.35.53.jpeg\" \/>\n\t<meta property=\"og:image:width\" content=\"1600\" \/>\n\t<meta property=\"og:image:height\" content=\"900\" \/>\n\t<meta property=\"og:image:type\" content=\"image\/jpeg\" \/>\n<meta name=\"author\" content=\"OndaUno\" \/>\n<meta name=\"twitter:card\" content=\"summary_large_image\" \/>\n<meta name=\"twitter:label1\" content=\"Escrito por\" \/>\n\t<meta name=\"twitter:data1\" content=\"OndaUno\" \/>\n\t<meta name=\"twitter:label2\" content=\"Tiempo de lectura\" \/>\n\t<meta name=\"twitter:data2\" content=\"2 minutos\" \/>\n<script type=\"application\/ld+json\" class=\"yoast-schema-graph\">{\"@context\":\"https:\/\/schema.org\",\"@graph\":[{\"@type\":\"WebPage\",\"@id\":\"https:\/\/ondauno.com.ar\/index.php\/2024\/10\/31\/excelente-repercusion-de-la-primera-edicion-de-la-noche-de-las-mamografias\/\",\"url\":\"https:\/\/ondauno.com.ar\/index.php\/2024\/10\/31\/excelente-repercusion-de-la-primera-edicion-de-la-noche-de-las-mamografias\/\",\"name\":\"Excelente repercusi\u00f3n de la primera edici\u00f3n de la Noche de las Mamograf\u00edas - 103.9 fm\",\"isPartOf\":{\"@id\":\"https:\/\/ondauno.com.ar\/#website\"},\"primaryImageOfPage\":{\"@id\":\"https:\/\/ondauno.com.ar\/index.php\/2024\/10\/31\/excelente-repercusion-de-la-primera-edicion-de-la-noche-de-las-mamografias\/#primaryimage\"},\"image\":{\"@id\":\"https:\/\/ondauno.com.ar\/index.php\/2024\/10\/31\/excelente-repercusion-de-la-primera-edicion-de-la-noche-de-las-mamografias\/#primaryimage\"},\"thumbnailUrl\":\"https:\/\/ondauno.com.ar\/wp-content\/uploads\/2024\/10\/WhatsApp-Image-2024-10-31-at-10.35.53.jpeg\",\"datePublished\":\"2024-10-31T14:26:49+00:00\",\"dateModified\":\"2024-10-31T14:26:51+00:00\",\"author\":{\"@id\":\"https:\/\/ondauno.com.ar\/#\/schema\/person\/7ec851ddeceb4133d7d7132dc645714e\"},\"breadcrumb\":{\"@id\":\"https:\/\/ondauno.com.ar\/index.php\/2024\/10\/31\/excelente-repercusion-de-la-primera-edicion-de-la-noche-de-las-mamografias\/#breadcrumb\"},\"inLanguage\":\"es-AR\",\"potentialAction\":[{\"@type\":\"ReadAction\",\"target\":[\"https:\/\/ondauno.com.ar\/index.php\/2024\/10\/31\/excelente-repercusion-de-la-primera-edicion-de-la-noche-de-las-mamografias\/\"]}]},{\"@type\":\"ImageObject\",\"inLanguage\":\"es-AR\",\"@id\":\"https:\/\/ondauno.com.ar\/index.php\/2024\/10\/31\/excelente-repercusion-de-la-primera-edicion-de-la-noche-de-las-mamografias\/#primaryimage\",\"url\":\"https:\/\/ondauno.com.ar\/wp-content\/uploads\/2024\/10\/WhatsApp-Image-2024-10-31-at-10.35.53.jpeg\",\"contentUrl\":\"https:\/\/ondauno.com.ar\/wp-content\/uploads\/2024\/10\/WhatsApp-Image-2024-10-31-at-10.35.53.jpeg\",\"width\":1600,\"height\":900},{\"@type\":\"BreadcrumbList\",\"@id\":\"https:\/\/ondauno.com.ar\/index.php\/2024\/10\/31\/excelente-repercusion-de-la-primera-edicion-de-la-noche-de-las-mamografias\/#breadcrumb\",\"itemListElement\":[{\"@type\":\"ListItem\",\"position\":1,\"name\":\"Inicio\",\"item\":\"https:\/\/ondauno.com.ar\/\"},{\"@type\":\"ListItem\",\"position\":2,\"name\":\"Excelente repercusi\u00f3n de la primera edici\u00f3n de la Noche de las Mamograf\u00edas\"}]},{\"@type\":\"WebSite\",\"@id\":\"https:\/\/ondauno.com.ar\/#website\",\"url\":\"https:\/\/ondauno.com.ar\/\",\"name\":\"103.9 fm\",\"description\":\"LA PRIMERA RADIO MULTIMEDIA DE TRES ARROYOS\",\"potentialAction\":[{\"@type\":\"SearchAction\",\"target\":{\"@type\":\"EntryPoint\",\"urlTemplate\":\"https:\/\/ondauno.com.ar\/?s={search_term_string}\"},\"query-input\":\"required name=search_term_string\"}],\"inLanguage\":\"es-AR\"},{\"@type\":\"Person\",\"@id\":\"https:\/\/ondauno.com.ar\/#\/schema\/person\/7ec851ddeceb4133d7d7132dc645714e\",\"name\":\"OndaUno\",\"image\":{\"@type\":\"ImageObject\",\"inLanguage\":\"es-AR\",\"@id\":\"https:\/\/ondauno.com.ar\/#\/schema\/person\/image\/\",\"url\":\"https:\/\/secure.gravatar.com\/avatar\/93b8009f0de7021f1feb2bd5b32fb9e8?s=96&d=mm&r=g\",\"contentUrl\":\"https:\/\/secure.gravatar.com\/avatar\/93b8009f0de7021f1feb2bd5b32fb9e8?s=96&d=mm&r=g\",\"caption\":\"OndaUno\"},\"url\":\"https:\/\/ondauno.com.ar\/index.php\/author\/ondauno\/\"}]}<\/script>\n<!-- \/ Yoast SEO plugin. -->","yoast_head_json":{"title":"Excelente repercusi\u00f3n de la primera edici\u00f3n de la Noche de las Mamograf\u00edas - 103.9 fm","robots":{"index":"index","follow":"follow","max-snippet":"max-snippet:-1","max-image-preview":"max-image-preview:large","max-video-preview":"max-video-preview:-1"},"canonical":"https:\/\/ondauno.com.ar\/index.php\/2024\/10\/31\/excelente-repercusion-de-la-primera-edicion-de-la-noche-de-las-mamografias\/","og_locale":"es_ES","og_type":"article","og_title":"Excelente repercusi\u00f3n de la primera edici\u00f3n de la Noche de las Mamograf\u00edas - 103.9 fm","og_description":"En el marco del Mes de la Sensibilizaci\u00f3n sobre el C\u00e1ncer de Mama, el Centro Municipal de Salud llev\u00f3 a cabo la \u201cNoche de las Mamograf\u00edas\u201d, un evento que busca concientizar y brindar a las mujeres del distrito la oportunidad de acceder a mamograf\u00edas gratuitas. Esta iniciativa forma parte de la campa\u00f1a No lo dejes [&hellip;]","og_url":"https:\/\/ondauno.com.ar\/index.php\/2024\/10\/31\/excelente-repercusion-de-la-primera-edicion-de-la-noche-de-las-mamografias\/","og_site_name":"103.9 fm","article_publisher":"https:\/\/www.facebook.com\/ondauno103.9","article_published_time":"2024-10-31T14:26:49+00:00","article_modified_time":"2024-10-31T14:26:51+00:00","og_image":[{"width":1600,"height":900,"url":"http:\/\/ondauno.com.ar\/wp-content\/uploads\/2024\/10\/WhatsApp-Image-2024-10-31-at-10.35.53.jpeg","type":"image\/jpeg"}],"author":"OndaUno","twitter_card":"summary_large_image","twitter_misc":{"Escrito por":"OndaUno","Tiempo de lectura":"2 minutos"},"schema":{"@context":"https:\/\/schema.org","@graph":[{"@type":"WebPage","@id":"https:\/\/ondauno.com.ar\/index.php\/2024\/10\/31\/excelente-repercusion-de-la-primera-edicion-de-la-noche-de-las-mamografias\/","url":"https:\/\/ondauno.com.ar\/index.php\/2024\/10\/31\/excelente-repercusion-de-la-primera-edicion-de-la-noche-de-las-mamografias\/","name":"Excelente repercusi\u00f3n de la primera edici\u00f3n de la Noche de las Mamograf\u00edas - 103.9 fm","isPartOf":{"@id":"https:\/\/ondauno.com.ar\/#website"},"primaryImageOfPage":{"@id":"https:\/\/ondauno.com.ar\/index.php\/2024\/10\/31\/excelente-repercusion-de-la-primera-edicion-de-la-noche-de-las-mamografias\/#primaryimage"},"image":{"@id":"https:\/\/ondauno.com.ar\/index.php\/2024\/10\/31\/excelente-repercusion-de-la-primera-edicion-de-la-noche-de-las-mamografias\/#primaryimage"},"thumbnailUrl":"https:\/\/ondauno.com.ar\/wp-content\/uploads\/2024\/10\/WhatsApp-Image-2024-10-31-at-10.35.53.jpeg","datePublished":"2024-10-31T14:26:49+00:00","dateModified":"2024-10-31T14:26:51+00:00","author":{"@id":"https:\/\/ondauno.com.ar\/#\/schema\/person\/7ec851ddeceb4133d7d7132dc645714e"},"breadcrumb":{"@id":"https:\/\/ondauno.com.ar\/index.php\/2024\/10\/31\/excelente-repercusion-de-la-primera-edicion-de-la-noche-de-las-mamografias\/#breadcrumb"},"inLanguage":"es-AR","potentialAction":[{"@type":"ReadAction","target":["https:\/\/ondauno.com.ar\/index.php\/2024\/10\/31\/excelente-repercusion-de-la-primera-edicion-de-la-noche-de-las-mamografias\/"]}]},{"@type":"ImageObject","inLanguage":"es-AR","@id":"https:\/\/ondauno.com.ar\/index.php\/2024\/10\/31\/excelente-repercusion-de-la-primera-edicion-de-la-noche-de-las-mamografias\/#primaryimage","url":"https:\/\/ondauno.com.ar\/wp-content\/uploads\/2024\/10\/WhatsApp-Image-2024-10-31-at-10.35.53.jpeg","contentUrl":"https:\/\/ondauno.com.ar\/wp-content\/uploads\/2024\/10\/WhatsApp-Image-2024-10-31-at-10.35.53.jpeg","width":1600,"height":900},{"@type":"BreadcrumbList","@id":"https:\/\/ondauno.com.ar\/index.php\/2024\/10\/31\/excelente-repercusion-de-la-primera-edicion-de-la-noche-de-las-mamografias\/#breadcrumb","itemListElement":[{"@type":"ListItem","position":1,"name":"Inicio","item":"https:\/\/ondauno.com.ar\/"},{"@type":"ListItem","position":2,"name":"Excelente repercusi\u00f3n de la primera edici\u00f3n de la Noche de las Mamograf\u00edas"}]},{"@type":"WebSite","@id":"https:\/\/ondauno.com.ar\/#website","url":"https:\/\/ondauno.com.ar\/","name":"103.9 fm","description":"LA PRIMERA RADIO MULTIMEDIA DE TRES ARROYOS","potentialAction":[{"@type":"SearchAction","target":{"@type":"EntryPoint","urlTemplate":"https:\/\/ondauno.com.ar\/?s={search_term_string}"},"query-input":"required name=search_term_string"}],"inLanguage":"es-AR"},{"@type":"Person","@id":"https:\/\/ondauno.com.ar\/#\/schema\/person\/7ec851ddeceb4133d7d7132dc645714e","name":"OndaUno","image":{"@type":"ImageObject","inLanguage":"es-AR","@id":"https:\/\/ondauno.com.ar\/#\/schema\/person\/image\/","url":"https:\/\/secure.gravatar.com\/avatar\/93b8009f0de7021f1feb2bd5b32fb9e8?s=96&d=mm&r=g","contentUrl":"https:\/\/secure.gravatar.com\/avatar\/93b8009f0de7021f1feb2bd5b32fb9e8?s=96&d=mm&r=g","caption":"OndaUno"},"url":"https:\/\/ondauno.com.ar\/index.php\/author\/ondauno\/"}]}},"jetpack_publicize_connections":[],"jetpack_featured_media_url":"https:\/\/ondauno.com.ar\/wp-content\/uploads\/2024\/10\/WhatsApp-Image-2024-10-31-at-10.35.53.jpeg","jetpack_sharing_enabled":true,"_links":{"self":[{"href":"https:\/\/ondauno.com.ar\/index.php\/wp-json\/wp\/v2\/posts\/51475","targetHints":{"allow":["GET"]}}],"collection":[{"href":"https:\/\/ondauno.com.ar\/index.php\/wp-json\/wp\/v2\/posts"}],"about":[{"href":"https:\/\/ondauno.com.ar\/index.php\/wp-json\/wp\/v2\/types\/post"}],"author":[{"embeddable":true,"href":"https:\/\/ondauno.com.ar\/index.php\/wp-json\/wp\/v2\/users\/1"}],"replies":[{"embeddable":true,"href":"https:\/\/ondauno.com.ar\/index.php\/wp-json\/wp\/v2\/comments?post=51475"}],"version-history":[{"count":1,"href":"https:\/\/ondauno.com.ar\/index.php\/wp-json\/wp\/v2\/posts\/51475\/revisions"}],"predecessor-version":[{"id":51477,"href":"https:\/\/ondauno.com.ar\/index.php\/wp-json\/wp\/v2\/posts\/51475\/revisions\/51477"}],"wp:featuredmedia":[{"embeddable":true,"href":"https:\/\/ondauno.com.ar\/index.php\/wp-json\/wp\/v2\/media\/51476"}],"wp:attachment":[{"href":"https:\/\/ondauno.com.ar\/index.php\/wp-json\/wp\/v2\/media?parent=51475"}],"wp:term":[{"taxonomy":"category","embeddable":true,"href":"https:\/\/ondauno.com.ar\/index.php\/wp-json\/wp\/v2\/categories?post=51475"},{"taxonomy":"post_tag","embeddable":true,"href":"https:\/\/ondauno.com.ar\/index.php\/wp-json\/wp\/v2\/tags?post=51475"}],"curies":[{"name":"wp","href":"https:\/\/api.w.org\/{rel}","templated":true}]}}