{"id":51453,"date":"2024-10-29T23:04:45","date_gmt":"2024-10-30T02:04:45","guid":{"rendered":"https:\/\/ondauno.com.ar\/?p=51453"},"modified":"2024-10-29T23:04:57","modified_gmt":"2024-10-30T02:04:57","slug":"masacre-de-punta-tombo-hablo-la-fiscal-general-florencia-gomez","status":"publish","type":"post","link":"https:\/\/ondauno.com.ar\/index.php\/2024\/10\/29\/masacre-de-punta-tombo-hablo-la-fiscal-general-florencia-gomez\/","title":{"rendered":"Masacre de Punta Tombo: habl\u00f3 la Fiscal General Florencia G\u00f3mez"},"content":{"rendered":"<div class=\"ondau-before-content_3\" style=\"margin-top: -30px;\" id=\"ondau-1275653524\"><a href=\"https:\/\/www.lps.com.ar\/\" aria-label=\"la-perse2\"><img loading=\"lazy\" decoding=\"async\" src=\"https:\/\/ondauno.com.ar\/wp-content\/uploads\/2021\/10\/la-perse2.jpg\" alt=\"\"  srcset=\"https:\/\/ondauno.com.ar\/wp-content\/uploads\/2021\/10\/la-perse2.jpg 1353w, https:\/\/ondauno.com.ar\/wp-content\/uploads\/2021\/10\/la-perse2-300x43.jpg 300w, https:\/\/ondauno.com.ar\/wp-content\/uploads\/2021\/10\/la-perse2-1024x148.jpg 1024w, https:\/\/ondauno.com.ar\/wp-content\/uploads\/2021\/10\/la-perse2-768x111.jpg 768w, https:\/\/ondauno.com.ar\/wp-content\/uploads\/2021\/10\/la-perse2-696x100.jpg 696w, https:\/\/ondauno.com.ar\/wp-content\/uploads\/2021\/10\/la-perse2-1068x154.jpg 1068w\" sizes=\"(max-width: 1353px) 100vw, 1353px\" class=\"no-lazyload\" width=\"1353\" height=\"195\"  style=\"display: inline-block;\" \/><\/a><\/div>\n<p class=\"has-small-font-size\"><em>Declaraci\u00f3n del Director Ejecutivo de NATIONAL GEOGRAPHIC Sam Guilford<\/em><\/p>\n\n\n\n<p>La fiscal tresarroyense Florencia G\u00f3mez, quien desempe\u00f1a funciones en la provincia de R\u00edo Negro, habl\u00f3 &#8220;Cosas que pasan&#8221; sobre el juicio en el que acusa al productor Ricardo Adolfo La Regina por la destrucci\u00f3n de una colonia de ping\u00fcinos en Punta Tombo. Este hecho, ocurrido entre noviembre y diciembre, provoc\u00f3 la muerte de 292 pichones de ping\u00fcino de Magallanes al ser arrasados por una topadora.<\/p>\n\n\n\n<p>\u201cEs el primer juicio a nivel nacional que llega a una etapa de juicio oral y p\u00fablico relacionado con maltrato animal y ambiental\u201d, afirm\u00f3 G\u00f3mez, destacando la gravedad del caso. La fiscal explic\u00f3 que La Regina enfrenta \u201cuna pena de cuatro a\u00f1os de cumplimiento efectivo\u201d por \u201cda\u00f1os agravados en concurso real\u201d, mientras que las querellas piden una condena de hasta 12 a\u00f1os. Adem\u00e1s, subray\u00f3 que el impacto ambiental de la destrucci\u00f3n del h\u00e1bitat de los ping\u00fcinos puede tardar m\u00e1s de 35 a\u00f1os en recomponerse.<\/p>\n\n\n\n<p>Durante el juicio, G\u00f3mez cont\u00f3 con el apoyo de National Geographic, que aport\u00f3 im\u00e1genes satelitales, y del experto Sam Guilford que respaldan la acusaci\u00f3n, subrayando la importancia de la protecci\u00f3n ambiental en Argentina.<\/p>\n\n\n\n<figure class=\"wp-block-embed is-type-video is-provider-youtube wp-block-embed-youtube wp-embed-aspect-16-9 wp-has-aspect-ratio\"><div class=\"wp-block-embed__wrapper\">\n<div class=\"youtube-embed\" data-video_id=\"t9Mid0vtHSs\"><iframe loading=\"lazy\" title=\"Onda Uno 103.9 en vivo\" width=\"696\" height=\"392\" data-src=\"https:\/\/www.youtube.com\/embed\/t9Mid0vtHSs?feature=oembed&#038;enablejsapi=1\" frameborder=\"0\" allow=\"accelerometer; autoplay; clipboard-write; encrypted-media; gyroscope; picture-in-picture; web-share\" referrerpolicy=\"strict-origin-when-cross-origin\" allowfullscreen src=\"data:image\/gif;base64,R0lGODlhAQABAAAAACH5BAEKAAEALAAAAAABAAEAAAICTAEAOw==\" class=\"lazyload\" data-load-mode=\"1\"><\/iframe><\/div>\n<\/div><\/figure>\n","protected":false},"excerpt":{"rendered":"<p>Declaraci\u00f3n del Director Ejecutivo de NATIONAL GEOGRAPHIC Sam Guilford La fiscal tresarroyense Florencia G\u00f3mez, quien desempe\u00f1a funciones en la provincia de R\u00edo Negro, habl\u00f3 &#8220;Cosas que pasan&#8221; sobre el juicio en el que acusa al productor Ricardo Adolfo La Regina por la destrucci\u00f3n de una colonia de ping\u00fcinos en Punta Tombo. Este hecho, ocurrido entre [&hellip;]<\/p>\n","protected":false},"author":1,"featured_media":51454,"comment_status":"open","ping_status":"open","sticky":false,"template":"","format":"standard","meta":{"tdm_status":"","tdm_grid_status":"","_jetpack_memberships_contains_paid_content":false,"footnotes":"","jetpack_publicize_message":"","jetpack_publicize_feature_enabled":true,"jetpack_social_post_already_shared":false,"jetpack_social_options":{"image_generator_settings":{"template":"highway","default_image_id":0,"font":"","enabled":false},"version":2}},"categories":[3],"tags":[],"class_list":{"0":"post-51453","1":"post","2":"type-post","3":"status-publish","4":"format-standard","5":"has-post-thumbnail","7":"category-nacionales"},"yoast_head":"<!-- This site is optimized with the Yoast SEO plugin v22.7 - https:\/\/yoast.com\/wordpress\/plugins\/seo\/ -->\n<title>Masacre de Punta Tombo: habl\u00f3 la Fiscal General Florencia G\u00f3mez - 103.9 fm<\/title>\n<meta name=\"robots\" content=\"index, follow, max-snippet:-1, max-image-preview:large, max-video-preview:-1\" \/>\n<link rel=\"canonical\" href=\"https:\/\/ondauno.com.ar\/index.php\/2024\/10\/29\/masacre-de-punta-tombo-hablo-la-fiscal-general-florencia-gomez\/\" \/>\n<meta property=\"og:locale\" content=\"es_ES\" \/>\n<meta property=\"og:type\" content=\"article\" \/>\n<meta property=\"og:title\" content=\"Masacre de Punta Tombo: habl\u00f3 la Fiscal General Florencia G\u00f3mez - 103.9 fm\" \/>\n<meta property=\"og:description\" content=\"Declaraci\u00f3n del Director Ejecutivo de NATIONAL GEOGRAPHIC Sam Guilford La fiscal tresarroyense Florencia G\u00f3mez, quien desempe\u00f1a funciones en la provincia de R\u00edo Negro, habl\u00f3 &#8220;Cosas que pasan&#8221; sobre el juicio en el que acusa al productor Ricardo Adolfo La Regina por la destrucci\u00f3n de una colonia de ping\u00fcinos en Punta Tombo. Este hecho, ocurrido entre [&hellip;]\" \/>\n<meta property=\"og:url\" content=\"https:\/\/ondauno.com.ar\/index.php\/2024\/10\/29\/masacre-de-punta-tombo-hablo-la-fiscal-general-florencia-gomez\/\" \/>\n<meta property=\"og:site_name\" content=\"103.9 fm\" \/>\n<meta property=\"article:publisher\" content=\"https:\/\/www.facebook.com\/ondauno103.9\" \/>\n<meta property=\"article:published_time\" content=\"2024-10-30T02:04:45+00:00\" \/>\n<meta property=\"article:modified_time\" content=\"2024-10-30T02:04:57+00:00\" \/>\n<meta property=\"og:image\" content=\"http:\/\/ondauno.com.ar\/wp-content\/uploads\/2024\/10\/WhatsApp-Image-2024-10-29-at-22.06.19-scaled.jpeg\" \/>\n\t<meta property=\"og:image:width\" content=\"2560\" \/>\n\t<meta property=\"og:image:height\" content=\"1703\" \/>\n\t<meta property=\"og:image:type\" content=\"image\/jpeg\" \/>\n<meta name=\"author\" content=\"OndaUno\" \/>\n<meta name=\"twitter:card\" content=\"summary_large_image\" \/>\n<meta name=\"twitter:label1\" content=\"Escrito por\" \/>\n\t<meta name=\"twitter:data1\" content=\"OndaUno\" \/>\n\t<meta name=\"twitter:label2\" content=\"Tiempo de lectura\" \/>\n\t<meta name=\"twitter:data2\" content=\"2 minutos\" \/>\n<script type=\"application\/ld+json\" class=\"yoast-schema-graph\">{\"@context\":\"https:\/\/schema.org\",\"@graph\":[{\"@type\":\"WebPage\",\"@id\":\"https:\/\/ondauno.com.ar\/index.php\/2024\/10\/29\/masacre-de-punta-tombo-hablo-la-fiscal-general-florencia-gomez\/\",\"url\":\"https:\/\/ondauno.com.ar\/index.php\/2024\/10\/29\/masacre-de-punta-tombo-hablo-la-fiscal-general-florencia-gomez\/\",\"name\":\"Masacre de Punta Tombo: habl\u00f3 la Fiscal General Florencia G\u00f3mez - 103.9 fm\",\"isPartOf\":{\"@id\":\"https:\/\/ondauno.com.ar\/#website\"},\"primaryImageOfPage\":{\"@id\":\"https:\/\/ondauno.com.ar\/index.php\/2024\/10\/29\/masacre-de-punta-tombo-hablo-la-fiscal-general-florencia-gomez\/#primaryimage\"},\"image\":{\"@id\":\"https:\/\/ondauno.com.ar\/index.php\/2024\/10\/29\/masacre-de-punta-tombo-hablo-la-fiscal-general-florencia-gomez\/#primaryimage\"},\"thumbnailUrl\":\"https:\/\/ondauno.com.ar\/wp-content\/uploads\/2024\/10\/WhatsApp-Image-2024-10-29-at-22.06.19-scaled.jpeg\",\"datePublished\":\"2024-10-30T02:04:45+00:00\",\"dateModified\":\"2024-10-30T02:04:57+00:00\",\"author\":{\"@id\":\"https:\/\/ondauno.com.ar\/#\/schema\/person\/7ec851ddeceb4133d7d7132dc645714e\"},\"breadcrumb\":{\"@id\":\"https:\/\/ondauno.com.ar\/index.php\/2024\/10\/29\/masacre-de-punta-tombo-hablo-la-fiscal-general-florencia-gomez\/#breadcrumb\"},\"inLanguage\":\"es-AR\",\"potentialAction\":[{\"@type\":\"ReadAction\",\"target\":[\"https:\/\/ondauno.com.ar\/index.php\/2024\/10\/29\/masacre-de-punta-tombo-hablo-la-fiscal-general-florencia-gomez\/\"]}]},{\"@type\":\"ImageObject\",\"inLanguage\":\"es-AR\",\"@id\":\"https:\/\/ondauno.com.ar\/index.php\/2024\/10\/29\/masacre-de-punta-tombo-hablo-la-fiscal-general-florencia-gomez\/#primaryimage\",\"url\":\"https:\/\/ondauno.com.ar\/wp-content\/uploads\/2024\/10\/WhatsApp-Image-2024-10-29-at-22.06.19-scaled.jpeg\",\"contentUrl\":\"https:\/\/ondauno.com.ar\/wp-content\/uploads\/2024\/10\/WhatsApp-Image-2024-10-29-at-22.06.19-scaled.jpeg\",\"width\":2560,\"height\":1703},{\"@type\":\"BreadcrumbList\",\"@id\":\"https:\/\/ondauno.com.ar\/index.php\/2024\/10\/29\/masacre-de-punta-tombo-hablo-la-fiscal-general-florencia-gomez\/#breadcrumb\",\"itemListElement\":[{\"@type\":\"ListItem\",\"position\":1,\"name\":\"Inicio\",\"item\":\"https:\/\/ondauno.com.ar\/\"},{\"@type\":\"ListItem\",\"position\":2,\"name\":\"Masacre de Punta Tombo: habl\u00f3 la Fiscal General Florencia G\u00f3mez\"}]},{\"@type\":\"WebSite\",\"@id\":\"https:\/\/ondauno.com.ar\/#website\",\"url\":\"https:\/\/ondauno.com.ar\/\",\"name\":\"103.9 fm\",\"description\":\"LA PRIMERA RADIO MULTIMEDIA DE TRES ARROYOS\",\"potentialAction\":[{\"@type\":\"SearchAction\",\"target\":{\"@type\":\"EntryPoint\",\"urlTemplate\":\"https:\/\/ondauno.com.ar\/?s={search_term_string}\"},\"query-input\":\"required name=search_term_string\"}],\"inLanguage\":\"es-AR\"},{\"@type\":\"Person\",\"@id\":\"https:\/\/ondauno.com.ar\/#\/schema\/person\/7ec851ddeceb4133d7d7132dc645714e\",\"name\":\"OndaUno\",\"image\":{\"@type\":\"ImageObject\",\"inLanguage\":\"es-AR\",\"@id\":\"https:\/\/ondauno.com.ar\/#\/schema\/person\/image\/\",\"url\":\"https:\/\/secure.gravatar.com\/avatar\/93b8009f0de7021f1feb2bd5b32fb9e8?s=96&d=mm&r=g\",\"contentUrl\":\"https:\/\/secure.gravatar.com\/avatar\/93b8009f0de7021f1feb2bd5b32fb9e8?s=96&d=mm&r=g\",\"caption\":\"OndaUno\"},\"url\":\"https:\/\/ondauno.com.ar\/index.php\/author\/ondauno\/\"}]}<\/script>\n<!-- \/ Yoast SEO plugin. -->","yoast_head_json":{"title":"Masacre de Punta Tombo: habl\u00f3 la Fiscal General Florencia G\u00f3mez - 103.9 fm","robots":{"index":"index","follow":"follow","max-snippet":"max-snippet:-1","max-image-preview":"max-image-preview:large","max-video-preview":"max-video-preview:-1"},"canonical":"https:\/\/ondauno.com.ar\/index.php\/2024\/10\/29\/masacre-de-punta-tombo-hablo-la-fiscal-general-florencia-gomez\/","og_locale":"es_ES","og_type":"article","og_title":"Masacre de Punta Tombo: habl\u00f3 la Fiscal General Florencia G\u00f3mez - 103.9 fm","og_description":"Declaraci\u00f3n del Director Ejecutivo de NATIONAL GEOGRAPHIC Sam Guilford La fiscal tresarroyense Florencia G\u00f3mez, quien desempe\u00f1a funciones en la provincia de R\u00edo Negro, habl\u00f3 &#8220;Cosas que pasan&#8221; sobre el juicio en el que acusa al productor Ricardo Adolfo La Regina por la destrucci\u00f3n de una colonia de ping\u00fcinos en Punta Tombo. Este hecho, ocurrido entre [&hellip;]","og_url":"https:\/\/ondauno.com.ar\/index.php\/2024\/10\/29\/masacre-de-punta-tombo-hablo-la-fiscal-general-florencia-gomez\/","og_site_name":"103.9 fm","article_publisher":"https:\/\/www.facebook.com\/ondauno103.9","article_published_time":"2024-10-30T02:04:45+00:00","article_modified_time":"2024-10-30T02:04:57+00:00","og_image":[{"width":2560,"height":1703,"url":"http:\/\/ondauno.com.ar\/wp-content\/uploads\/2024\/10\/WhatsApp-Image-2024-10-29-at-22.06.19-scaled.jpeg","type":"image\/jpeg"}],"author":"OndaUno","twitter_card":"summary_large_image","twitter_misc":{"Escrito por":"OndaUno","Tiempo de lectura":"2 minutos"},"schema":{"@context":"https:\/\/schema.org","@graph":[{"@type":"WebPage","@id":"https:\/\/ondauno.com.ar\/index.php\/2024\/10\/29\/masacre-de-punta-tombo-hablo-la-fiscal-general-florencia-gomez\/","url":"https:\/\/ondauno.com.ar\/index.php\/2024\/10\/29\/masacre-de-punta-tombo-hablo-la-fiscal-general-florencia-gomez\/","name":"Masacre de Punta Tombo: habl\u00f3 la Fiscal General Florencia G\u00f3mez - 103.9 fm","isPartOf":{"@id":"https:\/\/ondauno.com.ar\/#website"},"primaryImageOfPage":{"@id":"https:\/\/ondauno.com.ar\/index.php\/2024\/10\/29\/masacre-de-punta-tombo-hablo-la-fiscal-general-florencia-gomez\/#primaryimage"},"image":{"@id":"https:\/\/ondauno.com.ar\/index.php\/2024\/10\/29\/masacre-de-punta-tombo-hablo-la-fiscal-general-florencia-gomez\/#primaryimage"},"thumbnailUrl":"https:\/\/ondauno.com.ar\/wp-content\/uploads\/2024\/10\/WhatsApp-Image-2024-10-29-at-22.06.19-scaled.jpeg","datePublished":"2024-10-30T02:04:45+00:00","dateModified":"2024-10-30T02:04:57+00:00","author":{"@id":"https:\/\/ondauno.com.ar\/#\/schema\/person\/7ec851ddeceb4133d7d7132dc645714e"},"breadcrumb":{"@id":"https:\/\/ondauno.com.ar\/index.php\/2024\/10\/29\/masacre-de-punta-tombo-hablo-la-fiscal-general-florencia-gomez\/#breadcrumb"},"inLanguage":"es-AR","potentialAction":[{"@type":"ReadAction","target":["https:\/\/ondauno.com.ar\/index.php\/2024\/10\/29\/masacre-de-punta-tombo-hablo-la-fiscal-general-florencia-gomez\/"]}]},{"@type":"ImageObject","inLanguage":"es-AR","@id":"https:\/\/ondauno.com.ar\/index.php\/2024\/10\/29\/masacre-de-punta-tombo-hablo-la-fiscal-general-florencia-gomez\/#primaryimage","url":"https:\/\/ondauno.com.ar\/wp-content\/uploads\/2024\/10\/WhatsApp-Image-2024-10-29-at-22.06.19-scaled.jpeg","contentUrl":"https:\/\/ondauno.com.ar\/wp-content\/uploads\/2024\/10\/WhatsApp-Image-2024-10-29-at-22.06.19-scaled.jpeg","width":2560,"height":1703},{"@type":"BreadcrumbList","@id":"https:\/\/ondauno.com.ar\/index.php\/2024\/10\/29\/masacre-de-punta-tombo-hablo-la-fiscal-general-florencia-gomez\/#breadcrumb","itemListElement":[{"@type":"ListItem","position":1,"name":"Inicio","item":"https:\/\/ondauno.com.ar\/"},{"@type":"ListItem","position":2,"name":"Masacre de Punta Tombo: habl\u00f3 la Fiscal General Florencia G\u00f3mez"}]},{"@type":"WebSite","@id":"https:\/\/ondauno.com.ar\/#website","url":"https:\/\/ondauno.com.ar\/","name":"103.9 fm","description":"LA PRIMERA RADIO MULTIMEDIA DE TRES ARROYOS","potentialAction":[{"@type":"SearchAction","target":{"@type":"EntryPoint","urlTemplate":"https:\/\/ondauno.com.ar\/?s={search_term_string}"},"query-input":"required name=search_term_string"}],"inLanguage":"es-AR"},{"@type":"Person","@id":"https:\/\/ondauno.com.ar\/#\/schema\/person\/7ec851ddeceb4133d7d7132dc645714e","name":"OndaUno","image":{"@type":"ImageObject","inLanguage":"es-AR","@id":"https:\/\/ondauno.com.ar\/#\/schema\/person\/image\/","url":"https:\/\/secure.gravatar.com\/avatar\/93b8009f0de7021f1feb2bd5b32fb9e8?s=96&d=mm&r=g","contentUrl":"https:\/\/secure.gravatar.com\/avatar\/93b8009f0de7021f1feb2bd5b32fb9e8?s=96&d=mm&r=g","caption":"OndaUno"},"url":"https:\/\/ondauno.com.ar\/index.php\/author\/ondauno\/"}]}},"jetpack_publicize_connections":[],"jetpack_featured_media_url":"https:\/\/ondauno.com.ar\/wp-content\/uploads\/2024\/10\/WhatsApp-Image-2024-10-29-at-22.06.19-scaled.jpeg","jetpack_sharing_enabled":true,"_links":{"self":[{"href":"https:\/\/ondauno.com.ar\/index.php\/wp-json\/wp\/v2\/posts\/51453","targetHints":{"allow":["GET"]}}],"collection":[{"href":"https:\/\/ondauno.com.ar\/index.php\/wp-json\/wp\/v2\/posts"}],"about":[{"href":"https:\/\/ondauno.com.ar\/index.php\/wp-json\/wp\/v2\/types\/post"}],"author":[{"embeddable":true,"href":"https:\/\/ondauno.com.ar\/index.php\/wp-json\/wp\/v2\/users\/1"}],"replies":[{"embeddable":true,"href":"https:\/\/ondauno.com.ar\/index.php\/wp-json\/wp\/v2\/comments?post=51453"}],"version-history":[{"count":1,"href":"https:\/\/ondauno.com.ar\/index.php\/wp-json\/wp\/v2\/posts\/51453\/revisions"}],"predecessor-version":[{"id":51455,"href":"https:\/\/ondauno.com.ar\/index.php\/wp-json\/wp\/v2\/posts\/51453\/revisions\/51455"}],"wp:featuredmedia":[{"embeddable":true,"href":"https:\/\/ondauno.com.ar\/index.php\/wp-json\/wp\/v2\/media\/51454"}],"wp:attachment":[{"href":"https:\/\/ondauno.com.ar\/index.php\/wp-json\/wp\/v2\/media?parent=51453"}],"wp:term":[{"taxonomy":"category","embeddable":true,"href":"https:\/\/ondauno.com.ar\/index.php\/wp-json\/wp\/v2\/categories?post=51453"},{"taxonomy":"post_tag","embeddable":true,"href":"https:\/\/ondauno.com.ar\/index.php\/wp-json\/wp\/v2\/tags?post=51453"}],"curies":[{"name":"wp","href":"https:\/\/api.w.org\/{rel}","templated":true}]}}