{"id":51341,"date":"2024-10-25T18:19:28","date_gmt":"2024-10-25T21:19:28","guid":{"rendered":"https:\/\/ondauno.com.ar\/?p=51341"},"modified":"2024-10-25T18:19:31","modified_gmt":"2024-10-25T21:19:31","slug":"federico-blanco-el-sol-es-necesario-para-la-vida-pero-siempre-con-proteccion-adecuada","status":"publish","type":"post","link":"https:\/\/ondauno.com.ar\/index.php\/2024\/10\/25\/federico-blanco-el-sol-es-necesario-para-la-vida-pero-siempre-con-proteccion-adecuada\/","title":{"rendered":"Federico Blanco: \u201cEl sol es necesario para la vida, pero siempre con protecci\u00f3n adecuada&#8221;"},"content":{"rendered":"<div class=\"ondau-before-content_3\" style=\"margin-top: -30px;\" id=\"ondau-2066184959\"><a href=\"https:\/\/www.lps.com.ar\/\" aria-label=\"la-perse2\"><img loading=\"lazy\" decoding=\"async\" src=\"https:\/\/ondauno.com.ar\/wp-content\/uploads\/2021\/10\/la-perse2.jpg\" alt=\"\"  srcset=\"https:\/\/ondauno.com.ar\/wp-content\/uploads\/2021\/10\/la-perse2.jpg 1353w, https:\/\/ondauno.com.ar\/wp-content\/uploads\/2021\/10\/la-perse2-300x43.jpg 300w, https:\/\/ondauno.com.ar\/wp-content\/uploads\/2021\/10\/la-perse2-1024x148.jpg 1024w, https:\/\/ondauno.com.ar\/wp-content\/uploads\/2021\/10\/la-perse2-768x111.jpg 768w, https:\/\/ondauno.com.ar\/wp-content\/uploads\/2021\/10\/la-perse2-696x100.jpg 696w, https:\/\/ondauno.com.ar\/wp-content\/uploads\/2021\/10\/la-perse2-1068x154.jpg 1068w\" sizes=\"(max-width: 1353px) 100vw, 1353px\" class=\"no-lazyload\" width=\"1353\" height=\"195\"  style=\"display: inline-block;\" \/><\/a><\/div>\n<p>En &#8220;Cosas que pasan&#8221;, el dermat\u00f3logo tresarroyense Federico Blanco habl\u00f3 sobre la reciente tendencia, popularizada en redes sociales como TikTok, de minimizar la importancia del uso de protector solar.<br>Este fen\u00f3meno gener\u00f3 preocupaci\u00f3n, ya que pone en riesgo la salud de la piel de quienes siguen estas pr\u00e1cticas.<\/p>\n\n\n\n<p>Blanco que tambi\u00e9n participa activamente en las campa\u00f1as anuales de prevenci\u00f3n del c\u00e1ncer de piel, explic\u00f3 que \u201clas campa\u00f1as han hecho un efecto positivo. Hoy en d\u00eda, la gente se cuida mucho m\u00e1s del sol y consulta con mayor frecuencia por sus lunares, algo que antes no suced\u00eda tanto\u201d.<\/p>\n\n\n\n<p>Respecto a los avances en la tecnolog\u00eda de los protectores solares, el dermat\u00f3logo destac\u00f3: &#8220;La ciencia ha mejorado los productos para que sean m\u00e1s seguros. Ahora ofrecen protecci\u00f3n tanto contra los rayos UVA como UVB. Incluso, hay ropa y accesorios que vienen con protecci\u00f3n solar&#8221;.<\/p>\n\n\n\n<p>Adem\u00e1s Blanco ofreci\u00f3 recomendaciones a padres y j\u00f3venes para contrarrestar las ideas err\u00f3neas que circulan en redes sociales.<br>\u201cEs importante que los j\u00f3venes investiguen por su cuenta y no sigan ciegamente todo lo que ven en redes. La exposici\u00f3n al sol sin protecci\u00f3n es un riesgo que puede tener consecuencias serias en el futuro\u201d, advirti\u00f3.<\/p>\n\n\n\n<p>Por \u00faltimo subray\u00f3 la importancia de mantener un equilibrio: \u201cEl sol es necesario para la vida, pero siempre con protecci\u00f3n adecuada. Los extremos son malos, y la clave est\u00e1 en encontrar el punto justo entre disfrutar del sol y cuidar nuestra piel\u201d.<\/p>\n\n\n\n<figure class=\"wp-block-embed is-type-video is-provider-youtube wp-block-embed-youtube wp-embed-aspect-16-9 wp-has-aspect-ratio\"><div class=\"wp-block-embed__wrapper\">\n<iframe loading=\"lazy\" title=\"Onda Uno 103.9 en vivo\" width=\"696\" height=\"392\" data-src=\"https:\/\/www.youtube.com\/embed\/g5UTCRkIPOk?feature=oembed\" frameborder=\"0\" allow=\"accelerometer; autoplay; clipboard-write; encrypted-media; gyroscope; picture-in-picture; web-share\" referrerpolicy=\"strict-origin-when-cross-origin\" allowfullscreen src=\"data:image\/gif;base64,R0lGODlhAQABAAAAACH5BAEKAAEALAAAAAABAAEAAAICTAEAOw==\" class=\"lazyload\" data-load-mode=\"1\"><\/iframe>\n<\/div><\/figure>\n","protected":false},"excerpt":{"rendered":"<p>En &#8220;Cosas que pasan&#8221;, el dermat\u00f3logo tresarroyense Federico Blanco habl\u00f3 sobre la reciente tendencia, popularizada en redes sociales como TikTok, de minimizar la importancia del uso de protector solar.Este fen\u00f3meno gener\u00f3 preocupaci\u00f3n, ya que pone en riesgo la salud de la piel de quienes siguen estas pr\u00e1cticas. Blanco que tambi\u00e9n participa activamente en las campa\u00f1as [&hellip;]<\/p>\n","protected":false},"author":1,"featured_media":51342,"comment_status":"open","ping_status":"open","sticky":false,"template":"","format":"standard","meta":{"tdm_status":"","tdm_grid_status":"","_jetpack_memberships_contains_paid_content":false,"footnotes":"","jetpack_publicize_message":"","jetpack_publicize_feature_enabled":true,"jetpack_social_post_already_shared":false,"jetpack_social_options":{"image_generator_settings":{"template":"highway","default_image_id":0,"font":"","enabled":false},"version":2}},"categories":[28],"tags":[],"class_list":{"0":"post-51341","1":"post","2":"type-post","3":"status-publish","4":"format-standard","5":"has-post-thumbnail","7":"category-interes-general"},"yoast_head":"<!-- This site is optimized with the Yoast SEO plugin v22.7 - https:\/\/yoast.com\/wordpress\/plugins\/seo\/ -->\n<title>Federico Blanco: \u201cEl sol es necesario para la vida, pero siempre con protecci\u00f3n adecuada&quot; - 103.9 fm<\/title>\n<meta name=\"robots\" content=\"index, follow, max-snippet:-1, max-image-preview:large, max-video-preview:-1\" \/>\n<link rel=\"canonical\" href=\"https:\/\/ondauno.com.ar\/index.php\/2024\/10\/25\/federico-blanco-el-sol-es-necesario-para-la-vida-pero-siempre-con-proteccion-adecuada\/\" \/>\n<meta property=\"og:locale\" content=\"es_ES\" \/>\n<meta property=\"og:type\" content=\"article\" \/>\n<meta property=\"og:title\" content=\"Federico Blanco: \u201cEl sol es necesario para la vida, pero siempre con protecci\u00f3n adecuada&quot; - 103.9 fm\" \/>\n<meta property=\"og:description\" content=\"En &#8220;Cosas que pasan&#8221;, el dermat\u00f3logo tresarroyense Federico Blanco habl\u00f3 sobre la reciente tendencia, popularizada en redes sociales como TikTok, de minimizar la importancia del uso de protector solar.Este fen\u00f3meno gener\u00f3 preocupaci\u00f3n, ya que pone en riesgo la salud de la piel de quienes siguen estas pr\u00e1cticas. Blanco que tambi\u00e9n participa activamente en las campa\u00f1as [&hellip;]\" \/>\n<meta property=\"og:url\" content=\"https:\/\/ondauno.com.ar\/index.php\/2024\/10\/25\/federico-blanco-el-sol-es-necesario-para-la-vida-pero-siempre-con-proteccion-adecuada\/\" \/>\n<meta property=\"og:site_name\" content=\"103.9 fm\" \/>\n<meta property=\"article:publisher\" content=\"https:\/\/www.facebook.com\/ondauno103.9\" \/>\n<meta property=\"article:published_time\" content=\"2024-10-25T21:19:28+00:00\" \/>\n<meta property=\"article:modified_time\" content=\"2024-10-25T21:19:31+00:00\" \/>\n<meta property=\"og:image\" content=\"http:\/\/ondauno.com.ar\/wp-content\/uploads\/2024\/10\/13923715_1077459635636530_4122101705431037578_o.jpg\" \/>\n\t<meta property=\"og:image:width\" content=\"1082\" \/>\n\t<meta property=\"og:image:height\" content=\"1006\" \/>\n\t<meta property=\"og:image:type\" content=\"image\/jpeg\" \/>\n<meta name=\"author\" content=\"OndaUno\" \/>\n<meta name=\"twitter:card\" content=\"summary_large_image\" \/>\n<meta name=\"twitter:label1\" content=\"Escrito por\" \/>\n\t<meta name=\"twitter:data1\" content=\"OndaUno\" \/>\n\t<meta name=\"twitter:label2\" content=\"Tiempo de lectura\" \/>\n\t<meta name=\"twitter:data2\" content=\"2 minutos\" \/>\n<script type=\"application\/ld+json\" class=\"yoast-schema-graph\">{\"@context\":\"https:\/\/schema.org\",\"@graph\":[{\"@type\":\"WebPage\",\"@id\":\"https:\/\/ondauno.com.ar\/index.php\/2024\/10\/25\/federico-blanco-el-sol-es-necesario-para-la-vida-pero-siempre-con-proteccion-adecuada\/\",\"url\":\"https:\/\/ondauno.com.ar\/index.php\/2024\/10\/25\/federico-blanco-el-sol-es-necesario-para-la-vida-pero-siempre-con-proteccion-adecuada\/\",\"name\":\"Federico Blanco: \u201cEl sol es necesario para la vida, pero siempre con protecci\u00f3n adecuada\\\" - 103.9 fm\",\"isPartOf\":{\"@id\":\"https:\/\/ondauno.com.ar\/#website\"},\"primaryImageOfPage\":{\"@id\":\"https:\/\/ondauno.com.ar\/index.php\/2024\/10\/25\/federico-blanco-el-sol-es-necesario-para-la-vida-pero-siempre-con-proteccion-adecuada\/#primaryimage\"},\"image\":{\"@id\":\"https:\/\/ondauno.com.ar\/index.php\/2024\/10\/25\/federico-blanco-el-sol-es-necesario-para-la-vida-pero-siempre-con-proteccion-adecuada\/#primaryimage\"},\"thumbnailUrl\":\"https:\/\/ondauno.com.ar\/wp-content\/uploads\/2024\/10\/13923715_1077459635636530_4122101705431037578_o.jpg\",\"datePublished\":\"2024-10-25T21:19:28+00:00\",\"dateModified\":\"2024-10-25T21:19:31+00:00\",\"author\":{\"@id\":\"https:\/\/ondauno.com.ar\/#\/schema\/person\/7ec851ddeceb4133d7d7132dc645714e\"},\"breadcrumb\":{\"@id\":\"https:\/\/ondauno.com.ar\/index.php\/2024\/10\/25\/federico-blanco-el-sol-es-necesario-para-la-vida-pero-siempre-con-proteccion-adecuada\/#breadcrumb\"},\"inLanguage\":\"es-AR\",\"potentialAction\":[{\"@type\":\"ReadAction\",\"target\":[\"https:\/\/ondauno.com.ar\/index.php\/2024\/10\/25\/federico-blanco-el-sol-es-necesario-para-la-vida-pero-siempre-con-proteccion-adecuada\/\"]}]},{\"@type\":\"ImageObject\",\"inLanguage\":\"es-AR\",\"@id\":\"https:\/\/ondauno.com.ar\/index.php\/2024\/10\/25\/federico-blanco-el-sol-es-necesario-para-la-vida-pero-siempre-con-proteccion-adecuada\/#primaryimage\",\"url\":\"https:\/\/ondauno.com.ar\/wp-content\/uploads\/2024\/10\/13923715_1077459635636530_4122101705431037578_o.jpg\",\"contentUrl\":\"https:\/\/ondauno.com.ar\/wp-content\/uploads\/2024\/10\/13923715_1077459635636530_4122101705431037578_o.jpg\",\"width\":1082,\"height\":1006},{\"@type\":\"BreadcrumbList\",\"@id\":\"https:\/\/ondauno.com.ar\/index.php\/2024\/10\/25\/federico-blanco-el-sol-es-necesario-para-la-vida-pero-siempre-con-proteccion-adecuada\/#breadcrumb\",\"itemListElement\":[{\"@type\":\"ListItem\",\"position\":1,\"name\":\"Inicio\",\"item\":\"https:\/\/ondauno.com.ar\/\"},{\"@type\":\"ListItem\",\"position\":2,\"name\":\"Federico Blanco: \u201cEl sol es necesario para la vida, pero siempre con protecci\u00f3n adecuada&#8221;\"}]},{\"@type\":\"WebSite\",\"@id\":\"https:\/\/ondauno.com.ar\/#website\",\"url\":\"https:\/\/ondauno.com.ar\/\",\"name\":\"103.9 fm\",\"description\":\"LA PRIMERA RADIO MULTIMEDIA DE TRES ARROYOS\",\"potentialAction\":[{\"@type\":\"SearchAction\",\"target\":{\"@type\":\"EntryPoint\",\"urlTemplate\":\"https:\/\/ondauno.com.ar\/?s={search_term_string}\"},\"query-input\":\"required name=search_term_string\"}],\"inLanguage\":\"es-AR\"},{\"@type\":\"Person\",\"@id\":\"https:\/\/ondauno.com.ar\/#\/schema\/person\/7ec851ddeceb4133d7d7132dc645714e\",\"name\":\"OndaUno\",\"image\":{\"@type\":\"ImageObject\",\"inLanguage\":\"es-AR\",\"@id\":\"https:\/\/ondauno.com.ar\/#\/schema\/person\/image\/\",\"url\":\"https:\/\/secure.gravatar.com\/avatar\/93b8009f0de7021f1feb2bd5b32fb9e8?s=96&d=mm&r=g\",\"contentUrl\":\"https:\/\/secure.gravatar.com\/avatar\/93b8009f0de7021f1feb2bd5b32fb9e8?s=96&d=mm&r=g\",\"caption\":\"OndaUno\"},\"url\":\"https:\/\/ondauno.com.ar\/index.php\/author\/ondauno\/\"}]}<\/script>\n<!-- \/ Yoast SEO plugin. -->","yoast_head_json":{"title":"Federico Blanco: \u201cEl sol es necesario para la vida, pero siempre con protecci\u00f3n adecuada\" - 103.9 fm","robots":{"index":"index","follow":"follow","max-snippet":"max-snippet:-1","max-image-preview":"max-image-preview:large","max-video-preview":"max-video-preview:-1"},"canonical":"https:\/\/ondauno.com.ar\/index.php\/2024\/10\/25\/federico-blanco-el-sol-es-necesario-para-la-vida-pero-siempre-con-proteccion-adecuada\/","og_locale":"es_ES","og_type":"article","og_title":"Federico Blanco: \u201cEl sol es necesario para la vida, pero siempre con protecci\u00f3n adecuada\" - 103.9 fm","og_description":"En &#8220;Cosas que pasan&#8221;, el dermat\u00f3logo tresarroyense Federico Blanco habl\u00f3 sobre la reciente tendencia, popularizada en redes sociales como TikTok, de minimizar la importancia del uso de protector solar.Este fen\u00f3meno gener\u00f3 preocupaci\u00f3n, ya que pone en riesgo la salud de la piel de quienes siguen estas pr\u00e1cticas. Blanco que tambi\u00e9n participa activamente en las campa\u00f1as [&hellip;]","og_url":"https:\/\/ondauno.com.ar\/index.php\/2024\/10\/25\/federico-blanco-el-sol-es-necesario-para-la-vida-pero-siempre-con-proteccion-adecuada\/","og_site_name":"103.9 fm","article_publisher":"https:\/\/www.facebook.com\/ondauno103.9","article_published_time":"2024-10-25T21:19:28+00:00","article_modified_time":"2024-10-25T21:19:31+00:00","og_image":[{"width":1082,"height":1006,"url":"http:\/\/ondauno.com.ar\/wp-content\/uploads\/2024\/10\/13923715_1077459635636530_4122101705431037578_o.jpg","type":"image\/jpeg"}],"author":"OndaUno","twitter_card":"summary_large_image","twitter_misc":{"Escrito por":"OndaUno","Tiempo de lectura":"2 minutos"},"schema":{"@context":"https:\/\/schema.org","@graph":[{"@type":"WebPage","@id":"https:\/\/ondauno.com.ar\/index.php\/2024\/10\/25\/federico-blanco-el-sol-es-necesario-para-la-vida-pero-siempre-con-proteccion-adecuada\/","url":"https:\/\/ondauno.com.ar\/index.php\/2024\/10\/25\/federico-blanco-el-sol-es-necesario-para-la-vida-pero-siempre-con-proteccion-adecuada\/","name":"Federico Blanco: \u201cEl sol es necesario para la vida, pero siempre con protecci\u00f3n adecuada\" - 103.9 fm","isPartOf":{"@id":"https:\/\/ondauno.com.ar\/#website"},"primaryImageOfPage":{"@id":"https:\/\/ondauno.com.ar\/index.php\/2024\/10\/25\/federico-blanco-el-sol-es-necesario-para-la-vida-pero-siempre-con-proteccion-adecuada\/#primaryimage"},"image":{"@id":"https:\/\/ondauno.com.ar\/index.php\/2024\/10\/25\/federico-blanco-el-sol-es-necesario-para-la-vida-pero-siempre-con-proteccion-adecuada\/#primaryimage"},"thumbnailUrl":"https:\/\/ondauno.com.ar\/wp-content\/uploads\/2024\/10\/13923715_1077459635636530_4122101705431037578_o.jpg","datePublished":"2024-10-25T21:19:28+00:00","dateModified":"2024-10-25T21:19:31+00:00","author":{"@id":"https:\/\/ondauno.com.ar\/#\/schema\/person\/7ec851ddeceb4133d7d7132dc645714e"},"breadcrumb":{"@id":"https:\/\/ondauno.com.ar\/index.php\/2024\/10\/25\/federico-blanco-el-sol-es-necesario-para-la-vida-pero-siempre-con-proteccion-adecuada\/#breadcrumb"},"inLanguage":"es-AR","potentialAction":[{"@type":"ReadAction","target":["https:\/\/ondauno.com.ar\/index.php\/2024\/10\/25\/federico-blanco-el-sol-es-necesario-para-la-vida-pero-siempre-con-proteccion-adecuada\/"]}]},{"@type":"ImageObject","inLanguage":"es-AR","@id":"https:\/\/ondauno.com.ar\/index.php\/2024\/10\/25\/federico-blanco-el-sol-es-necesario-para-la-vida-pero-siempre-con-proteccion-adecuada\/#primaryimage","url":"https:\/\/ondauno.com.ar\/wp-content\/uploads\/2024\/10\/13923715_1077459635636530_4122101705431037578_o.jpg","contentUrl":"https:\/\/ondauno.com.ar\/wp-content\/uploads\/2024\/10\/13923715_1077459635636530_4122101705431037578_o.jpg","width":1082,"height":1006},{"@type":"BreadcrumbList","@id":"https:\/\/ondauno.com.ar\/index.php\/2024\/10\/25\/federico-blanco-el-sol-es-necesario-para-la-vida-pero-siempre-con-proteccion-adecuada\/#breadcrumb","itemListElement":[{"@type":"ListItem","position":1,"name":"Inicio","item":"https:\/\/ondauno.com.ar\/"},{"@type":"ListItem","position":2,"name":"Federico Blanco: \u201cEl sol es necesario para la vida, pero siempre con protecci\u00f3n adecuada&#8221;"}]},{"@type":"WebSite","@id":"https:\/\/ondauno.com.ar\/#website","url":"https:\/\/ondauno.com.ar\/","name":"103.9 fm","description":"LA PRIMERA RADIO MULTIMEDIA DE TRES ARROYOS","potentialAction":[{"@type":"SearchAction","target":{"@type":"EntryPoint","urlTemplate":"https:\/\/ondauno.com.ar\/?s={search_term_string}"},"query-input":"required name=search_term_string"}],"inLanguage":"es-AR"},{"@type":"Person","@id":"https:\/\/ondauno.com.ar\/#\/schema\/person\/7ec851ddeceb4133d7d7132dc645714e","name":"OndaUno","image":{"@type":"ImageObject","inLanguage":"es-AR","@id":"https:\/\/ondauno.com.ar\/#\/schema\/person\/image\/","url":"https:\/\/secure.gravatar.com\/avatar\/93b8009f0de7021f1feb2bd5b32fb9e8?s=96&d=mm&r=g","contentUrl":"https:\/\/secure.gravatar.com\/avatar\/93b8009f0de7021f1feb2bd5b32fb9e8?s=96&d=mm&r=g","caption":"OndaUno"},"url":"https:\/\/ondauno.com.ar\/index.php\/author\/ondauno\/"}]}},"jetpack_publicize_connections":[],"jetpack_featured_media_url":"https:\/\/ondauno.com.ar\/wp-content\/uploads\/2024\/10\/13923715_1077459635636530_4122101705431037578_o.jpg","jetpack_sharing_enabled":true,"_links":{"self":[{"href":"https:\/\/ondauno.com.ar\/index.php\/wp-json\/wp\/v2\/posts\/51341","targetHints":{"allow":["GET"]}}],"collection":[{"href":"https:\/\/ondauno.com.ar\/index.php\/wp-json\/wp\/v2\/posts"}],"about":[{"href":"https:\/\/ondauno.com.ar\/index.php\/wp-json\/wp\/v2\/types\/post"}],"author":[{"embeddable":true,"href":"https:\/\/ondauno.com.ar\/index.php\/wp-json\/wp\/v2\/users\/1"}],"replies":[{"embeddable":true,"href":"https:\/\/ondauno.com.ar\/index.php\/wp-json\/wp\/v2\/comments?post=51341"}],"version-history":[{"count":1,"href":"https:\/\/ondauno.com.ar\/index.php\/wp-json\/wp\/v2\/posts\/51341\/revisions"}],"predecessor-version":[{"id":51343,"href":"https:\/\/ondauno.com.ar\/index.php\/wp-json\/wp\/v2\/posts\/51341\/revisions\/51343"}],"wp:featuredmedia":[{"embeddable":true,"href":"https:\/\/ondauno.com.ar\/index.php\/wp-json\/wp\/v2\/media\/51342"}],"wp:attachment":[{"href":"https:\/\/ondauno.com.ar\/index.php\/wp-json\/wp\/v2\/media?parent=51341"}],"wp:term":[{"taxonomy":"category","embeddable":true,"href":"https:\/\/ondauno.com.ar\/index.php\/wp-json\/wp\/v2\/categories?post=51341"},{"taxonomy":"post_tag","embeddable":true,"href":"https:\/\/ondauno.com.ar\/index.php\/wp-json\/wp\/v2\/tags?post=51341"}],"curies":[{"name":"wp","href":"https:\/\/api.w.org\/{rel}","templated":true}]}}