{"id":5104,"date":"2020-01-27T09:57:01","date_gmt":"2020-01-27T12:57:01","guid":{"rendered":"http:\/\/ondauno.com.ar\/?p=5104"},"modified":"2020-01-27T09:58:50","modified_gmt":"2020-01-27T12:58:50","slug":"homenajes-por-la-muerte-de-kobe-bryant","status":"publish","type":"post","link":"https:\/\/ondauno.com.ar\/index.php\/2020\/01\/27\/homenajes-por-la-muerte-de-kobe-bryant\/","title":{"rendered":"Homenajes por la muerte de Kobe Bryant"},"content":{"rendered":"<div class=\"ondau-before-content_3\" style=\"margin-top: -30px;\" id=\"ondau-863363819\"><a href=\"https:\/\/www.lps.com.ar\/\" aria-label=\"la-perse2\"><img loading=\"lazy\" decoding=\"async\" src=\"https:\/\/ondauno.com.ar\/wp-content\/uploads\/2021\/10\/la-perse2.jpg\" alt=\"\"  srcset=\"https:\/\/ondauno.com.ar\/wp-content\/uploads\/2021\/10\/la-perse2.jpg 1353w, https:\/\/ondauno.com.ar\/wp-content\/uploads\/2021\/10\/la-perse2-300x43.jpg 300w, https:\/\/ondauno.com.ar\/wp-content\/uploads\/2021\/10\/la-perse2-1024x148.jpg 1024w, https:\/\/ondauno.com.ar\/wp-content\/uploads\/2021\/10\/la-perse2-768x111.jpg 768w, https:\/\/ondauno.com.ar\/wp-content\/uploads\/2021\/10\/la-perse2-696x100.jpg 696w, https:\/\/ondauno.com.ar\/wp-content\/uploads\/2021\/10\/la-perse2-1068x154.jpg 1068w\" sizes=\"(max-width: 1353px) 100vw, 1353px\" class=\"no-lazyload\" width=\"1353\" height=\"195\"  style=\"display: inline-block;\" \/><\/a><\/div>\n<p>Famosos del deporte, celebridades y hasta pol\u00edticos lamentan la muerte de Kobe Bryant. El coronavirus sigue sin control en China. El brexit por fin llega a la meta. Taylor Swift habla de una lucha personal en Netflix. Adem\u00e1s: conoce lo que te depara en el a\u00f1o de rata.&nbsp;<em>Esto es lo que debes saber para comenzar el d\u00eda.<\/em><strong>Primero la verdad.<\/strong><\/p>\n\n\n\n<p>Por&nbsp;<strong>CNN en Espa\u00f1ol<\/strong><\/p>\n\n\n\n<figure class=\"wp-block-image\"><img decoding=\"async\" data-src=\"https:\/\/ci5.googleusercontent.com\/proxy\/4vR0BgSts7MpNs1i9T3T5mVc0RZCO00Tq9aXUPhY1D8mqJWrkAKqagdTwPWQikeyS1HnNf8PL58OkLKtVibmEjNMI3LXQpQE-HTJAbVR5lb04WqDSfKH3kUCeUeEN_2Cs2-Jj5mRn0NBm_k8puqXvGWk4KtMdDaS4I0=s0-d-e1-ft#https:\/\/gallery.mailchimp.com\/47c9040f6ff957a59bd88396e\/images\/6f2cbc96-f9b8-49dd-805f-40918071fa96.jpg\" alt=\"\" src=\"data:image\/gif;base64,R0lGODlhAQABAAAAACH5BAEKAAEALAAAAAABAAEAAAICTAEAOw==\" class=\"lazyload\" \/><noscript><img decoding=\"async\" src=\"https:\/\/ci5.googleusercontent.com\/proxy\/4vR0BgSts7MpNs1i9T3T5mVc0RZCO00Tq9aXUPhY1D8mqJWrkAKqagdTwPWQikeyS1HnNf8PL58OkLKtVibmEjNMI3LXQpQE-HTJAbVR5lb04WqDSfKH3kUCeUeEN_2Cs2-Jj5mRn0NBm_k8puqXvGWk4KtMdDaS4I0=s0-d-e1-ft#https:\/\/gallery.mailchimp.com\/47c9040f6ff957a59bd88396e\/images\/6f2cbc96-f9b8-49dd-805f-40918071fa96.jpg\" alt=\"\"\/><\/noscript><\/figure>\n\n\n\n<p>Muere Kobe Bryant<\/p>\n\n\n\n<p>El mundo del deporte lamenta la muerte de&nbsp;<a href=\"https:\/\/cnn.us11.list-manage.com\/track\/click?u=47c9040f6ff957a59bd88396e&amp;id=8d9dc8d939&amp;e=6b3d277c3f\" target=\"_blank\" rel=\"noreferrer noopener\">Kobe Bryant<\/a>, la leyenda de la NBA, el basquetbolista que dedic\u00f3 su vida a los Lakers, el medallista ol\u00edmpico.&nbsp;<a href=\"https:\/\/cnn.us11.list-manage.com\/track\/click?u=47c9040f6ff957a59bd88396e&amp;id=8aadc98901&amp;e=6b3d277c3f\" target=\"_blank\" rel=\"noreferrer noopener\">Un helic\u00f3ptero se precipit\u00f3 a tierra<\/a>&nbsp;este domingo en Calabasas, California, con 9 personas en su interior. No hubo sobrevivientes. La tragedia cobr\u00f3 otra dimensi\u00f3n cuando se supo que Bryant viajaba con su hija de 13 a\u00f1os, seg\u00fan el sheriff del condado de Los \u00c1ngeles Alex Villanueva. En el momento del accidente hab\u00eda una \u201cvisibilidad extremadamente baja\u201d y las causas del siniestro todav\u00eda son objeto de investigaci\u00f3n. Famosos&nbsp;<a href=\"https:\/\/cnn.us11.list-manage.com\/track\/click?u=47c9040f6ff957a59bd88396e&amp;id=7d83b379c2&amp;e=6b3d277c3f\" target=\"_blank\" rel=\"noreferrer noopener\">deportistas, celebridades y l\u00edderes pol\u00edticos<\/a>&nbsp;han manifestado su pesar.&nbsp;<a href=\"https:\/\/cnn.us11.list-manage.com\/track\/click?u=47c9040f6ff957a59bd88396e&amp;id=2f14be4563&amp;e=6b3d277c3f\" target=\"_blank\" rel=\"noreferrer noopener\">Esto es lo \u00faltimo sobre la muerte de Kobe Bryant<\/a>.<\/p>\n\n\n\n<p>Coronavirus<\/p>\n\n\n\n<p>El coronavirus sigue propag\u00e1ndoseEste lunes las muertes por coronavirus de Wuhan aumentaron a 80, con m\u00e1s de 2.700 casos confirmados, la mayor\u00eda en China continental, seg\u00fan un comunicado publicado por la Comisi\u00f3n Nacional de Salud de ese pa\u00eds. China advirti\u00f3 el domingo por medio de su ministro de salud que las personas pueden contagiarse con el virus antes de tener s\u00edntomas, algo que eleva el riesgo de propagaci\u00f3n. Esta crisis se desarrolla durante la temporada festiva del A\u00f1o Nuevo Lunar.\u00a0<a rel=\"noreferrer noopener\" href=\"https:\/\/cnn.us11.list-manage.com\/track\/click?u=47c9040f6ff957a59bd88396e&amp;id=43447b6020&amp;e=6b3d277c3f\" target=\"_blank\">Esto es lo m\u00e1s reciente sobre esta emergencia.<\/a><\/p>\n\n\n\n<p>BREXIT<\/p>\n\n\n\n<p>El brexit se hace realidadTras a\u00f1os de disputas pol\u00edticas, idas a las urnas y muchos titulares de prensa, el Reino Unido se separar\u00e1 de la Uni\u00f3n Europea el viernes 31 de enero. Empieza una segunda fase (nada f\u00e1cil) de negociaciones comerciales con la UE, en un periodo de transici\u00f3n de 11 meses, puesto que el Reino Unido seguir\u00e1 operando bajo las normas comerciales de la UE hasta el 31 de diciembre.<\/p>\n\n\n\n<p>JUICIO POL\u00cdTICO A TRUMP<\/p>\n\n\n\n<p>Contin\u00faa la defensa de Trump en el juicio pol\u00edticoTras una sesi\u00f3n el s\u00e1bado en donde comenz\u00f3<a rel=\"noreferrer noopener\" href=\"https:\/\/cnn.us11.list-manage.com\/track\/click?u=47c9040f6ff957a59bd88396e&amp;id=6fd692501e&amp;e=6b3d277c3f\" target=\"_blank\">\u00a0la defensa del equipo legal del presidente Trump<\/a>, este lunes se reanuda el juicio pol\u00edtico. Se espera que los abogados del mandatario, liderados por Pat Cipollone, contin\u00faen con sus argumentos al tiempo que los dem\u00f3cratas solicitan llamar a testigos. Un veredicto podr\u00eda darse esta semana.<\/p>\n\n\n\n<p>CINCO GRAMMYS A LOS 18 A\u00d1OS<\/p>\n\n\n\n<p><\/p>\n\n\n\n<p>Billie Eilish conquista los GrammyBillie Eilish, de 18 a\u00f1os,&nbsp;<a href=\"https:\/\/cnn.us11.list-manage.com\/track\/click?u=47c9040f6ff957a59bd88396e&amp;id=72957a9dcd&amp;e=6b3d277c3f\" target=\"_blank\" rel=\"noreferrer noopener\">arras\u00f3 con los cuatro premios principales de los Grammy 2020<\/a>: mejor artista nuevo, grabaci\u00f3n del a\u00f1o, \u00e1lbum del a\u00f1o y canci\u00f3n del a\u00f1o. Tambi\u00e9n se llev\u00f3 el premio a mejor \u00e1lbum vocal pop, sumando un total de cinco Grammy. Esta es&nbsp;<a href=\"https:\/\/cnn.us11.list-manage.com\/track\/click?u=47c9040f6ff957a59bd88396e&amp;id=cc7c8dbf4a&amp;e=6b3d277c3f\" target=\"_blank\" rel=\"noreferrer noopener\">la lista de ganadores<\/a>&nbsp;y tambi\u00e9n te decimos qui\u00e9nes fueron&nbsp;<a href=\"https:\/\/cnn.us11.list-manage.com\/track\/click?u=47c9040f6ff957a59bd88396e&amp;id=35fe245219&amp;e=6b3d277c3f\" target=\"_blank\" rel=\"noreferrer noopener\">los artistas latinos que se llevaron un premio a casa<\/a>.Advertisement<\/p>\n\n\n\n<figure class=\"wp-block-image\"><a href=\"https:\/\/cnn.us11.list-manage.com\/track\/click?u=47c9040f6ff957a59bd88396e&amp;id=e0342015a5&amp;e=6b3d277c3f\" target=\"_blank\" rel=\"noreferrer noopener\"><img decoding=\"async\" src=\"https:\/\/ci5.googleusercontent.com\/proxy\/9FHt4uW9CTJwyA9vBMrqlKa8scc8XFRVFTBfPuJf5JxqGutJPG0C9YbsDfShBb6IPtgtVeNF8NdAmS3HMBlKMpE1NfUaD8WD_hfCyl7_cDwlHkJ_g93jQqHCH8BGUNgm=s0-d-e1-ft#https:\/\/li.cnn.com\/imp?s=708204&amp;li=16838af8b1&amp;e=<span \n                data-original-string=\"zs7xppWMKS4Ev9TzMNFiTtnS3UXGo8ScsxCVFfG2Xsw=\"\n                class=\"apbct-email-encoder\"\n                title=\"This contact has been encoded by Anti-Spam by CleanTalk. Click to decode. To finish the decoding make sure that JavaScript is enabled in your browser.\">av****@gm***.com<\/span>&amp;p=ed40668ef5\" alt=\"\"\/><\/a><\/figure>\n\n\n\n<figure class=\"wp-block-image\"><a href=\"https:\/\/cnn.us11.list-manage.com\/track\/click?u=47c9040f6ff957a59bd88396e&amp;id=968ffd6758&amp;e=6b3d277c3f\" target=\"_blank\" rel=\"noreferrer noopener\"><img decoding=\"async\" src=\"https:\/\/ci3.googleusercontent.com\/proxy\/8x0KFlZPG2EGGprenx8cNfhBvnFkRWiBajsIDchsQDGsoJBaWWTuLV-hZrJE1QrOOFcf_EjysFDKjvJ9TINP5NvLoASKLhJL2ujztJWwFXirOl4B6jfiD8Y3OzKUdtio=s0-d-e1-ft#https:\/\/li.cnn.com\/imp?s=708205&amp;li=16838af8b1&amp;e=<span \n                data-original-string=\"zs7xppWMKS4Ev9TzMNFiTtnS3UXGo8ScsxCVFfG2Xsw=\"\n                class=\"apbct-email-encoder\"\n                title=\"This contact has been encoded by Anti-Spam by CleanTalk. Click to decode. To finish the decoding make sure that JavaScript is enabled in your browser.\">av****@gm***.com<\/span>&amp;p=ed40668ef5\" alt=\"\"\/><\/a><\/figure>\n\n\n\n<figure class=\"wp-block-image\"><a href=\"https:\/\/cnn.us11.list-manage.com\/track\/click?u=47c9040f6ff957a59bd88396e&amp;id=6b4d982c2d&amp;e=6b3d277c3f\" target=\"_blank\" rel=\"noreferrer noopener\"><img decoding=\"async\" src=\"https:\/\/ci5.googleusercontent.com\/proxy\/NY7amf_FfdZ5C0wotfdulBt4ao8n8jANqESU4XDLVr5jPFXQzyvmM4bqvUKe23kxJqBKsS7oirFv2GlwSou9eT1gvwZgbNKlQWsPTtaWB_tWWWXxzM00vefneh1M0P9I=s0-d-e1-ft#https:\/\/li.cnn.com\/imp?s=708207&amp;li=16838af8b1&amp;e=<span \n                data-original-string=\"zs7xppWMKS4Ev9TzMNFiTtnS3UXGo8ScsxCVFfG2Xsw=\"\n                class=\"apbct-email-encoder\"\n                title=\"This contact has been encoded by Anti-Spam by CleanTalk. Click to decode. To finish the decoding make sure that JavaScript is enabled in your browser.\">av****@gm***.com<\/span>&amp;p=ed40668ef5\" alt=\"\"\/><\/a><\/figure>\n\n\n\n<figure class=\"wp-block-image\"><img decoding=\"async\" data-src=\"https:\/\/ci4.googleusercontent.com\/proxy\/bVmWRgf8YzzWiu8wqv9KoYNUKWIrqNaFIhZRSc9JVy-AtPvMdvV7URXHU5r-EnH_YyD4YD2Jp8Nisuut5khqNVCbRQdkxgKuRbaPPLZWJswA9reIHCj8LJTMb4_1ciG2B2nYM-2YtfI3h0CZCfV49DUN9uF-I50c5WM=s0-d-e1-ft#https:\/\/gallery.mailchimp.com\/47c9040f6ff957a59bd88396e\/images\/833bcfe8-22a2-488c-bd2d-03606d4bdec7.png\" alt=\"\" src=\"data:image\/gif;base64,R0lGODlhAQABAAAAACH5BAEKAAEALAAAAAABAAEAAAICTAEAOw==\" class=\"lazyload\" \/><noscript><img decoding=\"async\" src=\"https:\/\/ci4.googleusercontent.com\/proxy\/bVmWRgf8YzzWiu8wqv9KoYNUKWIrqNaFIhZRSc9JVy-AtPvMdvV7URXHU5r-EnH_YyD4YD2Jp8Nisuut5khqNVCbRQdkxgKuRbaPPLZWJswA9reIHCj8LJTMb4_1ciG2B2nYM-2YtfI3h0CZCfV49DUN9uF-I50c5WM=s0-d-e1-ft#https:\/\/gallery.mailchimp.com\/47c9040f6ff957a59bd88396e\/images\/833bcfe8-22a2-488c-bd2d-03606d4bdec7.png\" alt=\"\"\/><\/noscript><\/figure>\n\n\n\n<p><strong><\/strong><br \/><em>La gente est\u00e1 hablando de esto. Ent\u00e9rate y participa.<\/em><\/p>\n\n\n\n<p><strong>Super Bowl en Miami<\/strong><\/p>\n\n\n\n<p>El pr\u00f3ximo domingo los Kansas City Chiefs y los San Francisco 49ers disputar\u00e1n la final del f\u00fatbol americano.&nbsp;<a href=\"https:\/\/cnn.us11.list-manage.com\/track\/click?u=47c9040f6ff957a59bd88396e&amp;id=f6ca341650&amp;e=6b3d277c3f\" target=\"_blank\" rel=\"noreferrer noopener\">Promete tener la entradas m\u00e1s caras de la historia<\/a>. CNN tendr\u00e1 cobertura toda la semana.<\/p>\n\n\n\n<p><strong>La supergigante estrella de Betelgeuse explotar\u00e1<\/strong><\/p>\n\n\n\n<p>Es una de las m\u00e1s brillantes de la constelaci\u00f3n de Ori\u00f3n. Astr\u00f3nomos estiman&nbsp;<a href=\"https:\/\/cnn.us11.list-manage.com\/track\/click?u=47c9040f6ff957a59bd88396e&amp;id=15195fc647&amp;e=6b3d277c3f\" target=\"_blank\" rel=\"noreferrer noopener\">que podr\u00eda explotar en cualquier momento<\/a>&nbsp;en las pr\u00f3ximas semanas, o en los pr\u00f3ximos 100.000 a\u00f1os. Y as\u00ed se ver\u00eda.<\/p>\n\n\n\n<p><strong>\u00bfC\u00f3mo ser\u00e1 el a\u00f1o de la rata?<\/strong><\/p>\n\n\n\n<p>So Man-fung Peter, uno de los consultores de geomancia m\u00e1s famosos de Hong Kong, nos da algunas&nbsp;<a href=\"https:\/\/cnn.us11.list-manage.com\/track\/click?u=47c9040f6ff957a59bd88396e&amp;id=a870ba7854&amp;e=6b3d277c3f\" target=\"_blank\" rel=\"noreferrer noopener\">predicciones para este 2020<\/a>&nbsp;seg\u00fan el animal del a\u00f1o en que naciste.<\/p>\n\n\n\n<p><strong>5 destinos luchan contra el exceso de turismo<\/strong><\/p>\n\n\n\n<p>Amsterdam, Venecia, Dubrovnik, Barcelona y Santorini han decidido tomar&nbsp;<a href=\"https:\/\/cnn.us11.list-manage.com\/track\/click?u=47c9040f6ff957a59bd88396e&amp;id=9a6b676f34&amp;e=6b3d277c3f\" target=\"_blank\" rel=\"noreferrer noopener\">medidas contra el turismo excesivo<\/a>&nbsp;en 2020. \u00bfFuncionar\u00e1n estos planes?<\/p>\n\n\n\n<p><strong>Taylor Swift relata su batalla con los des\u00f3rdenes alimenticios<\/strong><\/p>\n\n\n\n<p>La estrella de pop cuenta c\u00f3mo super\u00f3 un trastorno de alimentaci\u00f3n en el documental \u201cMiss Americana\u201d, que se estrenar\u00e1&nbsp;<a href=\"https:\/\/cnn.us11.list-manage.com\/track\/click?u=47c9040f6ff957a59bd88396e&amp;id=e43e09d61e&amp;e=6b3d277c3f\" target=\"_blank\" rel=\"noreferrer noopener\">el 31 de enero en Netflix<\/a>.<\/p>\n\n\n\n<p>75<br \/>75 a\u00f1os han pasado desde la liberaci\u00f3n del campo de Auschwitz, tristemente c\u00e9lebre por ser uno de los puntos centrales del holocausto. Hoy es el&nbsp;<a href=\"https:\/\/cnn.us11.list-manage.com\/track\/click?u=47c9040f6ff957a59bd88396e&amp;id=436093b3c4&amp;e=6b3d277c3f\" target=\"_blank\" rel=\"noreferrer noopener\">d\u00eda internacional<\/a>&nbsp;en memoria de las v\u00edctimas del holocausto&nbsp;y CNN en Espa\u00f1ol presenta&nbsp;<a href=\"https:\/\/cnn.us11.list-manage.com\/track\/click?u=47c9040f6ff957a59bd88396e&amp;id=b4b0ecdf44&amp;e=6b3d277c3f\" target=\"_blank\" rel=\"noreferrer noopener\">el documental \u2018Las voces de Auschwitz\u2019<\/a>.<\/p>\n\n\n\n<figure class=\"wp-block-image\"><img decoding=\"async\" data-src=\"https:\/\/ci4.googleusercontent.com\/proxy\/WJbVktXMbFiXEITMrnnbbrBBVm-ieu4nsXRxr29awG29dY5GR-Ba0NzSgpJitPVMxh9gBn3HsifdQEGQZpBN3yiNQOW1iYslnGDVZFxKjpJtFQgNM_xLYpWG_VS1bhfPHbryZxSysRyvbyhKkF8xd3y9AP1b9vMUBZk=s0-d-e1-ft#https:\/\/gallery.mailchimp.com\/47c9040f6ff957a59bd88396e\/images\/a938660c-ff6e-4e0a-960e-94386d300c2e.png\" alt=\"\" src=\"data:image\/gif;base64,R0lGODlhAQABAAAAACH5BAEKAAEALAAAAAABAAEAAAICTAEAOw==\" class=\"lazyload\" \/><noscript><img decoding=\"async\" src=\"https:\/\/ci4.googleusercontent.com\/proxy\/WJbVktXMbFiXEITMrnnbbrBBVm-ieu4nsXRxr29awG29dY5GR-Ba0NzSgpJitPVMxh9gBn3HsifdQEGQZpBN3yiNQOW1iYslnGDVZFxKjpJtFQgNM_xLYpWG_VS1bhfPHbryZxSysRyvbyhKkF8xd3y9AP1b9vMUBZk=s0-d-e1-ft#https:\/\/gallery.mailchimp.com\/47c9040f6ff957a59bd88396e\/images\/a938660c-ff6e-4e0a-960e-94386d300c2e.png\" alt=\"\"\/><\/noscript><\/figure>\n\n\n\n<p>Las palabras no pueden describir el dolor que siento. Quer\u00eda a Kobe, era como un hermano menor para m\u00ed&#8221;<br \/>Lo dijo Michael Jordan el domingo en un comunicado publicado por su portavoz, en el que adem\u00e1s asegura que est\u00e1 \u201cen shock\u201d&nbsp;<a href=\"https:\/\/cnn.us11.list-manage.com\/track\/click?u=47c9040f6ff957a59bd88396e&amp;id=1e0597fdb1&amp;e=6b3d277c3f\" target=\"_blank\" rel=\"noreferrer noopener\">por la muerte de Kobe y Gianna<\/a>.<\/p>\n\n\n\n<figure class=\"wp-block-image\"><img decoding=\"async\" data-src=\"https:\/\/ci3.googleusercontent.com\/proxy\/Ifk1plR2NShtSKr7zrvfVUxc2bOYQhOEnPTv3AqmDsAsBku9Oc7VqCPzSCH7kJsOK_eH8xp4o9-dwskNwrHTUvoSSSGyjKxv-MipiHXF3kR-Qa6c8f8rYwXgLWmN002ucFrEWoGOsdViNhrQSm200_xavtcLswwUlVo=s0-d-e1-ft#https:\/\/gallery.mailchimp.com\/47c9040f6ff957a59bd88396e\/images\/c6b0e7f4-cf96-4cea-b8a8-c711592cb6ab.png\" alt=\"\" src=\"data:image\/gif;base64,R0lGODlhAQABAAAAACH5BAEKAAEALAAAAAABAAEAAAICTAEAOw==\" class=\"lazyload\" \/><noscript><img decoding=\"async\" src=\"https:\/\/ci3.googleusercontent.com\/proxy\/Ifk1plR2NShtSKr7zrvfVUxc2bOYQhOEnPTv3AqmDsAsBku9Oc7VqCPzSCH7kJsOK_eH8xp4o9-dwskNwrHTUvoSSSGyjKxv-MipiHXF3kR-Qa6c8f8rYwXgLWmN002ucFrEWoGOsdViNhrQSm200_xavtcLswwUlVo=s0-d-e1-ft#https:\/\/gallery.mailchimp.com\/47c9040f6ff957a59bd88396e\/images\/c6b0e7f4-cf96-4cea-b8a8-c711592cb6ab.png\" alt=\"\"\/><\/noscript><\/figure>\n\n\n\n<p><strong><\/strong><\/p>\n\n\n\n<figure class=\"wp-block-image\"><a href=\"https:\/\/cnn.us11.list-manage.com\/track\/click?u=47c9040f6ff957a59bd88396e&amp;id=457a386c00&amp;e=6b3d277c3f\" target=\"_blank\" rel=\"noreferrer noopener\"><img decoding=\"async\" data-src=\"https:\/\/ci5.googleusercontent.com\/proxy\/xXwNAT8COQtYJ_JNi4H4TuCt_JXZkJ_swod5XDSaFiKBk6YGmurt6oJRLotVoMJY-ldPVaI92RUdaC8S-OPrXBKeAWy6FI91bwL1IfdSf8U4UDyXoqwpI5h_qgfAxwgPzXUMFMFrGPBdR4FGQzYG8FWQZDn-dvnWF-E=s0-d-e1-ft#https:\/\/gallery.mailchimp.com\/47c9040f6ff957a59bd88396e\/images\/1b7a2fb2-ac8d-46cd-842c-255b80dafc5a.jpg\" alt=\"\" src=\"data:image\/gif;base64,R0lGODlhAQABAAAAACH5BAEKAAEALAAAAAABAAEAAAICTAEAOw==\" class=\"lazyload\" \/><noscript><img decoding=\"async\" src=\"https:\/\/ci5.googleusercontent.com\/proxy\/xXwNAT8COQtYJ_JNi4H4TuCt_JXZkJ_swod5XDSaFiKBk6YGmurt6oJRLotVoMJY-ldPVaI92RUdaC8S-OPrXBKeAWy6FI91bwL1IfdSf8U4UDyXoqwpI5h_qgfAxwgPzXUMFMFrGPBdR4FGQzYG8FWQZDn-dvnWF-E=s0-d-e1-ft#https:\/\/gallery.mailchimp.com\/47c9040f6ff957a59bd88396e\/images\/1b7a2fb2-ac8d-46cd-842c-255b80dafc5a.jpg\" alt=\"\"\/><\/noscript><\/a><\/figure>\n\n\n\n<p><strong>Lo comparan con Einstein: el argentino con el coeficiente intelectual m\u00e1s alto<\/strong><br \/>Jos\u00e9 Luis Mart\u00ednez es el presidente de MENSA Argentina, un club que&nbsp;<a href=\"https:\/\/cnn.us11.list-manage.com\/track\/click?u=47c9040f6ff957a59bd88396e&amp;id=6e65cdb676&amp;e=6b3d277c3f\" target=\"_blank\" rel=\"noreferrer noopener\">re\u00fane a la gente con el coeficiente intelectual m\u00e1s alto del mundo<\/a>.Advertisement<\/p>\n\n\n\n<figure class=\"wp-block-image\"><a href=\"https:\/\/cnn.us11.list-manage.com\/track\/click?u=47c9040f6ff957a59bd88396e&amp;id=f1cf14f31a&amp;e=6b3d277c3f\" target=\"_blank\" rel=\"noreferrer noopener\"><img decoding=\"async\" src=\"https:\/\/ci5.googleusercontent.com\/proxy\/8WtowDhd7RQkbs-F58b1maR6e-gXs1ulJ_YLEkpx-NaaDKj1acmvE30O4lYz59NUsPKN17jTt4lvLuO_76hD0g4DRHmyG3562qYgwiZI-Po5-gy_wd5A3OI0CiZjhqkt=s0-d-e1-ft#https:\/\/li.cnn.com\/imp?s=708208&amp;li=16838af8b1&amp;e=<span \n                data-original-string=\"zs7xppWMKS4Ev9TzMNFiTtnS3UXGo8ScsxCVFfG2Xsw=\"\n                class=\"apbct-email-encoder\"\n                title=\"This contact has been encoded by Anti-Spam by CleanTalk. Click to decode. To finish the decoding make sure that JavaScript is enabled in your browser.\">av****@gm***.com<\/span>&amp;p=ed40668ef5\" alt=\"\"\/><\/a><\/figure>\n\n\n\n<figure class=\"wp-block-image\"><a href=\"https:\/\/cnn.us11.list-manage.com\/track\/click?u=47c9040f6ff957a59bd88396e&amp;id=169ca3b77f&amp;e=6b3d277c3f\" target=\"_blank\" rel=\"noreferrer noopener\"><img decoding=\"async\" src=\"https:\/\/ci5.googleusercontent.com\/proxy\/gLaGw8iPMFlEDvb6ijExR8FX3sX6BJXWBlo6vIHDnwHAVnclcuHh7H2UsMKr12lICw7AxWvmyw-Ta9oQaOFP6g9s5VDc3dMnbHbgaiAADU-tptUXJSr-0PzvXZY3QKd0=s0-d-e1-ft#https:\/\/li.cnn.com\/imp?s=708209&amp;li=16838af8b1&amp;e=<span \n                data-original-string=\"zs7xppWMKS4Ev9TzMNFiTtnS3UXGo8ScsxCVFfG2Xsw=\"\n                class=\"apbct-email-encoder\"\n                title=\"This contact has been encoded by Anti-Spam by CleanTalk. Click to decode. To finish the decoding make sure that JavaScript is enabled in your browser.\">av****@gm***.com<\/span>&amp;p=ed40668ef5\" alt=\"\"\/><\/a><\/figure>\n\n\n\n<figure class=\"wp-block-image\"><a href=\"https:\/\/cnn.us11.list-manage.com\/track\/click?u=47c9040f6ff957a59bd88396e&amp;id=2010a24008&amp;e=6b3d277c3f\" target=\"_blank\" rel=\"noreferrer noopener\"><img decoding=\"async\" src=\"https:\/\/ci4.googleusercontent.com\/proxy\/Q-L_K31HZNIhVv0FDk8t6LKNplYEKiof8rNgR7PfxxXejaW12W0BGj8txnAL9poechkP3Rs5pc17-SW0Ew-f88Y9QQtExM6_ChfoJLibB_vq6F2nDYLKedFLX0SYN7Ts=s0-d-e1-ft#https:\/\/li.cnn.com\/imp?s=708211&amp;li=16838af8b1&amp;e=<span \n                data-original-string=\"zs7xppWMKS4Ev9TzMNFiTtnS3UXGo8ScsxCVFfG2Xsw=\"\n                class=\"apbct-email-encoder\"\n                title=\"This contact has been encoded by Anti-Spam by CleanTalk. Click to decode. To finish the decoding make sure that JavaScript is enabled in your browser.\">av****@gm***.com<\/span>&amp;p=ed40668ef5\" alt=\"\"\/><\/a><\/figure>\n\n\n\n<figure class=\"wp-block-image\"><a href=\"https:\/\/cnn.us11.list-manage.com\/track\/click?u=47c9040f6ff957a59bd88396e&amp;id=16922750d5&amp;e=6b3d277c3f\" target=\"_blank\" rel=\"noreferrer noopener\"><img decoding=\"async\" data-src=\"https:\/\/ci4.googleusercontent.com\/proxy\/wh1SzDj6ZyhwV3yJVEIMbK6Rx5tTRN-k1zQjgT7IEG7DuJeyBuawW5E5HScprC5P7U6oLOLyjQrSNoTyCJD8kjYxoqtLgrkt3jJBI7w5c2kZCvuKYGmoIQzbEsWDcSqR1P4xyEje=s0-d-e1-ft#https:\/\/cdn-images.mailchimp.com\/icons\/social-block-v2\/outline-gray-facebook-48.png\" alt=\"Compartir\" src=\"data:image\/gif;base64,R0lGODlhAQABAAAAACH5BAEKAAEALAAAAAABAAEAAAICTAEAOw==\" class=\"lazyload\" \/><noscript><img decoding=\"async\" src=\"https:\/\/ci4.googleusercontent.com\/proxy\/wh1SzDj6ZyhwV3yJVEIMbK6Rx5tTRN-k1zQjgT7IEG7DuJeyBuawW5E5HScprC5P7U6oLOLyjQrSNoTyCJD8kjYxoqtLgrkt3jJBI7w5c2kZCvuKYGmoIQzbEsWDcSqR1P4xyEje=s0-d-e1-ft#https:\/\/cdn-images.mailchimp.com\/icons\/social-block-v2\/outline-gray-facebook-48.png\" alt=\"Compartir\"\/><\/noscript><\/a><\/figure>\n\n\n\n<p><a href=\"https:\/\/cnn.us11.list-manage.com\/track\/click?u=47c9040f6ff957a59bd88396e&amp;id=2dcab676b2&amp;e=6b3d277c3f\" target=\"_blank\" rel=\"noreferrer noopener\">Compartir<\/a><\/p>\n\n\n\n<figure class=\"wp-block-image\"><a href=\"https:\/\/cnn.us11.list-manage.com\/track\/click?u=47c9040f6ff957a59bd88396e&amp;id=39a10e0fba&amp;e=6b3d277c3f\" target=\"_blank\" rel=\"noreferrer noopener\"><img decoding=\"async\" data-src=\"https:\/\/ci5.googleusercontent.com\/proxy\/yKhR6dB4LHhQH5Vy3nTHkWIuJZLvWrMCZxCFEAQkSG3e0sB9Gyl4HV72ZBnUevZ4Zm2LAh545IfXMqxC1QoU5CzNQ2Y5tA5MdpbuTW7exMf_Oexl21-0WzwvMZ1zns75OyE2f74=s0-d-e1-ft#https:\/\/cdn-images.mailchimp.com\/icons\/social-block-v2\/outline-gray-twitter-48.png\" alt=\"Tuitear\" src=\"data:image\/gif;base64,R0lGODlhAQABAAAAACH5BAEKAAEALAAAAAABAAEAAAICTAEAOw==\" class=\"lazyload\" \/><noscript><img decoding=\"async\" src=\"https:\/\/ci5.googleusercontent.com\/proxy\/yKhR6dB4LHhQH5Vy3nTHkWIuJZLvWrMCZxCFEAQkSG3e0sB9Gyl4HV72ZBnUevZ4Zm2LAh545IfXMqxC1QoU5CzNQ2Y5tA5MdpbuTW7exMf_Oexl21-0WzwvMZ1zns75OyE2f74=s0-d-e1-ft#https:\/\/cdn-images.mailchimp.com\/icons\/social-block-v2\/outline-gray-twitter-48.png\" alt=\"Tuitear\"\/><\/noscript><\/a><\/figure>\n\n\n\n<p><a href=\"https:\/\/cnn.us11.list-manage.com\/track\/click?u=47c9040f6ff957a59bd88396e&amp;id=85384178eb&amp;e=6b3d277c3f\" target=\"_blank\" rel=\"noreferrer noopener\">Tuitear<\/a><br \/>Cinco cosas se env\u00eda diariamente de lunes a viernes a las&nbsp;6 a.m. ET. \u00bfTe gusta? \u00bfNo te gusta?&nbsp;<a href=\"mailto:5c****@cn*.com\" data-original-string=\"A4RcZqJf9UGHStSkmAyUhQ==\" title=\"This contact has been encoded by Anti-Spam by CleanTalk. Click to decode. To finish the decoding make sure that JavaScript is enabled in your browser.?subject=Feedback\" target=\"_blank\" rel=\"noreferrer noopener\">D\u00ednoslo<\/a>. Siempre queremos mejorar. \u00bfRecibiste este newsletter de un amigo? \u00a1<a href=\"https:\/\/cnn.us11.list-manage.com\/track\/click?u=47c9040f6ff957a59bd88396e&amp;id=98c79cd8e0&amp;e=6b3d277c3f\" target=\"_blank\" rel=\"noreferrer noopener\">Suscr\u00edbete t\u00fa mismo<\/a>!<a class=\"m_-7054073768652946060mcnButton\" href=\"https:\/\/cnn.us11.list-manage.com\/profile?u=47c9040f6ff957a59bd88396e&amp;id=16838af8b1&amp;e=6b3d277c3f\" target=\"_blank\" rel=\"noreferrer noopener\">Soy residente de la UE\/EEA<\/a><a href=\"https:\/\/cnn.us11.list-manage.com\/profile?u=47c9040f6ff957a59bd88396e&amp;id=16838af8b1&amp;e=6b3d277c3f\" target=\"_blank\" rel=\"noreferrer noopener\">actualizar preferencias<\/a>&nbsp;o&nbsp;<a href=\"https:\/\/cnn.us11.list-manage.com\/unsubscribe?u=47c9040f6ff957a59bd88396e&amp;id=16838af8b1&amp;e=6b3d277c3f&amp;c=ed40668ef5\" target=\"_blank\" rel=\"noreferrer noopener\">darse de baja<\/a><\/p>\n\n\n\n<p>Copyright \u00a9 2020 Cable News Network, Inc. A WarnerMedia Company, All rights reserved.<br \/>Recibiste este mensaje porque te suscribiste al newsletter 5 cosas, de CNN en Espa\u00f1ol.<br class=\"Apple-interchange-newline\" \/><\/p>\n","protected":false},"excerpt":{"rendered":"<p>Famosos del deporte, celebridades y hasta pol\u00edticos lamentan la muerte de Kobe Bryant. El coronavirus sigue sin control en China. El brexit por fin llega a la meta. Taylor Swift habla de una lucha personal en Netflix. Adem\u00e1s: conoce lo que te depara en el a\u00f1o de rata.&nbsp;Esto es lo que debes saber para comenzar [&hellip;]<\/p>\n","protected":false},"author":2,"featured_media":0,"comment_status":"open","ping_status":"open","sticky":false,"template":"","format":"standard","meta":{"tdm_status":"","tdm_grid_status":"","_jetpack_memberships_contains_paid_content":false,"footnotes":"","jetpack_publicize_message":"","jetpack_publicize_feature_enabled":true,"jetpack_social_post_already_shared":false,"jetpack_social_options":{"image_generator_settings":{"template":"highway","default_image_id":0,"font":"","enabled":false},"version":2}},"categories":[28,1],"tags":[],"class_list":{"0":"post-5104","1":"post","2":"type-post","3":"status-publish","4":"format-standard","6":"category-interes-general","7":"category-sin-categoria"},"yoast_head":"<!-- This site is optimized with the Yoast SEO plugin v22.7 - https:\/\/yoast.com\/wordpress\/plugins\/seo\/ -->\n<title>Homenajes por la muerte de Kobe Bryant - 103.9 fm<\/title>\n<meta name=\"robots\" content=\"index, follow, max-snippet:-1, max-image-preview:large, max-video-preview:-1\" \/>\n<link rel=\"canonical\" href=\"https:\/\/ondauno.com.ar\/index.php\/2020\/01\/27\/homenajes-por-la-muerte-de-kobe-bryant\/\" \/>\n<meta property=\"og:locale\" content=\"es_ES\" \/>\n<meta property=\"og:type\" content=\"article\" \/>\n<meta property=\"og:title\" content=\"Homenajes por la muerte de Kobe Bryant - 103.9 fm\" \/>\n<meta property=\"og:description\" content=\"Famosos del deporte, celebridades y hasta pol\u00edticos lamentan la muerte de Kobe Bryant. El coronavirus sigue sin control en China. El brexit por fin llega a la meta. Taylor Swift habla de una lucha personal en Netflix. Adem\u00e1s: conoce lo que te depara en el a\u00f1o de rata.&nbsp;Esto es lo que debes saber para comenzar [&hellip;]\" \/>\n<meta property=\"og:url\" content=\"https:\/\/ondauno.com.ar\/index.php\/2020\/01\/27\/homenajes-por-la-muerte-de-kobe-bryant\/\" \/>\n<meta property=\"og:site_name\" content=\"103.9 fm\" \/>\n<meta property=\"article:publisher\" content=\"https:\/\/www.facebook.com\/ondauno103.9\" \/>\n<meta property=\"article:published_time\" content=\"2020-01-27T12:57:01+00:00\" \/>\n<meta property=\"article:modified_time\" content=\"2020-01-27T12:58:50+00:00\" \/>\n<meta property=\"og:image\" content=\"https:\/\/ondauno.com.ar\/wp-content\/uploads\/2020\/01\/kobe-bryant.jpg\" \/>\n\t<meta property=\"og:image:width\" content=\"1400\" \/>\n\t<meta property=\"og:image:height\" content=\"950\" \/>\n\t<meta property=\"og:image:type\" content=\"image\/jpeg\" \/>\n<meta name=\"author\" content=\"fernando garcia\" \/>\n<meta name=\"twitter:card\" content=\"summary_large_image\" \/>\n<meta name=\"twitter:label1\" content=\"Escrito por\" \/>\n\t<meta name=\"twitter:data1\" content=\"fernando garcia\" \/>\n\t<meta name=\"twitter:label2\" content=\"Tiempo de lectura\" \/>\n\t<meta name=\"twitter:data2\" content=\"5 minutos\" \/>\n<script type=\"application\/ld+json\" class=\"yoast-schema-graph\">{\"@context\":\"https:\/\/schema.org\",\"@graph\":[{\"@type\":\"WebPage\",\"@id\":\"https:\/\/ondauno.com.ar\/index.php\/2020\/01\/27\/homenajes-por-la-muerte-de-kobe-bryant\/\",\"url\":\"https:\/\/ondauno.com.ar\/index.php\/2020\/01\/27\/homenajes-por-la-muerte-de-kobe-bryant\/\",\"name\":\"Homenajes por la muerte de Kobe Bryant - 103.9 fm\",\"isPartOf\":{\"@id\":\"https:\/\/ondauno.com.ar\/#website\"},\"primaryImageOfPage\":{\"@id\":\"https:\/\/ondauno.com.ar\/index.php\/2020\/01\/27\/homenajes-por-la-muerte-de-kobe-bryant\/#primaryimage\"},\"image\":{\"@id\":\"https:\/\/ondauno.com.ar\/index.php\/2020\/01\/27\/homenajes-por-la-muerte-de-kobe-bryant\/#primaryimage\"},\"thumbnailUrl\":\"https:\/\/ci5.googleusercontent.com\/proxy\/4vR0BgSts7MpNs1i9T3T5mVc0RZCO00Tq9aXUPhY1D8mqJWrkAKqagdTwPWQikeyS1HnNf8PL58OkLKtVibmEjNMI3LXQpQE-HTJAbVR5lb04WqDSfKH3kUCeUeEN_2Cs2-Jj5mRn0NBm_k8puqXvGWk4KtMdDaS4I0=s0-d-e1-ft#https:\/\/gallery.mailchimp.com\/47c9040f6ff957a59bd88396e\/images\/6f2cbc96-f9b8-49dd-805f-40918071fa96.jpg\",\"datePublished\":\"2020-01-27T12:57:01+00:00\",\"dateModified\":\"2020-01-27T12:58:50+00:00\",\"author\":{\"@id\":\"https:\/\/ondauno.com.ar\/#\/schema\/person\/201d1b68e6c75e0fd396fe5f8af5d139\"},\"breadcrumb\":{\"@id\":\"https:\/\/ondauno.com.ar\/index.php\/2020\/01\/27\/homenajes-por-la-muerte-de-kobe-bryant\/#breadcrumb\"},\"inLanguage\":\"es-AR\",\"potentialAction\":[{\"@type\":\"ReadAction\",\"target\":[\"https:\/\/ondauno.com.ar\/index.php\/2020\/01\/27\/homenajes-por-la-muerte-de-kobe-bryant\/\"]}]},{\"@type\":\"ImageObject\",\"inLanguage\":\"es-AR\",\"@id\":\"https:\/\/ondauno.com.ar\/index.php\/2020\/01\/27\/homenajes-por-la-muerte-de-kobe-bryant\/#primaryimage\",\"url\":\"https:\/\/ci5.googleusercontent.com\/proxy\/4vR0BgSts7MpNs1i9T3T5mVc0RZCO00Tq9aXUPhY1D8mqJWrkAKqagdTwPWQikeyS1HnNf8PL58OkLKtVibmEjNMI3LXQpQE-HTJAbVR5lb04WqDSfKH3kUCeUeEN_2Cs2-Jj5mRn0NBm_k8puqXvGWk4KtMdDaS4I0=s0-d-e1-ft#https:\/\/gallery.mailchimp.com\/47c9040f6ff957a59bd88396e\/images\/6f2cbc96-f9b8-49dd-805f-40918071fa96.jpg\",\"contentUrl\":\"https:\/\/ci5.googleusercontent.com\/proxy\/4vR0BgSts7MpNs1i9T3T5mVc0RZCO00Tq9aXUPhY1D8mqJWrkAKqagdTwPWQikeyS1HnNf8PL58OkLKtVibmEjNMI3LXQpQE-HTJAbVR5lb04WqDSfKH3kUCeUeEN_2Cs2-Jj5mRn0NBm_k8puqXvGWk4KtMdDaS4I0=s0-d-e1-ft#https:\/\/gallery.mailchimp.com\/47c9040f6ff957a59bd88396e\/images\/6f2cbc96-f9b8-49dd-805f-40918071fa96.jpg\"},{\"@type\":\"BreadcrumbList\",\"@id\":\"https:\/\/ondauno.com.ar\/index.php\/2020\/01\/27\/homenajes-por-la-muerte-de-kobe-bryant\/#breadcrumb\",\"itemListElement\":[{\"@type\":\"ListItem\",\"position\":1,\"name\":\"Inicio\",\"item\":\"https:\/\/ondauno.com.ar\/\"},{\"@type\":\"ListItem\",\"position\":2,\"name\":\"Homenajes por la muerte de Kobe Bryant\"}]},{\"@type\":\"WebSite\",\"@id\":\"https:\/\/ondauno.com.ar\/#website\",\"url\":\"https:\/\/ondauno.com.ar\/\",\"name\":\"103.9 fm\",\"description\":\"LA PRIMERA RADIO MULTIMEDIA DE TRES ARROYOS\",\"potentialAction\":[{\"@type\":\"SearchAction\",\"target\":{\"@type\":\"EntryPoint\",\"urlTemplate\":\"https:\/\/ondauno.com.ar\/?s={search_term_string}\"},\"query-input\":\"required name=search_term_string\"}],\"inLanguage\":\"es-AR\"},{\"@type\":\"Person\",\"@id\":\"https:\/\/ondauno.com.ar\/#\/schema\/person\/201d1b68e6c75e0fd396fe5f8af5d139\",\"name\":\"fernando garcia\",\"image\":{\"@type\":\"ImageObject\",\"inLanguage\":\"es-AR\",\"@id\":\"https:\/\/ondauno.com.ar\/#\/schema\/person\/image\/\",\"url\":\"https:\/\/secure.gravatar.com\/avatar\/5f7254642ad81272e79a2e69653cfdfc?s=96&d=mm&r=g\",\"contentUrl\":\"https:\/\/secure.gravatar.com\/avatar\/5f7254642ad81272e79a2e69653cfdfc?s=96&d=mm&r=g\",\"caption\":\"fernando garcia\"},\"url\":\"https:\/\/ondauno.com.ar\/index.php\/author\/ondaunoeditor\/\"}]}<\/script>\n<!-- \/ Yoast SEO plugin. -->","yoast_head_json":{"title":"Homenajes por la muerte de Kobe Bryant - 103.9 fm","robots":{"index":"index","follow":"follow","max-snippet":"max-snippet:-1","max-image-preview":"max-image-preview:large","max-video-preview":"max-video-preview:-1"},"canonical":"https:\/\/ondauno.com.ar\/index.php\/2020\/01\/27\/homenajes-por-la-muerte-de-kobe-bryant\/","og_locale":"es_ES","og_type":"article","og_title":"Homenajes por la muerte de Kobe Bryant - 103.9 fm","og_description":"Famosos del deporte, celebridades y hasta pol\u00edticos lamentan la muerte de Kobe Bryant. El coronavirus sigue sin control en China. El brexit por fin llega a la meta. Taylor Swift habla de una lucha personal en Netflix. Adem\u00e1s: conoce lo que te depara en el a\u00f1o de rata.&nbsp;Esto es lo que debes saber para comenzar [&hellip;]","og_url":"https:\/\/ondauno.com.ar\/index.php\/2020\/01\/27\/homenajes-por-la-muerte-de-kobe-bryant\/","og_site_name":"103.9 fm","article_publisher":"https:\/\/www.facebook.com\/ondauno103.9","article_published_time":"2020-01-27T12:57:01+00:00","article_modified_time":"2020-01-27T12:58:50+00:00","og_image":[{"width":1400,"height":950,"url":"https:\/\/ondauno.com.ar\/wp-content\/uploads\/2020\/01\/kobe-bryant.jpg","type":"image\/jpeg"}],"author":"fernando garcia","twitter_card":"summary_large_image","twitter_misc":{"Escrito por":"fernando garcia","Tiempo de lectura":"5 minutos"},"schema":{"@context":"https:\/\/schema.org","@graph":[{"@type":"WebPage","@id":"https:\/\/ondauno.com.ar\/index.php\/2020\/01\/27\/homenajes-por-la-muerte-de-kobe-bryant\/","url":"https:\/\/ondauno.com.ar\/index.php\/2020\/01\/27\/homenajes-por-la-muerte-de-kobe-bryant\/","name":"Homenajes por la muerte de Kobe Bryant - 103.9 fm","isPartOf":{"@id":"https:\/\/ondauno.com.ar\/#website"},"primaryImageOfPage":{"@id":"https:\/\/ondauno.com.ar\/index.php\/2020\/01\/27\/homenajes-por-la-muerte-de-kobe-bryant\/#primaryimage"},"image":{"@id":"https:\/\/ondauno.com.ar\/index.php\/2020\/01\/27\/homenajes-por-la-muerte-de-kobe-bryant\/#primaryimage"},"thumbnailUrl":"https:\/\/ci5.googleusercontent.com\/proxy\/4vR0BgSts7MpNs1i9T3T5mVc0RZCO00Tq9aXUPhY1D8mqJWrkAKqagdTwPWQikeyS1HnNf8PL58OkLKtVibmEjNMI3LXQpQE-HTJAbVR5lb04WqDSfKH3kUCeUeEN_2Cs2-Jj5mRn0NBm_k8puqXvGWk4KtMdDaS4I0=s0-d-e1-ft#https:\/\/gallery.mailchimp.com\/47c9040f6ff957a59bd88396e\/images\/6f2cbc96-f9b8-49dd-805f-40918071fa96.jpg","datePublished":"2020-01-27T12:57:01+00:00","dateModified":"2020-01-27T12:58:50+00:00","author":{"@id":"https:\/\/ondauno.com.ar\/#\/schema\/person\/201d1b68e6c75e0fd396fe5f8af5d139"},"breadcrumb":{"@id":"https:\/\/ondauno.com.ar\/index.php\/2020\/01\/27\/homenajes-por-la-muerte-de-kobe-bryant\/#breadcrumb"},"inLanguage":"es-AR","potentialAction":[{"@type":"ReadAction","target":["https:\/\/ondauno.com.ar\/index.php\/2020\/01\/27\/homenajes-por-la-muerte-de-kobe-bryant\/"]}]},{"@type":"ImageObject","inLanguage":"es-AR","@id":"https:\/\/ondauno.com.ar\/index.php\/2020\/01\/27\/homenajes-por-la-muerte-de-kobe-bryant\/#primaryimage","url":"https:\/\/ci5.googleusercontent.com\/proxy\/4vR0BgSts7MpNs1i9T3T5mVc0RZCO00Tq9aXUPhY1D8mqJWrkAKqagdTwPWQikeyS1HnNf8PL58OkLKtVibmEjNMI3LXQpQE-HTJAbVR5lb04WqDSfKH3kUCeUeEN_2Cs2-Jj5mRn0NBm_k8puqXvGWk4KtMdDaS4I0=s0-d-e1-ft#https:\/\/gallery.mailchimp.com\/47c9040f6ff957a59bd88396e\/images\/6f2cbc96-f9b8-49dd-805f-40918071fa96.jpg","contentUrl":"https:\/\/ci5.googleusercontent.com\/proxy\/4vR0BgSts7MpNs1i9T3T5mVc0RZCO00Tq9aXUPhY1D8mqJWrkAKqagdTwPWQikeyS1HnNf8PL58OkLKtVibmEjNMI3LXQpQE-HTJAbVR5lb04WqDSfKH3kUCeUeEN_2Cs2-Jj5mRn0NBm_k8puqXvGWk4KtMdDaS4I0=s0-d-e1-ft#https:\/\/gallery.mailchimp.com\/47c9040f6ff957a59bd88396e\/images\/6f2cbc96-f9b8-49dd-805f-40918071fa96.jpg"},{"@type":"BreadcrumbList","@id":"https:\/\/ondauno.com.ar\/index.php\/2020\/01\/27\/homenajes-por-la-muerte-de-kobe-bryant\/#breadcrumb","itemListElement":[{"@type":"ListItem","position":1,"name":"Inicio","item":"https:\/\/ondauno.com.ar\/"},{"@type":"ListItem","position":2,"name":"Homenajes por la muerte de Kobe Bryant"}]},{"@type":"WebSite","@id":"https:\/\/ondauno.com.ar\/#website","url":"https:\/\/ondauno.com.ar\/","name":"103.9 fm","description":"LA PRIMERA RADIO MULTIMEDIA DE TRES ARROYOS","potentialAction":[{"@type":"SearchAction","target":{"@type":"EntryPoint","urlTemplate":"https:\/\/ondauno.com.ar\/?s={search_term_string}"},"query-input":"required name=search_term_string"}],"inLanguage":"es-AR"},{"@type":"Person","@id":"https:\/\/ondauno.com.ar\/#\/schema\/person\/201d1b68e6c75e0fd396fe5f8af5d139","name":"fernando garcia","image":{"@type":"ImageObject","inLanguage":"es-AR","@id":"https:\/\/ondauno.com.ar\/#\/schema\/person\/image\/","url":"https:\/\/secure.gravatar.com\/avatar\/5f7254642ad81272e79a2e69653cfdfc?s=96&d=mm&r=g","contentUrl":"https:\/\/secure.gravatar.com\/avatar\/5f7254642ad81272e79a2e69653cfdfc?s=96&d=mm&r=g","caption":"fernando garcia"},"url":"https:\/\/ondauno.com.ar\/index.php\/author\/ondaunoeditor\/"}]}},"jetpack_publicize_connections":[],"jetpack_featured_media_url":"","jetpack_sharing_enabled":true,"_links":{"self":[{"href":"https:\/\/ondauno.com.ar\/index.php\/wp-json\/wp\/v2\/posts\/5104","targetHints":{"allow":["GET"]}}],"collection":[{"href":"https:\/\/ondauno.com.ar\/index.php\/wp-json\/wp\/v2\/posts"}],"about":[{"href":"https:\/\/ondauno.com.ar\/index.php\/wp-json\/wp\/v2\/types\/post"}],"author":[{"embeddable":true,"href":"https:\/\/ondauno.com.ar\/index.php\/wp-json\/wp\/v2\/users\/2"}],"replies":[{"embeddable":true,"href":"https:\/\/ondauno.com.ar\/index.php\/wp-json\/wp\/v2\/comments?post=5104"}],"version-history":[{"count":0,"href":"https:\/\/ondauno.com.ar\/index.php\/wp-json\/wp\/v2\/posts\/5104\/revisions"}],"wp:attachment":[{"href":"https:\/\/ondauno.com.ar\/index.php\/wp-json\/wp\/v2\/media?parent=5104"}],"wp:term":[{"taxonomy":"category","embeddable":true,"href":"https:\/\/ondauno.com.ar\/index.php\/wp-json\/wp\/v2\/categories?post=5104"},{"taxonomy":"post_tag","embeddable":true,"href":"https:\/\/ondauno.com.ar\/index.php\/wp-json\/wp\/v2\/tags?post=5104"}],"curies":[{"name":"wp","href":"https:\/\/api.w.org\/{rel}","templated":true}]}}