{"id":51038,"date":"2024-10-14T21:32:18","date_gmt":"2024-10-15T00:32:18","guid":{"rendered":"https:\/\/ondauno.com.ar\/?p=51038"},"modified":"2024-10-14T21:32:21","modified_gmt":"2024-10-15T00:32:21","slug":"accidente-en-ruta-73-bomberos-de-claromeco-asisten-a-dos-victimas","status":"publish","type":"post","link":"https:\/\/ondauno.com.ar\/index.php\/2024\/10\/14\/accidente-en-ruta-73-bomberos-de-claromeco-asisten-a-dos-victimas\/","title":{"rendered":"Accidente en ruta 73: Bomberos de Claromec\u00f3 asisten a dos v\u00edctimas"},"content":{"rendered":"<div class=\"ondau-before-content_3\" style=\"margin-top: -30px;\" id=\"ondau-3595203907\"><a href=\"https:\/\/www.lps.com.ar\/\" aria-label=\"la-perse2\"><img loading=\"lazy\" decoding=\"async\" src=\"https:\/\/ondauno.com.ar\/wp-content\/uploads\/2021\/10\/la-perse2.jpg\" alt=\"\"  srcset=\"https:\/\/ondauno.com.ar\/wp-content\/uploads\/2021\/10\/la-perse2.jpg 1353w, https:\/\/ondauno.com.ar\/wp-content\/uploads\/2021\/10\/la-perse2-300x43.jpg 300w, https:\/\/ondauno.com.ar\/wp-content\/uploads\/2021\/10\/la-perse2-1024x148.jpg 1024w, https:\/\/ondauno.com.ar\/wp-content\/uploads\/2021\/10\/la-perse2-768x111.jpg 768w, https:\/\/ondauno.com.ar\/wp-content\/uploads\/2021\/10\/la-perse2-696x100.jpg 696w, https:\/\/ondauno.com.ar\/wp-content\/uploads\/2021\/10\/la-perse2-1068x154.jpg 1068w\" sizes=\"(max-width: 1353px) 100vw, 1353px\" class=\"no-lazyload\" width=\"1353\" height=\"195\"  style=\"display: inline-block;\" \/><\/a><\/div>\n<p>En un incidente ocurrido a las 12:22 horas en la Ruta 73, a la altura del kil\u00f3metro 12, se report\u00f3 un accidente que dej\u00f3 como saldo a dos personas heridas. Ante la situaci\u00f3n, se activaron de inmediato las unidades de los Bomberos Voluntarios de Claromec\u00f3, con el Ayudante Mayor Ariel Flores al frente del m\u00f3vil 16, el Oficial Auxiliar Marcelo Politano a cargo del m\u00f3vil 18 y el Ayudante de Primera Claudio Paguegui en el m\u00f3vil 14.<\/p>\n\n\n\n<p>Al llegar al lugar del siniestro, los bomberos encontraron una Toyota Hilux abandonada a la vera de la ruta. All\u00ed brindaron atenci\u00f3n inmediata a las dos v\u00edctimas, quienes fueron estabilizadas y contenidas hasta la llegada del personal del Centro de Salud de Claromec\u00f3, que asumi\u00f3 la situaci\u00f3n y traslad\u00f3 a los heridos para recibir atenci\u00f3n m\u00e9dica.<\/p>\n","protected":false},"excerpt":{"rendered":"<p>En un incidente ocurrido a las 12:22 horas en la Ruta 73, a la altura del kil\u00f3metro 12, se report\u00f3 un accidente que dej\u00f3 como saldo a dos personas heridas. Ante la situaci\u00f3n, se activaron de inmediato las unidades de los Bomberos Voluntarios de Claromec\u00f3, con el Ayudante Mayor Ariel Flores al frente del m\u00f3vil [&hellip;]<\/p>\n","protected":false},"author":1,"featured_media":51039,"comment_status":"open","ping_status":"open","sticky":false,"template":"","format":"standard","meta":{"tdm_status":"","tdm_grid_status":"","_jetpack_memberships_contains_paid_content":false,"footnotes":"","jetpack_publicize_message":"","jetpack_publicize_feature_enabled":true,"jetpack_social_post_already_shared":false,"jetpack_social_options":{"image_generator_settings":{"template":"highway","default_image_id":0,"font":"","enabled":false},"version":2}},"categories":[29],"tags":[],"class_list":{"0":"post-51038","1":"post","2":"type-post","3":"status-publish","4":"format-standard","5":"has-post-thumbnail","7":"category-policiales"},"yoast_head":"<!-- This site is optimized with the Yoast SEO plugin v22.7 - https:\/\/yoast.com\/wordpress\/plugins\/seo\/ -->\n<title>Accidente en ruta 73: Bomberos de Claromec\u00f3 asisten a dos v\u00edctimas - 103.9 fm<\/title>\n<meta name=\"robots\" content=\"index, follow, max-snippet:-1, max-image-preview:large, max-video-preview:-1\" \/>\n<link rel=\"canonical\" href=\"https:\/\/ondauno.com.ar\/index.php\/2024\/10\/14\/accidente-en-ruta-73-bomberos-de-claromeco-asisten-a-dos-victimas\/\" \/>\n<meta property=\"og:locale\" content=\"es_ES\" \/>\n<meta property=\"og:type\" content=\"article\" \/>\n<meta property=\"og:title\" content=\"Accidente en ruta 73: Bomberos de Claromec\u00f3 asisten a dos v\u00edctimas - 103.9 fm\" \/>\n<meta property=\"og:description\" content=\"En un incidente ocurrido a las 12:22 horas en la Ruta 73, a la altura del kil\u00f3metro 12, se report\u00f3 un accidente que dej\u00f3 como saldo a dos personas heridas. Ante la situaci\u00f3n, se activaron de inmediato las unidades de los Bomberos Voluntarios de Claromec\u00f3, con el Ayudante Mayor Ariel Flores al frente del m\u00f3vil [&hellip;]\" \/>\n<meta property=\"og:url\" content=\"https:\/\/ondauno.com.ar\/index.php\/2024\/10\/14\/accidente-en-ruta-73-bomberos-de-claromeco-asisten-a-dos-victimas\/\" \/>\n<meta property=\"og:site_name\" content=\"103.9 fm\" \/>\n<meta property=\"article:publisher\" content=\"https:\/\/www.facebook.com\/ondauno103.9\" \/>\n<meta property=\"article:published_time\" content=\"2024-10-15T00:32:18+00:00\" \/>\n<meta property=\"article:modified_time\" content=\"2024-10-15T00:32:21+00:00\" \/>\n<meta property=\"og:image\" content=\"http:\/\/ondauno.com.ar\/wp-content\/uploads\/2024\/10\/hilux.jpg\" \/>\n\t<meta property=\"og:image:width\" content=\"770\" \/>\n\t<meta property=\"og:image:height\" content=\"689\" \/>\n\t<meta property=\"og:image:type\" content=\"image\/jpeg\" \/>\n<meta name=\"author\" content=\"OndaUno\" \/>\n<meta name=\"twitter:card\" content=\"summary_large_image\" \/>\n<meta name=\"twitter:label1\" content=\"Escrito por\" \/>\n\t<meta name=\"twitter:data1\" content=\"OndaUno\" \/>\n\t<meta name=\"twitter:label2\" content=\"Tiempo de lectura\" \/>\n\t<meta name=\"twitter:data2\" content=\"1 minuto\" \/>\n<script type=\"application\/ld+json\" class=\"yoast-schema-graph\">{\"@context\":\"https:\/\/schema.org\",\"@graph\":[{\"@type\":\"WebPage\",\"@id\":\"https:\/\/ondauno.com.ar\/index.php\/2024\/10\/14\/accidente-en-ruta-73-bomberos-de-claromeco-asisten-a-dos-victimas\/\",\"url\":\"https:\/\/ondauno.com.ar\/index.php\/2024\/10\/14\/accidente-en-ruta-73-bomberos-de-claromeco-asisten-a-dos-victimas\/\",\"name\":\"Accidente en ruta 73: Bomberos de Claromec\u00f3 asisten a dos v\u00edctimas - 103.9 fm\",\"isPartOf\":{\"@id\":\"https:\/\/ondauno.com.ar\/#website\"},\"primaryImageOfPage\":{\"@id\":\"https:\/\/ondauno.com.ar\/index.php\/2024\/10\/14\/accidente-en-ruta-73-bomberos-de-claromeco-asisten-a-dos-victimas\/#primaryimage\"},\"image\":{\"@id\":\"https:\/\/ondauno.com.ar\/index.php\/2024\/10\/14\/accidente-en-ruta-73-bomberos-de-claromeco-asisten-a-dos-victimas\/#primaryimage\"},\"thumbnailUrl\":\"https:\/\/ondauno.com.ar\/wp-content\/uploads\/2024\/10\/hilux.jpg\",\"datePublished\":\"2024-10-15T00:32:18+00:00\",\"dateModified\":\"2024-10-15T00:32:21+00:00\",\"author\":{\"@id\":\"https:\/\/ondauno.com.ar\/#\/schema\/person\/7ec851ddeceb4133d7d7132dc645714e\"},\"breadcrumb\":{\"@id\":\"https:\/\/ondauno.com.ar\/index.php\/2024\/10\/14\/accidente-en-ruta-73-bomberos-de-claromeco-asisten-a-dos-victimas\/#breadcrumb\"},\"inLanguage\":\"es-AR\",\"potentialAction\":[{\"@type\":\"ReadAction\",\"target\":[\"https:\/\/ondauno.com.ar\/index.php\/2024\/10\/14\/accidente-en-ruta-73-bomberos-de-claromeco-asisten-a-dos-victimas\/\"]}]},{\"@type\":\"ImageObject\",\"inLanguage\":\"es-AR\",\"@id\":\"https:\/\/ondauno.com.ar\/index.php\/2024\/10\/14\/accidente-en-ruta-73-bomberos-de-claromeco-asisten-a-dos-victimas\/#primaryimage\",\"url\":\"https:\/\/ondauno.com.ar\/wp-content\/uploads\/2024\/10\/hilux.jpg\",\"contentUrl\":\"https:\/\/ondauno.com.ar\/wp-content\/uploads\/2024\/10\/hilux.jpg\",\"width\":770,\"height\":689},{\"@type\":\"BreadcrumbList\",\"@id\":\"https:\/\/ondauno.com.ar\/index.php\/2024\/10\/14\/accidente-en-ruta-73-bomberos-de-claromeco-asisten-a-dos-victimas\/#breadcrumb\",\"itemListElement\":[{\"@type\":\"ListItem\",\"position\":1,\"name\":\"Inicio\",\"item\":\"https:\/\/ondauno.com.ar\/\"},{\"@type\":\"ListItem\",\"position\":2,\"name\":\"Accidente en ruta 73: Bomberos de Claromec\u00f3 asisten a dos v\u00edctimas\"}]},{\"@type\":\"WebSite\",\"@id\":\"https:\/\/ondauno.com.ar\/#website\",\"url\":\"https:\/\/ondauno.com.ar\/\",\"name\":\"103.9 fm\",\"description\":\"LA PRIMERA RADIO MULTIMEDIA DE TRES ARROYOS\",\"potentialAction\":[{\"@type\":\"SearchAction\",\"target\":{\"@type\":\"EntryPoint\",\"urlTemplate\":\"https:\/\/ondauno.com.ar\/?s={search_term_string}\"},\"query-input\":\"required name=search_term_string\"}],\"inLanguage\":\"es-AR\"},{\"@type\":\"Person\",\"@id\":\"https:\/\/ondauno.com.ar\/#\/schema\/person\/7ec851ddeceb4133d7d7132dc645714e\",\"name\":\"OndaUno\",\"image\":{\"@type\":\"ImageObject\",\"inLanguage\":\"es-AR\",\"@id\":\"https:\/\/ondauno.com.ar\/#\/schema\/person\/image\/\",\"url\":\"https:\/\/secure.gravatar.com\/avatar\/93b8009f0de7021f1feb2bd5b32fb9e8?s=96&d=mm&r=g\",\"contentUrl\":\"https:\/\/secure.gravatar.com\/avatar\/93b8009f0de7021f1feb2bd5b32fb9e8?s=96&d=mm&r=g\",\"caption\":\"OndaUno\"},\"url\":\"https:\/\/ondauno.com.ar\/index.php\/author\/ondauno\/\"}]}<\/script>\n<!-- \/ Yoast SEO plugin. -->","yoast_head_json":{"title":"Accidente en ruta 73: Bomberos de Claromec\u00f3 asisten a dos v\u00edctimas - 103.9 fm","robots":{"index":"index","follow":"follow","max-snippet":"max-snippet:-1","max-image-preview":"max-image-preview:large","max-video-preview":"max-video-preview:-1"},"canonical":"https:\/\/ondauno.com.ar\/index.php\/2024\/10\/14\/accidente-en-ruta-73-bomberos-de-claromeco-asisten-a-dos-victimas\/","og_locale":"es_ES","og_type":"article","og_title":"Accidente en ruta 73: Bomberos de Claromec\u00f3 asisten a dos v\u00edctimas - 103.9 fm","og_description":"En un incidente ocurrido a las 12:22 horas en la Ruta 73, a la altura del kil\u00f3metro 12, se report\u00f3 un accidente que dej\u00f3 como saldo a dos personas heridas. Ante la situaci\u00f3n, se activaron de inmediato las unidades de los Bomberos Voluntarios de Claromec\u00f3, con el Ayudante Mayor Ariel Flores al frente del m\u00f3vil [&hellip;]","og_url":"https:\/\/ondauno.com.ar\/index.php\/2024\/10\/14\/accidente-en-ruta-73-bomberos-de-claromeco-asisten-a-dos-victimas\/","og_site_name":"103.9 fm","article_publisher":"https:\/\/www.facebook.com\/ondauno103.9","article_published_time":"2024-10-15T00:32:18+00:00","article_modified_time":"2024-10-15T00:32:21+00:00","og_image":[{"width":770,"height":689,"url":"http:\/\/ondauno.com.ar\/wp-content\/uploads\/2024\/10\/hilux.jpg","type":"image\/jpeg"}],"author":"OndaUno","twitter_card":"summary_large_image","twitter_misc":{"Escrito por":"OndaUno","Tiempo de lectura":"1 minuto"},"schema":{"@context":"https:\/\/schema.org","@graph":[{"@type":"WebPage","@id":"https:\/\/ondauno.com.ar\/index.php\/2024\/10\/14\/accidente-en-ruta-73-bomberos-de-claromeco-asisten-a-dos-victimas\/","url":"https:\/\/ondauno.com.ar\/index.php\/2024\/10\/14\/accidente-en-ruta-73-bomberos-de-claromeco-asisten-a-dos-victimas\/","name":"Accidente en ruta 73: Bomberos de Claromec\u00f3 asisten a dos v\u00edctimas - 103.9 fm","isPartOf":{"@id":"https:\/\/ondauno.com.ar\/#website"},"primaryImageOfPage":{"@id":"https:\/\/ondauno.com.ar\/index.php\/2024\/10\/14\/accidente-en-ruta-73-bomberos-de-claromeco-asisten-a-dos-victimas\/#primaryimage"},"image":{"@id":"https:\/\/ondauno.com.ar\/index.php\/2024\/10\/14\/accidente-en-ruta-73-bomberos-de-claromeco-asisten-a-dos-victimas\/#primaryimage"},"thumbnailUrl":"https:\/\/ondauno.com.ar\/wp-content\/uploads\/2024\/10\/hilux.jpg","datePublished":"2024-10-15T00:32:18+00:00","dateModified":"2024-10-15T00:32:21+00:00","author":{"@id":"https:\/\/ondauno.com.ar\/#\/schema\/person\/7ec851ddeceb4133d7d7132dc645714e"},"breadcrumb":{"@id":"https:\/\/ondauno.com.ar\/index.php\/2024\/10\/14\/accidente-en-ruta-73-bomberos-de-claromeco-asisten-a-dos-victimas\/#breadcrumb"},"inLanguage":"es-AR","potentialAction":[{"@type":"ReadAction","target":["https:\/\/ondauno.com.ar\/index.php\/2024\/10\/14\/accidente-en-ruta-73-bomberos-de-claromeco-asisten-a-dos-victimas\/"]}]},{"@type":"ImageObject","inLanguage":"es-AR","@id":"https:\/\/ondauno.com.ar\/index.php\/2024\/10\/14\/accidente-en-ruta-73-bomberos-de-claromeco-asisten-a-dos-victimas\/#primaryimage","url":"https:\/\/ondauno.com.ar\/wp-content\/uploads\/2024\/10\/hilux.jpg","contentUrl":"https:\/\/ondauno.com.ar\/wp-content\/uploads\/2024\/10\/hilux.jpg","width":770,"height":689},{"@type":"BreadcrumbList","@id":"https:\/\/ondauno.com.ar\/index.php\/2024\/10\/14\/accidente-en-ruta-73-bomberos-de-claromeco-asisten-a-dos-victimas\/#breadcrumb","itemListElement":[{"@type":"ListItem","position":1,"name":"Inicio","item":"https:\/\/ondauno.com.ar\/"},{"@type":"ListItem","position":2,"name":"Accidente en ruta 73: Bomberos de Claromec\u00f3 asisten a dos v\u00edctimas"}]},{"@type":"WebSite","@id":"https:\/\/ondauno.com.ar\/#website","url":"https:\/\/ondauno.com.ar\/","name":"103.9 fm","description":"LA PRIMERA RADIO MULTIMEDIA DE TRES ARROYOS","potentialAction":[{"@type":"SearchAction","target":{"@type":"EntryPoint","urlTemplate":"https:\/\/ondauno.com.ar\/?s={search_term_string}"},"query-input":"required name=search_term_string"}],"inLanguage":"es-AR"},{"@type":"Person","@id":"https:\/\/ondauno.com.ar\/#\/schema\/person\/7ec851ddeceb4133d7d7132dc645714e","name":"OndaUno","image":{"@type":"ImageObject","inLanguage":"es-AR","@id":"https:\/\/ondauno.com.ar\/#\/schema\/person\/image\/","url":"https:\/\/secure.gravatar.com\/avatar\/93b8009f0de7021f1feb2bd5b32fb9e8?s=96&d=mm&r=g","contentUrl":"https:\/\/secure.gravatar.com\/avatar\/93b8009f0de7021f1feb2bd5b32fb9e8?s=96&d=mm&r=g","caption":"OndaUno"},"url":"https:\/\/ondauno.com.ar\/index.php\/author\/ondauno\/"}]}},"jetpack_publicize_connections":[],"jetpack_featured_media_url":"https:\/\/ondauno.com.ar\/wp-content\/uploads\/2024\/10\/hilux.jpg","jetpack_sharing_enabled":true,"_links":{"self":[{"href":"https:\/\/ondauno.com.ar\/index.php\/wp-json\/wp\/v2\/posts\/51038","targetHints":{"allow":["GET"]}}],"collection":[{"href":"https:\/\/ondauno.com.ar\/index.php\/wp-json\/wp\/v2\/posts"}],"about":[{"href":"https:\/\/ondauno.com.ar\/index.php\/wp-json\/wp\/v2\/types\/post"}],"author":[{"embeddable":true,"href":"https:\/\/ondauno.com.ar\/index.php\/wp-json\/wp\/v2\/users\/1"}],"replies":[{"embeddable":true,"href":"https:\/\/ondauno.com.ar\/index.php\/wp-json\/wp\/v2\/comments?post=51038"}],"version-history":[{"count":1,"href":"https:\/\/ondauno.com.ar\/index.php\/wp-json\/wp\/v2\/posts\/51038\/revisions"}],"predecessor-version":[{"id":51040,"href":"https:\/\/ondauno.com.ar\/index.php\/wp-json\/wp\/v2\/posts\/51038\/revisions\/51040"}],"wp:featuredmedia":[{"embeddable":true,"href":"https:\/\/ondauno.com.ar\/index.php\/wp-json\/wp\/v2\/media\/51039"}],"wp:attachment":[{"href":"https:\/\/ondauno.com.ar\/index.php\/wp-json\/wp\/v2\/media?parent=51038"}],"wp:term":[{"taxonomy":"category","embeddable":true,"href":"https:\/\/ondauno.com.ar\/index.php\/wp-json\/wp\/v2\/categories?post=51038"},{"taxonomy":"post_tag","embeddable":true,"href":"https:\/\/ondauno.com.ar\/index.php\/wp-json\/wp\/v2\/tags?post=51038"}],"curies":[{"name":"wp","href":"https:\/\/api.w.org\/{rel}","templated":true}]}}