{"id":50906,"date":"2024-10-09T13:04:19","date_gmt":"2024-10-09T16:04:19","guid":{"rendered":"https:\/\/ondauno.com.ar\/?p=50906"},"modified":"2024-10-09T13:04:22","modified_gmt":"2024-10-09T16:04:22","slug":"violento-enfrentamiento-un-herido-y-tres-personas-detenidas","status":"publish","type":"post","link":"https:\/\/ondauno.com.ar\/index.php\/2024\/10\/09\/violento-enfrentamiento-un-herido-y-tres-personas-detenidas\/","title":{"rendered":"Violento enfrentamiento: un herido y tres personas detenidas"},"content":{"rendered":"<div class=\"ondau-before-content_3\" style=\"margin-top: -30px;\" id=\"ondau-3375317058\"><a href=\"https:\/\/www.lps.com.ar\/\" aria-label=\"la-perse2\"><img loading=\"lazy\" decoding=\"async\" src=\"https:\/\/ondauno.com.ar\/wp-content\/uploads\/2021\/10\/la-perse2.jpg\" alt=\"\"  srcset=\"https:\/\/ondauno.com.ar\/wp-content\/uploads\/2021\/10\/la-perse2.jpg 1353w, https:\/\/ondauno.com.ar\/wp-content\/uploads\/2021\/10\/la-perse2-300x43.jpg 300w, https:\/\/ondauno.com.ar\/wp-content\/uploads\/2021\/10\/la-perse2-1024x148.jpg 1024w, https:\/\/ondauno.com.ar\/wp-content\/uploads\/2021\/10\/la-perse2-768x111.jpg 768w, https:\/\/ondauno.com.ar\/wp-content\/uploads\/2021\/10\/la-perse2-696x100.jpg 696w, https:\/\/ondauno.com.ar\/wp-content\/uploads\/2021\/10\/la-perse2-1068x154.jpg 1068w\" sizes=\"(max-width: 1353px) 100vw, 1353px\" class=\"no-lazyload\" width=\"1353\" height=\"195\"  style=\"display: inline-block;\" \/><\/a><\/div>\n<p>La Polic\u00eda de Tres Arroyos inform\u00f3 que el 8 de octubre de 2024, cerca de las 20:00 horas, acudieron a un llamado de emergencia en la calle Reina Margarita al 1200, donde se estaba produciendo una pelea entre varias personas. Como consecuencia, un hombre result\u00f3 herido con un disparo en la rodilla izquierda y presentaba golpes en el rostro y en la cabeza. La v\u00edctima fue trasladada al hospital, donde recibi\u00f3 atenci\u00f3n m\u00e9dica y fue dada de alta poco despu\u00e9s, encontr\u00e1ndose fuera de peligro.<\/p>\n\n\n\n<p>Gracias a las pruebas reunidas, el fiscal Gabriel Iv\u00e1n Lopazzo orden\u00f3 un allanamiento en la casa donde ocurri\u00f3 el incidente. Durante el operativo, realizado con la ayuda de diferentes fuerzas policiales, se encontraron dos carabinas calibre .22, objetos usados en la agresi\u00f3n, dinero en efectivo y un frasco con marihuana. Tres personas fueron arrestadas: un hombre con antecedentes penales y dos mujeres, todos mayores de edad. Se los acusa de &#8220;lesiones agravadas&#8221;, &#8220;tenencia ilegal de armas&#8221; y &#8220;posesi\u00f3n de drogas&#8221;.<\/p>\n\n\n\n<p>El caso est\u00e1 a cargo de la Fiscal\u00eda N\u00b0 17, dirigida por el fiscal Lopazzo.<\/p>\n","protected":false},"excerpt":{"rendered":"<p>La Polic\u00eda de Tres Arroyos inform\u00f3 que el 8 de octubre de 2024, cerca de las 20:00 horas, acudieron a un llamado de emergencia en la calle Reina Margarita al 1200, donde se estaba produciendo una pelea entre varias personas. Como consecuencia, un hombre result\u00f3 herido con un disparo en la rodilla izquierda y presentaba [&hellip;]<\/p>\n","protected":false},"author":1,"featured_media":50907,"comment_status":"open","ping_status":"open","sticky":false,"template":"","format":"standard","meta":{"tdm_status":"","tdm_grid_status":"","_jetpack_memberships_contains_paid_content":false,"footnotes":"","jetpack_publicize_message":"","jetpack_publicize_feature_enabled":true,"jetpack_social_post_already_shared":false,"jetpack_social_options":{"image_generator_settings":{"template":"highway","default_image_id":0,"font":"","enabled":false},"version":2}},"categories":[29],"tags":[],"class_list":{"0":"post-50906","1":"post","2":"type-post","3":"status-publish","4":"format-standard","5":"has-post-thumbnail","7":"category-policiales"},"yoast_head":"<!-- This site is optimized with the Yoast SEO plugin v22.7 - https:\/\/yoast.com\/wordpress\/plugins\/seo\/ -->\n<title>Violento enfrentamiento: un herido y tres personas detenidas - 103.9 fm<\/title>\n<meta name=\"robots\" content=\"index, follow, max-snippet:-1, max-image-preview:large, max-video-preview:-1\" \/>\n<link rel=\"canonical\" href=\"https:\/\/ondauno.com.ar\/index.php\/2024\/10\/09\/violento-enfrentamiento-un-herido-y-tres-personas-detenidas\/\" \/>\n<meta property=\"og:locale\" content=\"es_ES\" \/>\n<meta property=\"og:type\" content=\"article\" \/>\n<meta property=\"og:title\" content=\"Violento enfrentamiento: un herido y tres personas detenidas - 103.9 fm\" \/>\n<meta property=\"og:description\" content=\"La Polic\u00eda de Tres Arroyos inform\u00f3 que el 8 de octubre de 2024, cerca de las 20:00 horas, acudieron a un llamado de emergencia en la calle Reina Margarita al 1200, donde se estaba produciendo una pelea entre varias personas. Como consecuencia, un hombre result\u00f3 herido con un disparo en la rodilla izquierda y presentaba [&hellip;]\" \/>\n<meta property=\"og:url\" content=\"https:\/\/ondauno.com.ar\/index.php\/2024\/10\/09\/violento-enfrentamiento-un-herido-y-tres-personas-detenidas\/\" \/>\n<meta property=\"og:site_name\" content=\"103.9 fm\" \/>\n<meta property=\"article:publisher\" content=\"https:\/\/www.facebook.com\/ondauno103.9\" \/>\n<meta property=\"article:published_time\" content=\"2024-10-09T16:04:19+00:00\" \/>\n<meta property=\"article:modified_time\" content=\"2024-10-09T16:04:22+00:00\" \/>\n<meta property=\"og:image\" content=\"http:\/\/ondauno.com.ar\/wp-content\/uploads\/2024\/10\/WhatsApp-Image-2024-10-09-at-13.03.11.jpeg\" \/>\n\t<meta property=\"og:image:width\" content=\"720\" \/>\n\t<meta property=\"og:image:height\" content=\"641\" \/>\n\t<meta property=\"og:image:type\" content=\"image\/jpeg\" \/>\n<meta name=\"author\" content=\"OndaUno\" \/>\n<meta name=\"twitter:card\" content=\"summary_large_image\" \/>\n<meta name=\"twitter:label1\" content=\"Escrito por\" \/>\n\t<meta name=\"twitter:data1\" content=\"OndaUno\" \/>\n\t<meta name=\"twitter:label2\" content=\"Tiempo de lectura\" \/>\n\t<meta name=\"twitter:data2\" content=\"2 minutos\" \/>\n<script type=\"application\/ld+json\" class=\"yoast-schema-graph\">{\"@context\":\"https:\/\/schema.org\",\"@graph\":[{\"@type\":\"WebPage\",\"@id\":\"https:\/\/ondauno.com.ar\/index.php\/2024\/10\/09\/violento-enfrentamiento-un-herido-y-tres-personas-detenidas\/\",\"url\":\"https:\/\/ondauno.com.ar\/index.php\/2024\/10\/09\/violento-enfrentamiento-un-herido-y-tres-personas-detenidas\/\",\"name\":\"Violento enfrentamiento: un herido y tres personas detenidas - 103.9 fm\",\"isPartOf\":{\"@id\":\"https:\/\/ondauno.com.ar\/#website\"},\"primaryImageOfPage\":{\"@id\":\"https:\/\/ondauno.com.ar\/index.php\/2024\/10\/09\/violento-enfrentamiento-un-herido-y-tres-personas-detenidas\/#primaryimage\"},\"image\":{\"@id\":\"https:\/\/ondauno.com.ar\/index.php\/2024\/10\/09\/violento-enfrentamiento-un-herido-y-tres-personas-detenidas\/#primaryimage\"},\"thumbnailUrl\":\"https:\/\/ondauno.com.ar\/wp-content\/uploads\/2024\/10\/WhatsApp-Image-2024-10-09-at-13.03.11.jpeg\",\"datePublished\":\"2024-10-09T16:04:19+00:00\",\"dateModified\":\"2024-10-09T16:04:22+00:00\",\"author\":{\"@id\":\"https:\/\/ondauno.com.ar\/#\/schema\/person\/7ec851ddeceb4133d7d7132dc645714e\"},\"breadcrumb\":{\"@id\":\"https:\/\/ondauno.com.ar\/index.php\/2024\/10\/09\/violento-enfrentamiento-un-herido-y-tres-personas-detenidas\/#breadcrumb\"},\"inLanguage\":\"es-AR\",\"potentialAction\":[{\"@type\":\"ReadAction\",\"target\":[\"https:\/\/ondauno.com.ar\/index.php\/2024\/10\/09\/violento-enfrentamiento-un-herido-y-tres-personas-detenidas\/\"]}]},{\"@type\":\"ImageObject\",\"inLanguage\":\"es-AR\",\"@id\":\"https:\/\/ondauno.com.ar\/index.php\/2024\/10\/09\/violento-enfrentamiento-un-herido-y-tres-personas-detenidas\/#primaryimage\",\"url\":\"https:\/\/ondauno.com.ar\/wp-content\/uploads\/2024\/10\/WhatsApp-Image-2024-10-09-at-13.03.11.jpeg\",\"contentUrl\":\"https:\/\/ondauno.com.ar\/wp-content\/uploads\/2024\/10\/WhatsApp-Image-2024-10-09-at-13.03.11.jpeg\",\"width\":720,\"height\":641},{\"@type\":\"BreadcrumbList\",\"@id\":\"https:\/\/ondauno.com.ar\/index.php\/2024\/10\/09\/violento-enfrentamiento-un-herido-y-tres-personas-detenidas\/#breadcrumb\",\"itemListElement\":[{\"@type\":\"ListItem\",\"position\":1,\"name\":\"Inicio\",\"item\":\"https:\/\/ondauno.com.ar\/\"},{\"@type\":\"ListItem\",\"position\":2,\"name\":\"Violento enfrentamiento: un herido y tres personas detenidas\"}]},{\"@type\":\"WebSite\",\"@id\":\"https:\/\/ondauno.com.ar\/#website\",\"url\":\"https:\/\/ondauno.com.ar\/\",\"name\":\"103.9 fm\",\"description\":\"LA PRIMERA RADIO MULTIMEDIA DE TRES ARROYOS\",\"potentialAction\":[{\"@type\":\"SearchAction\",\"target\":{\"@type\":\"EntryPoint\",\"urlTemplate\":\"https:\/\/ondauno.com.ar\/?s={search_term_string}\"},\"query-input\":\"required name=search_term_string\"}],\"inLanguage\":\"es-AR\"},{\"@type\":\"Person\",\"@id\":\"https:\/\/ondauno.com.ar\/#\/schema\/person\/7ec851ddeceb4133d7d7132dc645714e\",\"name\":\"OndaUno\",\"image\":{\"@type\":\"ImageObject\",\"inLanguage\":\"es-AR\",\"@id\":\"https:\/\/ondauno.com.ar\/#\/schema\/person\/image\/\",\"url\":\"https:\/\/secure.gravatar.com\/avatar\/93b8009f0de7021f1feb2bd5b32fb9e8?s=96&d=mm&r=g\",\"contentUrl\":\"https:\/\/secure.gravatar.com\/avatar\/93b8009f0de7021f1feb2bd5b32fb9e8?s=96&d=mm&r=g\",\"caption\":\"OndaUno\"},\"url\":\"https:\/\/ondauno.com.ar\/index.php\/author\/ondauno\/\"}]}<\/script>\n<!-- \/ Yoast SEO plugin. -->","yoast_head_json":{"title":"Violento enfrentamiento: un herido y tres personas detenidas - 103.9 fm","robots":{"index":"index","follow":"follow","max-snippet":"max-snippet:-1","max-image-preview":"max-image-preview:large","max-video-preview":"max-video-preview:-1"},"canonical":"https:\/\/ondauno.com.ar\/index.php\/2024\/10\/09\/violento-enfrentamiento-un-herido-y-tres-personas-detenidas\/","og_locale":"es_ES","og_type":"article","og_title":"Violento enfrentamiento: un herido y tres personas detenidas - 103.9 fm","og_description":"La Polic\u00eda de Tres Arroyos inform\u00f3 que el 8 de octubre de 2024, cerca de las 20:00 horas, acudieron a un llamado de emergencia en la calle Reina Margarita al 1200, donde se estaba produciendo una pelea entre varias personas. Como consecuencia, un hombre result\u00f3 herido con un disparo en la rodilla izquierda y presentaba [&hellip;]","og_url":"https:\/\/ondauno.com.ar\/index.php\/2024\/10\/09\/violento-enfrentamiento-un-herido-y-tres-personas-detenidas\/","og_site_name":"103.9 fm","article_publisher":"https:\/\/www.facebook.com\/ondauno103.9","article_published_time":"2024-10-09T16:04:19+00:00","article_modified_time":"2024-10-09T16:04:22+00:00","og_image":[{"width":720,"height":641,"url":"http:\/\/ondauno.com.ar\/wp-content\/uploads\/2024\/10\/WhatsApp-Image-2024-10-09-at-13.03.11.jpeg","type":"image\/jpeg"}],"author":"OndaUno","twitter_card":"summary_large_image","twitter_misc":{"Escrito por":"OndaUno","Tiempo de lectura":"2 minutos"},"schema":{"@context":"https:\/\/schema.org","@graph":[{"@type":"WebPage","@id":"https:\/\/ondauno.com.ar\/index.php\/2024\/10\/09\/violento-enfrentamiento-un-herido-y-tres-personas-detenidas\/","url":"https:\/\/ondauno.com.ar\/index.php\/2024\/10\/09\/violento-enfrentamiento-un-herido-y-tres-personas-detenidas\/","name":"Violento enfrentamiento: un herido y tres personas detenidas - 103.9 fm","isPartOf":{"@id":"https:\/\/ondauno.com.ar\/#website"},"primaryImageOfPage":{"@id":"https:\/\/ondauno.com.ar\/index.php\/2024\/10\/09\/violento-enfrentamiento-un-herido-y-tres-personas-detenidas\/#primaryimage"},"image":{"@id":"https:\/\/ondauno.com.ar\/index.php\/2024\/10\/09\/violento-enfrentamiento-un-herido-y-tres-personas-detenidas\/#primaryimage"},"thumbnailUrl":"https:\/\/ondauno.com.ar\/wp-content\/uploads\/2024\/10\/WhatsApp-Image-2024-10-09-at-13.03.11.jpeg","datePublished":"2024-10-09T16:04:19+00:00","dateModified":"2024-10-09T16:04:22+00:00","author":{"@id":"https:\/\/ondauno.com.ar\/#\/schema\/person\/7ec851ddeceb4133d7d7132dc645714e"},"breadcrumb":{"@id":"https:\/\/ondauno.com.ar\/index.php\/2024\/10\/09\/violento-enfrentamiento-un-herido-y-tres-personas-detenidas\/#breadcrumb"},"inLanguage":"es-AR","potentialAction":[{"@type":"ReadAction","target":["https:\/\/ondauno.com.ar\/index.php\/2024\/10\/09\/violento-enfrentamiento-un-herido-y-tres-personas-detenidas\/"]}]},{"@type":"ImageObject","inLanguage":"es-AR","@id":"https:\/\/ondauno.com.ar\/index.php\/2024\/10\/09\/violento-enfrentamiento-un-herido-y-tres-personas-detenidas\/#primaryimage","url":"https:\/\/ondauno.com.ar\/wp-content\/uploads\/2024\/10\/WhatsApp-Image-2024-10-09-at-13.03.11.jpeg","contentUrl":"https:\/\/ondauno.com.ar\/wp-content\/uploads\/2024\/10\/WhatsApp-Image-2024-10-09-at-13.03.11.jpeg","width":720,"height":641},{"@type":"BreadcrumbList","@id":"https:\/\/ondauno.com.ar\/index.php\/2024\/10\/09\/violento-enfrentamiento-un-herido-y-tres-personas-detenidas\/#breadcrumb","itemListElement":[{"@type":"ListItem","position":1,"name":"Inicio","item":"https:\/\/ondauno.com.ar\/"},{"@type":"ListItem","position":2,"name":"Violento enfrentamiento: un herido y tres personas detenidas"}]},{"@type":"WebSite","@id":"https:\/\/ondauno.com.ar\/#website","url":"https:\/\/ondauno.com.ar\/","name":"103.9 fm","description":"LA PRIMERA RADIO MULTIMEDIA DE TRES ARROYOS","potentialAction":[{"@type":"SearchAction","target":{"@type":"EntryPoint","urlTemplate":"https:\/\/ondauno.com.ar\/?s={search_term_string}"},"query-input":"required name=search_term_string"}],"inLanguage":"es-AR"},{"@type":"Person","@id":"https:\/\/ondauno.com.ar\/#\/schema\/person\/7ec851ddeceb4133d7d7132dc645714e","name":"OndaUno","image":{"@type":"ImageObject","inLanguage":"es-AR","@id":"https:\/\/ondauno.com.ar\/#\/schema\/person\/image\/","url":"https:\/\/secure.gravatar.com\/avatar\/93b8009f0de7021f1feb2bd5b32fb9e8?s=96&d=mm&r=g","contentUrl":"https:\/\/secure.gravatar.com\/avatar\/93b8009f0de7021f1feb2bd5b32fb9e8?s=96&d=mm&r=g","caption":"OndaUno"},"url":"https:\/\/ondauno.com.ar\/index.php\/author\/ondauno\/"}]}},"jetpack_publicize_connections":[],"jetpack_featured_media_url":"https:\/\/ondauno.com.ar\/wp-content\/uploads\/2024\/10\/WhatsApp-Image-2024-10-09-at-13.03.11.jpeg","jetpack_sharing_enabled":true,"_links":{"self":[{"href":"https:\/\/ondauno.com.ar\/index.php\/wp-json\/wp\/v2\/posts\/50906","targetHints":{"allow":["GET"]}}],"collection":[{"href":"https:\/\/ondauno.com.ar\/index.php\/wp-json\/wp\/v2\/posts"}],"about":[{"href":"https:\/\/ondauno.com.ar\/index.php\/wp-json\/wp\/v2\/types\/post"}],"author":[{"embeddable":true,"href":"https:\/\/ondauno.com.ar\/index.php\/wp-json\/wp\/v2\/users\/1"}],"replies":[{"embeddable":true,"href":"https:\/\/ondauno.com.ar\/index.php\/wp-json\/wp\/v2\/comments?post=50906"}],"version-history":[{"count":1,"href":"https:\/\/ondauno.com.ar\/index.php\/wp-json\/wp\/v2\/posts\/50906\/revisions"}],"predecessor-version":[{"id":50908,"href":"https:\/\/ondauno.com.ar\/index.php\/wp-json\/wp\/v2\/posts\/50906\/revisions\/50908"}],"wp:featuredmedia":[{"embeddable":true,"href":"https:\/\/ondauno.com.ar\/index.php\/wp-json\/wp\/v2\/media\/50907"}],"wp:attachment":[{"href":"https:\/\/ondauno.com.ar\/index.php\/wp-json\/wp\/v2\/media?parent=50906"}],"wp:term":[{"taxonomy":"category","embeddable":true,"href":"https:\/\/ondauno.com.ar\/index.php\/wp-json\/wp\/v2\/categories?post=50906"},{"taxonomy":"post_tag","embeddable":true,"href":"https:\/\/ondauno.com.ar\/index.php\/wp-json\/wp\/v2\/tags?post=50906"}],"curies":[{"name":"wp","href":"https:\/\/api.w.org\/{rel}","templated":true}]}}