{"id":5086,"date":"2020-01-25T18:54:30","date_gmt":"2020-01-25T21:54:30","guid":{"rendered":"http:\/\/ondauno.com.ar\/?p=5086"},"modified":"2020-01-25T18:54:36","modified_gmt":"2020-01-25T21:54:36","slug":"la-asociacion-de-vecinos-interesados-por-claromeco-arranco-el-2020","status":"publish","type":"post","link":"https:\/\/ondauno.com.ar\/index.php\/2020\/01\/25\/la-asociacion-de-vecinos-interesados-por-claromeco-arranco-el-2020\/","title":{"rendered":"La Asociaci\u00f3n de Vecinos Interesados por Claromec\u00f3 arranc\u00f3 el 2020"},"content":{"rendered":"<div class=\"ondau-before-content_3\" style=\"margin-top: -30px;\" id=\"ondau-576460448\"><a href=\"https:\/\/www.lps.com.ar\/\" aria-label=\"la-perse2\"><img loading=\"lazy\" decoding=\"async\" src=\"https:\/\/ondauno.com.ar\/wp-content\/uploads\/2021\/10\/la-perse2.jpg\" alt=\"\"  srcset=\"https:\/\/ondauno.com.ar\/wp-content\/uploads\/2021\/10\/la-perse2.jpg 1353w, https:\/\/ondauno.com.ar\/wp-content\/uploads\/2021\/10\/la-perse2-300x43.jpg 300w, https:\/\/ondauno.com.ar\/wp-content\/uploads\/2021\/10\/la-perse2-1024x148.jpg 1024w, https:\/\/ondauno.com.ar\/wp-content\/uploads\/2021\/10\/la-perse2-768x111.jpg 768w, https:\/\/ondauno.com.ar\/wp-content\/uploads\/2021\/10\/la-perse2-696x100.jpg 696w, https:\/\/ondauno.com.ar\/wp-content\/uploads\/2021\/10\/la-perse2-1068x154.jpg 1068w\" sizes=\"(max-width: 1353px) 100vw, 1353px\" class=\"no-lazyload\" width=\"1353\" height=\"195\"  style=\"display: inline-block;\" \/><\/a><\/div>\n<p>Los miembros de la Asociaci\u00f3n Vecinos INteresados por Claromec\u00f3 (AVIC) planificaron diversas actividades tras una reuni\u00f3n que se realiz\u00f3 el 16 de enero.<\/p>\n\n\n\n<p>Posteriormente volvieron a encontrarse el 23 de enero y la charla se ameniz\u00f3 con un &#8220;picoteo&#8221; en honor al nombre de AVIC. Durante la reuni\u00f3n evaluaron las mejoras de Claromec\u00f3 y agradecieron al Delegado Carlos Avila  por la puesta en valor del Balneario.<\/p>\n\n\n\n<p>&#8220;Ahora planeamos llevar acabo los juegos del verano 2020 y lo haremos el 31 de enero pr\u00f3ximo&#8221;, expresaron desde AVIC, por lo que lanzaron una convocatoria: &#8220;Quienes deseen participar podr\u00e1n hacerlo hablando con Horacio Russo o Alberto Foulkes ;se trata, como siempre, de pasar un buen momento y estrechar los v\u00ednculos entre \u00a0los asistentes y con Claromec\u00f3&#8221;<\/p>\n\n\n\n<p>En otro orden manifestaron disposici\u00f3n para colaborar con la actividad de mosaiquismo que se realiza en Claromec\u00f3 y para ello solicitan colaboraci\u00f3n con azulejos sanos o rotos,porcelanatos y platos aunque esten rotos. Oportunamente se dispondr\u00e1 de un lugar para depositarlos. <\/p>\n\n\n\n<p>Asimismo AVIC -como todos los a\u00f1os- donaron medicamentos en el hospitalito claromequense.<\/p>\n\n\n\n<p>Comision Directiva A.V.I.C.  Asociacion de Vecinos Interesados por Claromeco<\/p>\n","protected":false},"excerpt":{"rendered":"<p>Los miembros de la Asociaci\u00f3n Vecinos INteresados por Claromec\u00f3 (AVIC) planificaron diversas actividades tras una reuni\u00f3n que se realiz\u00f3 el 16 de enero. Posteriormente volvieron a encontrarse el 23 de enero y la charla se ameniz\u00f3 con un &#8220;picoteo&#8221; en honor al nombre de AVIC. Durante la reuni\u00f3n evaluaron las mejoras de Claromec\u00f3 y agradecieron [&hellip;]<\/p>\n","protected":false},"author":2,"featured_media":0,"comment_status":"open","ping_status":"open","sticky":false,"template":"","format":"standard","meta":{"tdm_status":"","tdm_grid_status":"","_jetpack_memberships_contains_paid_content":false,"footnotes":"","jetpack_publicize_message":"","jetpack_publicize_feature_enabled":true,"jetpack_social_post_already_shared":false,"jetpack_social_options":{"image_generator_settings":{"template":"highway","default_image_id":0,"font":"","enabled":false},"version":2}},"categories":[35],"tags":[],"class_list":{"0":"post-5086","1":"post","2":"type-post","3":"status-publish","4":"format-standard","6":"category-regionales"},"yoast_head":"<!-- This site is optimized with the Yoast SEO plugin v22.7 - https:\/\/yoast.com\/wordpress\/plugins\/seo\/ -->\n<title>La Asociaci\u00f3n de Vecinos Interesados por Claromec\u00f3 arranc\u00f3 el 2020 - 103.9 fm<\/title>\n<meta name=\"robots\" content=\"index, follow, max-snippet:-1, max-image-preview:large, max-video-preview:-1\" \/>\n<link rel=\"canonical\" href=\"https:\/\/ondauno.com.ar\/index.php\/2020\/01\/25\/la-asociacion-de-vecinos-interesados-por-claromeco-arranco-el-2020\/\" \/>\n<meta property=\"og:locale\" content=\"es_ES\" \/>\n<meta property=\"og:type\" content=\"article\" \/>\n<meta property=\"og:title\" content=\"La Asociaci\u00f3n de Vecinos Interesados por Claromec\u00f3 arranc\u00f3 el 2020 - 103.9 fm\" \/>\n<meta property=\"og:description\" content=\"Los miembros de la Asociaci\u00f3n Vecinos INteresados por Claromec\u00f3 (AVIC) planificaron diversas actividades tras una reuni\u00f3n que se realiz\u00f3 el 16 de enero. Posteriormente volvieron a encontrarse el 23 de enero y la charla se ameniz\u00f3 con un &#8220;picoteo&#8221; en honor al nombre de AVIC. Durante la reuni\u00f3n evaluaron las mejoras de Claromec\u00f3 y agradecieron [&hellip;]\" \/>\n<meta property=\"og:url\" content=\"https:\/\/ondauno.com.ar\/index.php\/2020\/01\/25\/la-asociacion-de-vecinos-interesados-por-claromeco-arranco-el-2020\/\" \/>\n<meta property=\"og:site_name\" content=\"103.9 fm\" \/>\n<meta property=\"article:publisher\" content=\"https:\/\/www.facebook.com\/ondauno103.9\" \/>\n<meta property=\"article:published_time\" content=\"2020-01-25T21:54:30+00:00\" \/>\n<meta property=\"article:modified_time\" content=\"2020-01-25T21:54:36+00:00\" \/>\n<meta property=\"og:image\" content=\"https:\/\/ondauno.com.ar\/wp-content\/uploads\/2020\/01\/AVIC_LOGO.jpg\" \/>\n\t<meta property=\"og:image:width\" content=\"1600\" \/>\n\t<meta property=\"og:image:height\" content=\"1233\" \/>\n\t<meta property=\"og:image:type\" content=\"image\/jpeg\" \/>\n<meta name=\"author\" content=\"fernando garcia\" \/>\n<meta name=\"twitter:card\" content=\"summary_large_image\" \/>\n<meta name=\"twitter:label1\" content=\"Escrito por\" \/>\n\t<meta name=\"twitter:data1\" content=\"fernando garcia\" \/>\n\t<meta name=\"twitter:label2\" content=\"Tiempo de lectura\" \/>\n\t<meta name=\"twitter:data2\" content=\"1 minuto\" \/>\n<script type=\"application\/ld+json\" class=\"yoast-schema-graph\">{\"@context\":\"https:\/\/schema.org\",\"@graph\":[{\"@type\":\"WebPage\",\"@id\":\"https:\/\/ondauno.com.ar\/index.php\/2020\/01\/25\/la-asociacion-de-vecinos-interesados-por-claromeco-arranco-el-2020\/\",\"url\":\"https:\/\/ondauno.com.ar\/index.php\/2020\/01\/25\/la-asociacion-de-vecinos-interesados-por-claromeco-arranco-el-2020\/\",\"name\":\"La Asociaci\u00f3n de Vecinos Interesados por Claromec\u00f3 arranc\u00f3 el 2020 - 103.9 fm\",\"isPartOf\":{\"@id\":\"https:\/\/ondauno.com.ar\/#website\"},\"datePublished\":\"2020-01-25T21:54:30+00:00\",\"dateModified\":\"2020-01-25T21:54:36+00:00\",\"author\":{\"@id\":\"https:\/\/ondauno.com.ar\/#\/schema\/person\/201d1b68e6c75e0fd396fe5f8af5d139\"},\"breadcrumb\":{\"@id\":\"https:\/\/ondauno.com.ar\/index.php\/2020\/01\/25\/la-asociacion-de-vecinos-interesados-por-claromeco-arranco-el-2020\/#breadcrumb\"},\"inLanguage\":\"es-AR\",\"potentialAction\":[{\"@type\":\"ReadAction\",\"target\":[\"https:\/\/ondauno.com.ar\/index.php\/2020\/01\/25\/la-asociacion-de-vecinos-interesados-por-claromeco-arranco-el-2020\/\"]}]},{\"@type\":\"BreadcrumbList\",\"@id\":\"https:\/\/ondauno.com.ar\/index.php\/2020\/01\/25\/la-asociacion-de-vecinos-interesados-por-claromeco-arranco-el-2020\/#breadcrumb\",\"itemListElement\":[{\"@type\":\"ListItem\",\"position\":1,\"name\":\"Inicio\",\"item\":\"https:\/\/ondauno.com.ar\/\"},{\"@type\":\"ListItem\",\"position\":2,\"name\":\"La Asociaci\u00f3n de Vecinos Interesados por Claromec\u00f3 arranc\u00f3 el 2020\"}]},{\"@type\":\"WebSite\",\"@id\":\"https:\/\/ondauno.com.ar\/#website\",\"url\":\"https:\/\/ondauno.com.ar\/\",\"name\":\"103.9 fm\",\"description\":\"LA PRIMERA RADIO MULTIMEDIA DE TRES ARROYOS\",\"potentialAction\":[{\"@type\":\"SearchAction\",\"target\":{\"@type\":\"EntryPoint\",\"urlTemplate\":\"https:\/\/ondauno.com.ar\/?s={search_term_string}\"},\"query-input\":\"required name=search_term_string\"}],\"inLanguage\":\"es-AR\"},{\"@type\":\"Person\",\"@id\":\"https:\/\/ondauno.com.ar\/#\/schema\/person\/201d1b68e6c75e0fd396fe5f8af5d139\",\"name\":\"fernando garcia\",\"image\":{\"@type\":\"ImageObject\",\"inLanguage\":\"es-AR\",\"@id\":\"https:\/\/ondauno.com.ar\/#\/schema\/person\/image\/\",\"url\":\"https:\/\/secure.gravatar.com\/avatar\/5f7254642ad81272e79a2e69653cfdfc?s=96&d=mm&r=g\",\"contentUrl\":\"https:\/\/secure.gravatar.com\/avatar\/5f7254642ad81272e79a2e69653cfdfc?s=96&d=mm&r=g\",\"caption\":\"fernando garcia\"},\"url\":\"https:\/\/ondauno.com.ar\/index.php\/author\/ondaunoeditor\/\"}]}<\/script>\n<!-- \/ Yoast SEO plugin. -->","yoast_head_json":{"title":"La Asociaci\u00f3n de Vecinos Interesados por Claromec\u00f3 arranc\u00f3 el 2020 - 103.9 fm","robots":{"index":"index","follow":"follow","max-snippet":"max-snippet:-1","max-image-preview":"max-image-preview:large","max-video-preview":"max-video-preview:-1"},"canonical":"https:\/\/ondauno.com.ar\/index.php\/2020\/01\/25\/la-asociacion-de-vecinos-interesados-por-claromeco-arranco-el-2020\/","og_locale":"es_ES","og_type":"article","og_title":"La Asociaci\u00f3n de Vecinos Interesados por Claromec\u00f3 arranc\u00f3 el 2020 - 103.9 fm","og_description":"Los miembros de la Asociaci\u00f3n Vecinos INteresados por Claromec\u00f3 (AVIC) planificaron diversas actividades tras una reuni\u00f3n que se realiz\u00f3 el 16 de enero. Posteriormente volvieron a encontrarse el 23 de enero y la charla se ameniz\u00f3 con un &#8220;picoteo&#8221; en honor al nombre de AVIC. Durante la reuni\u00f3n evaluaron las mejoras de Claromec\u00f3 y agradecieron [&hellip;]","og_url":"https:\/\/ondauno.com.ar\/index.php\/2020\/01\/25\/la-asociacion-de-vecinos-interesados-por-claromeco-arranco-el-2020\/","og_site_name":"103.9 fm","article_publisher":"https:\/\/www.facebook.com\/ondauno103.9","article_published_time":"2020-01-25T21:54:30+00:00","article_modified_time":"2020-01-25T21:54:36+00:00","og_image":[{"width":1600,"height":1233,"url":"https:\/\/ondauno.com.ar\/wp-content\/uploads\/2020\/01\/AVIC_LOGO.jpg","type":"image\/jpeg"}],"author":"fernando garcia","twitter_card":"summary_large_image","twitter_misc":{"Escrito por":"fernando garcia","Tiempo de lectura":"1 minuto"},"schema":{"@context":"https:\/\/schema.org","@graph":[{"@type":"WebPage","@id":"https:\/\/ondauno.com.ar\/index.php\/2020\/01\/25\/la-asociacion-de-vecinos-interesados-por-claromeco-arranco-el-2020\/","url":"https:\/\/ondauno.com.ar\/index.php\/2020\/01\/25\/la-asociacion-de-vecinos-interesados-por-claromeco-arranco-el-2020\/","name":"La Asociaci\u00f3n de Vecinos Interesados por Claromec\u00f3 arranc\u00f3 el 2020 - 103.9 fm","isPartOf":{"@id":"https:\/\/ondauno.com.ar\/#website"},"datePublished":"2020-01-25T21:54:30+00:00","dateModified":"2020-01-25T21:54:36+00:00","author":{"@id":"https:\/\/ondauno.com.ar\/#\/schema\/person\/201d1b68e6c75e0fd396fe5f8af5d139"},"breadcrumb":{"@id":"https:\/\/ondauno.com.ar\/index.php\/2020\/01\/25\/la-asociacion-de-vecinos-interesados-por-claromeco-arranco-el-2020\/#breadcrumb"},"inLanguage":"es-AR","potentialAction":[{"@type":"ReadAction","target":["https:\/\/ondauno.com.ar\/index.php\/2020\/01\/25\/la-asociacion-de-vecinos-interesados-por-claromeco-arranco-el-2020\/"]}]},{"@type":"BreadcrumbList","@id":"https:\/\/ondauno.com.ar\/index.php\/2020\/01\/25\/la-asociacion-de-vecinos-interesados-por-claromeco-arranco-el-2020\/#breadcrumb","itemListElement":[{"@type":"ListItem","position":1,"name":"Inicio","item":"https:\/\/ondauno.com.ar\/"},{"@type":"ListItem","position":2,"name":"La Asociaci\u00f3n de Vecinos Interesados por Claromec\u00f3 arranc\u00f3 el 2020"}]},{"@type":"WebSite","@id":"https:\/\/ondauno.com.ar\/#website","url":"https:\/\/ondauno.com.ar\/","name":"103.9 fm","description":"LA PRIMERA RADIO MULTIMEDIA DE TRES ARROYOS","potentialAction":[{"@type":"SearchAction","target":{"@type":"EntryPoint","urlTemplate":"https:\/\/ondauno.com.ar\/?s={search_term_string}"},"query-input":"required name=search_term_string"}],"inLanguage":"es-AR"},{"@type":"Person","@id":"https:\/\/ondauno.com.ar\/#\/schema\/person\/201d1b68e6c75e0fd396fe5f8af5d139","name":"fernando garcia","image":{"@type":"ImageObject","inLanguage":"es-AR","@id":"https:\/\/ondauno.com.ar\/#\/schema\/person\/image\/","url":"https:\/\/secure.gravatar.com\/avatar\/5f7254642ad81272e79a2e69653cfdfc?s=96&d=mm&r=g","contentUrl":"https:\/\/secure.gravatar.com\/avatar\/5f7254642ad81272e79a2e69653cfdfc?s=96&d=mm&r=g","caption":"fernando garcia"},"url":"https:\/\/ondauno.com.ar\/index.php\/author\/ondaunoeditor\/"}]}},"jetpack_publicize_connections":[],"jetpack_featured_media_url":"","jetpack_sharing_enabled":true,"_links":{"self":[{"href":"https:\/\/ondauno.com.ar\/index.php\/wp-json\/wp\/v2\/posts\/5086","targetHints":{"allow":["GET"]}}],"collection":[{"href":"https:\/\/ondauno.com.ar\/index.php\/wp-json\/wp\/v2\/posts"}],"about":[{"href":"https:\/\/ondauno.com.ar\/index.php\/wp-json\/wp\/v2\/types\/post"}],"author":[{"embeddable":true,"href":"https:\/\/ondauno.com.ar\/index.php\/wp-json\/wp\/v2\/users\/2"}],"replies":[{"embeddable":true,"href":"https:\/\/ondauno.com.ar\/index.php\/wp-json\/wp\/v2\/comments?post=5086"}],"version-history":[{"count":0,"href":"https:\/\/ondauno.com.ar\/index.php\/wp-json\/wp\/v2\/posts\/5086\/revisions"}],"wp:attachment":[{"href":"https:\/\/ondauno.com.ar\/index.php\/wp-json\/wp\/v2\/media?parent=5086"}],"wp:term":[{"taxonomy":"category","embeddable":true,"href":"https:\/\/ondauno.com.ar\/index.php\/wp-json\/wp\/v2\/categories?post=5086"},{"taxonomy":"post_tag","embeddable":true,"href":"https:\/\/ondauno.com.ar\/index.php\/wp-json\/wp\/v2\/tags?post=5086"}],"curies":[{"name":"wp","href":"https:\/\/api.w.org\/{rel}","templated":true}]}}