{"id":50836,"date":"2024-10-04T21:49:18","date_gmt":"2024-10-05T00:49:18","guid":{"rendered":"https:\/\/ondauno.com.ar\/?p=50836"},"modified":"2024-10-04T21:49:22","modified_gmt":"2024-10-05T00:49:22","slug":"la-denuncia-por-agresion-en-el-concejo-deliberante-quedo-archivada","status":"publish","type":"post","link":"https:\/\/ondauno.com.ar\/index.php\/2024\/10\/04\/la-denuncia-por-agresion-en-el-concejo-deliberante-quedo-archivada\/","title":{"rendered":"La denuncia por agresi\u00f3n en el Concejo Deliberante qued\u00f3 archivada"},"content":{"rendered":"<div class=\"ondau-before-content_3\" style=\"margin-top: -30px;\" id=\"ondau-2543256460\"><a href=\"https:\/\/www.lps.com.ar\/\" aria-label=\"la-perse2\"><img loading=\"lazy\" decoding=\"async\" src=\"https:\/\/ondauno.com.ar\/wp-content\/uploads\/2021\/10\/la-perse2.jpg\" alt=\"\"  srcset=\"https:\/\/ondauno.com.ar\/wp-content\/uploads\/2021\/10\/la-perse2.jpg 1353w, https:\/\/ondauno.com.ar\/wp-content\/uploads\/2021\/10\/la-perse2-300x43.jpg 300w, https:\/\/ondauno.com.ar\/wp-content\/uploads\/2021\/10\/la-perse2-1024x148.jpg 1024w, https:\/\/ondauno.com.ar\/wp-content\/uploads\/2021\/10\/la-perse2-768x111.jpg 768w, https:\/\/ondauno.com.ar\/wp-content\/uploads\/2021\/10\/la-perse2-696x100.jpg 696w, https:\/\/ondauno.com.ar\/wp-content\/uploads\/2021\/10\/la-perse2-1068x154.jpg 1068w\" sizes=\"(max-width: 1353px) 100vw, 1353px\" class=\"no-lazyload\" width=\"1353\" height=\"195\"  style=\"display: inline-block;\" \/><\/a><\/div>\n<p>En Cosas que pasan, la secretaria del Concejo Deliberante, por el vecinalismo, Roc\u00edo Li\u00e9bana, expres\u00f3 su malestar luego de que la denuncia por agresi\u00f3n f\u00edsica que present\u00f3 contra la concejal Diana De Grazia fuera archivada sin una investigaci\u00f3n adecuada.<\/p>\n\n\n\n<p>Li\u00e9bana relat\u00f3 que la agresi\u00f3n ocurri\u00f3 cuando De Grazia, presidente del radicalismo local, &#8220;la sac\u00f3 a empujones de la oficina de la secretar\u00eda&#8221;.<\/p>\n\n\n\n<p>Li\u00e9bana detall\u00f3 que intent\u00f3 formar una comisi\u00f3n investigadora para abordar el incidente, pero no cont\u00f3 con el respaldo necesario: &#8220;Necesit\u00e1bamos las dos terceras partes del cuerpo de concejales, pero no obtuvimos el apoyo suficiente&#8221;.<\/p>\n\n\n\n<p>A pesar de contar con el acompa\u00f1amiento de su bloque y de Uni\u00f3n por la Patria, no lograron el n\u00famero requerido para avanzar en la investigaci\u00f3n.<\/p>\n\n\n\n<p>&#8220;Mandar el expediente al archivo no significa que el hecho no haya sucedido&#8221;, afirm\u00f3 Li\u00e9bana, subrayando que la normativa actual no contempla sanciones para casos de violencia en el \u00e1mbito del Concejo Deliberante.<br>Tambi\u00e9n Li\u00e9bana dej\u00f3 en claro su frustraci\u00f3n por la falta de mecanismos legales para tratar este tipo de situaciones y se expres\u00f3 en favor de una modificaci\u00f3n de las normas para evitar que hechos similares queden impunes en el futuro.<\/p>\n\n\n\n<p>En tanto la concejal Diana De Grazia no hizo declaraciones sobre el tema hasta el momento.<\/p>\n\n\n\n<figure class=\"wp-block-embed is-type-video is-provider-youtube wp-block-embed-youtube wp-embed-aspect-16-9 wp-has-aspect-ratio\"><div class=\"wp-block-embed__wrapper\">\n<div class=\"youtube-embed\" data-video_id=\"9fstMoK6JRs\"><iframe loading=\"lazy\" title=\"Onda Uno 103.9 en vivo\" width=\"696\" height=\"392\" data-src=\"https:\/\/www.youtube.com\/embed\/9fstMoK6JRs?feature=oembed&#038;enablejsapi=1\" frameborder=\"0\" allow=\"accelerometer; autoplay; clipboard-write; encrypted-media; gyroscope; picture-in-picture; web-share\" referrerpolicy=\"strict-origin-when-cross-origin\" allowfullscreen src=\"data:image\/gif;base64,R0lGODlhAQABAAAAACH5BAEKAAEALAAAAAABAAEAAAICTAEAOw==\" class=\"lazyload\" data-load-mode=\"1\"><\/iframe><\/div>\n<\/div><\/figure>\n","protected":false},"excerpt":{"rendered":"<p>En Cosas que pasan, la secretaria del Concejo Deliberante, por el vecinalismo, Roc\u00edo Li\u00e9bana, expres\u00f3 su malestar luego de que la denuncia por agresi\u00f3n f\u00edsica que present\u00f3 contra la concejal Diana De Grazia fuera archivada sin una investigaci\u00f3n adecuada. Li\u00e9bana relat\u00f3 que la agresi\u00f3n ocurri\u00f3 cuando De Grazia, presidente del radicalismo local, &#8220;la sac\u00f3 a [&hellip;]<\/p>\n","protected":false},"author":1,"featured_media":50837,"comment_status":"open","ping_status":"open","sticky":false,"template":"","format":"standard","meta":{"tdm_status":"","tdm_grid_status":"","_jetpack_memberships_contains_paid_content":false,"footnotes":"","jetpack_publicize_message":"","jetpack_publicize_feature_enabled":true,"jetpack_social_post_already_shared":false,"jetpack_social_options":{"image_generator_settings":{"template":"highway","default_image_id":0,"font":"","enabled":false},"version":2}},"categories":[2],"tags":[],"class_list":{"0":"post-50836","1":"post","2":"type-post","3":"status-publish","4":"format-standard","5":"has-post-thumbnail","7":"category-locales"},"yoast_head":"<!-- This site is optimized with the Yoast SEO plugin v22.7 - https:\/\/yoast.com\/wordpress\/plugins\/seo\/ -->\n<title>La denuncia por agresi\u00f3n en el Concejo Deliberante qued\u00f3 archivada - 103.9 fm<\/title>\n<meta name=\"robots\" content=\"index, follow, max-snippet:-1, max-image-preview:large, max-video-preview:-1\" \/>\n<link rel=\"canonical\" href=\"https:\/\/ondauno.com.ar\/index.php\/2024\/10\/04\/la-denuncia-por-agresion-en-el-concejo-deliberante-quedo-archivada\/\" \/>\n<meta property=\"og:locale\" content=\"es_ES\" \/>\n<meta property=\"og:type\" content=\"article\" \/>\n<meta property=\"og:title\" content=\"La denuncia por agresi\u00f3n en el Concejo Deliberante qued\u00f3 archivada - 103.9 fm\" \/>\n<meta property=\"og:description\" content=\"En Cosas que pasan, la secretaria del Concejo Deliberante, por el vecinalismo, Roc\u00edo Li\u00e9bana, expres\u00f3 su malestar luego de que la denuncia por agresi\u00f3n f\u00edsica que present\u00f3 contra la concejal Diana De Grazia fuera archivada sin una investigaci\u00f3n adecuada. Li\u00e9bana relat\u00f3 que la agresi\u00f3n ocurri\u00f3 cuando De Grazia, presidente del radicalismo local, &#8220;la sac\u00f3 a [&hellip;]\" \/>\n<meta property=\"og:url\" content=\"https:\/\/ondauno.com.ar\/index.php\/2024\/10\/04\/la-denuncia-por-agresion-en-el-concejo-deliberante-quedo-archivada\/\" \/>\n<meta property=\"og:site_name\" content=\"103.9 fm\" \/>\n<meta property=\"article:publisher\" content=\"https:\/\/www.facebook.com\/ondauno103.9\" \/>\n<meta property=\"article:published_time\" content=\"2024-10-05T00:49:18+00:00\" \/>\n<meta property=\"article:modified_time\" content=\"2024-10-05T00:49:22+00:00\" \/>\n<meta property=\"og:image\" content=\"http:\/\/ondauno.com.ar\/wp-content\/uploads\/2024\/10\/Blank-2-Grids-Collage-2.jpg\" \/>\n\t<meta property=\"og:image:width\" content=\"1999\" \/>\n\t<meta property=\"og:image:height\" content=\"1999\" \/>\n\t<meta property=\"og:image:type\" content=\"image\/jpeg\" \/>\n<meta name=\"author\" content=\"OndaUno\" \/>\n<meta name=\"twitter:card\" content=\"summary_large_image\" \/>\n<meta name=\"twitter:label1\" content=\"Escrito por\" \/>\n\t<meta name=\"twitter:data1\" content=\"OndaUno\" \/>\n\t<meta name=\"twitter:label2\" content=\"Tiempo de lectura\" \/>\n\t<meta name=\"twitter:data2\" content=\"2 minutos\" \/>\n<script type=\"application\/ld+json\" class=\"yoast-schema-graph\">{\"@context\":\"https:\/\/schema.org\",\"@graph\":[{\"@type\":\"WebPage\",\"@id\":\"https:\/\/ondauno.com.ar\/index.php\/2024\/10\/04\/la-denuncia-por-agresion-en-el-concejo-deliberante-quedo-archivada\/\",\"url\":\"https:\/\/ondauno.com.ar\/index.php\/2024\/10\/04\/la-denuncia-por-agresion-en-el-concejo-deliberante-quedo-archivada\/\",\"name\":\"La denuncia por agresi\u00f3n en el Concejo Deliberante qued\u00f3 archivada - 103.9 fm\",\"isPartOf\":{\"@id\":\"https:\/\/ondauno.com.ar\/#website\"},\"primaryImageOfPage\":{\"@id\":\"https:\/\/ondauno.com.ar\/index.php\/2024\/10\/04\/la-denuncia-por-agresion-en-el-concejo-deliberante-quedo-archivada\/#primaryimage\"},\"image\":{\"@id\":\"https:\/\/ondauno.com.ar\/index.php\/2024\/10\/04\/la-denuncia-por-agresion-en-el-concejo-deliberante-quedo-archivada\/#primaryimage\"},\"thumbnailUrl\":\"https:\/\/ondauno.com.ar\/wp-content\/uploads\/2024\/10\/Blank-2-Grids-Collage-2.jpg\",\"datePublished\":\"2024-10-05T00:49:18+00:00\",\"dateModified\":\"2024-10-05T00:49:22+00:00\",\"author\":{\"@id\":\"https:\/\/ondauno.com.ar\/#\/schema\/person\/7ec851ddeceb4133d7d7132dc645714e\"},\"breadcrumb\":{\"@id\":\"https:\/\/ondauno.com.ar\/index.php\/2024\/10\/04\/la-denuncia-por-agresion-en-el-concejo-deliberante-quedo-archivada\/#breadcrumb\"},\"inLanguage\":\"es-AR\",\"potentialAction\":[{\"@type\":\"ReadAction\",\"target\":[\"https:\/\/ondauno.com.ar\/index.php\/2024\/10\/04\/la-denuncia-por-agresion-en-el-concejo-deliberante-quedo-archivada\/\"]}]},{\"@type\":\"ImageObject\",\"inLanguage\":\"es-AR\",\"@id\":\"https:\/\/ondauno.com.ar\/index.php\/2024\/10\/04\/la-denuncia-por-agresion-en-el-concejo-deliberante-quedo-archivada\/#primaryimage\",\"url\":\"https:\/\/ondauno.com.ar\/wp-content\/uploads\/2024\/10\/Blank-2-Grids-Collage-2.jpg\",\"contentUrl\":\"https:\/\/ondauno.com.ar\/wp-content\/uploads\/2024\/10\/Blank-2-Grids-Collage-2.jpg\",\"width\":1999,\"height\":1999},{\"@type\":\"BreadcrumbList\",\"@id\":\"https:\/\/ondauno.com.ar\/index.php\/2024\/10\/04\/la-denuncia-por-agresion-en-el-concejo-deliberante-quedo-archivada\/#breadcrumb\",\"itemListElement\":[{\"@type\":\"ListItem\",\"position\":1,\"name\":\"Inicio\",\"item\":\"https:\/\/ondauno.com.ar\/\"},{\"@type\":\"ListItem\",\"position\":2,\"name\":\"La denuncia por agresi\u00f3n en el Concejo Deliberante qued\u00f3 archivada\"}]},{\"@type\":\"WebSite\",\"@id\":\"https:\/\/ondauno.com.ar\/#website\",\"url\":\"https:\/\/ondauno.com.ar\/\",\"name\":\"103.9 fm\",\"description\":\"LA PRIMERA RADIO MULTIMEDIA DE TRES ARROYOS\",\"potentialAction\":[{\"@type\":\"SearchAction\",\"target\":{\"@type\":\"EntryPoint\",\"urlTemplate\":\"https:\/\/ondauno.com.ar\/?s={search_term_string}\"},\"query-input\":\"required name=search_term_string\"}],\"inLanguage\":\"es-AR\"},{\"@type\":\"Person\",\"@id\":\"https:\/\/ondauno.com.ar\/#\/schema\/person\/7ec851ddeceb4133d7d7132dc645714e\",\"name\":\"OndaUno\",\"image\":{\"@type\":\"ImageObject\",\"inLanguage\":\"es-AR\",\"@id\":\"https:\/\/ondauno.com.ar\/#\/schema\/person\/image\/\",\"url\":\"https:\/\/secure.gravatar.com\/avatar\/93b8009f0de7021f1feb2bd5b32fb9e8?s=96&d=mm&r=g\",\"contentUrl\":\"https:\/\/secure.gravatar.com\/avatar\/93b8009f0de7021f1feb2bd5b32fb9e8?s=96&d=mm&r=g\",\"caption\":\"OndaUno\"},\"url\":\"https:\/\/ondauno.com.ar\/index.php\/author\/ondauno\/\"}]}<\/script>\n<!-- \/ Yoast SEO plugin. -->","yoast_head_json":{"title":"La denuncia por agresi\u00f3n en el Concejo Deliberante qued\u00f3 archivada - 103.9 fm","robots":{"index":"index","follow":"follow","max-snippet":"max-snippet:-1","max-image-preview":"max-image-preview:large","max-video-preview":"max-video-preview:-1"},"canonical":"https:\/\/ondauno.com.ar\/index.php\/2024\/10\/04\/la-denuncia-por-agresion-en-el-concejo-deliberante-quedo-archivada\/","og_locale":"es_ES","og_type":"article","og_title":"La denuncia por agresi\u00f3n en el Concejo Deliberante qued\u00f3 archivada - 103.9 fm","og_description":"En Cosas que pasan, la secretaria del Concejo Deliberante, por el vecinalismo, Roc\u00edo Li\u00e9bana, expres\u00f3 su malestar luego de que la denuncia por agresi\u00f3n f\u00edsica que present\u00f3 contra la concejal Diana De Grazia fuera archivada sin una investigaci\u00f3n adecuada. Li\u00e9bana relat\u00f3 que la agresi\u00f3n ocurri\u00f3 cuando De Grazia, presidente del radicalismo local, &#8220;la sac\u00f3 a [&hellip;]","og_url":"https:\/\/ondauno.com.ar\/index.php\/2024\/10\/04\/la-denuncia-por-agresion-en-el-concejo-deliberante-quedo-archivada\/","og_site_name":"103.9 fm","article_publisher":"https:\/\/www.facebook.com\/ondauno103.9","article_published_time":"2024-10-05T00:49:18+00:00","article_modified_time":"2024-10-05T00:49:22+00:00","og_image":[{"width":1999,"height":1999,"url":"http:\/\/ondauno.com.ar\/wp-content\/uploads\/2024\/10\/Blank-2-Grids-Collage-2.jpg","type":"image\/jpeg"}],"author":"OndaUno","twitter_card":"summary_large_image","twitter_misc":{"Escrito por":"OndaUno","Tiempo de lectura":"2 minutos"},"schema":{"@context":"https:\/\/schema.org","@graph":[{"@type":"WebPage","@id":"https:\/\/ondauno.com.ar\/index.php\/2024\/10\/04\/la-denuncia-por-agresion-en-el-concejo-deliberante-quedo-archivada\/","url":"https:\/\/ondauno.com.ar\/index.php\/2024\/10\/04\/la-denuncia-por-agresion-en-el-concejo-deliberante-quedo-archivada\/","name":"La denuncia por agresi\u00f3n en el Concejo Deliberante qued\u00f3 archivada - 103.9 fm","isPartOf":{"@id":"https:\/\/ondauno.com.ar\/#website"},"primaryImageOfPage":{"@id":"https:\/\/ondauno.com.ar\/index.php\/2024\/10\/04\/la-denuncia-por-agresion-en-el-concejo-deliberante-quedo-archivada\/#primaryimage"},"image":{"@id":"https:\/\/ondauno.com.ar\/index.php\/2024\/10\/04\/la-denuncia-por-agresion-en-el-concejo-deliberante-quedo-archivada\/#primaryimage"},"thumbnailUrl":"https:\/\/ondauno.com.ar\/wp-content\/uploads\/2024\/10\/Blank-2-Grids-Collage-2.jpg","datePublished":"2024-10-05T00:49:18+00:00","dateModified":"2024-10-05T00:49:22+00:00","author":{"@id":"https:\/\/ondauno.com.ar\/#\/schema\/person\/7ec851ddeceb4133d7d7132dc645714e"},"breadcrumb":{"@id":"https:\/\/ondauno.com.ar\/index.php\/2024\/10\/04\/la-denuncia-por-agresion-en-el-concejo-deliberante-quedo-archivada\/#breadcrumb"},"inLanguage":"es-AR","potentialAction":[{"@type":"ReadAction","target":["https:\/\/ondauno.com.ar\/index.php\/2024\/10\/04\/la-denuncia-por-agresion-en-el-concejo-deliberante-quedo-archivada\/"]}]},{"@type":"ImageObject","inLanguage":"es-AR","@id":"https:\/\/ondauno.com.ar\/index.php\/2024\/10\/04\/la-denuncia-por-agresion-en-el-concejo-deliberante-quedo-archivada\/#primaryimage","url":"https:\/\/ondauno.com.ar\/wp-content\/uploads\/2024\/10\/Blank-2-Grids-Collage-2.jpg","contentUrl":"https:\/\/ondauno.com.ar\/wp-content\/uploads\/2024\/10\/Blank-2-Grids-Collage-2.jpg","width":1999,"height":1999},{"@type":"BreadcrumbList","@id":"https:\/\/ondauno.com.ar\/index.php\/2024\/10\/04\/la-denuncia-por-agresion-en-el-concejo-deliberante-quedo-archivada\/#breadcrumb","itemListElement":[{"@type":"ListItem","position":1,"name":"Inicio","item":"https:\/\/ondauno.com.ar\/"},{"@type":"ListItem","position":2,"name":"La denuncia por agresi\u00f3n en el Concejo Deliberante qued\u00f3 archivada"}]},{"@type":"WebSite","@id":"https:\/\/ondauno.com.ar\/#website","url":"https:\/\/ondauno.com.ar\/","name":"103.9 fm","description":"LA PRIMERA RADIO MULTIMEDIA DE TRES ARROYOS","potentialAction":[{"@type":"SearchAction","target":{"@type":"EntryPoint","urlTemplate":"https:\/\/ondauno.com.ar\/?s={search_term_string}"},"query-input":"required name=search_term_string"}],"inLanguage":"es-AR"},{"@type":"Person","@id":"https:\/\/ondauno.com.ar\/#\/schema\/person\/7ec851ddeceb4133d7d7132dc645714e","name":"OndaUno","image":{"@type":"ImageObject","inLanguage":"es-AR","@id":"https:\/\/ondauno.com.ar\/#\/schema\/person\/image\/","url":"https:\/\/secure.gravatar.com\/avatar\/93b8009f0de7021f1feb2bd5b32fb9e8?s=96&d=mm&r=g","contentUrl":"https:\/\/secure.gravatar.com\/avatar\/93b8009f0de7021f1feb2bd5b32fb9e8?s=96&d=mm&r=g","caption":"OndaUno"},"url":"https:\/\/ondauno.com.ar\/index.php\/author\/ondauno\/"}]}},"jetpack_publicize_connections":[],"jetpack_featured_media_url":"https:\/\/ondauno.com.ar\/wp-content\/uploads\/2024\/10\/Blank-2-Grids-Collage-2.jpg","jetpack_sharing_enabled":true,"_links":{"self":[{"href":"https:\/\/ondauno.com.ar\/index.php\/wp-json\/wp\/v2\/posts\/50836","targetHints":{"allow":["GET"]}}],"collection":[{"href":"https:\/\/ondauno.com.ar\/index.php\/wp-json\/wp\/v2\/posts"}],"about":[{"href":"https:\/\/ondauno.com.ar\/index.php\/wp-json\/wp\/v2\/types\/post"}],"author":[{"embeddable":true,"href":"https:\/\/ondauno.com.ar\/index.php\/wp-json\/wp\/v2\/users\/1"}],"replies":[{"embeddable":true,"href":"https:\/\/ondauno.com.ar\/index.php\/wp-json\/wp\/v2\/comments?post=50836"}],"version-history":[{"count":1,"href":"https:\/\/ondauno.com.ar\/index.php\/wp-json\/wp\/v2\/posts\/50836\/revisions"}],"predecessor-version":[{"id":50838,"href":"https:\/\/ondauno.com.ar\/index.php\/wp-json\/wp\/v2\/posts\/50836\/revisions\/50838"}],"wp:featuredmedia":[{"embeddable":true,"href":"https:\/\/ondauno.com.ar\/index.php\/wp-json\/wp\/v2\/media\/50837"}],"wp:attachment":[{"href":"https:\/\/ondauno.com.ar\/index.php\/wp-json\/wp\/v2\/media?parent=50836"}],"wp:term":[{"taxonomy":"category","embeddable":true,"href":"https:\/\/ondauno.com.ar\/index.php\/wp-json\/wp\/v2\/categories?post=50836"},{"taxonomy":"post_tag","embeddable":true,"href":"https:\/\/ondauno.com.ar\/index.php\/wp-json\/wp\/v2\/tags?post=50836"}],"curies":[{"name":"wp","href":"https:\/\/api.w.org\/{rel}","templated":true}]}}