{"id":50785,"date":"2024-10-03T21:23:43","date_gmt":"2024-10-04T00:23:43","guid":{"rendered":"https:\/\/ondauno.com.ar\/?p=50785"},"modified":"2024-10-03T21:23:47","modified_gmt":"2024-10-04T00:23:47","slug":"jornadas-de-teatro-y-educacion-en-tres-arroyos-y-san-francisco-de-bellocq","status":"publish","type":"post","link":"https:\/\/ondauno.com.ar\/index.php\/2024\/10\/03\/jornadas-de-teatro-y-educacion-en-tres-arroyos-y-san-francisco-de-bellocq\/","title":{"rendered":"Jornadas de teatro y educaci\u00f3n en Tres Arroyos y San Francisco de Bellocq"},"content":{"rendered":"<div class=\"ondau-before-content_3\" style=\"margin-top: -30px;\" id=\"ondau-2342504652\"><a href=\"https:\/\/www.lps.com.ar\/\" aria-label=\"la-perse2\"><img loading=\"lazy\" decoding=\"async\" src=\"https:\/\/ondauno.com.ar\/wp-content\/uploads\/2021\/10\/la-perse2.jpg\" alt=\"\"  srcset=\"https:\/\/ondauno.com.ar\/wp-content\/uploads\/2021\/10\/la-perse2.jpg 1353w, https:\/\/ondauno.com.ar\/wp-content\/uploads\/2021\/10\/la-perse2-300x43.jpg 300w, https:\/\/ondauno.com.ar\/wp-content\/uploads\/2021\/10\/la-perse2-1024x148.jpg 1024w, https:\/\/ondauno.com.ar\/wp-content\/uploads\/2021\/10\/la-perse2-768x111.jpg 768w, https:\/\/ondauno.com.ar\/wp-content\/uploads\/2021\/10\/la-perse2-696x100.jpg 696w, https:\/\/ondauno.com.ar\/wp-content\/uploads\/2021\/10\/la-perse2-1068x154.jpg 1068w\" sizes=\"(max-width: 1353px) 100vw, 1353px\" class=\"no-lazyload\" width=\"1353\" height=\"195\"  style=\"display: inline-block;\" \/><\/a><\/div>\n<p>Los d\u00edas 3 y 4 de octubre tendr\u00e1n lugar las Segundas Jornadas Intensivas de Teatro y Educaci\u00f3n, bajo el lema &#8220;expectar y jugar, dos caras del teatrar&#8221;. El evento, que se desarrollar\u00e1 en las localidades de San Francisco de Bellocq y Tres Arroyos, busca difundir el juego dram\u00e1tico y teatral a trav\u00e9s de actividades gratuitas y abiertas al p\u00fablico.<\/p>\n\n\n\n<p>Desde el Eje Jugar, se impartir\u00e1n talleres de teatro para ni\u00f1os y ni\u00f1as de San Francisco de Bellocq a cargo de docentes de la Escuela de Educaci\u00f3n Art\u00edstica N\u00ba2 y otras escuelas primarias del distrito. El objetivo es democratizar el acceso al teatro y fomentar la creatividad en los m\u00e1s j\u00f3venes.<\/p>\n\n\n\n<p>En el Eje Expectar, se presentar\u00e1n tres obras de teatro especialmente seleccionadas para estudiantes, en colaboraci\u00f3n con el Circuito de Teatristas Independientes de la Regi\u00f3n XI y la Facultad de Arte de la Universidad del Centro. Entre las obras destacan <em>&#8220;de la tierra a la luna&#8221;<\/em>, escrita por Evelina Soul\u00e9, <em>&#8220;el pa\u00eds de los geranios&#8221;<\/em> de Julia Esquivel, y el biodrama <em>&#8220;la escuela bajo sospecha&#8221;<\/em>, que aborda la problem\u00e1tica de las falsas denuncias a docentes.<\/p>\n\n\n\n<p>Al finalizar cada jornada, se llevar\u00e1 a cabo un conversatorio entre los artistas y el p\u00fablico para explorar los procesos creativos y el trabajo detr\u00e1s de las producciones. Adem\u00e1s, se abrir\u00e1 una mesa de di\u00e1logo con hacedores de la actividad teatral para compartir sus investigaciones y experiencias.<\/p>\n\n\n\n<p>Las Jornadas, que forman parte de la Semana de las Artes, son posibles gracias al esfuerzo conjunto de diversas instituciones culturales y educativas de la regi\u00f3n, incluyendo la Facultad de Arte de la Universidad del Centro, el Consejo Provincial de Teatro Independiente y la Direcci\u00f3n de Cultura del Municipio de Tres Arroyos.<\/p>\n\n\n\n<p>El evento promete ser un punto de encuentro para el arte y la educaci\u00f3n, brindando una oportunidad \u00fanica para estudiantes, docentes y la comunidad en general.<\/p>\n","protected":false},"excerpt":{"rendered":"<p>Los d\u00edas 3 y 4 de octubre tendr\u00e1n lugar las Segundas Jornadas Intensivas de Teatro y Educaci\u00f3n, bajo el lema &#8220;expectar y jugar, dos caras del teatrar&#8221;. El evento, que se desarrollar\u00e1 en las localidades de San Francisco de Bellocq y Tres Arroyos, busca difundir el juego dram\u00e1tico y teatral a trav\u00e9s de actividades gratuitas [&hellip;]<\/p>\n","protected":false},"author":1,"featured_media":50786,"comment_status":"open","ping_status":"open","sticky":false,"template":"","format":"standard","meta":{"tdm_status":"","tdm_grid_status":"","_jetpack_memberships_contains_paid_content":false,"footnotes":"","jetpack_publicize_message":"","jetpack_publicize_feature_enabled":true,"jetpack_social_post_already_shared":false,"jetpack_social_options":{"image_generator_settings":{"template":"highway","default_image_id":0,"font":"","enabled":false},"version":2}},"categories":[28],"tags":[],"class_list":{"0":"post-50785","1":"post","2":"type-post","3":"status-publish","4":"format-standard","5":"has-post-thumbnail","7":"category-interes-general"},"yoast_head":"<!-- This site is optimized with the Yoast SEO plugin v22.7 - https:\/\/yoast.com\/wordpress\/plugins\/seo\/ -->\n<title>Jornadas de teatro y educaci\u00f3n en Tres Arroyos y San Francisco de Bellocq - 103.9 fm<\/title>\n<meta name=\"robots\" content=\"index, follow, max-snippet:-1, max-image-preview:large, max-video-preview:-1\" \/>\n<link rel=\"canonical\" href=\"https:\/\/ondauno.com.ar\/index.php\/2024\/10\/03\/jornadas-de-teatro-y-educacion-en-tres-arroyos-y-san-francisco-de-bellocq\/\" \/>\n<meta property=\"og:locale\" content=\"es_ES\" \/>\n<meta property=\"og:type\" content=\"article\" \/>\n<meta property=\"og:title\" content=\"Jornadas de teatro y educaci\u00f3n en Tres Arroyos y San Francisco de Bellocq - 103.9 fm\" \/>\n<meta property=\"og:description\" content=\"Los d\u00edas 3 y 4 de octubre tendr\u00e1n lugar las Segundas Jornadas Intensivas de Teatro y Educaci\u00f3n, bajo el lema &#8220;expectar y jugar, dos caras del teatrar&#8221;. El evento, que se desarrollar\u00e1 en las localidades de San Francisco de Bellocq y Tres Arroyos, busca difundir el juego dram\u00e1tico y teatral a trav\u00e9s de actividades gratuitas [&hellip;]\" \/>\n<meta property=\"og:url\" content=\"https:\/\/ondauno.com.ar\/index.php\/2024\/10\/03\/jornadas-de-teatro-y-educacion-en-tres-arroyos-y-san-francisco-de-bellocq\/\" \/>\n<meta property=\"og:site_name\" content=\"103.9 fm\" \/>\n<meta property=\"article:publisher\" content=\"https:\/\/www.facebook.com\/ondauno103.9\" \/>\n<meta property=\"article:published_time\" content=\"2024-10-04T00:23:43+00:00\" \/>\n<meta property=\"article:modified_time\" content=\"2024-10-04T00:23:47+00:00\" \/>\n<meta property=\"og:image\" content=\"http:\/\/ondauno.com.ar\/wp-content\/uploads\/2024\/10\/WhatsApp-Image-2024-10-03-at-16.44.18-1.jpeg\" \/>\n\t<meta property=\"og:image:width\" content=\"1599\" \/>\n\t<meta property=\"og:image:height\" content=\"1066\" \/>\n\t<meta property=\"og:image:type\" content=\"image\/jpeg\" \/>\n<meta name=\"author\" content=\"OndaUno\" \/>\n<meta name=\"twitter:card\" content=\"summary_large_image\" \/>\n<meta name=\"twitter:label1\" content=\"Escrito por\" \/>\n\t<meta name=\"twitter:data1\" content=\"OndaUno\" \/>\n\t<meta name=\"twitter:label2\" content=\"Tiempo de lectura\" \/>\n\t<meta name=\"twitter:data2\" content=\"2 minutos\" \/>\n<script type=\"application\/ld+json\" class=\"yoast-schema-graph\">{\"@context\":\"https:\/\/schema.org\",\"@graph\":[{\"@type\":\"WebPage\",\"@id\":\"https:\/\/ondauno.com.ar\/index.php\/2024\/10\/03\/jornadas-de-teatro-y-educacion-en-tres-arroyos-y-san-francisco-de-bellocq\/\",\"url\":\"https:\/\/ondauno.com.ar\/index.php\/2024\/10\/03\/jornadas-de-teatro-y-educacion-en-tres-arroyos-y-san-francisco-de-bellocq\/\",\"name\":\"Jornadas de teatro y educaci\u00f3n en Tres Arroyos y San Francisco de Bellocq - 103.9 fm\",\"isPartOf\":{\"@id\":\"https:\/\/ondauno.com.ar\/#website\"},\"primaryImageOfPage\":{\"@id\":\"https:\/\/ondauno.com.ar\/index.php\/2024\/10\/03\/jornadas-de-teatro-y-educacion-en-tres-arroyos-y-san-francisco-de-bellocq\/#primaryimage\"},\"image\":{\"@id\":\"https:\/\/ondauno.com.ar\/index.php\/2024\/10\/03\/jornadas-de-teatro-y-educacion-en-tres-arroyos-y-san-francisco-de-bellocq\/#primaryimage\"},\"thumbnailUrl\":\"https:\/\/ondauno.com.ar\/wp-content\/uploads\/2024\/10\/WhatsApp-Image-2024-10-03-at-16.44.18-1.jpeg\",\"datePublished\":\"2024-10-04T00:23:43+00:00\",\"dateModified\":\"2024-10-04T00:23:47+00:00\",\"author\":{\"@id\":\"https:\/\/ondauno.com.ar\/#\/schema\/person\/7ec851ddeceb4133d7d7132dc645714e\"},\"breadcrumb\":{\"@id\":\"https:\/\/ondauno.com.ar\/index.php\/2024\/10\/03\/jornadas-de-teatro-y-educacion-en-tres-arroyos-y-san-francisco-de-bellocq\/#breadcrumb\"},\"inLanguage\":\"es-AR\",\"potentialAction\":[{\"@type\":\"ReadAction\",\"target\":[\"https:\/\/ondauno.com.ar\/index.php\/2024\/10\/03\/jornadas-de-teatro-y-educacion-en-tres-arroyos-y-san-francisco-de-bellocq\/\"]}]},{\"@type\":\"ImageObject\",\"inLanguage\":\"es-AR\",\"@id\":\"https:\/\/ondauno.com.ar\/index.php\/2024\/10\/03\/jornadas-de-teatro-y-educacion-en-tres-arroyos-y-san-francisco-de-bellocq\/#primaryimage\",\"url\":\"https:\/\/ondauno.com.ar\/wp-content\/uploads\/2024\/10\/WhatsApp-Image-2024-10-03-at-16.44.18-1.jpeg\",\"contentUrl\":\"https:\/\/ondauno.com.ar\/wp-content\/uploads\/2024\/10\/WhatsApp-Image-2024-10-03-at-16.44.18-1.jpeg\",\"width\":1599,\"height\":1066},{\"@type\":\"BreadcrumbList\",\"@id\":\"https:\/\/ondauno.com.ar\/index.php\/2024\/10\/03\/jornadas-de-teatro-y-educacion-en-tres-arroyos-y-san-francisco-de-bellocq\/#breadcrumb\",\"itemListElement\":[{\"@type\":\"ListItem\",\"position\":1,\"name\":\"Inicio\",\"item\":\"https:\/\/ondauno.com.ar\/\"},{\"@type\":\"ListItem\",\"position\":2,\"name\":\"Jornadas de teatro y educaci\u00f3n en Tres Arroyos y San Francisco de Bellocq\"}]},{\"@type\":\"WebSite\",\"@id\":\"https:\/\/ondauno.com.ar\/#website\",\"url\":\"https:\/\/ondauno.com.ar\/\",\"name\":\"103.9 fm\",\"description\":\"LA PRIMERA RADIO MULTIMEDIA DE TRES ARROYOS\",\"potentialAction\":[{\"@type\":\"SearchAction\",\"target\":{\"@type\":\"EntryPoint\",\"urlTemplate\":\"https:\/\/ondauno.com.ar\/?s={search_term_string}\"},\"query-input\":\"required name=search_term_string\"}],\"inLanguage\":\"es-AR\"},{\"@type\":\"Person\",\"@id\":\"https:\/\/ondauno.com.ar\/#\/schema\/person\/7ec851ddeceb4133d7d7132dc645714e\",\"name\":\"OndaUno\",\"image\":{\"@type\":\"ImageObject\",\"inLanguage\":\"es-AR\",\"@id\":\"https:\/\/ondauno.com.ar\/#\/schema\/person\/image\/\",\"url\":\"https:\/\/secure.gravatar.com\/avatar\/93b8009f0de7021f1feb2bd5b32fb9e8?s=96&d=mm&r=g\",\"contentUrl\":\"https:\/\/secure.gravatar.com\/avatar\/93b8009f0de7021f1feb2bd5b32fb9e8?s=96&d=mm&r=g\",\"caption\":\"OndaUno\"},\"url\":\"https:\/\/ondauno.com.ar\/index.php\/author\/ondauno\/\"}]}<\/script>\n<!-- \/ Yoast SEO plugin. -->","yoast_head_json":{"title":"Jornadas de teatro y educaci\u00f3n en Tres Arroyos y San Francisco de Bellocq - 103.9 fm","robots":{"index":"index","follow":"follow","max-snippet":"max-snippet:-1","max-image-preview":"max-image-preview:large","max-video-preview":"max-video-preview:-1"},"canonical":"https:\/\/ondauno.com.ar\/index.php\/2024\/10\/03\/jornadas-de-teatro-y-educacion-en-tres-arroyos-y-san-francisco-de-bellocq\/","og_locale":"es_ES","og_type":"article","og_title":"Jornadas de teatro y educaci\u00f3n en Tres Arroyos y San Francisco de Bellocq - 103.9 fm","og_description":"Los d\u00edas 3 y 4 de octubre tendr\u00e1n lugar las Segundas Jornadas Intensivas de Teatro y Educaci\u00f3n, bajo el lema &#8220;expectar y jugar, dos caras del teatrar&#8221;. El evento, que se desarrollar\u00e1 en las localidades de San Francisco de Bellocq y Tres Arroyos, busca difundir el juego dram\u00e1tico y teatral a trav\u00e9s de actividades gratuitas [&hellip;]","og_url":"https:\/\/ondauno.com.ar\/index.php\/2024\/10\/03\/jornadas-de-teatro-y-educacion-en-tres-arroyos-y-san-francisco-de-bellocq\/","og_site_name":"103.9 fm","article_publisher":"https:\/\/www.facebook.com\/ondauno103.9","article_published_time":"2024-10-04T00:23:43+00:00","article_modified_time":"2024-10-04T00:23:47+00:00","og_image":[{"width":1599,"height":1066,"url":"http:\/\/ondauno.com.ar\/wp-content\/uploads\/2024\/10\/WhatsApp-Image-2024-10-03-at-16.44.18-1.jpeg","type":"image\/jpeg"}],"author":"OndaUno","twitter_card":"summary_large_image","twitter_misc":{"Escrito por":"OndaUno","Tiempo de lectura":"2 minutos"},"schema":{"@context":"https:\/\/schema.org","@graph":[{"@type":"WebPage","@id":"https:\/\/ondauno.com.ar\/index.php\/2024\/10\/03\/jornadas-de-teatro-y-educacion-en-tres-arroyos-y-san-francisco-de-bellocq\/","url":"https:\/\/ondauno.com.ar\/index.php\/2024\/10\/03\/jornadas-de-teatro-y-educacion-en-tres-arroyos-y-san-francisco-de-bellocq\/","name":"Jornadas de teatro y educaci\u00f3n en Tres Arroyos y San Francisco de Bellocq - 103.9 fm","isPartOf":{"@id":"https:\/\/ondauno.com.ar\/#website"},"primaryImageOfPage":{"@id":"https:\/\/ondauno.com.ar\/index.php\/2024\/10\/03\/jornadas-de-teatro-y-educacion-en-tres-arroyos-y-san-francisco-de-bellocq\/#primaryimage"},"image":{"@id":"https:\/\/ondauno.com.ar\/index.php\/2024\/10\/03\/jornadas-de-teatro-y-educacion-en-tres-arroyos-y-san-francisco-de-bellocq\/#primaryimage"},"thumbnailUrl":"https:\/\/ondauno.com.ar\/wp-content\/uploads\/2024\/10\/WhatsApp-Image-2024-10-03-at-16.44.18-1.jpeg","datePublished":"2024-10-04T00:23:43+00:00","dateModified":"2024-10-04T00:23:47+00:00","author":{"@id":"https:\/\/ondauno.com.ar\/#\/schema\/person\/7ec851ddeceb4133d7d7132dc645714e"},"breadcrumb":{"@id":"https:\/\/ondauno.com.ar\/index.php\/2024\/10\/03\/jornadas-de-teatro-y-educacion-en-tres-arroyos-y-san-francisco-de-bellocq\/#breadcrumb"},"inLanguage":"es-AR","potentialAction":[{"@type":"ReadAction","target":["https:\/\/ondauno.com.ar\/index.php\/2024\/10\/03\/jornadas-de-teatro-y-educacion-en-tres-arroyos-y-san-francisco-de-bellocq\/"]}]},{"@type":"ImageObject","inLanguage":"es-AR","@id":"https:\/\/ondauno.com.ar\/index.php\/2024\/10\/03\/jornadas-de-teatro-y-educacion-en-tres-arroyos-y-san-francisco-de-bellocq\/#primaryimage","url":"https:\/\/ondauno.com.ar\/wp-content\/uploads\/2024\/10\/WhatsApp-Image-2024-10-03-at-16.44.18-1.jpeg","contentUrl":"https:\/\/ondauno.com.ar\/wp-content\/uploads\/2024\/10\/WhatsApp-Image-2024-10-03-at-16.44.18-1.jpeg","width":1599,"height":1066},{"@type":"BreadcrumbList","@id":"https:\/\/ondauno.com.ar\/index.php\/2024\/10\/03\/jornadas-de-teatro-y-educacion-en-tres-arroyos-y-san-francisco-de-bellocq\/#breadcrumb","itemListElement":[{"@type":"ListItem","position":1,"name":"Inicio","item":"https:\/\/ondauno.com.ar\/"},{"@type":"ListItem","position":2,"name":"Jornadas de teatro y educaci\u00f3n en Tres Arroyos y San Francisco de Bellocq"}]},{"@type":"WebSite","@id":"https:\/\/ondauno.com.ar\/#website","url":"https:\/\/ondauno.com.ar\/","name":"103.9 fm","description":"LA PRIMERA RADIO MULTIMEDIA DE TRES ARROYOS","potentialAction":[{"@type":"SearchAction","target":{"@type":"EntryPoint","urlTemplate":"https:\/\/ondauno.com.ar\/?s={search_term_string}"},"query-input":"required name=search_term_string"}],"inLanguage":"es-AR"},{"@type":"Person","@id":"https:\/\/ondauno.com.ar\/#\/schema\/person\/7ec851ddeceb4133d7d7132dc645714e","name":"OndaUno","image":{"@type":"ImageObject","inLanguage":"es-AR","@id":"https:\/\/ondauno.com.ar\/#\/schema\/person\/image\/","url":"https:\/\/secure.gravatar.com\/avatar\/93b8009f0de7021f1feb2bd5b32fb9e8?s=96&d=mm&r=g","contentUrl":"https:\/\/secure.gravatar.com\/avatar\/93b8009f0de7021f1feb2bd5b32fb9e8?s=96&d=mm&r=g","caption":"OndaUno"},"url":"https:\/\/ondauno.com.ar\/index.php\/author\/ondauno\/"}]}},"jetpack_publicize_connections":[],"jetpack_featured_media_url":"https:\/\/ondauno.com.ar\/wp-content\/uploads\/2024\/10\/WhatsApp-Image-2024-10-03-at-16.44.18-1.jpeg","jetpack_sharing_enabled":true,"_links":{"self":[{"href":"https:\/\/ondauno.com.ar\/index.php\/wp-json\/wp\/v2\/posts\/50785","targetHints":{"allow":["GET"]}}],"collection":[{"href":"https:\/\/ondauno.com.ar\/index.php\/wp-json\/wp\/v2\/posts"}],"about":[{"href":"https:\/\/ondauno.com.ar\/index.php\/wp-json\/wp\/v2\/types\/post"}],"author":[{"embeddable":true,"href":"https:\/\/ondauno.com.ar\/index.php\/wp-json\/wp\/v2\/users\/1"}],"replies":[{"embeddable":true,"href":"https:\/\/ondauno.com.ar\/index.php\/wp-json\/wp\/v2\/comments?post=50785"}],"version-history":[{"count":1,"href":"https:\/\/ondauno.com.ar\/index.php\/wp-json\/wp\/v2\/posts\/50785\/revisions"}],"predecessor-version":[{"id":50787,"href":"https:\/\/ondauno.com.ar\/index.php\/wp-json\/wp\/v2\/posts\/50785\/revisions\/50787"}],"wp:featuredmedia":[{"embeddable":true,"href":"https:\/\/ondauno.com.ar\/index.php\/wp-json\/wp\/v2\/media\/50786"}],"wp:attachment":[{"href":"https:\/\/ondauno.com.ar\/index.php\/wp-json\/wp\/v2\/media?parent=50785"}],"wp:term":[{"taxonomy":"category","embeddable":true,"href":"https:\/\/ondauno.com.ar\/index.php\/wp-json\/wp\/v2\/categories?post=50785"},{"taxonomy":"post_tag","embeddable":true,"href":"https:\/\/ondauno.com.ar\/index.php\/wp-json\/wp\/v2\/tags?post=50785"}],"curies":[{"name":"wp","href":"https:\/\/api.w.org\/{rel}","templated":true}]}}