{"id":50352,"date":"2024-09-17T21:32:46","date_gmt":"2024-09-18T00:32:46","guid":{"rendered":"https:\/\/ondauno.com.ar\/?p=50352"},"modified":"2024-09-17T21:59:55","modified_gmt":"2024-09-18T00:59:55","slug":"kicillof-y-cuattromo-firmaron-convenios-para-la-compra-de-bienes-de-capital-en-19-municipios","status":"publish","type":"post","link":"https:\/\/ondauno.com.ar\/index.php\/2024\/09\/17\/kicillof-y-cuattromo-firmaron-convenios-para-la-compra-de-bienes-de-capital-en-19-municipios\/","title":{"rendered":"Kicillof y Cuattromo firmaron convenios para la compra de bienes de capital en 19 municipios"},"content":{"rendered":"<div class=\"ondau-before-content_3\" style=\"margin-top: -30px;\" id=\"ondau-2400347613\"><a href=\"https:\/\/www.lps.com.ar\/\" aria-label=\"la-perse2\"><img loading=\"lazy\" decoding=\"async\" src=\"https:\/\/ondauno.com.ar\/wp-content\/uploads\/2021\/10\/la-perse2.jpg\" alt=\"\"  srcset=\"https:\/\/ondauno.com.ar\/wp-content\/uploads\/2021\/10\/la-perse2.jpg 1353w, https:\/\/ondauno.com.ar\/wp-content\/uploads\/2021\/10\/la-perse2-300x43.jpg 300w, https:\/\/ondauno.com.ar\/wp-content\/uploads\/2021\/10\/la-perse2-1024x148.jpg 1024w, https:\/\/ondauno.com.ar\/wp-content\/uploads\/2021\/10\/la-perse2-768x111.jpg 768w, https:\/\/ondauno.com.ar\/wp-content\/uploads\/2021\/10\/la-perse2-696x100.jpg 696w, https:\/\/ondauno.com.ar\/wp-content\/uploads\/2021\/10\/la-perse2-1068x154.jpg 1068w\" sizes=\"(max-width: 1353px) 100vw, 1353px\" class=\"no-lazyload\" width=\"1353\" height=\"195\"  style=\"display: inline-block;\" \/><\/a><\/div>\n<p>El gobernador Axel Kicillof encabez\u00f3 este martes junto al presidente del Banco Provincia, Juan Cuattromo, el acto de firma de contratos de leasing por $5.918 millones para la compra de bienes de capital en 19 municipios bonaerenses.<\/p>\n\n\n\n<p>En el Sal\u00f3n Dorado de la Casa de Gobierno, Kicillof afirm\u00f3: \u201cEstamos viviendo un contexto muy adverso en el que el Gobierno nacional sostiene que la infraestructura social b\u00e1sica no es responsabilidad suya sino de las provincias y los municipios, pero a la vez nos desfinancia y nos quita instrumentos\u201d. \u201cEn la provincia de Buenos Aires estamos recorriendo un camino absolutamente distinto, trabajando junto a cada uno de los intendentes para brindar soluciones concretas a los y las bonaerenses&#8221;, agreg\u00f3.<\/p>\n\n\n\n<p>&#8220;Con este programa del Banco Provincia cada municipio est\u00e1 en condiciones de decidir en qu\u00e9 invertir los recursos, ya sea para la compra de maquinarias, c\u00e1maras de seguridad, luminarias o distintos bienes de capital\u201d, se\u00f1al\u00f3 el Gobernador y subray\u00f3: &#8220;Es en estos momentos tan dif\u00edciles en los que se observa el valor de la banca p\u00fablica: vamos a seguir acompa\u00f1ando con todas las herramientas que est\u00e9n a nuestro alcance para facilitar la gesti\u00f3n y dar respuesta a las demandas en los 135 distritos&#8221;.<\/p>\n\n\n\n<p>A trav\u00e9s de la \u201cL\u00ednea Municipios 2024\u201d del Banco Provincia, los convenios permitir\u00e1n a los distritos adquirir bienes destinados a fortalecer sus sistemas de seguridad, salud y servicios urbanos; promover la obra p\u00fablica y mejorar su gesti\u00f3n diaria.<\/p>\n\n\n\n<p>Al respecto, Cuattromo afirm\u00f3: \u201cDesde que relanzamos la l\u00ednea Leasing Municipios hemos realizado una inversi\u00f3n de $113 mil millones para asistir a 90 distritos bonaerenses que necesitaban soluciones: gracias al crecimiento que tuvo el Banco Provincia, hoy podemos acompa\u00f1arlos en estos momentos de tanta dificultad\u201d.<\/p>\n\n\n\n<p>Suscribieron los convenios las y los intendentes de Avellaneda, Jorge Ferraresi; de Pila, Sebasti\u00e1n Walker; de Ca\u00f1uelas, Marisa Fassi; de Coronel Dorrego, Juan Carlos Chalde; de San Vicente, Nicol\u00e1s Mantegazza; de Rivadavia, Juan Alberto Mart\u00ednez; de General La Madrid, Mart\u00edn Randazzo; de Navarro, Facundo Diz; de Chascom\u00fas, Javier Gast\u00f3n; de Daireaux, Alejandro Acerbo; de Dolores, Juan Pablo Garc\u00eda; de Ensenada, Mario Secco; de San Mart\u00edn, Fernando Moreira; de Ituzaing\u00f3, Pablo Descalzo; de Capit\u00e1n Sarmiento, Fernanda Astorino; de Pilar, Federico Ach\u00e1val; de Tres Arroyos, Pablo Garate; de Arrecifes, Fernando Bouvier; y el jefe comunal interino de Coronel Su\u00e1rez, Mauro Moccero.<\/p>\n\n\n\n<p>Asimismo, se firmaron cuatro acuerdos de Provincia Net para la incorporaci\u00f3n del sistema de pago electr\u00f3nico en los municipios de Daireaux, Dolores, Rivadavia y Tres Arroyos.<\/p>\n\n\n\n<p>Participaron tambi\u00e9n del acto la presidenta de Provincia Leasing, Valeria Dallera; y los presidentes de Provincia Servicios Financieros, Ariel Lieutier; y de Provincia Net, Juan Ignacio Balasini.<\/p>\n\n\n\n<figure class=\"wp-block-embed is-type-video is-provider-youtube wp-block-embed-youtube wp-embed-aspect-16-9 wp-has-aspect-ratio\"><div class=\"wp-block-embed__wrapper\">\n<iframe loading=\"lazy\" title=\"17 09 24 SAL\u00d3N DORADO   Firma de Provincia Leasing  LATA HD\" width=\"696\" height=\"392\" data-src=\"https:\/\/www.youtube.com\/embed\/9ucWRc3I_pM?feature=oembed\" frameborder=\"0\" allow=\"accelerometer; autoplay; clipboard-write; encrypted-media; gyroscope; picture-in-picture; web-share\" referrerpolicy=\"strict-origin-when-cross-origin\" allowfullscreen src=\"data:image\/gif;base64,R0lGODlhAQABAAAAACH5BAEKAAEALAAAAAABAAEAAAICTAEAOw==\" class=\"lazyload\" data-load-mode=\"1\"><\/iframe>\n<\/div><\/figure>\n","protected":false},"excerpt":{"rendered":"<p>El gobernador Axel Kicillof encabez\u00f3 este martes junto al presidente del Banco Provincia, Juan Cuattromo, el acto de firma de contratos de leasing por $5.918 millones para la compra de bienes de capital en 19 municipios bonaerenses. En el Sal\u00f3n Dorado de la Casa de Gobierno, Kicillof afirm\u00f3: \u201cEstamos viviendo un contexto muy adverso en [&hellip;]<\/p>\n","protected":false},"author":1,"featured_media":50355,"comment_status":"open","ping_status":"open","sticky":false,"template":"","format":"standard","meta":{"tdm_status":"","tdm_grid_status":"","_jetpack_memberships_contains_paid_content":false,"footnotes":"","jetpack_publicize_message":"","jetpack_publicize_feature_enabled":true,"jetpack_social_post_already_shared":false,"jetpack_social_options":{"image_generator_settings":{"template":"highway","default_image_id":0,"font":"","enabled":false},"version":2}},"categories":[30],"tags":[],"class_list":{"0":"post-50352","1":"post","2":"type-post","3":"status-publish","4":"format-standard","5":"has-post-thumbnail","7":"category-provinciales"},"yoast_head":"<!-- This site is optimized with the Yoast SEO plugin v22.7 - https:\/\/yoast.com\/wordpress\/plugins\/seo\/ -->\n<title>Kicillof y Cuattromo firmaron convenios para la compra de bienes de capital en 19 municipios - 103.9 fm<\/title>\n<meta name=\"robots\" content=\"index, follow, max-snippet:-1, max-image-preview:large, max-video-preview:-1\" \/>\n<link rel=\"canonical\" href=\"https:\/\/ondauno.com.ar\/index.php\/2024\/09\/17\/kicillof-y-cuattromo-firmaron-convenios-para-la-compra-de-bienes-de-capital-en-19-municipios\/\" \/>\n<meta property=\"og:locale\" content=\"es_ES\" \/>\n<meta property=\"og:type\" content=\"article\" \/>\n<meta property=\"og:title\" content=\"Kicillof y Cuattromo firmaron convenios para la compra de bienes de capital en 19 municipios - 103.9 fm\" \/>\n<meta property=\"og:description\" content=\"El gobernador Axel Kicillof encabez\u00f3 este martes junto al presidente del Banco Provincia, Juan Cuattromo, el acto de firma de contratos de leasing por $5.918 millones para la compra de bienes de capital en 19 municipios bonaerenses. En el Sal\u00f3n Dorado de la Casa de Gobierno, Kicillof afirm\u00f3: \u201cEstamos viviendo un contexto muy adverso en [&hellip;]\" \/>\n<meta property=\"og:url\" content=\"https:\/\/ondauno.com.ar\/index.php\/2024\/09\/17\/kicillof-y-cuattromo-firmaron-convenios-para-la-compra-de-bienes-de-capital-en-19-municipios\/\" \/>\n<meta property=\"og:site_name\" content=\"103.9 fm\" \/>\n<meta property=\"article:publisher\" content=\"https:\/\/www.facebook.com\/ondauno103.9\" \/>\n<meta property=\"article:published_time\" content=\"2024-09-18T00:32:46+00:00\" \/>\n<meta property=\"article:modified_time\" content=\"2024-09-18T00:59:55+00:00\" \/>\n<meta property=\"og:image\" content=\"http:\/\/ondauno.com.ar\/wp-content\/uploads\/2024\/09\/WhatsApp-Image-2024-09-17-at-21.51.40.jpeg\" \/>\n\t<meta property=\"og:image:width\" content=\"1600\" \/>\n\t<meta property=\"og:image:height\" content=\"1066\" \/>\n\t<meta property=\"og:image:type\" content=\"image\/jpeg\" \/>\n<meta name=\"author\" content=\"OndaUno\" \/>\n<meta name=\"twitter:card\" content=\"summary_large_image\" \/>\n<meta name=\"twitter:label1\" content=\"Escrito por\" \/>\n\t<meta name=\"twitter:data1\" content=\"OndaUno\" \/>\n\t<meta name=\"twitter:label2\" content=\"Tiempo de lectura\" \/>\n\t<meta name=\"twitter:data2\" content=\"3 minutos\" \/>\n<script type=\"application\/ld+json\" class=\"yoast-schema-graph\">{\"@context\":\"https:\/\/schema.org\",\"@graph\":[{\"@type\":\"WebPage\",\"@id\":\"https:\/\/ondauno.com.ar\/index.php\/2024\/09\/17\/kicillof-y-cuattromo-firmaron-convenios-para-la-compra-de-bienes-de-capital-en-19-municipios\/\",\"url\":\"https:\/\/ondauno.com.ar\/index.php\/2024\/09\/17\/kicillof-y-cuattromo-firmaron-convenios-para-la-compra-de-bienes-de-capital-en-19-municipios\/\",\"name\":\"Kicillof y Cuattromo firmaron convenios para la compra de bienes de capital en 19 municipios - 103.9 fm\",\"isPartOf\":{\"@id\":\"https:\/\/ondauno.com.ar\/#website\"},\"primaryImageOfPage\":{\"@id\":\"https:\/\/ondauno.com.ar\/index.php\/2024\/09\/17\/kicillof-y-cuattromo-firmaron-convenios-para-la-compra-de-bienes-de-capital-en-19-municipios\/#primaryimage\"},\"image\":{\"@id\":\"https:\/\/ondauno.com.ar\/index.php\/2024\/09\/17\/kicillof-y-cuattromo-firmaron-convenios-para-la-compra-de-bienes-de-capital-en-19-municipios\/#primaryimage\"},\"thumbnailUrl\":\"https:\/\/ondauno.com.ar\/wp-content\/uploads\/2024\/09\/WhatsApp-Image-2024-09-17-at-21.51.40.jpeg\",\"datePublished\":\"2024-09-18T00:32:46+00:00\",\"dateModified\":\"2024-09-18T00:59:55+00:00\",\"author\":{\"@id\":\"https:\/\/ondauno.com.ar\/#\/schema\/person\/7ec851ddeceb4133d7d7132dc645714e\"},\"breadcrumb\":{\"@id\":\"https:\/\/ondauno.com.ar\/index.php\/2024\/09\/17\/kicillof-y-cuattromo-firmaron-convenios-para-la-compra-de-bienes-de-capital-en-19-municipios\/#breadcrumb\"},\"inLanguage\":\"es-AR\",\"potentialAction\":[{\"@type\":\"ReadAction\",\"target\":[\"https:\/\/ondauno.com.ar\/index.php\/2024\/09\/17\/kicillof-y-cuattromo-firmaron-convenios-para-la-compra-de-bienes-de-capital-en-19-municipios\/\"]}]},{\"@type\":\"ImageObject\",\"inLanguage\":\"es-AR\",\"@id\":\"https:\/\/ondauno.com.ar\/index.php\/2024\/09\/17\/kicillof-y-cuattromo-firmaron-convenios-para-la-compra-de-bienes-de-capital-en-19-municipios\/#primaryimage\",\"url\":\"https:\/\/ondauno.com.ar\/wp-content\/uploads\/2024\/09\/WhatsApp-Image-2024-09-17-at-21.51.40.jpeg\",\"contentUrl\":\"https:\/\/ondauno.com.ar\/wp-content\/uploads\/2024\/09\/WhatsApp-Image-2024-09-17-at-21.51.40.jpeg\",\"width\":1600,\"height\":1066},{\"@type\":\"BreadcrumbList\",\"@id\":\"https:\/\/ondauno.com.ar\/index.php\/2024\/09\/17\/kicillof-y-cuattromo-firmaron-convenios-para-la-compra-de-bienes-de-capital-en-19-municipios\/#breadcrumb\",\"itemListElement\":[{\"@type\":\"ListItem\",\"position\":1,\"name\":\"Inicio\",\"item\":\"https:\/\/ondauno.com.ar\/\"},{\"@type\":\"ListItem\",\"position\":2,\"name\":\"Kicillof y Cuattromo firmaron convenios para la compra de bienes de capital en 19 municipios\"}]},{\"@type\":\"WebSite\",\"@id\":\"https:\/\/ondauno.com.ar\/#website\",\"url\":\"https:\/\/ondauno.com.ar\/\",\"name\":\"103.9 fm\",\"description\":\"LA PRIMERA RADIO MULTIMEDIA DE TRES ARROYOS\",\"potentialAction\":[{\"@type\":\"SearchAction\",\"target\":{\"@type\":\"EntryPoint\",\"urlTemplate\":\"https:\/\/ondauno.com.ar\/?s={search_term_string}\"},\"query-input\":\"required name=search_term_string\"}],\"inLanguage\":\"es-AR\"},{\"@type\":\"Person\",\"@id\":\"https:\/\/ondauno.com.ar\/#\/schema\/person\/7ec851ddeceb4133d7d7132dc645714e\",\"name\":\"OndaUno\",\"image\":{\"@type\":\"ImageObject\",\"inLanguage\":\"es-AR\",\"@id\":\"https:\/\/ondauno.com.ar\/#\/schema\/person\/image\/\",\"url\":\"https:\/\/secure.gravatar.com\/avatar\/93b8009f0de7021f1feb2bd5b32fb9e8?s=96&d=mm&r=g\",\"contentUrl\":\"https:\/\/secure.gravatar.com\/avatar\/93b8009f0de7021f1feb2bd5b32fb9e8?s=96&d=mm&r=g\",\"caption\":\"OndaUno\"},\"url\":\"https:\/\/ondauno.com.ar\/index.php\/author\/ondauno\/\"}]}<\/script>\n<!-- \/ Yoast SEO plugin. -->","yoast_head_json":{"title":"Kicillof y Cuattromo firmaron convenios para la compra de bienes de capital en 19 municipios - 103.9 fm","robots":{"index":"index","follow":"follow","max-snippet":"max-snippet:-1","max-image-preview":"max-image-preview:large","max-video-preview":"max-video-preview:-1"},"canonical":"https:\/\/ondauno.com.ar\/index.php\/2024\/09\/17\/kicillof-y-cuattromo-firmaron-convenios-para-la-compra-de-bienes-de-capital-en-19-municipios\/","og_locale":"es_ES","og_type":"article","og_title":"Kicillof y Cuattromo firmaron convenios para la compra de bienes de capital en 19 municipios - 103.9 fm","og_description":"El gobernador Axel Kicillof encabez\u00f3 este martes junto al presidente del Banco Provincia, Juan Cuattromo, el acto de firma de contratos de leasing por $5.918 millones para la compra de bienes de capital en 19 municipios bonaerenses. En el Sal\u00f3n Dorado de la Casa de Gobierno, Kicillof afirm\u00f3: \u201cEstamos viviendo un contexto muy adverso en [&hellip;]","og_url":"https:\/\/ondauno.com.ar\/index.php\/2024\/09\/17\/kicillof-y-cuattromo-firmaron-convenios-para-la-compra-de-bienes-de-capital-en-19-municipios\/","og_site_name":"103.9 fm","article_publisher":"https:\/\/www.facebook.com\/ondauno103.9","article_published_time":"2024-09-18T00:32:46+00:00","article_modified_time":"2024-09-18T00:59:55+00:00","og_image":[{"width":1600,"height":1066,"url":"http:\/\/ondauno.com.ar\/wp-content\/uploads\/2024\/09\/WhatsApp-Image-2024-09-17-at-21.51.40.jpeg","type":"image\/jpeg"}],"author":"OndaUno","twitter_card":"summary_large_image","twitter_misc":{"Escrito por":"OndaUno","Tiempo de lectura":"3 minutos"},"schema":{"@context":"https:\/\/schema.org","@graph":[{"@type":"WebPage","@id":"https:\/\/ondauno.com.ar\/index.php\/2024\/09\/17\/kicillof-y-cuattromo-firmaron-convenios-para-la-compra-de-bienes-de-capital-en-19-municipios\/","url":"https:\/\/ondauno.com.ar\/index.php\/2024\/09\/17\/kicillof-y-cuattromo-firmaron-convenios-para-la-compra-de-bienes-de-capital-en-19-municipios\/","name":"Kicillof y Cuattromo firmaron convenios para la compra de bienes de capital en 19 municipios - 103.9 fm","isPartOf":{"@id":"https:\/\/ondauno.com.ar\/#website"},"primaryImageOfPage":{"@id":"https:\/\/ondauno.com.ar\/index.php\/2024\/09\/17\/kicillof-y-cuattromo-firmaron-convenios-para-la-compra-de-bienes-de-capital-en-19-municipios\/#primaryimage"},"image":{"@id":"https:\/\/ondauno.com.ar\/index.php\/2024\/09\/17\/kicillof-y-cuattromo-firmaron-convenios-para-la-compra-de-bienes-de-capital-en-19-municipios\/#primaryimage"},"thumbnailUrl":"https:\/\/ondauno.com.ar\/wp-content\/uploads\/2024\/09\/WhatsApp-Image-2024-09-17-at-21.51.40.jpeg","datePublished":"2024-09-18T00:32:46+00:00","dateModified":"2024-09-18T00:59:55+00:00","author":{"@id":"https:\/\/ondauno.com.ar\/#\/schema\/person\/7ec851ddeceb4133d7d7132dc645714e"},"breadcrumb":{"@id":"https:\/\/ondauno.com.ar\/index.php\/2024\/09\/17\/kicillof-y-cuattromo-firmaron-convenios-para-la-compra-de-bienes-de-capital-en-19-municipios\/#breadcrumb"},"inLanguage":"es-AR","potentialAction":[{"@type":"ReadAction","target":["https:\/\/ondauno.com.ar\/index.php\/2024\/09\/17\/kicillof-y-cuattromo-firmaron-convenios-para-la-compra-de-bienes-de-capital-en-19-municipios\/"]}]},{"@type":"ImageObject","inLanguage":"es-AR","@id":"https:\/\/ondauno.com.ar\/index.php\/2024\/09\/17\/kicillof-y-cuattromo-firmaron-convenios-para-la-compra-de-bienes-de-capital-en-19-municipios\/#primaryimage","url":"https:\/\/ondauno.com.ar\/wp-content\/uploads\/2024\/09\/WhatsApp-Image-2024-09-17-at-21.51.40.jpeg","contentUrl":"https:\/\/ondauno.com.ar\/wp-content\/uploads\/2024\/09\/WhatsApp-Image-2024-09-17-at-21.51.40.jpeg","width":1600,"height":1066},{"@type":"BreadcrumbList","@id":"https:\/\/ondauno.com.ar\/index.php\/2024\/09\/17\/kicillof-y-cuattromo-firmaron-convenios-para-la-compra-de-bienes-de-capital-en-19-municipios\/#breadcrumb","itemListElement":[{"@type":"ListItem","position":1,"name":"Inicio","item":"https:\/\/ondauno.com.ar\/"},{"@type":"ListItem","position":2,"name":"Kicillof y Cuattromo firmaron convenios para la compra de bienes de capital en 19 municipios"}]},{"@type":"WebSite","@id":"https:\/\/ondauno.com.ar\/#website","url":"https:\/\/ondauno.com.ar\/","name":"103.9 fm","description":"LA PRIMERA RADIO MULTIMEDIA DE TRES ARROYOS","potentialAction":[{"@type":"SearchAction","target":{"@type":"EntryPoint","urlTemplate":"https:\/\/ondauno.com.ar\/?s={search_term_string}"},"query-input":"required name=search_term_string"}],"inLanguage":"es-AR"},{"@type":"Person","@id":"https:\/\/ondauno.com.ar\/#\/schema\/person\/7ec851ddeceb4133d7d7132dc645714e","name":"OndaUno","image":{"@type":"ImageObject","inLanguage":"es-AR","@id":"https:\/\/ondauno.com.ar\/#\/schema\/person\/image\/","url":"https:\/\/secure.gravatar.com\/avatar\/93b8009f0de7021f1feb2bd5b32fb9e8?s=96&d=mm&r=g","contentUrl":"https:\/\/secure.gravatar.com\/avatar\/93b8009f0de7021f1feb2bd5b32fb9e8?s=96&d=mm&r=g","caption":"OndaUno"},"url":"https:\/\/ondauno.com.ar\/index.php\/author\/ondauno\/"}]}},"jetpack_publicize_connections":[],"jetpack_featured_media_url":"https:\/\/ondauno.com.ar\/wp-content\/uploads\/2024\/09\/WhatsApp-Image-2024-09-17-at-21.51.40.jpeg","jetpack_sharing_enabled":true,"_links":{"self":[{"href":"https:\/\/ondauno.com.ar\/index.php\/wp-json\/wp\/v2\/posts\/50352","targetHints":{"allow":["GET"]}}],"collection":[{"href":"https:\/\/ondauno.com.ar\/index.php\/wp-json\/wp\/v2\/posts"}],"about":[{"href":"https:\/\/ondauno.com.ar\/index.php\/wp-json\/wp\/v2\/types\/post"}],"author":[{"embeddable":true,"href":"https:\/\/ondauno.com.ar\/index.php\/wp-json\/wp\/v2\/users\/1"}],"replies":[{"embeddable":true,"href":"https:\/\/ondauno.com.ar\/index.php\/wp-json\/wp\/v2\/comments?post=50352"}],"version-history":[{"count":2,"href":"https:\/\/ondauno.com.ar\/index.php\/wp-json\/wp\/v2\/posts\/50352\/revisions"}],"predecessor-version":[{"id":50357,"href":"https:\/\/ondauno.com.ar\/index.php\/wp-json\/wp\/v2\/posts\/50352\/revisions\/50357"}],"wp:featuredmedia":[{"embeddable":true,"href":"https:\/\/ondauno.com.ar\/index.php\/wp-json\/wp\/v2\/media\/50355"}],"wp:attachment":[{"href":"https:\/\/ondauno.com.ar\/index.php\/wp-json\/wp\/v2\/media?parent=50352"}],"wp:term":[{"taxonomy":"category","embeddable":true,"href":"https:\/\/ondauno.com.ar\/index.php\/wp-json\/wp\/v2\/categories?post=50352"},{"taxonomy":"post_tag","embeddable":true,"href":"https:\/\/ondauno.com.ar\/index.php\/wp-json\/wp\/v2\/tags?post=50352"}],"curies":[{"name":"wp","href":"https:\/\/api.w.org\/{rel}","templated":true}]}}