{"id":50336,"date":"2024-09-16T17:15:19","date_gmt":"2024-09-16T20:15:19","guid":{"rendered":"https:\/\/ondauno.com.ar\/?p=50336"},"modified":"2024-09-16T17:15:21","modified_gmt":"2024-09-16T20:15:21","slug":"por-ley-buscan-crear-la-figura-del-defensor-del-docente-en-provincia-de-buenos-aires","status":"publish","type":"post","link":"https:\/\/ondauno.com.ar\/index.php\/2024\/09\/16\/por-ley-buscan-crear-la-figura-del-defensor-del-docente-en-provincia-de-buenos-aires\/","title":{"rendered":"Por Ley buscan crear la figura del Defensor del Docente en provincia de Buenos Aires"},"content":{"rendered":"<div class=\"ondau-before-content_3\" style=\"margin-top: -30px;\" id=\"ondau-1001707802\"><a href=\"https:\/\/www.lps.com.ar\/\" aria-label=\"la-perse2\"><img loading=\"lazy\" decoding=\"async\" src=\"https:\/\/ondauno.com.ar\/wp-content\/uploads\/2021\/10\/la-perse2.jpg\" alt=\"\"  srcset=\"https:\/\/ondauno.com.ar\/wp-content\/uploads\/2021\/10\/la-perse2.jpg 1353w, https:\/\/ondauno.com.ar\/wp-content\/uploads\/2021\/10\/la-perse2-300x43.jpg 300w, https:\/\/ondauno.com.ar\/wp-content\/uploads\/2021\/10\/la-perse2-1024x148.jpg 1024w, https:\/\/ondauno.com.ar\/wp-content\/uploads\/2021\/10\/la-perse2-768x111.jpg 768w, https:\/\/ondauno.com.ar\/wp-content\/uploads\/2021\/10\/la-perse2-696x100.jpg 696w, https:\/\/ondauno.com.ar\/wp-content\/uploads\/2021\/10\/la-perse2-1068x154.jpg 1068w\" sizes=\"(max-width: 1353px) 100vw, 1353px\" class=\"no-lazyload\" width=\"1353\" height=\"195\"  style=\"display: inline-block;\" \/><\/a><\/div>\n<p>Se trata de una iniciativa presentada por la senadora Nerina Neumann Losada y el diputado Emiliano Balb\u00edn, que propone que la Direcci\u00f3n General de Cultura y Educaci\u00f3n incorpore la figura de un Abogado Defensor del Docente que pueda asistirlos de manera gratuita frente a cualquier reclamo o demanda que deban iniciar.<\/p>\n\n\n\n<p>\u201cLa iniciativa tiene como eje brindar herramientas jur\u00eddicas gratuitas a los docentes que muchas veces necesitan emprender una denuncia penal producto de agresiones o violencia que reciben dentro del \u00e1mbito educativo\u201d, explic\u00f3 Neumann Losada.<\/p>\n\n\n\n<p>Por su parte, Emiliano Balb\u00edn sostuvo que \u201clas consecuencias de estas actitudes pueden da\u00f1ar seriamente su autoestima, identidad profesional y provocar que se cuestione si vale la pena o no continuar con su labor profesional\u201d.<\/p>\n\n\n\n<p>Los legisladores remarcaron que \u201cmuchos docentes optan por pedidos de licencias o renuncian a sus cargos por no saber c\u00f3mo resolver una situaci\u00f3n injusta y violenta\u201d, y concluyeron: \u201cla figura del Defensor del Docente brindar\u00e1 asistencia de manera r\u00e1pida y gratuita para que los docentes puedan contar con herramientas y una orientaci\u00f3n necesaria para poder resolver cualquier situaci\u00f3n de conflicto y garantizar el buen clima en el aula\u201d.<\/p>\n","protected":false},"excerpt":{"rendered":"<p>Se trata de una iniciativa presentada por la senadora Nerina Neumann Losada y el diputado Emiliano Balb\u00edn, que propone que la Direcci\u00f3n General de Cultura y Educaci\u00f3n incorpore la figura de un Abogado Defensor del Docente que pueda asistirlos de manera gratuita frente a cualquier reclamo o demanda que deban iniciar. \u201cLa iniciativa tiene como [&hellip;]<\/p>\n","protected":false},"author":1,"featured_media":50338,"comment_status":"open","ping_status":"open","sticky":false,"template":"","format":"standard","meta":{"tdm_status":"","tdm_grid_status":"","_jetpack_memberships_contains_paid_content":false,"footnotes":"","jetpack_publicize_message":"","jetpack_publicize_feature_enabled":true,"jetpack_social_post_already_shared":false,"jetpack_social_options":{"image_generator_settings":{"template":"highway","default_image_id":0,"font":"","enabled":false},"version":2}},"categories":[30],"tags":[],"class_list":{"0":"post-50336","1":"post","2":"type-post","3":"status-publish","4":"format-standard","5":"has-post-thumbnail","7":"category-provinciales"},"yoast_head":"<!-- This site is optimized with the Yoast SEO plugin v22.7 - https:\/\/yoast.com\/wordpress\/plugins\/seo\/ -->\n<title>Por Ley buscan crear la figura del Defensor del Docente en provincia de Buenos Aires - 103.9 fm<\/title>\n<meta name=\"robots\" content=\"index, follow, max-snippet:-1, max-image-preview:large, max-video-preview:-1\" \/>\n<link rel=\"canonical\" href=\"https:\/\/ondauno.com.ar\/index.php\/2024\/09\/16\/por-ley-buscan-crear-la-figura-del-defensor-del-docente-en-provincia-de-buenos-aires\/\" \/>\n<meta property=\"og:locale\" content=\"es_ES\" \/>\n<meta property=\"og:type\" content=\"article\" \/>\n<meta property=\"og:title\" content=\"Por Ley buscan crear la figura del Defensor del Docente en provincia de Buenos Aires - 103.9 fm\" \/>\n<meta property=\"og:description\" content=\"Se trata de una iniciativa presentada por la senadora Nerina Neumann Losada y el diputado Emiliano Balb\u00edn, que propone que la Direcci\u00f3n General de Cultura y Educaci\u00f3n incorpore la figura de un Abogado Defensor del Docente que pueda asistirlos de manera gratuita frente a cualquier reclamo o demanda que deban iniciar. \u201cLa iniciativa tiene como [&hellip;]\" \/>\n<meta property=\"og:url\" content=\"https:\/\/ondauno.com.ar\/index.php\/2024\/09\/16\/por-ley-buscan-crear-la-figura-del-defensor-del-docente-en-provincia-de-buenos-aires\/\" \/>\n<meta property=\"og:site_name\" content=\"103.9 fm\" \/>\n<meta property=\"article:publisher\" content=\"https:\/\/www.facebook.com\/ondauno103.9\" \/>\n<meta property=\"article:published_time\" content=\"2024-09-16T20:15:19+00:00\" \/>\n<meta property=\"article:modified_time\" content=\"2024-09-16T20:15:21+00:00\" \/>\n<meta property=\"og:image\" content=\"http:\/\/ondauno.com.ar\/wp-content\/uploads\/2024\/09\/WhatsApp-Image-2024-09-16-at-17.12.36.jpeg\" \/>\n\t<meta property=\"og:image:width\" content=\"1600\" \/>\n\t<meta property=\"og:image:height\" content=\"1066\" \/>\n\t<meta property=\"og:image:type\" content=\"image\/jpeg\" \/>\n<meta name=\"author\" content=\"OndaUno\" \/>\n<meta name=\"twitter:card\" content=\"summary_large_image\" \/>\n<meta name=\"twitter:label1\" content=\"Escrito por\" \/>\n\t<meta name=\"twitter:data1\" content=\"OndaUno\" \/>\n\t<meta name=\"twitter:label2\" content=\"Tiempo de lectura\" \/>\n\t<meta name=\"twitter:data2\" content=\"2 minutos\" \/>\n<script type=\"application\/ld+json\" class=\"yoast-schema-graph\">{\"@context\":\"https:\/\/schema.org\",\"@graph\":[{\"@type\":\"WebPage\",\"@id\":\"https:\/\/ondauno.com.ar\/index.php\/2024\/09\/16\/por-ley-buscan-crear-la-figura-del-defensor-del-docente-en-provincia-de-buenos-aires\/\",\"url\":\"https:\/\/ondauno.com.ar\/index.php\/2024\/09\/16\/por-ley-buscan-crear-la-figura-del-defensor-del-docente-en-provincia-de-buenos-aires\/\",\"name\":\"Por Ley buscan crear la figura del Defensor del Docente en provincia de Buenos Aires - 103.9 fm\",\"isPartOf\":{\"@id\":\"https:\/\/ondauno.com.ar\/#website\"},\"primaryImageOfPage\":{\"@id\":\"https:\/\/ondauno.com.ar\/index.php\/2024\/09\/16\/por-ley-buscan-crear-la-figura-del-defensor-del-docente-en-provincia-de-buenos-aires\/#primaryimage\"},\"image\":{\"@id\":\"https:\/\/ondauno.com.ar\/index.php\/2024\/09\/16\/por-ley-buscan-crear-la-figura-del-defensor-del-docente-en-provincia-de-buenos-aires\/#primaryimage\"},\"thumbnailUrl\":\"https:\/\/ondauno.com.ar\/wp-content\/uploads\/2024\/09\/WhatsApp-Image-2024-09-16-at-17.12.36.jpeg\",\"datePublished\":\"2024-09-16T20:15:19+00:00\",\"dateModified\":\"2024-09-16T20:15:21+00:00\",\"author\":{\"@id\":\"https:\/\/ondauno.com.ar\/#\/schema\/person\/7ec851ddeceb4133d7d7132dc645714e\"},\"breadcrumb\":{\"@id\":\"https:\/\/ondauno.com.ar\/index.php\/2024\/09\/16\/por-ley-buscan-crear-la-figura-del-defensor-del-docente-en-provincia-de-buenos-aires\/#breadcrumb\"},\"inLanguage\":\"es-AR\",\"potentialAction\":[{\"@type\":\"ReadAction\",\"target\":[\"https:\/\/ondauno.com.ar\/index.php\/2024\/09\/16\/por-ley-buscan-crear-la-figura-del-defensor-del-docente-en-provincia-de-buenos-aires\/\"]}]},{\"@type\":\"ImageObject\",\"inLanguage\":\"es-AR\",\"@id\":\"https:\/\/ondauno.com.ar\/index.php\/2024\/09\/16\/por-ley-buscan-crear-la-figura-del-defensor-del-docente-en-provincia-de-buenos-aires\/#primaryimage\",\"url\":\"https:\/\/ondauno.com.ar\/wp-content\/uploads\/2024\/09\/WhatsApp-Image-2024-09-16-at-17.12.36.jpeg\",\"contentUrl\":\"https:\/\/ondauno.com.ar\/wp-content\/uploads\/2024\/09\/WhatsApp-Image-2024-09-16-at-17.12.36.jpeg\",\"width\":1600,\"height\":1066},{\"@type\":\"BreadcrumbList\",\"@id\":\"https:\/\/ondauno.com.ar\/index.php\/2024\/09\/16\/por-ley-buscan-crear-la-figura-del-defensor-del-docente-en-provincia-de-buenos-aires\/#breadcrumb\",\"itemListElement\":[{\"@type\":\"ListItem\",\"position\":1,\"name\":\"Inicio\",\"item\":\"https:\/\/ondauno.com.ar\/\"},{\"@type\":\"ListItem\",\"position\":2,\"name\":\"Por Ley buscan crear la figura del Defensor del Docente en provincia de Buenos Aires\"}]},{\"@type\":\"WebSite\",\"@id\":\"https:\/\/ondauno.com.ar\/#website\",\"url\":\"https:\/\/ondauno.com.ar\/\",\"name\":\"103.9 fm\",\"description\":\"LA PRIMERA RADIO MULTIMEDIA DE TRES ARROYOS\",\"potentialAction\":[{\"@type\":\"SearchAction\",\"target\":{\"@type\":\"EntryPoint\",\"urlTemplate\":\"https:\/\/ondauno.com.ar\/?s={search_term_string}\"},\"query-input\":\"required name=search_term_string\"}],\"inLanguage\":\"es-AR\"},{\"@type\":\"Person\",\"@id\":\"https:\/\/ondauno.com.ar\/#\/schema\/person\/7ec851ddeceb4133d7d7132dc645714e\",\"name\":\"OndaUno\",\"image\":{\"@type\":\"ImageObject\",\"inLanguage\":\"es-AR\",\"@id\":\"https:\/\/ondauno.com.ar\/#\/schema\/person\/image\/\",\"url\":\"https:\/\/secure.gravatar.com\/avatar\/93b8009f0de7021f1feb2bd5b32fb9e8?s=96&d=mm&r=g\",\"contentUrl\":\"https:\/\/secure.gravatar.com\/avatar\/93b8009f0de7021f1feb2bd5b32fb9e8?s=96&d=mm&r=g\",\"caption\":\"OndaUno\"},\"url\":\"https:\/\/ondauno.com.ar\/index.php\/author\/ondauno\/\"}]}<\/script>\n<!-- \/ Yoast SEO plugin. -->","yoast_head_json":{"title":"Por Ley buscan crear la figura del Defensor del Docente en provincia de Buenos Aires - 103.9 fm","robots":{"index":"index","follow":"follow","max-snippet":"max-snippet:-1","max-image-preview":"max-image-preview:large","max-video-preview":"max-video-preview:-1"},"canonical":"https:\/\/ondauno.com.ar\/index.php\/2024\/09\/16\/por-ley-buscan-crear-la-figura-del-defensor-del-docente-en-provincia-de-buenos-aires\/","og_locale":"es_ES","og_type":"article","og_title":"Por Ley buscan crear la figura del Defensor del Docente en provincia de Buenos Aires - 103.9 fm","og_description":"Se trata de una iniciativa presentada por la senadora Nerina Neumann Losada y el diputado Emiliano Balb\u00edn, que propone que la Direcci\u00f3n General de Cultura y Educaci\u00f3n incorpore la figura de un Abogado Defensor del Docente que pueda asistirlos de manera gratuita frente a cualquier reclamo o demanda que deban iniciar. \u201cLa iniciativa tiene como [&hellip;]","og_url":"https:\/\/ondauno.com.ar\/index.php\/2024\/09\/16\/por-ley-buscan-crear-la-figura-del-defensor-del-docente-en-provincia-de-buenos-aires\/","og_site_name":"103.9 fm","article_publisher":"https:\/\/www.facebook.com\/ondauno103.9","article_published_time":"2024-09-16T20:15:19+00:00","article_modified_time":"2024-09-16T20:15:21+00:00","og_image":[{"width":1600,"height":1066,"url":"http:\/\/ondauno.com.ar\/wp-content\/uploads\/2024\/09\/WhatsApp-Image-2024-09-16-at-17.12.36.jpeg","type":"image\/jpeg"}],"author":"OndaUno","twitter_card":"summary_large_image","twitter_misc":{"Escrito por":"OndaUno","Tiempo de lectura":"2 minutos"},"schema":{"@context":"https:\/\/schema.org","@graph":[{"@type":"WebPage","@id":"https:\/\/ondauno.com.ar\/index.php\/2024\/09\/16\/por-ley-buscan-crear-la-figura-del-defensor-del-docente-en-provincia-de-buenos-aires\/","url":"https:\/\/ondauno.com.ar\/index.php\/2024\/09\/16\/por-ley-buscan-crear-la-figura-del-defensor-del-docente-en-provincia-de-buenos-aires\/","name":"Por Ley buscan crear la figura del Defensor del Docente en provincia de Buenos Aires - 103.9 fm","isPartOf":{"@id":"https:\/\/ondauno.com.ar\/#website"},"primaryImageOfPage":{"@id":"https:\/\/ondauno.com.ar\/index.php\/2024\/09\/16\/por-ley-buscan-crear-la-figura-del-defensor-del-docente-en-provincia-de-buenos-aires\/#primaryimage"},"image":{"@id":"https:\/\/ondauno.com.ar\/index.php\/2024\/09\/16\/por-ley-buscan-crear-la-figura-del-defensor-del-docente-en-provincia-de-buenos-aires\/#primaryimage"},"thumbnailUrl":"https:\/\/ondauno.com.ar\/wp-content\/uploads\/2024\/09\/WhatsApp-Image-2024-09-16-at-17.12.36.jpeg","datePublished":"2024-09-16T20:15:19+00:00","dateModified":"2024-09-16T20:15:21+00:00","author":{"@id":"https:\/\/ondauno.com.ar\/#\/schema\/person\/7ec851ddeceb4133d7d7132dc645714e"},"breadcrumb":{"@id":"https:\/\/ondauno.com.ar\/index.php\/2024\/09\/16\/por-ley-buscan-crear-la-figura-del-defensor-del-docente-en-provincia-de-buenos-aires\/#breadcrumb"},"inLanguage":"es-AR","potentialAction":[{"@type":"ReadAction","target":["https:\/\/ondauno.com.ar\/index.php\/2024\/09\/16\/por-ley-buscan-crear-la-figura-del-defensor-del-docente-en-provincia-de-buenos-aires\/"]}]},{"@type":"ImageObject","inLanguage":"es-AR","@id":"https:\/\/ondauno.com.ar\/index.php\/2024\/09\/16\/por-ley-buscan-crear-la-figura-del-defensor-del-docente-en-provincia-de-buenos-aires\/#primaryimage","url":"https:\/\/ondauno.com.ar\/wp-content\/uploads\/2024\/09\/WhatsApp-Image-2024-09-16-at-17.12.36.jpeg","contentUrl":"https:\/\/ondauno.com.ar\/wp-content\/uploads\/2024\/09\/WhatsApp-Image-2024-09-16-at-17.12.36.jpeg","width":1600,"height":1066},{"@type":"BreadcrumbList","@id":"https:\/\/ondauno.com.ar\/index.php\/2024\/09\/16\/por-ley-buscan-crear-la-figura-del-defensor-del-docente-en-provincia-de-buenos-aires\/#breadcrumb","itemListElement":[{"@type":"ListItem","position":1,"name":"Inicio","item":"https:\/\/ondauno.com.ar\/"},{"@type":"ListItem","position":2,"name":"Por Ley buscan crear la figura del Defensor del Docente en provincia de Buenos Aires"}]},{"@type":"WebSite","@id":"https:\/\/ondauno.com.ar\/#website","url":"https:\/\/ondauno.com.ar\/","name":"103.9 fm","description":"LA PRIMERA RADIO MULTIMEDIA DE TRES ARROYOS","potentialAction":[{"@type":"SearchAction","target":{"@type":"EntryPoint","urlTemplate":"https:\/\/ondauno.com.ar\/?s={search_term_string}"},"query-input":"required name=search_term_string"}],"inLanguage":"es-AR"},{"@type":"Person","@id":"https:\/\/ondauno.com.ar\/#\/schema\/person\/7ec851ddeceb4133d7d7132dc645714e","name":"OndaUno","image":{"@type":"ImageObject","inLanguage":"es-AR","@id":"https:\/\/ondauno.com.ar\/#\/schema\/person\/image\/","url":"https:\/\/secure.gravatar.com\/avatar\/93b8009f0de7021f1feb2bd5b32fb9e8?s=96&d=mm&r=g","contentUrl":"https:\/\/secure.gravatar.com\/avatar\/93b8009f0de7021f1feb2bd5b32fb9e8?s=96&d=mm&r=g","caption":"OndaUno"},"url":"https:\/\/ondauno.com.ar\/index.php\/author\/ondauno\/"}]}},"jetpack_publicize_connections":[],"jetpack_featured_media_url":"https:\/\/ondauno.com.ar\/wp-content\/uploads\/2024\/09\/WhatsApp-Image-2024-09-16-at-17.12.36.jpeg","jetpack_sharing_enabled":true,"_links":{"self":[{"href":"https:\/\/ondauno.com.ar\/index.php\/wp-json\/wp\/v2\/posts\/50336","targetHints":{"allow":["GET"]}}],"collection":[{"href":"https:\/\/ondauno.com.ar\/index.php\/wp-json\/wp\/v2\/posts"}],"about":[{"href":"https:\/\/ondauno.com.ar\/index.php\/wp-json\/wp\/v2\/types\/post"}],"author":[{"embeddable":true,"href":"https:\/\/ondauno.com.ar\/index.php\/wp-json\/wp\/v2\/users\/1"}],"replies":[{"embeddable":true,"href":"https:\/\/ondauno.com.ar\/index.php\/wp-json\/wp\/v2\/comments?post=50336"}],"version-history":[{"count":1,"href":"https:\/\/ondauno.com.ar\/index.php\/wp-json\/wp\/v2\/posts\/50336\/revisions"}],"predecessor-version":[{"id":50339,"href":"https:\/\/ondauno.com.ar\/index.php\/wp-json\/wp\/v2\/posts\/50336\/revisions\/50339"}],"wp:featuredmedia":[{"embeddable":true,"href":"https:\/\/ondauno.com.ar\/index.php\/wp-json\/wp\/v2\/media\/50338"}],"wp:attachment":[{"href":"https:\/\/ondauno.com.ar\/index.php\/wp-json\/wp\/v2\/media?parent=50336"}],"wp:term":[{"taxonomy":"category","embeddable":true,"href":"https:\/\/ondauno.com.ar\/index.php\/wp-json\/wp\/v2\/categories?post=50336"},{"taxonomy":"post_tag","embeddable":true,"href":"https:\/\/ondauno.com.ar\/index.php\/wp-json\/wp\/v2\/tags?post=50336"}],"curies":[{"name":"wp","href":"https:\/\/api.w.org\/{rel}","templated":true}]}}