{"id":50302,"date":"2024-09-16T16:12:51","date_gmt":"2024-09-16T19:12:51","guid":{"rendered":"https:\/\/ondauno.com.ar\/?p=50302"},"modified":"2024-09-16T16:12:53","modified_gmt":"2024-09-16T19:12:53","slug":"garate-destaco-la-articulacion-publico-privada-en-las-fiestas-populares-y-anuncio-refuerzos-en-seguridad","status":"publish","type":"post","link":"https:\/\/ondauno.com.ar\/index.php\/2024\/09\/16\/garate-destaco-la-articulacion-publico-privada-en-las-fiestas-populares-y-anuncio-refuerzos-en-seguridad\/","title":{"rendered":"Garate destac\u00f3 la articulaci\u00f3n p\u00fablico-privada en las fiestas populares y anunci\u00f3 refuerzos en seguridad"},"content":{"rendered":"<div class=\"ondau-before-content_3\" style=\"margin-top: -30px;\" id=\"ondau-656201395\"><a href=\"https:\/\/www.lps.com.ar\/\" aria-label=\"la-perse2\"><img loading=\"lazy\" decoding=\"async\" src=\"https:\/\/ondauno.com.ar\/wp-content\/uploads\/2021\/10\/la-perse2.jpg\" alt=\"\"  srcset=\"https:\/\/ondauno.com.ar\/wp-content\/uploads\/2021\/10\/la-perse2.jpg 1353w, https:\/\/ondauno.com.ar\/wp-content\/uploads\/2021\/10\/la-perse2-300x43.jpg 300w, https:\/\/ondauno.com.ar\/wp-content\/uploads\/2021\/10\/la-perse2-1024x148.jpg 1024w, https:\/\/ondauno.com.ar\/wp-content\/uploads\/2021\/10\/la-perse2-768x111.jpg 768w, https:\/\/ondauno.com.ar\/wp-content\/uploads\/2021\/10\/la-perse2-696x100.jpg 696w, https:\/\/ondauno.com.ar\/wp-content\/uploads\/2021\/10\/la-perse2-1068x154.jpg 1068w\" sizes=\"(max-width: 1353px) 100vw, 1353px\" class=\"no-lazyload\" width=\"1353\" height=\"195\"  style=\"display: inline-block;\" \/><\/a><\/div>\n<p>El intendente de Tres Arroyos, Pablo Garate, destac\u00f3 la importancia de las fiestas populares como un motor econ\u00f3mico y cultural para Tres Arroyos y sus localidades, resaltando la colaboraci\u00f3n entre el sector p\u00fablico y privado en su organizaci\u00f3n. Durante la entrevista, Garate habl\u00f3 sobre la Fiesta del Turismo Rural en San Francisco de Bellocq, que cont\u00f3 con una masiva participaci\u00f3n, y mencion\u00f3 la pr\u00f3xima Fiesta de la Primavera, entre otros eventos planificados en Copetonas, Orense y Claromec\u00f3.<\/p>\n\n\n\n<p>El intendente tambi\u00e9n subray\u00f3 el trabajo conjunto con prestadores de servicios tur\u00edsticos, enfatizando que estos eventos son clave para atraer visitantes y potenciar el turismo rural en la regi\u00f3n.<br>&#8220;La articulaci\u00f3n p\u00fablico-privada es esencial para que estos eventos sigan creciendo&#8221;, se\u00f1al\u00f3.<\/p>\n\n\n\n<p>En otro tema, Garate destac\u00f3 la ampliaci\u00f3n del parque automotor de patrullas urbanas, pasando de 3 a 10 unidades operativas en la ciudad y algunas localidades, como parte del compromiso del municipio con la seguridad.<\/p>\n\n\n\n<p>Adem\u00e1s mencion\u00f3 la inminente implementaci\u00f3n de c\u00e1maras de seguridad y fotomultas para mejorar la seguridad vial.<\/p>\n\n\n\n<p>Sobre la renuncia de Guillermo Rossotti como secretario de Desarrollo Econ\u00f3mico, Garate lament\u00f3 su partida por motivos personales, pero asegur\u00f3 que el \u00e1rea sigue operando con directores capacitados mientras se busca un reemplazo adecuado.<\/p>\n\n\n\n<figure class=\"wp-block-embed is-type-video is-provider-youtube wp-block-embed-youtube wp-embed-aspect-16-9 wp-has-aspect-ratio\"><div class=\"wp-block-embed__wrapper\">\n<div class=\"youtube-embed\" data-video_id=\"s15krZaUceA\"><iframe loading=\"lazy\" title=\"Onda Uno 103.9 en vivo\" width=\"696\" height=\"392\" data-src=\"https:\/\/www.youtube.com\/embed\/s15krZaUceA?feature=oembed&#038;enablejsapi=1\" frameborder=\"0\" allow=\"accelerometer; autoplay; clipboard-write; encrypted-media; gyroscope; picture-in-picture; web-share\" referrerpolicy=\"strict-origin-when-cross-origin\" allowfullscreen src=\"data:image\/gif;base64,R0lGODlhAQABAAAAACH5BAEKAAEALAAAAAABAAEAAAICTAEAOw==\" class=\"lazyload\" data-load-mode=\"1\"><\/iframe><\/div>\n<\/div><\/figure>\n","protected":false},"excerpt":{"rendered":"<p>El intendente de Tres Arroyos, Pablo Garate, destac\u00f3 la importancia de las fiestas populares como un motor econ\u00f3mico y cultural para Tres Arroyos y sus localidades, resaltando la colaboraci\u00f3n entre el sector p\u00fablico y privado en su organizaci\u00f3n. Durante la entrevista, Garate habl\u00f3 sobre la Fiesta del Turismo Rural en San Francisco de Bellocq, que [&hellip;]<\/p>\n","protected":false},"author":1,"featured_media":46503,"comment_status":"open","ping_status":"open","sticky":false,"template":"","format":"standard","meta":{"tdm_status":"","tdm_grid_status":"","_jetpack_memberships_contains_paid_content":false,"footnotes":"","jetpack_publicize_message":"","jetpack_publicize_feature_enabled":true,"jetpack_social_post_already_shared":false,"jetpack_social_options":{"image_generator_settings":{"template":"highway","default_image_id":0,"font":"","enabled":false},"version":2}},"categories":[2],"tags":[],"class_list":{"0":"post-50302","1":"post","2":"type-post","3":"status-publish","4":"format-standard","5":"has-post-thumbnail","7":"category-locales"},"yoast_head":"<!-- This site is optimized with the Yoast SEO plugin v22.7 - https:\/\/yoast.com\/wordpress\/plugins\/seo\/ -->\n<title>Garate destac\u00f3 la articulaci\u00f3n p\u00fablico-privada en las fiestas populares y anunci\u00f3 refuerzos en seguridad - 103.9 fm<\/title>\n<meta name=\"robots\" content=\"index, follow, max-snippet:-1, max-image-preview:large, max-video-preview:-1\" \/>\n<link rel=\"canonical\" href=\"https:\/\/ondauno.com.ar\/index.php\/2024\/09\/16\/garate-destaco-la-articulacion-publico-privada-en-las-fiestas-populares-y-anuncio-refuerzos-en-seguridad\/\" \/>\n<meta property=\"og:locale\" content=\"es_ES\" \/>\n<meta property=\"og:type\" content=\"article\" \/>\n<meta property=\"og:title\" content=\"Garate destac\u00f3 la articulaci\u00f3n p\u00fablico-privada en las fiestas populares y anunci\u00f3 refuerzos en seguridad - 103.9 fm\" \/>\n<meta property=\"og:description\" content=\"El intendente de Tres Arroyos, Pablo Garate, destac\u00f3 la importancia de las fiestas populares como un motor econ\u00f3mico y cultural para Tres Arroyos y sus localidades, resaltando la colaboraci\u00f3n entre el sector p\u00fablico y privado en su organizaci\u00f3n. Durante la entrevista, Garate habl\u00f3 sobre la Fiesta del Turismo Rural en San Francisco de Bellocq, que [&hellip;]\" \/>\n<meta property=\"og:url\" content=\"https:\/\/ondauno.com.ar\/index.php\/2024\/09\/16\/garate-destaco-la-articulacion-publico-privada-en-las-fiestas-populares-y-anuncio-refuerzos-en-seguridad\/\" \/>\n<meta property=\"og:site_name\" content=\"103.9 fm\" \/>\n<meta property=\"article:publisher\" content=\"https:\/\/www.facebook.com\/ondauno103.9\" \/>\n<meta property=\"article:published_time\" content=\"2024-09-16T19:12:51+00:00\" \/>\n<meta property=\"article:modified_time\" content=\"2024-09-16T19:12:53+00:00\" \/>\n<meta property=\"og:image\" content=\"http:\/\/ondauno.com.ar\/wp-content\/uploads\/2024\/04\/WhatsApp-Image-2024-04-24-at-12.23.32.jpeg\" \/>\n\t<meta property=\"og:image:width\" content=\"1280\" \/>\n\t<meta property=\"og:image:height\" content=\"853\" \/>\n\t<meta property=\"og:image:type\" content=\"image\/jpeg\" \/>\n<meta name=\"author\" content=\"OndaUno\" \/>\n<meta name=\"twitter:card\" content=\"summary_large_image\" \/>\n<meta name=\"twitter:label1\" content=\"Escrito por\" \/>\n\t<meta name=\"twitter:data1\" content=\"OndaUno\" \/>\n\t<meta name=\"twitter:label2\" content=\"Tiempo de lectura\" \/>\n\t<meta name=\"twitter:data2\" content=\"2 minutos\" \/>\n<script type=\"application\/ld+json\" class=\"yoast-schema-graph\">{\"@context\":\"https:\/\/schema.org\",\"@graph\":[{\"@type\":\"WebPage\",\"@id\":\"https:\/\/ondauno.com.ar\/index.php\/2024\/09\/16\/garate-destaco-la-articulacion-publico-privada-en-las-fiestas-populares-y-anuncio-refuerzos-en-seguridad\/\",\"url\":\"https:\/\/ondauno.com.ar\/index.php\/2024\/09\/16\/garate-destaco-la-articulacion-publico-privada-en-las-fiestas-populares-y-anuncio-refuerzos-en-seguridad\/\",\"name\":\"Garate destac\u00f3 la articulaci\u00f3n p\u00fablico-privada en las fiestas populares y anunci\u00f3 refuerzos en seguridad - 103.9 fm\",\"isPartOf\":{\"@id\":\"https:\/\/ondauno.com.ar\/#website\"},\"primaryImageOfPage\":{\"@id\":\"https:\/\/ondauno.com.ar\/index.php\/2024\/09\/16\/garate-destaco-la-articulacion-publico-privada-en-las-fiestas-populares-y-anuncio-refuerzos-en-seguridad\/#primaryimage\"},\"image\":{\"@id\":\"https:\/\/ondauno.com.ar\/index.php\/2024\/09\/16\/garate-destaco-la-articulacion-publico-privada-en-las-fiestas-populares-y-anuncio-refuerzos-en-seguridad\/#primaryimage\"},\"thumbnailUrl\":\"https:\/\/ondauno.com.ar\/wp-content\/uploads\/2024\/04\/WhatsApp-Image-2024-04-24-at-12.23.32.jpeg\",\"datePublished\":\"2024-09-16T19:12:51+00:00\",\"dateModified\":\"2024-09-16T19:12:53+00:00\",\"author\":{\"@id\":\"https:\/\/ondauno.com.ar\/#\/schema\/person\/7ec851ddeceb4133d7d7132dc645714e\"},\"breadcrumb\":{\"@id\":\"https:\/\/ondauno.com.ar\/index.php\/2024\/09\/16\/garate-destaco-la-articulacion-publico-privada-en-las-fiestas-populares-y-anuncio-refuerzos-en-seguridad\/#breadcrumb\"},\"inLanguage\":\"es-AR\",\"potentialAction\":[{\"@type\":\"ReadAction\",\"target\":[\"https:\/\/ondauno.com.ar\/index.php\/2024\/09\/16\/garate-destaco-la-articulacion-publico-privada-en-las-fiestas-populares-y-anuncio-refuerzos-en-seguridad\/\"]}]},{\"@type\":\"ImageObject\",\"inLanguage\":\"es-AR\",\"@id\":\"https:\/\/ondauno.com.ar\/index.php\/2024\/09\/16\/garate-destaco-la-articulacion-publico-privada-en-las-fiestas-populares-y-anuncio-refuerzos-en-seguridad\/#primaryimage\",\"url\":\"https:\/\/ondauno.com.ar\/wp-content\/uploads\/2024\/04\/WhatsApp-Image-2024-04-24-at-12.23.32.jpeg\",\"contentUrl\":\"https:\/\/ondauno.com.ar\/wp-content\/uploads\/2024\/04\/WhatsApp-Image-2024-04-24-at-12.23.32.jpeg\",\"width\":1280,\"height\":853},{\"@type\":\"BreadcrumbList\",\"@id\":\"https:\/\/ondauno.com.ar\/index.php\/2024\/09\/16\/garate-destaco-la-articulacion-publico-privada-en-las-fiestas-populares-y-anuncio-refuerzos-en-seguridad\/#breadcrumb\",\"itemListElement\":[{\"@type\":\"ListItem\",\"position\":1,\"name\":\"Inicio\",\"item\":\"https:\/\/ondauno.com.ar\/\"},{\"@type\":\"ListItem\",\"position\":2,\"name\":\"Garate destac\u00f3 la articulaci\u00f3n p\u00fablico-privada en las fiestas populares y anunci\u00f3 refuerzos en seguridad\"}]},{\"@type\":\"WebSite\",\"@id\":\"https:\/\/ondauno.com.ar\/#website\",\"url\":\"https:\/\/ondauno.com.ar\/\",\"name\":\"103.9 fm\",\"description\":\"LA PRIMERA RADIO MULTIMEDIA DE TRES ARROYOS\",\"potentialAction\":[{\"@type\":\"SearchAction\",\"target\":{\"@type\":\"EntryPoint\",\"urlTemplate\":\"https:\/\/ondauno.com.ar\/?s={search_term_string}\"},\"query-input\":\"required name=search_term_string\"}],\"inLanguage\":\"es-AR\"},{\"@type\":\"Person\",\"@id\":\"https:\/\/ondauno.com.ar\/#\/schema\/person\/7ec851ddeceb4133d7d7132dc645714e\",\"name\":\"OndaUno\",\"image\":{\"@type\":\"ImageObject\",\"inLanguage\":\"es-AR\",\"@id\":\"https:\/\/ondauno.com.ar\/#\/schema\/person\/image\/\",\"url\":\"https:\/\/secure.gravatar.com\/avatar\/93b8009f0de7021f1feb2bd5b32fb9e8?s=96&d=mm&r=g\",\"contentUrl\":\"https:\/\/secure.gravatar.com\/avatar\/93b8009f0de7021f1feb2bd5b32fb9e8?s=96&d=mm&r=g\",\"caption\":\"OndaUno\"},\"url\":\"https:\/\/ondauno.com.ar\/index.php\/author\/ondauno\/\"}]}<\/script>\n<!-- \/ Yoast SEO plugin. -->","yoast_head_json":{"title":"Garate destac\u00f3 la articulaci\u00f3n p\u00fablico-privada en las fiestas populares y anunci\u00f3 refuerzos en seguridad - 103.9 fm","robots":{"index":"index","follow":"follow","max-snippet":"max-snippet:-1","max-image-preview":"max-image-preview:large","max-video-preview":"max-video-preview:-1"},"canonical":"https:\/\/ondauno.com.ar\/index.php\/2024\/09\/16\/garate-destaco-la-articulacion-publico-privada-en-las-fiestas-populares-y-anuncio-refuerzos-en-seguridad\/","og_locale":"es_ES","og_type":"article","og_title":"Garate destac\u00f3 la articulaci\u00f3n p\u00fablico-privada en las fiestas populares y anunci\u00f3 refuerzos en seguridad - 103.9 fm","og_description":"El intendente de Tres Arroyos, Pablo Garate, destac\u00f3 la importancia de las fiestas populares como un motor econ\u00f3mico y cultural para Tres Arroyos y sus localidades, resaltando la colaboraci\u00f3n entre el sector p\u00fablico y privado en su organizaci\u00f3n. Durante la entrevista, Garate habl\u00f3 sobre la Fiesta del Turismo Rural en San Francisco de Bellocq, que [&hellip;]","og_url":"https:\/\/ondauno.com.ar\/index.php\/2024\/09\/16\/garate-destaco-la-articulacion-publico-privada-en-las-fiestas-populares-y-anuncio-refuerzos-en-seguridad\/","og_site_name":"103.9 fm","article_publisher":"https:\/\/www.facebook.com\/ondauno103.9","article_published_time":"2024-09-16T19:12:51+00:00","article_modified_time":"2024-09-16T19:12:53+00:00","og_image":[{"width":1280,"height":853,"url":"http:\/\/ondauno.com.ar\/wp-content\/uploads\/2024\/04\/WhatsApp-Image-2024-04-24-at-12.23.32.jpeg","type":"image\/jpeg"}],"author":"OndaUno","twitter_card":"summary_large_image","twitter_misc":{"Escrito por":"OndaUno","Tiempo de lectura":"2 minutos"},"schema":{"@context":"https:\/\/schema.org","@graph":[{"@type":"WebPage","@id":"https:\/\/ondauno.com.ar\/index.php\/2024\/09\/16\/garate-destaco-la-articulacion-publico-privada-en-las-fiestas-populares-y-anuncio-refuerzos-en-seguridad\/","url":"https:\/\/ondauno.com.ar\/index.php\/2024\/09\/16\/garate-destaco-la-articulacion-publico-privada-en-las-fiestas-populares-y-anuncio-refuerzos-en-seguridad\/","name":"Garate destac\u00f3 la articulaci\u00f3n p\u00fablico-privada en las fiestas populares y anunci\u00f3 refuerzos en seguridad - 103.9 fm","isPartOf":{"@id":"https:\/\/ondauno.com.ar\/#website"},"primaryImageOfPage":{"@id":"https:\/\/ondauno.com.ar\/index.php\/2024\/09\/16\/garate-destaco-la-articulacion-publico-privada-en-las-fiestas-populares-y-anuncio-refuerzos-en-seguridad\/#primaryimage"},"image":{"@id":"https:\/\/ondauno.com.ar\/index.php\/2024\/09\/16\/garate-destaco-la-articulacion-publico-privada-en-las-fiestas-populares-y-anuncio-refuerzos-en-seguridad\/#primaryimage"},"thumbnailUrl":"https:\/\/ondauno.com.ar\/wp-content\/uploads\/2024\/04\/WhatsApp-Image-2024-04-24-at-12.23.32.jpeg","datePublished":"2024-09-16T19:12:51+00:00","dateModified":"2024-09-16T19:12:53+00:00","author":{"@id":"https:\/\/ondauno.com.ar\/#\/schema\/person\/7ec851ddeceb4133d7d7132dc645714e"},"breadcrumb":{"@id":"https:\/\/ondauno.com.ar\/index.php\/2024\/09\/16\/garate-destaco-la-articulacion-publico-privada-en-las-fiestas-populares-y-anuncio-refuerzos-en-seguridad\/#breadcrumb"},"inLanguage":"es-AR","potentialAction":[{"@type":"ReadAction","target":["https:\/\/ondauno.com.ar\/index.php\/2024\/09\/16\/garate-destaco-la-articulacion-publico-privada-en-las-fiestas-populares-y-anuncio-refuerzos-en-seguridad\/"]}]},{"@type":"ImageObject","inLanguage":"es-AR","@id":"https:\/\/ondauno.com.ar\/index.php\/2024\/09\/16\/garate-destaco-la-articulacion-publico-privada-en-las-fiestas-populares-y-anuncio-refuerzos-en-seguridad\/#primaryimage","url":"https:\/\/ondauno.com.ar\/wp-content\/uploads\/2024\/04\/WhatsApp-Image-2024-04-24-at-12.23.32.jpeg","contentUrl":"https:\/\/ondauno.com.ar\/wp-content\/uploads\/2024\/04\/WhatsApp-Image-2024-04-24-at-12.23.32.jpeg","width":1280,"height":853},{"@type":"BreadcrumbList","@id":"https:\/\/ondauno.com.ar\/index.php\/2024\/09\/16\/garate-destaco-la-articulacion-publico-privada-en-las-fiestas-populares-y-anuncio-refuerzos-en-seguridad\/#breadcrumb","itemListElement":[{"@type":"ListItem","position":1,"name":"Inicio","item":"https:\/\/ondauno.com.ar\/"},{"@type":"ListItem","position":2,"name":"Garate destac\u00f3 la articulaci\u00f3n p\u00fablico-privada en las fiestas populares y anunci\u00f3 refuerzos en seguridad"}]},{"@type":"WebSite","@id":"https:\/\/ondauno.com.ar\/#website","url":"https:\/\/ondauno.com.ar\/","name":"103.9 fm","description":"LA PRIMERA RADIO MULTIMEDIA DE TRES ARROYOS","potentialAction":[{"@type":"SearchAction","target":{"@type":"EntryPoint","urlTemplate":"https:\/\/ondauno.com.ar\/?s={search_term_string}"},"query-input":"required name=search_term_string"}],"inLanguage":"es-AR"},{"@type":"Person","@id":"https:\/\/ondauno.com.ar\/#\/schema\/person\/7ec851ddeceb4133d7d7132dc645714e","name":"OndaUno","image":{"@type":"ImageObject","inLanguage":"es-AR","@id":"https:\/\/ondauno.com.ar\/#\/schema\/person\/image\/","url":"https:\/\/secure.gravatar.com\/avatar\/93b8009f0de7021f1feb2bd5b32fb9e8?s=96&d=mm&r=g","contentUrl":"https:\/\/secure.gravatar.com\/avatar\/93b8009f0de7021f1feb2bd5b32fb9e8?s=96&d=mm&r=g","caption":"OndaUno"},"url":"https:\/\/ondauno.com.ar\/index.php\/author\/ondauno\/"}]}},"jetpack_publicize_connections":[],"jetpack_featured_media_url":"https:\/\/ondauno.com.ar\/wp-content\/uploads\/2024\/04\/WhatsApp-Image-2024-04-24-at-12.23.32.jpeg","jetpack_sharing_enabled":true,"_links":{"self":[{"href":"https:\/\/ondauno.com.ar\/index.php\/wp-json\/wp\/v2\/posts\/50302","targetHints":{"allow":["GET"]}}],"collection":[{"href":"https:\/\/ondauno.com.ar\/index.php\/wp-json\/wp\/v2\/posts"}],"about":[{"href":"https:\/\/ondauno.com.ar\/index.php\/wp-json\/wp\/v2\/types\/post"}],"author":[{"embeddable":true,"href":"https:\/\/ondauno.com.ar\/index.php\/wp-json\/wp\/v2\/users\/1"}],"replies":[{"embeddable":true,"href":"https:\/\/ondauno.com.ar\/index.php\/wp-json\/wp\/v2\/comments?post=50302"}],"version-history":[{"count":1,"href":"https:\/\/ondauno.com.ar\/index.php\/wp-json\/wp\/v2\/posts\/50302\/revisions"}],"predecessor-version":[{"id":50303,"href":"https:\/\/ondauno.com.ar\/index.php\/wp-json\/wp\/v2\/posts\/50302\/revisions\/50303"}],"wp:featuredmedia":[{"embeddable":true,"href":"https:\/\/ondauno.com.ar\/index.php\/wp-json\/wp\/v2\/media\/46503"}],"wp:attachment":[{"href":"https:\/\/ondauno.com.ar\/index.php\/wp-json\/wp\/v2\/media?parent=50302"}],"wp:term":[{"taxonomy":"category","embeddable":true,"href":"https:\/\/ondauno.com.ar\/index.php\/wp-json\/wp\/v2\/categories?post=50302"},{"taxonomy":"post_tag","embeddable":true,"href":"https:\/\/ondauno.com.ar\/index.php\/wp-json\/wp\/v2\/tags?post=50302"}],"curies":[{"name":"wp","href":"https:\/\/api.w.org\/{rel}","templated":true}]}}