{"id":50277,"date":"2024-09-12T20:07:33","date_gmt":"2024-09-12T23:07:33","guid":{"rendered":"https:\/\/ondauno.com.ar\/?p=50277"},"modified":"2024-09-12T20:07:36","modified_gmt":"2024-09-12T23:07:36","slug":"programa-primavera-segura-en-tres-arroyos-y-claromeco","status":"publish","type":"post","link":"https:\/\/ondauno.com.ar\/index.php\/2024\/09\/12\/programa-primavera-segura-en-tres-arroyos-y-claromeco\/","title":{"rendered":"Programa \u201cPrimavera Segura\u201d en Tres Arroyos y Claromec\u00f3"},"content":{"rendered":"<div class=\"ondau-before-content_3\" style=\"margin-top: -30px;\" id=\"ondau-1974482848\"><a href=\"https:\/\/www.lps.com.ar\/\" aria-label=\"la-perse2\"><img loading=\"lazy\" decoding=\"async\" src=\"https:\/\/ondauno.com.ar\/wp-content\/uploads\/2021\/10\/la-perse2.jpg\" alt=\"\"  srcset=\"https:\/\/ondauno.com.ar\/wp-content\/uploads\/2021\/10\/la-perse2.jpg 1353w, https:\/\/ondauno.com.ar\/wp-content\/uploads\/2021\/10\/la-perse2-300x43.jpg 300w, https:\/\/ondauno.com.ar\/wp-content\/uploads\/2021\/10\/la-perse2-1024x148.jpg 1024w, https:\/\/ondauno.com.ar\/wp-content\/uploads\/2021\/10\/la-perse2-768x111.jpg 768w, https:\/\/ondauno.com.ar\/wp-content\/uploads\/2021\/10\/la-perse2-696x100.jpg 696w, https:\/\/ondauno.com.ar\/wp-content\/uploads\/2021\/10\/la-perse2-1068x154.jpg 1068w\" sizes=\"(max-width: 1353px) 100vw, 1353px\" class=\"no-lazyload\" width=\"1353\" height=\"195\"  style=\"display: inline-block;\" \/><\/a><\/div>\n<p>En los festejos por la llegada de la semana de primavera estudiantil, el Municipio de Tres Arroyos ha puesto en marcha el programa \u201cPrimavera Segura\u201d, un plan que promueve el cuidado y la prevenci\u00f3n durante los festejos, tanto en la ciudad como en Claromec\u00f3. El programa incluye una amplia serie de charlas y actividades dirigidas a los chicos de los \u00faltimos cursos con el fin de fomentar la concientizaci\u00f3n y el disfrute responsable de la semana de la primavera.<\/p>\n\n\n\n<p><strong><em>Trabajo en equipo: un enfoque integral<\/em><\/strong><\/p>\n\n\n\n<p><br>El proyecto ha sido fruto del trabajo conjunto entre distintas \u00e1reas del municipio como Juventud, Deportes, Turismo, G\u00e9nero, Cultura, Comercio, Seguridad y Salud, adem\u00e1s de la participaci\u00f3n activa del sector privado. Asimismo, es fundamental destacar el rol de UCESTA (Uni\u00f3n de Centros de Estudiantes de Tres Arroyos), con quienes se han mantenido diversas reuniones para planificar el cronograma de actividades tanto en la ciudad cabecera como en Claromec\u00f3. .<\/p>\n\n\n\n<p><strong><em>Cuidado de los espacios p\u00fablicos y privados<\/em><\/strong><\/p>\n\n\n\n<p><br>Desde el municipio, se est\u00e1 haciendo un fuerte hincapi\u00e9 en el cuidado de los espacios p\u00fablicos y privados, con la clara convicci\u00f3n de que el disfrute de la primavera no debe estar re\u00f1ido con la responsabilidad. Se invita a las familias a conversar con los chicos en casa sobre la importancia de cuidarse a s\u00ed mismos, cuidar a los amigos, las casas que alquilan y el entorno en general. Adem\u00e1s, se recuerda que el municipio est\u00e1 comprometido con el mantenimiento y cuidado de los espacios p\u00fablicos, y pide la colaboraci\u00f3n de la comunidad en este sentido.<\/p>\n\n\n\n<p><strong><em>Prevenci\u00f3n y educaci\u00f3n: claves para una primavera segura<\/em><\/strong><\/p>\n\n\n\n<p><br>Uno de los ejes principales de \u201cPrimavera Segura\u201d es la prevenci\u00f3n. A lo largo de las semanas previas, se est\u00e1n llevado a cabo charlas en escuelas junto a representantes de UCESTA, donde se abordaron temas como el consumo responsable de alcohol, los peligros del alcohol al volante, y el cuidado del espacio p\u00fablico. Para facilitar el acceso a la informaci\u00f3n, los j\u00f3venes recibir\u00e1n un \u201cKit Preventivo\u201d que incluir\u00e1 un vaso con tapa, una pulsera, y stickers todos con n\u00fameros de emergencia. Tambi\u00e9n se colocar\u00e1 carteler\u00eda en Claromec\u00f3 para recordar la importancia de la hidrataci\u00f3n, el cuidado personal y el respeto por los dem\u00e1s y adem\u00e1s Juventud tendr\u00e1 su gacebo en la entrada del predio de la fiesta, desde las 18 hasta las 5 de la ma\u00f1ana.<\/p>\n\n\n\n<p><strong><em>Actividades y propuestas para todos<\/em><\/strong><\/p>\n\n\n\n<p><br>Las celebraciones se extender\u00e1n tanto en Claromec\u00f3 como en Tres Arroyos. En Claromec\u00f3, en el predio donde sol\u00eda estar la terminal, se instalar\u00e1 una feria gastron\u00f3mica y una muestra colectiva de artesanos y emprendedores, pensada para que las familias puedan disfrutar de un espacio en com\u00fan. Adem\u00e1s, Deportes participar\u00e1 con actividades recreativas en el \u201cpredancing\u201d, un espacio pensado para la previa de las celebraciones nocturnas.<\/p>\n\n\n\n<p>Por otro lado, en la ciudad, el s\u00e1bado se celebrar\u00e1 en el Parque Caba\u00f1as, con una feria de emprendedores organizada por Cultura en conjunto con Comercio, y actividades recreativas lideradas por Deportes y Seguridad, para garantizar que quienes no puedan viajar a Claromec\u00f3 tambi\u00e9n tengan su espacio de festejo.<\/p>\n\n\n\n<p><strong><em>Banda en vivo<\/em><\/strong><\/p>\n\n\n\n<p><br>El cierre de la semana estar\u00e1 a cargo de la banda &#8220;Los Nota Lokos&#8221;, quienes se presentar\u00e1n el domingo a las 18:30 hs en Claromeco. Adem\u00e1s, se instalar\u00e1 un punto de prevenci\u00f3n de G\u00e9nero en el predio, para que todos los asistentes tengan acceso a herramientas y recursos para abordar cualquier situaci\u00f3n que pueda surgir.<br>El objetivo del programa Primavera Segura es garantizar que los festejos se desarrollen en un ambiente seguro y saludable, donde todos puedan disfrutar sin excesos, cuidando de s\u00ed mismos y del entorno que comparten.<\/p>\n\n\n\n<figure class=\"wp-block-embed is-type-video is-provider-youtube wp-block-embed-youtube wp-embed-aspect-16-9 wp-has-aspect-ratio\"><div class=\"wp-block-embed__wrapper\">\n<div class=\"youtube-embed\" data-video_id=\"qP431-0hE80\"><iframe loading=\"lazy\" title=\"Onda Uno 103.9 en vivo\" width=\"696\" height=\"392\" data-src=\"https:\/\/www.youtube.com\/embed\/qP431-0hE80?feature=oembed&#038;enablejsapi=1\" frameborder=\"0\" allow=\"accelerometer; autoplay; clipboard-write; encrypted-media; gyroscope; picture-in-picture; web-share\" referrerpolicy=\"strict-origin-when-cross-origin\" allowfullscreen src=\"data:image\/gif;base64,R0lGODlhAQABAAAAACH5BAEKAAEALAAAAAABAAEAAAICTAEAOw==\" class=\"lazyload\" data-load-mode=\"1\"><\/iframe><\/div>\n<\/div><\/figure>\n","protected":false},"excerpt":{"rendered":"<p>En los festejos por la llegada de la semana de primavera estudiantil, el Municipio de Tres Arroyos ha puesto en marcha el programa \u201cPrimavera Segura\u201d, un plan que promueve el cuidado y la prevenci\u00f3n durante los festejos, tanto en la ciudad como en Claromec\u00f3. El programa incluye una amplia serie de charlas y actividades dirigidas [&hellip;]<\/p>\n","protected":false},"author":1,"featured_media":50278,"comment_status":"open","ping_status":"open","sticky":false,"template":"","format":"standard","meta":{"tdm_status":"","tdm_grid_status":"","_jetpack_memberships_contains_paid_content":false,"footnotes":"","jetpack_publicize_message":"","jetpack_publicize_feature_enabled":true,"jetpack_social_post_already_shared":false,"jetpack_social_options":{"image_generator_settings":{"template":"highway","default_image_id":0,"font":"","enabled":false},"version":2}},"categories":[2],"tags":[],"class_list":{"0":"post-50277","1":"post","2":"type-post","3":"status-publish","4":"format-standard","5":"has-post-thumbnail","7":"category-locales"},"yoast_head":"<!-- This site is optimized with the Yoast SEO plugin v22.7 - https:\/\/yoast.com\/wordpress\/plugins\/seo\/ -->\n<title>Programa \u201cPrimavera Segura\u201d en Tres Arroyos y Claromec\u00f3 - 103.9 fm<\/title>\n<meta name=\"robots\" content=\"index, follow, max-snippet:-1, max-image-preview:large, max-video-preview:-1\" \/>\n<link rel=\"canonical\" href=\"https:\/\/ondauno.com.ar\/index.php\/2024\/09\/12\/programa-primavera-segura-en-tres-arroyos-y-claromeco\/\" \/>\n<meta property=\"og:locale\" content=\"es_ES\" \/>\n<meta property=\"og:type\" content=\"article\" \/>\n<meta property=\"og:title\" content=\"Programa \u201cPrimavera Segura\u201d en Tres Arroyos y Claromec\u00f3 - 103.9 fm\" \/>\n<meta property=\"og:description\" content=\"En los festejos por la llegada de la semana de primavera estudiantil, el Municipio de Tres Arroyos ha puesto en marcha el programa \u201cPrimavera Segura\u201d, un plan que promueve el cuidado y la prevenci\u00f3n durante los festejos, tanto en la ciudad como en Claromec\u00f3. El programa incluye una amplia serie de charlas y actividades dirigidas [&hellip;]\" \/>\n<meta property=\"og:url\" content=\"https:\/\/ondauno.com.ar\/index.php\/2024\/09\/12\/programa-primavera-segura-en-tres-arroyos-y-claromeco\/\" \/>\n<meta property=\"og:site_name\" content=\"103.9 fm\" \/>\n<meta property=\"article:publisher\" content=\"https:\/\/www.facebook.com\/ondauno103.9\" \/>\n<meta property=\"article:published_time\" content=\"2024-09-12T23:07:33+00:00\" \/>\n<meta property=\"article:modified_time\" content=\"2024-09-12T23:07:36+00:00\" \/>\n<meta property=\"og:image\" content=\"http:\/\/ondauno.com.ar\/wp-content\/uploads\/2024\/09\/WhatsApp-Image-2024-09-12-at-11.33.27.jpeg\" \/>\n\t<meta property=\"og:image:width\" content=\"1392\" \/>\n\t<meta property=\"og:image:height\" content=\"928\" \/>\n\t<meta property=\"og:image:type\" content=\"image\/jpeg\" \/>\n<meta name=\"author\" content=\"OndaUno\" \/>\n<meta name=\"twitter:card\" content=\"summary_large_image\" \/>\n<meta name=\"twitter:label1\" content=\"Escrito por\" \/>\n\t<meta name=\"twitter:data1\" content=\"OndaUno\" \/>\n\t<meta name=\"twitter:label2\" content=\"Tiempo de lectura\" \/>\n\t<meta name=\"twitter:data2\" content=\"3 minutos\" \/>\n<script type=\"application\/ld+json\" class=\"yoast-schema-graph\">{\"@context\":\"https:\/\/schema.org\",\"@graph\":[{\"@type\":\"WebPage\",\"@id\":\"https:\/\/ondauno.com.ar\/index.php\/2024\/09\/12\/programa-primavera-segura-en-tres-arroyos-y-claromeco\/\",\"url\":\"https:\/\/ondauno.com.ar\/index.php\/2024\/09\/12\/programa-primavera-segura-en-tres-arroyos-y-claromeco\/\",\"name\":\"Programa \u201cPrimavera Segura\u201d en Tres Arroyos y Claromec\u00f3 - 103.9 fm\",\"isPartOf\":{\"@id\":\"https:\/\/ondauno.com.ar\/#website\"},\"primaryImageOfPage\":{\"@id\":\"https:\/\/ondauno.com.ar\/index.php\/2024\/09\/12\/programa-primavera-segura-en-tres-arroyos-y-claromeco\/#primaryimage\"},\"image\":{\"@id\":\"https:\/\/ondauno.com.ar\/index.php\/2024\/09\/12\/programa-primavera-segura-en-tres-arroyos-y-claromeco\/#primaryimage\"},\"thumbnailUrl\":\"https:\/\/ondauno.com.ar\/wp-content\/uploads\/2024\/09\/WhatsApp-Image-2024-09-12-at-11.33.27.jpeg\",\"datePublished\":\"2024-09-12T23:07:33+00:00\",\"dateModified\":\"2024-09-12T23:07:36+00:00\",\"author\":{\"@id\":\"https:\/\/ondauno.com.ar\/#\/schema\/person\/7ec851ddeceb4133d7d7132dc645714e\"},\"breadcrumb\":{\"@id\":\"https:\/\/ondauno.com.ar\/index.php\/2024\/09\/12\/programa-primavera-segura-en-tres-arroyos-y-claromeco\/#breadcrumb\"},\"inLanguage\":\"es-AR\",\"potentialAction\":[{\"@type\":\"ReadAction\",\"target\":[\"https:\/\/ondauno.com.ar\/index.php\/2024\/09\/12\/programa-primavera-segura-en-tres-arroyos-y-claromeco\/\"]}]},{\"@type\":\"ImageObject\",\"inLanguage\":\"es-AR\",\"@id\":\"https:\/\/ondauno.com.ar\/index.php\/2024\/09\/12\/programa-primavera-segura-en-tres-arroyos-y-claromeco\/#primaryimage\",\"url\":\"https:\/\/ondauno.com.ar\/wp-content\/uploads\/2024\/09\/WhatsApp-Image-2024-09-12-at-11.33.27.jpeg\",\"contentUrl\":\"https:\/\/ondauno.com.ar\/wp-content\/uploads\/2024\/09\/WhatsApp-Image-2024-09-12-at-11.33.27.jpeg\",\"width\":1392,\"height\":928},{\"@type\":\"BreadcrumbList\",\"@id\":\"https:\/\/ondauno.com.ar\/index.php\/2024\/09\/12\/programa-primavera-segura-en-tres-arroyos-y-claromeco\/#breadcrumb\",\"itemListElement\":[{\"@type\":\"ListItem\",\"position\":1,\"name\":\"Inicio\",\"item\":\"https:\/\/ondauno.com.ar\/\"},{\"@type\":\"ListItem\",\"position\":2,\"name\":\"Programa \u201cPrimavera Segura\u201d en Tres Arroyos y Claromec\u00f3\"}]},{\"@type\":\"WebSite\",\"@id\":\"https:\/\/ondauno.com.ar\/#website\",\"url\":\"https:\/\/ondauno.com.ar\/\",\"name\":\"103.9 fm\",\"description\":\"LA PRIMERA RADIO MULTIMEDIA DE TRES ARROYOS\",\"potentialAction\":[{\"@type\":\"SearchAction\",\"target\":{\"@type\":\"EntryPoint\",\"urlTemplate\":\"https:\/\/ondauno.com.ar\/?s={search_term_string}\"},\"query-input\":\"required name=search_term_string\"}],\"inLanguage\":\"es-AR\"},{\"@type\":\"Person\",\"@id\":\"https:\/\/ondauno.com.ar\/#\/schema\/person\/7ec851ddeceb4133d7d7132dc645714e\",\"name\":\"OndaUno\",\"image\":{\"@type\":\"ImageObject\",\"inLanguage\":\"es-AR\",\"@id\":\"https:\/\/ondauno.com.ar\/#\/schema\/person\/image\/\",\"url\":\"https:\/\/secure.gravatar.com\/avatar\/93b8009f0de7021f1feb2bd5b32fb9e8?s=96&d=mm&r=g\",\"contentUrl\":\"https:\/\/secure.gravatar.com\/avatar\/93b8009f0de7021f1feb2bd5b32fb9e8?s=96&d=mm&r=g\",\"caption\":\"OndaUno\"},\"url\":\"https:\/\/ondauno.com.ar\/index.php\/author\/ondauno\/\"}]}<\/script>\n<!-- \/ Yoast SEO plugin. -->","yoast_head_json":{"title":"Programa \u201cPrimavera Segura\u201d en Tres Arroyos y Claromec\u00f3 - 103.9 fm","robots":{"index":"index","follow":"follow","max-snippet":"max-snippet:-1","max-image-preview":"max-image-preview:large","max-video-preview":"max-video-preview:-1"},"canonical":"https:\/\/ondauno.com.ar\/index.php\/2024\/09\/12\/programa-primavera-segura-en-tres-arroyos-y-claromeco\/","og_locale":"es_ES","og_type":"article","og_title":"Programa \u201cPrimavera Segura\u201d en Tres Arroyos y Claromec\u00f3 - 103.9 fm","og_description":"En los festejos por la llegada de la semana de primavera estudiantil, el Municipio de Tres Arroyos ha puesto en marcha el programa \u201cPrimavera Segura\u201d, un plan que promueve el cuidado y la prevenci\u00f3n durante los festejos, tanto en la ciudad como en Claromec\u00f3. El programa incluye una amplia serie de charlas y actividades dirigidas [&hellip;]","og_url":"https:\/\/ondauno.com.ar\/index.php\/2024\/09\/12\/programa-primavera-segura-en-tres-arroyos-y-claromeco\/","og_site_name":"103.9 fm","article_publisher":"https:\/\/www.facebook.com\/ondauno103.9","article_published_time":"2024-09-12T23:07:33+00:00","article_modified_time":"2024-09-12T23:07:36+00:00","og_image":[{"width":1392,"height":928,"url":"http:\/\/ondauno.com.ar\/wp-content\/uploads\/2024\/09\/WhatsApp-Image-2024-09-12-at-11.33.27.jpeg","type":"image\/jpeg"}],"author":"OndaUno","twitter_card":"summary_large_image","twitter_misc":{"Escrito por":"OndaUno","Tiempo de lectura":"3 minutos"},"schema":{"@context":"https:\/\/schema.org","@graph":[{"@type":"WebPage","@id":"https:\/\/ondauno.com.ar\/index.php\/2024\/09\/12\/programa-primavera-segura-en-tres-arroyos-y-claromeco\/","url":"https:\/\/ondauno.com.ar\/index.php\/2024\/09\/12\/programa-primavera-segura-en-tres-arroyos-y-claromeco\/","name":"Programa \u201cPrimavera Segura\u201d en Tres Arroyos y Claromec\u00f3 - 103.9 fm","isPartOf":{"@id":"https:\/\/ondauno.com.ar\/#website"},"primaryImageOfPage":{"@id":"https:\/\/ondauno.com.ar\/index.php\/2024\/09\/12\/programa-primavera-segura-en-tres-arroyos-y-claromeco\/#primaryimage"},"image":{"@id":"https:\/\/ondauno.com.ar\/index.php\/2024\/09\/12\/programa-primavera-segura-en-tres-arroyos-y-claromeco\/#primaryimage"},"thumbnailUrl":"https:\/\/ondauno.com.ar\/wp-content\/uploads\/2024\/09\/WhatsApp-Image-2024-09-12-at-11.33.27.jpeg","datePublished":"2024-09-12T23:07:33+00:00","dateModified":"2024-09-12T23:07:36+00:00","author":{"@id":"https:\/\/ondauno.com.ar\/#\/schema\/person\/7ec851ddeceb4133d7d7132dc645714e"},"breadcrumb":{"@id":"https:\/\/ondauno.com.ar\/index.php\/2024\/09\/12\/programa-primavera-segura-en-tres-arroyos-y-claromeco\/#breadcrumb"},"inLanguage":"es-AR","potentialAction":[{"@type":"ReadAction","target":["https:\/\/ondauno.com.ar\/index.php\/2024\/09\/12\/programa-primavera-segura-en-tres-arroyos-y-claromeco\/"]}]},{"@type":"ImageObject","inLanguage":"es-AR","@id":"https:\/\/ondauno.com.ar\/index.php\/2024\/09\/12\/programa-primavera-segura-en-tres-arroyos-y-claromeco\/#primaryimage","url":"https:\/\/ondauno.com.ar\/wp-content\/uploads\/2024\/09\/WhatsApp-Image-2024-09-12-at-11.33.27.jpeg","contentUrl":"https:\/\/ondauno.com.ar\/wp-content\/uploads\/2024\/09\/WhatsApp-Image-2024-09-12-at-11.33.27.jpeg","width":1392,"height":928},{"@type":"BreadcrumbList","@id":"https:\/\/ondauno.com.ar\/index.php\/2024\/09\/12\/programa-primavera-segura-en-tres-arroyos-y-claromeco\/#breadcrumb","itemListElement":[{"@type":"ListItem","position":1,"name":"Inicio","item":"https:\/\/ondauno.com.ar\/"},{"@type":"ListItem","position":2,"name":"Programa \u201cPrimavera Segura\u201d en Tres Arroyos y Claromec\u00f3"}]},{"@type":"WebSite","@id":"https:\/\/ondauno.com.ar\/#website","url":"https:\/\/ondauno.com.ar\/","name":"103.9 fm","description":"LA PRIMERA RADIO MULTIMEDIA DE TRES ARROYOS","potentialAction":[{"@type":"SearchAction","target":{"@type":"EntryPoint","urlTemplate":"https:\/\/ondauno.com.ar\/?s={search_term_string}"},"query-input":"required name=search_term_string"}],"inLanguage":"es-AR"},{"@type":"Person","@id":"https:\/\/ondauno.com.ar\/#\/schema\/person\/7ec851ddeceb4133d7d7132dc645714e","name":"OndaUno","image":{"@type":"ImageObject","inLanguage":"es-AR","@id":"https:\/\/ondauno.com.ar\/#\/schema\/person\/image\/","url":"https:\/\/secure.gravatar.com\/avatar\/93b8009f0de7021f1feb2bd5b32fb9e8?s=96&d=mm&r=g","contentUrl":"https:\/\/secure.gravatar.com\/avatar\/93b8009f0de7021f1feb2bd5b32fb9e8?s=96&d=mm&r=g","caption":"OndaUno"},"url":"https:\/\/ondauno.com.ar\/index.php\/author\/ondauno\/"}]}},"jetpack_publicize_connections":[],"jetpack_featured_media_url":"https:\/\/ondauno.com.ar\/wp-content\/uploads\/2024\/09\/WhatsApp-Image-2024-09-12-at-11.33.27.jpeg","jetpack_sharing_enabled":true,"_links":{"self":[{"href":"https:\/\/ondauno.com.ar\/index.php\/wp-json\/wp\/v2\/posts\/50277","targetHints":{"allow":["GET"]}}],"collection":[{"href":"https:\/\/ondauno.com.ar\/index.php\/wp-json\/wp\/v2\/posts"}],"about":[{"href":"https:\/\/ondauno.com.ar\/index.php\/wp-json\/wp\/v2\/types\/post"}],"author":[{"embeddable":true,"href":"https:\/\/ondauno.com.ar\/index.php\/wp-json\/wp\/v2\/users\/1"}],"replies":[{"embeddable":true,"href":"https:\/\/ondauno.com.ar\/index.php\/wp-json\/wp\/v2\/comments?post=50277"}],"version-history":[{"count":1,"href":"https:\/\/ondauno.com.ar\/index.php\/wp-json\/wp\/v2\/posts\/50277\/revisions"}],"predecessor-version":[{"id":50279,"href":"https:\/\/ondauno.com.ar\/index.php\/wp-json\/wp\/v2\/posts\/50277\/revisions\/50279"}],"wp:featuredmedia":[{"embeddable":true,"href":"https:\/\/ondauno.com.ar\/index.php\/wp-json\/wp\/v2\/media\/50278"}],"wp:attachment":[{"href":"https:\/\/ondauno.com.ar\/index.php\/wp-json\/wp\/v2\/media?parent=50277"}],"wp:term":[{"taxonomy":"category","embeddable":true,"href":"https:\/\/ondauno.com.ar\/index.php\/wp-json\/wp\/v2\/categories?post=50277"},{"taxonomy":"post_tag","embeddable":true,"href":"https:\/\/ondauno.com.ar\/index.php\/wp-json\/wp\/v2\/tags?post=50277"}],"curies":[{"name":"wp","href":"https:\/\/api.w.org\/{rel}","templated":true}]}}