{"id":50259,"date":"2024-09-12T17:03:33","date_gmt":"2024-09-12T20:03:33","guid":{"rendered":"https:\/\/ondauno.com.ar\/?p=50259"},"modified":"2024-09-12T17:03:37","modified_gmt":"2024-09-12T20:03:37","slug":"guillermo-siro-celebra-la-prohibicion-de-cobro-de-tasas-junto-con-los-servicios-publicos","status":"publish","type":"post","link":"https:\/\/ondauno.com.ar\/index.php\/2024\/09\/12\/guillermo-siro-celebra-la-prohibicion-de-cobro-de-tasas-junto-con-los-servicios-publicos\/","title":{"rendered":"Guillermo Siro celebra la prohibici\u00f3n de cobro de tasas junto con los servicios p\u00fablicos"},"content":{"rendered":"<div class=\"ondau-before-content_3\" style=\"margin-top: -30px;\" id=\"ondau-2808168859\"><a href=\"https:\/\/www.lps.com.ar\/\" aria-label=\"la-perse2\"><img loading=\"lazy\" decoding=\"async\" src=\"https:\/\/ondauno.com.ar\/wp-content\/uploads\/2021\/10\/la-perse2.jpg\" alt=\"\"  srcset=\"https:\/\/ondauno.com.ar\/wp-content\/uploads\/2021\/10\/la-perse2.jpg 1353w, https:\/\/ondauno.com.ar\/wp-content\/uploads\/2021\/10\/la-perse2-300x43.jpg 300w, https:\/\/ondauno.com.ar\/wp-content\/uploads\/2021\/10\/la-perse2-1024x148.jpg 1024w, https:\/\/ondauno.com.ar\/wp-content\/uploads\/2021\/10\/la-perse2-768x111.jpg 768w, https:\/\/ondauno.com.ar\/wp-content\/uploads\/2021\/10\/la-perse2-696x100.jpg 696w, https:\/\/ondauno.com.ar\/wp-content\/uploads\/2021\/10\/la-perse2-1068x154.jpg 1068w\" sizes=\"(max-width: 1353px) 100vw, 1353px\" class=\"no-lazyload\" width=\"1353\" height=\"195\"  style=\"display: inline-block;\" \/><\/a><\/div>\n<p>El presidente de la Confederaci\u00f3n Econ\u00f3mica de la Provincia de Buenos Aires (CEPBA), Guillermo Siro, celebr\u00f3 la resoluci\u00f3n 267 emitida por la Secretar\u00eda de Comercio del gobierno nacional, que proh\u00edbe a los estados provinciales y municipales cobrar tasas y otros conceptos junto con los servicios p\u00fablicos de gas y electricidad.<\/p>\n\n\n\n<p>Siro destac\u00f3 que esta resoluci\u00f3n &#8220;pone un l\u00edmite al abuso de poder de las empresas privatizadas y monop\u00f3licas&#8221;, que han creado un nuevo mecanismo de cobro, agregando a las facturas conceptos que no est\u00e1n relacionados con el objeto del servicio p\u00fablico por el cual tienen la concesi\u00f3n. &#8220;Esto ocurre especialmente con las cooperativas del interior de la provincia de Buenos Aires, donde el costo de la energ\u00eda puede representar solo el 50% del total de la factura, a la que se agregan impuestos y otros \u00edtems que no tienen que ver con la prestaci\u00f3n del servicio&#8221;, afirm\u00f3.<\/p>\n\n\n\n<p>El dirigente tambi\u00e9n inform\u00f3 que la CEPBA ha presentado un reclamo ante la Defensor\u00eda del Pueblo para que gestione la eliminaci\u00f3n de este sistema de cobro, que considera &#8220;compulsivo y anticonstitucional&#8221;. Adem\u00e1s, hizo un llamado a OCEBA y a la Defensor\u00eda del Pueblo bonaerense para que &#8220;activen los mecanismos necesarios para que las distribuidoras el\u00e9ctricas y cooperativas bonaerenses se adecuen a la nueva normativa lo antes posible&#8221;.<\/p>\n\n\n\n<p>Siro record\u00f3 que, meses atr\u00e1s, industriales, comerciantes y productores asociados a CEPBA solicitaron al Organismo de Control de la Energ\u00eda de la Provincia de Buenos Aires (OCEBA) que el pago del consumo el\u00e9ctrico y los impuestos relacionados se realice solo con un c\u00f3digo de barras, dejando el resto de los conceptos no relacionados al suministro de energ\u00eda en una factura separada.<\/p>\n","protected":false},"excerpt":{"rendered":"<p>El presidente de la Confederaci\u00f3n Econ\u00f3mica de la Provincia de Buenos Aires (CEPBA), Guillermo Siro, celebr\u00f3 la resoluci\u00f3n 267 emitida por la Secretar\u00eda de Comercio del gobierno nacional, que proh\u00edbe a los estados provinciales y municipales cobrar tasas y otros conceptos junto con los servicios p\u00fablicos de gas y electricidad. Siro destac\u00f3 que esta resoluci\u00f3n [&hellip;]<\/p>\n","protected":false},"author":1,"featured_media":50261,"comment_status":"open","ping_status":"open","sticky":false,"template":"","format":"standard","meta":{"tdm_status":"","tdm_grid_status":"","_jetpack_memberships_contains_paid_content":false,"footnotes":"","jetpack_publicize_message":"","jetpack_publicize_feature_enabled":true,"jetpack_social_post_already_shared":false,"jetpack_social_options":{"image_generator_settings":{"template":"highway","default_image_id":0,"font":"","enabled":false},"version":2}},"categories":[30],"tags":[],"class_list":{"0":"post-50259","1":"post","2":"type-post","3":"status-publish","4":"format-standard","5":"has-post-thumbnail","7":"category-provinciales"},"yoast_head":"<!-- This site is optimized with the Yoast SEO plugin v22.7 - https:\/\/yoast.com\/wordpress\/plugins\/seo\/ -->\n<title>Guillermo Siro celebra la prohibici\u00f3n de cobro de tasas junto con los servicios p\u00fablicos - 103.9 fm<\/title>\n<meta name=\"robots\" content=\"index, follow, max-snippet:-1, max-image-preview:large, max-video-preview:-1\" \/>\n<link rel=\"canonical\" href=\"https:\/\/ondauno.com.ar\/index.php\/2024\/09\/12\/guillermo-siro-celebra-la-prohibicion-de-cobro-de-tasas-junto-con-los-servicios-publicos\/\" \/>\n<meta property=\"og:locale\" content=\"es_ES\" \/>\n<meta property=\"og:type\" content=\"article\" \/>\n<meta property=\"og:title\" content=\"Guillermo Siro celebra la prohibici\u00f3n de cobro de tasas junto con los servicios p\u00fablicos - 103.9 fm\" \/>\n<meta property=\"og:description\" content=\"El presidente de la Confederaci\u00f3n Econ\u00f3mica de la Provincia de Buenos Aires (CEPBA), Guillermo Siro, celebr\u00f3 la resoluci\u00f3n 267 emitida por la Secretar\u00eda de Comercio del gobierno nacional, que proh\u00edbe a los estados provinciales y municipales cobrar tasas y otros conceptos junto con los servicios p\u00fablicos de gas y electricidad. Siro destac\u00f3 que esta resoluci\u00f3n [&hellip;]\" \/>\n<meta property=\"og:url\" content=\"https:\/\/ondauno.com.ar\/index.php\/2024\/09\/12\/guillermo-siro-celebra-la-prohibicion-de-cobro-de-tasas-junto-con-los-servicios-publicos\/\" \/>\n<meta property=\"og:site_name\" content=\"103.9 fm\" \/>\n<meta property=\"article:publisher\" content=\"https:\/\/www.facebook.com\/ondauno103.9\" \/>\n<meta property=\"article:published_time\" content=\"2024-09-12T20:03:33+00:00\" \/>\n<meta property=\"article:modified_time\" content=\"2024-09-12T20:03:37+00:00\" \/>\n<meta property=\"og:image\" content=\"http:\/\/ondauno.com.ar\/wp-content\/uploads\/2024\/09\/SIRO-HORIZONTAL-770x515-1.jpg\" \/>\n\t<meta property=\"og:image:width\" content=\"770\" \/>\n\t<meta property=\"og:image:height\" content=\"515\" \/>\n\t<meta property=\"og:image:type\" content=\"image\/jpeg\" \/>\n<meta name=\"author\" content=\"OndaUno\" \/>\n<meta name=\"twitter:card\" content=\"summary_large_image\" \/>\n<meta name=\"twitter:label1\" content=\"Escrito por\" \/>\n\t<meta name=\"twitter:data1\" content=\"OndaUno\" \/>\n\t<meta name=\"twitter:label2\" content=\"Tiempo de lectura\" \/>\n\t<meta name=\"twitter:data2\" content=\"2 minutos\" \/>\n<script type=\"application\/ld+json\" class=\"yoast-schema-graph\">{\"@context\":\"https:\/\/schema.org\",\"@graph\":[{\"@type\":\"WebPage\",\"@id\":\"https:\/\/ondauno.com.ar\/index.php\/2024\/09\/12\/guillermo-siro-celebra-la-prohibicion-de-cobro-de-tasas-junto-con-los-servicios-publicos\/\",\"url\":\"https:\/\/ondauno.com.ar\/index.php\/2024\/09\/12\/guillermo-siro-celebra-la-prohibicion-de-cobro-de-tasas-junto-con-los-servicios-publicos\/\",\"name\":\"Guillermo Siro celebra la prohibici\u00f3n de cobro de tasas junto con los servicios p\u00fablicos - 103.9 fm\",\"isPartOf\":{\"@id\":\"https:\/\/ondauno.com.ar\/#website\"},\"primaryImageOfPage\":{\"@id\":\"https:\/\/ondauno.com.ar\/index.php\/2024\/09\/12\/guillermo-siro-celebra-la-prohibicion-de-cobro-de-tasas-junto-con-los-servicios-publicos\/#primaryimage\"},\"image\":{\"@id\":\"https:\/\/ondauno.com.ar\/index.php\/2024\/09\/12\/guillermo-siro-celebra-la-prohibicion-de-cobro-de-tasas-junto-con-los-servicios-publicos\/#primaryimage\"},\"thumbnailUrl\":\"https:\/\/ondauno.com.ar\/wp-content\/uploads\/2024\/09\/SIRO-HORIZONTAL-770x515-1.jpg\",\"datePublished\":\"2024-09-12T20:03:33+00:00\",\"dateModified\":\"2024-09-12T20:03:37+00:00\",\"author\":{\"@id\":\"https:\/\/ondauno.com.ar\/#\/schema\/person\/7ec851ddeceb4133d7d7132dc645714e\"},\"breadcrumb\":{\"@id\":\"https:\/\/ondauno.com.ar\/index.php\/2024\/09\/12\/guillermo-siro-celebra-la-prohibicion-de-cobro-de-tasas-junto-con-los-servicios-publicos\/#breadcrumb\"},\"inLanguage\":\"es-AR\",\"potentialAction\":[{\"@type\":\"ReadAction\",\"target\":[\"https:\/\/ondauno.com.ar\/index.php\/2024\/09\/12\/guillermo-siro-celebra-la-prohibicion-de-cobro-de-tasas-junto-con-los-servicios-publicos\/\"]}]},{\"@type\":\"ImageObject\",\"inLanguage\":\"es-AR\",\"@id\":\"https:\/\/ondauno.com.ar\/index.php\/2024\/09\/12\/guillermo-siro-celebra-la-prohibicion-de-cobro-de-tasas-junto-con-los-servicios-publicos\/#primaryimage\",\"url\":\"https:\/\/ondauno.com.ar\/wp-content\/uploads\/2024\/09\/SIRO-HORIZONTAL-770x515-1.jpg\",\"contentUrl\":\"https:\/\/ondauno.com.ar\/wp-content\/uploads\/2024\/09\/SIRO-HORIZONTAL-770x515-1.jpg\",\"width\":770,\"height\":515},{\"@type\":\"BreadcrumbList\",\"@id\":\"https:\/\/ondauno.com.ar\/index.php\/2024\/09\/12\/guillermo-siro-celebra-la-prohibicion-de-cobro-de-tasas-junto-con-los-servicios-publicos\/#breadcrumb\",\"itemListElement\":[{\"@type\":\"ListItem\",\"position\":1,\"name\":\"Inicio\",\"item\":\"https:\/\/ondauno.com.ar\/\"},{\"@type\":\"ListItem\",\"position\":2,\"name\":\"Guillermo Siro celebra la prohibici\u00f3n de cobro de tasas junto con los servicios p\u00fablicos\"}]},{\"@type\":\"WebSite\",\"@id\":\"https:\/\/ondauno.com.ar\/#website\",\"url\":\"https:\/\/ondauno.com.ar\/\",\"name\":\"103.9 fm\",\"description\":\"LA PRIMERA RADIO MULTIMEDIA DE TRES ARROYOS\",\"potentialAction\":[{\"@type\":\"SearchAction\",\"target\":{\"@type\":\"EntryPoint\",\"urlTemplate\":\"https:\/\/ondauno.com.ar\/?s={search_term_string}\"},\"query-input\":\"required name=search_term_string\"}],\"inLanguage\":\"es-AR\"},{\"@type\":\"Person\",\"@id\":\"https:\/\/ondauno.com.ar\/#\/schema\/person\/7ec851ddeceb4133d7d7132dc645714e\",\"name\":\"OndaUno\",\"image\":{\"@type\":\"ImageObject\",\"inLanguage\":\"es-AR\",\"@id\":\"https:\/\/ondauno.com.ar\/#\/schema\/person\/image\/\",\"url\":\"https:\/\/secure.gravatar.com\/avatar\/93b8009f0de7021f1feb2bd5b32fb9e8?s=96&d=mm&r=g\",\"contentUrl\":\"https:\/\/secure.gravatar.com\/avatar\/93b8009f0de7021f1feb2bd5b32fb9e8?s=96&d=mm&r=g\",\"caption\":\"OndaUno\"},\"url\":\"https:\/\/ondauno.com.ar\/index.php\/author\/ondauno\/\"}]}<\/script>\n<!-- \/ Yoast SEO plugin. -->","yoast_head_json":{"title":"Guillermo Siro celebra la prohibici\u00f3n de cobro de tasas junto con los servicios p\u00fablicos - 103.9 fm","robots":{"index":"index","follow":"follow","max-snippet":"max-snippet:-1","max-image-preview":"max-image-preview:large","max-video-preview":"max-video-preview:-1"},"canonical":"https:\/\/ondauno.com.ar\/index.php\/2024\/09\/12\/guillermo-siro-celebra-la-prohibicion-de-cobro-de-tasas-junto-con-los-servicios-publicos\/","og_locale":"es_ES","og_type":"article","og_title":"Guillermo Siro celebra la prohibici\u00f3n de cobro de tasas junto con los servicios p\u00fablicos - 103.9 fm","og_description":"El presidente de la Confederaci\u00f3n Econ\u00f3mica de la Provincia de Buenos Aires (CEPBA), Guillermo Siro, celebr\u00f3 la resoluci\u00f3n 267 emitida por la Secretar\u00eda de Comercio del gobierno nacional, que proh\u00edbe a los estados provinciales y municipales cobrar tasas y otros conceptos junto con los servicios p\u00fablicos de gas y electricidad. Siro destac\u00f3 que esta resoluci\u00f3n [&hellip;]","og_url":"https:\/\/ondauno.com.ar\/index.php\/2024\/09\/12\/guillermo-siro-celebra-la-prohibicion-de-cobro-de-tasas-junto-con-los-servicios-publicos\/","og_site_name":"103.9 fm","article_publisher":"https:\/\/www.facebook.com\/ondauno103.9","article_published_time":"2024-09-12T20:03:33+00:00","article_modified_time":"2024-09-12T20:03:37+00:00","og_image":[{"width":770,"height":515,"url":"http:\/\/ondauno.com.ar\/wp-content\/uploads\/2024\/09\/SIRO-HORIZONTAL-770x515-1.jpg","type":"image\/jpeg"}],"author":"OndaUno","twitter_card":"summary_large_image","twitter_misc":{"Escrito por":"OndaUno","Tiempo de lectura":"2 minutos"},"schema":{"@context":"https:\/\/schema.org","@graph":[{"@type":"WebPage","@id":"https:\/\/ondauno.com.ar\/index.php\/2024\/09\/12\/guillermo-siro-celebra-la-prohibicion-de-cobro-de-tasas-junto-con-los-servicios-publicos\/","url":"https:\/\/ondauno.com.ar\/index.php\/2024\/09\/12\/guillermo-siro-celebra-la-prohibicion-de-cobro-de-tasas-junto-con-los-servicios-publicos\/","name":"Guillermo Siro celebra la prohibici\u00f3n de cobro de tasas junto con los servicios p\u00fablicos - 103.9 fm","isPartOf":{"@id":"https:\/\/ondauno.com.ar\/#website"},"primaryImageOfPage":{"@id":"https:\/\/ondauno.com.ar\/index.php\/2024\/09\/12\/guillermo-siro-celebra-la-prohibicion-de-cobro-de-tasas-junto-con-los-servicios-publicos\/#primaryimage"},"image":{"@id":"https:\/\/ondauno.com.ar\/index.php\/2024\/09\/12\/guillermo-siro-celebra-la-prohibicion-de-cobro-de-tasas-junto-con-los-servicios-publicos\/#primaryimage"},"thumbnailUrl":"https:\/\/ondauno.com.ar\/wp-content\/uploads\/2024\/09\/SIRO-HORIZONTAL-770x515-1.jpg","datePublished":"2024-09-12T20:03:33+00:00","dateModified":"2024-09-12T20:03:37+00:00","author":{"@id":"https:\/\/ondauno.com.ar\/#\/schema\/person\/7ec851ddeceb4133d7d7132dc645714e"},"breadcrumb":{"@id":"https:\/\/ondauno.com.ar\/index.php\/2024\/09\/12\/guillermo-siro-celebra-la-prohibicion-de-cobro-de-tasas-junto-con-los-servicios-publicos\/#breadcrumb"},"inLanguage":"es-AR","potentialAction":[{"@type":"ReadAction","target":["https:\/\/ondauno.com.ar\/index.php\/2024\/09\/12\/guillermo-siro-celebra-la-prohibicion-de-cobro-de-tasas-junto-con-los-servicios-publicos\/"]}]},{"@type":"ImageObject","inLanguage":"es-AR","@id":"https:\/\/ondauno.com.ar\/index.php\/2024\/09\/12\/guillermo-siro-celebra-la-prohibicion-de-cobro-de-tasas-junto-con-los-servicios-publicos\/#primaryimage","url":"https:\/\/ondauno.com.ar\/wp-content\/uploads\/2024\/09\/SIRO-HORIZONTAL-770x515-1.jpg","contentUrl":"https:\/\/ondauno.com.ar\/wp-content\/uploads\/2024\/09\/SIRO-HORIZONTAL-770x515-1.jpg","width":770,"height":515},{"@type":"BreadcrumbList","@id":"https:\/\/ondauno.com.ar\/index.php\/2024\/09\/12\/guillermo-siro-celebra-la-prohibicion-de-cobro-de-tasas-junto-con-los-servicios-publicos\/#breadcrumb","itemListElement":[{"@type":"ListItem","position":1,"name":"Inicio","item":"https:\/\/ondauno.com.ar\/"},{"@type":"ListItem","position":2,"name":"Guillermo Siro celebra la prohibici\u00f3n de cobro de tasas junto con los servicios p\u00fablicos"}]},{"@type":"WebSite","@id":"https:\/\/ondauno.com.ar\/#website","url":"https:\/\/ondauno.com.ar\/","name":"103.9 fm","description":"LA PRIMERA RADIO MULTIMEDIA DE TRES ARROYOS","potentialAction":[{"@type":"SearchAction","target":{"@type":"EntryPoint","urlTemplate":"https:\/\/ondauno.com.ar\/?s={search_term_string}"},"query-input":"required name=search_term_string"}],"inLanguage":"es-AR"},{"@type":"Person","@id":"https:\/\/ondauno.com.ar\/#\/schema\/person\/7ec851ddeceb4133d7d7132dc645714e","name":"OndaUno","image":{"@type":"ImageObject","inLanguage":"es-AR","@id":"https:\/\/ondauno.com.ar\/#\/schema\/person\/image\/","url":"https:\/\/secure.gravatar.com\/avatar\/93b8009f0de7021f1feb2bd5b32fb9e8?s=96&d=mm&r=g","contentUrl":"https:\/\/secure.gravatar.com\/avatar\/93b8009f0de7021f1feb2bd5b32fb9e8?s=96&d=mm&r=g","caption":"OndaUno"},"url":"https:\/\/ondauno.com.ar\/index.php\/author\/ondauno\/"}]}},"jetpack_publicize_connections":[],"jetpack_featured_media_url":"https:\/\/ondauno.com.ar\/wp-content\/uploads\/2024\/09\/SIRO-HORIZONTAL-770x515-1.jpg","jetpack_sharing_enabled":true,"_links":{"self":[{"href":"https:\/\/ondauno.com.ar\/index.php\/wp-json\/wp\/v2\/posts\/50259","targetHints":{"allow":["GET"]}}],"collection":[{"href":"https:\/\/ondauno.com.ar\/index.php\/wp-json\/wp\/v2\/posts"}],"about":[{"href":"https:\/\/ondauno.com.ar\/index.php\/wp-json\/wp\/v2\/types\/post"}],"author":[{"embeddable":true,"href":"https:\/\/ondauno.com.ar\/index.php\/wp-json\/wp\/v2\/users\/1"}],"replies":[{"embeddable":true,"href":"https:\/\/ondauno.com.ar\/index.php\/wp-json\/wp\/v2\/comments?post=50259"}],"version-history":[{"count":1,"href":"https:\/\/ondauno.com.ar\/index.php\/wp-json\/wp\/v2\/posts\/50259\/revisions"}],"predecessor-version":[{"id":50262,"href":"https:\/\/ondauno.com.ar\/index.php\/wp-json\/wp\/v2\/posts\/50259\/revisions\/50262"}],"wp:featuredmedia":[{"embeddable":true,"href":"https:\/\/ondauno.com.ar\/index.php\/wp-json\/wp\/v2\/media\/50261"}],"wp:attachment":[{"href":"https:\/\/ondauno.com.ar\/index.php\/wp-json\/wp\/v2\/media?parent=50259"}],"wp:term":[{"taxonomy":"category","embeddable":true,"href":"https:\/\/ondauno.com.ar\/index.php\/wp-json\/wp\/v2\/categories?post=50259"},{"taxonomy":"post_tag","embeddable":true,"href":"https:\/\/ondauno.com.ar\/index.php\/wp-json\/wp\/v2\/tags?post=50259"}],"curies":[{"name":"wp","href":"https:\/\/api.w.org\/{rel}","templated":true}]}}