{"id":50255,"date":"2024-09-11T16:56:15","date_gmt":"2024-09-11T19:56:15","guid":{"rendered":"https:\/\/ondauno.com.ar\/?p=50255"},"modified":"2024-09-11T17:04:16","modified_gmt":"2024-09-11T20:04:16","slug":"piden-colaborar-con-la-organizacion-de-un-torneo-juvenil-de-selecciones-de-futbol","status":"publish","type":"post","link":"https:\/\/ondauno.com.ar\/index.php\/2024\/09\/11\/piden-colaborar-con-la-organizacion-de-un-torneo-juvenil-de-selecciones-de-futbol\/","title":{"rendered":"Piden colaborar con la organizaci\u00f3n de un torneo juvenil de selecciones de f\u00fatbol"},"content":{"rendered":"<div class=\"ondau-before-content_3\" style=\"margin-top: -30px;\" id=\"ondau-2227364032\"><a href=\"https:\/\/www.lps.com.ar\/\" aria-label=\"la-perse2\"><img loading=\"lazy\" decoding=\"async\" src=\"https:\/\/ondauno.com.ar\/wp-content\/uploads\/2021\/10\/la-perse2.jpg\" alt=\"\"  srcset=\"https:\/\/ondauno.com.ar\/wp-content\/uploads\/2021\/10\/la-perse2.jpg 1353w, https:\/\/ondauno.com.ar\/wp-content\/uploads\/2021\/10\/la-perse2-300x43.jpg 300w, https:\/\/ondauno.com.ar\/wp-content\/uploads\/2021\/10\/la-perse2-1024x148.jpg 1024w, https:\/\/ondauno.com.ar\/wp-content\/uploads\/2021\/10\/la-perse2-768x111.jpg 768w, https:\/\/ondauno.com.ar\/wp-content\/uploads\/2021\/10\/la-perse2-696x100.jpg 696w, https:\/\/ondauno.com.ar\/wp-content\/uploads\/2021\/10\/la-perse2-1068x154.jpg 1068w\" sizes=\"(max-width: 1353px) 100vw, 1353px\" class=\"no-lazyload\" width=\"1353\" height=\"195\"  style=\"display: inline-block;\" \/><\/a><\/div>\n<p><strong><em>Marcelo Nickel habl\u00f3 en Cosas que pasan<\/em><\/strong><\/p>\n\n\n\n<p>En Cosas que pasan, Marcelo Nickel, delegado del club El Nacional en la Liga de F\u00fatbol de Tres Arroyos, anunci\u00f3 la organizaci\u00f3n de un torneo amistoso para las categor\u00edas juveniles, tras la decisi\u00f3n de la Liga de no participar en el campeonato de selecciones de f\u00fatbol debido a cuestiones econ\u00f3micas.<\/p>\n\n\n\n<p>Nickel explic\u00f3 que &#8220;la mesa directiva decidi\u00f3 no participar por el tema de costos, lo que es entendible, pero creo que algo ten\u00edan que jugar&#8221;.<br>Por esta raz\u00f3n, junto a entrenadores y padres de los jugadores, se propuso realizar un torneo amistoso el fin de semana del 23 y 24 de noviembre. &#8220;Van a venir selecciones fuertes de la zona como Tandil y Olavarr\u00eda, para que los chicos tengan una competencia y no se queden sin jugar&#8221;, afirm\u00f3 Nickel.<\/p>\n\n\n\n<p>El torneo contar\u00e1 con la participaci\u00f3n de equipos de nivel competitivo, y ya se est\u00e1 trabajando en la organizaci\u00f3n con el apoyo de padres y clubes locales. &#8220;Vamos a necesitar colaboraci\u00f3n de comercios y empresas para solventar los gastos de alimentaci\u00f3n y arbitraje&#8221;, se\u00f1al\u00f3 Nickel, destacando que el evento se realizar\u00e1 &#8220;todo a pulm\u00f3n&#8221; con el respaldo de la Liga.<\/p>\n\n\n\n<figure class=\"wp-block-embed is-type-video is-provider-youtube wp-block-embed-youtube wp-embed-aspect-16-9 wp-has-aspect-ratio\"><div class=\"wp-block-embed__wrapper\">\n<div class=\"youtube-embed\" data-video_id=\"blI5aO-Gvp0\"><iframe loading=\"lazy\" title=\"Onda Uno 103.9 en vivo\" width=\"696\" height=\"392\" data-src=\"https:\/\/www.youtube.com\/embed\/blI5aO-Gvp0?feature=oembed&#038;enablejsapi=1\" frameborder=\"0\" allow=\"accelerometer; autoplay; clipboard-write; encrypted-media; gyroscope; picture-in-picture; web-share\" referrerpolicy=\"strict-origin-when-cross-origin\" allowfullscreen src=\"data:image\/gif;base64,R0lGODlhAQABAAAAACH5BAEKAAEALAAAAAABAAEAAAICTAEAOw==\" class=\"lazyload\" data-load-mode=\"1\"><\/iframe><\/div>\n<\/div><\/figure>\n","protected":false},"excerpt":{"rendered":"<p>Marcelo Nickel habl\u00f3 en Cosas que pasan En Cosas que pasan, Marcelo Nickel, delegado del club El Nacional en la Liga de F\u00fatbol de Tres Arroyos, anunci\u00f3 la organizaci\u00f3n de un torneo amistoso para las categor\u00edas juveniles, tras la decisi\u00f3n de la Liga de no participar en el campeonato de selecciones de f\u00fatbol debido a [&hellip;]<\/p>\n","protected":false},"author":1,"featured_media":50256,"comment_status":"open","ping_status":"open","sticky":false,"template":"","format":"standard","meta":{"tdm_status":"","tdm_grid_status":"","_jetpack_memberships_contains_paid_content":false,"footnotes":"","jetpack_publicize_message":"","jetpack_publicize_feature_enabled":true,"jetpack_social_post_already_shared":false,"jetpack_social_options":{"image_generator_settings":{"template":"highway","default_image_id":0,"font":"","enabled":false},"version":2}},"categories":[27],"tags":[],"class_list":{"0":"post-50255","1":"post","2":"type-post","3":"status-publish","4":"format-standard","5":"has-post-thumbnail","7":"category-futbol"},"yoast_head":"<!-- This site is optimized with the Yoast SEO plugin v22.7 - https:\/\/yoast.com\/wordpress\/plugins\/seo\/ -->\n<title>Piden colaborar con la organizaci\u00f3n de un torneo juvenil de selecciones de f\u00fatbol - 103.9 fm<\/title>\n<meta name=\"robots\" content=\"index, follow, max-snippet:-1, max-image-preview:large, max-video-preview:-1\" \/>\n<link rel=\"canonical\" href=\"https:\/\/ondauno.com.ar\/index.php\/2024\/09\/11\/piden-colaborar-con-la-organizacion-de-un-torneo-juvenil-de-selecciones-de-futbol\/\" \/>\n<meta property=\"og:locale\" content=\"es_ES\" \/>\n<meta property=\"og:type\" content=\"article\" \/>\n<meta property=\"og:title\" content=\"Piden colaborar con la organizaci\u00f3n de un torneo juvenil de selecciones de f\u00fatbol - 103.9 fm\" \/>\n<meta property=\"og:description\" content=\"Marcelo Nickel habl\u00f3 en Cosas que pasan En Cosas que pasan, Marcelo Nickel, delegado del club El Nacional en la Liga de F\u00fatbol de Tres Arroyos, anunci\u00f3 la organizaci\u00f3n de un torneo amistoso para las categor\u00edas juveniles, tras la decisi\u00f3n de la Liga de no participar en el campeonato de selecciones de f\u00fatbol debido a [&hellip;]\" \/>\n<meta property=\"og:url\" content=\"https:\/\/ondauno.com.ar\/index.php\/2024\/09\/11\/piden-colaborar-con-la-organizacion-de-un-torneo-juvenil-de-selecciones-de-futbol\/\" \/>\n<meta property=\"og:site_name\" content=\"103.9 fm\" \/>\n<meta property=\"article:publisher\" content=\"https:\/\/www.facebook.com\/ondauno103.9\" \/>\n<meta property=\"article:published_time\" content=\"2024-09-11T19:56:15+00:00\" \/>\n<meta property=\"article:modified_time\" content=\"2024-09-11T20:04:16+00:00\" \/>\n<meta property=\"og:image\" content=\"http:\/\/ondauno.com.ar\/wp-content\/uploads\/2024\/09\/WhatsApp-Image-2024-09-11-at-14.00.52.jpeg\" \/>\n\t<meta property=\"og:image:width\" content=\"540\" \/>\n\t<meta property=\"og:image:height\" content=\"1200\" \/>\n\t<meta property=\"og:image:type\" content=\"image\/jpeg\" \/>\n<meta name=\"author\" content=\"OndaUno\" \/>\n<meta name=\"twitter:card\" content=\"summary_large_image\" \/>\n<meta name=\"twitter:label1\" content=\"Escrito por\" \/>\n\t<meta name=\"twitter:data1\" content=\"OndaUno\" \/>\n\t<meta name=\"twitter:label2\" content=\"Tiempo de lectura\" \/>\n\t<meta name=\"twitter:data2\" content=\"2 minutos\" \/>\n<script type=\"application\/ld+json\" class=\"yoast-schema-graph\">{\"@context\":\"https:\/\/schema.org\",\"@graph\":[{\"@type\":\"WebPage\",\"@id\":\"https:\/\/ondauno.com.ar\/index.php\/2024\/09\/11\/piden-colaborar-con-la-organizacion-de-un-torneo-juvenil-de-selecciones-de-futbol\/\",\"url\":\"https:\/\/ondauno.com.ar\/index.php\/2024\/09\/11\/piden-colaborar-con-la-organizacion-de-un-torneo-juvenil-de-selecciones-de-futbol\/\",\"name\":\"Piden colaborar con la organizaci\u00f3n de un torneo juvenil de selecciones de f\u00fatbol - 103.9 fm\",\"isPartOf\":{\"@id\":\"https:\/\/ondauno.com.ar\/#website\"},\"primaryImageOfPage\":{\"@id\":\"https:\/\/ondauno.com.ar\/index.php\/2024\/09\/11\/piden-colaborar-con-la-organizacion-de-un-torneo-juvenil-de-selecciones-de-futbol\/#primaryimage\"},\"image\":{\"@id\":\"https:\/\/ondauno.com.ar\/index.php\/2024\/09\/11\/piden-colaborar-con-la-organizacion-de-un-torneo-juvenil-de-selecciones-de-futbol\/#primaryimage\"},\"thumbnailUrl\":\"https:\/\/ondauno.com.ar\/wp-content\/uploads\/2024\/09\/WhatsApp-Image-2024-09-11-at-14.00.52.jpeg\",\"datePublished\":\"2024-09-11T19:56:15+00:00\",\"dateModified\":\"2024-09-11T20:04:16+00:00\",\"author\":{\"@id\":\"https:\/\/ondauno.com.ar\/#\/schema\/person\/7ec851ddeceb4133d7d7132dc645714e\"},\"breadcrumb\":{\"@id\":\"https:\/\/ondauno.com.ar\/index.php\/2024\/09\/11\/piden-colaborar-con-la-organizacion-de-un-torneo-juvenil-de-selecciones-de-futbol\/#breadcrumb\"},\"inLanguage\":\"es-AR\",\"potentialAction\":[{\"@type\":\"ReadAction\",\"target\":[\"https:\/\/ondauno.com.ar\/index.php\/2024\/09\/11\/piden-colaborar-con-la-organizacion-de-un-torneo-juvenil-de-selecciones-de-futbol\/\"]}]},{\"@type\":\"ImageObject\",\"inLanguage\":\"es-AR\",\"@id\":\"https:\/\/ondauno.com.ar\/index.php\/2024\/09\/11\/piden-colaborar-con-la-organizacion-de-un-torneo-juvenil-de-selecciones-de-futbol\/#primaryimage\",\"url\":\"https:\/\/ondauno.com.ar\/wp-content\/uploads\/2024\/09\/WhatsApp-Image-2024-09-11-at-14.00.52.jpeg\",\"contentUrl\":\"https:\/\/ondauno.com.ar\/wp-content\/uploads\/2024\/09\/WhatsApp-Image-2024-09-11-at-14.00.52.jpeg\",\"width\":540,\"height\":1200},{\"@type\":\"BreadcrumbList\",\"@id\":\"https:\/\/ondauno.com.ar\/index.php\/2024\/09\/11\/piden-colaborar-con-la-organizacion-de-un-torneo-juvenil-de-selecciones-de-futbol\/#breadcrumb\",\"itemListElement\":[{\"@type\":\"ListItem\",\"position\":1,\"name\":\"Inicio\",\"item\":\"https:\/\/ondauno.com.ar\/\"},{\"@type\":\"ListItem\",\"position\":2,\"name\":\"Piden colaborar con la organizaci\u00f3n de un torneo juvenil de selecciones de f\u00fatbol\"}]},{\"@type\":\"WebSite\",\"@id\":\"https:\/\/ondauno.com.ar\/#website\",\"url\":\"https:\/\/ondauno.com.ar\/\",\"name\":\"103.9 fm\",\"description\":\"LA PRIMERA RADIO MULTIMEDIA DE TRES ARROYOS\",\"potentialAction\":[{\"@type\":\"SearchAction\",\"target\":{\"@type\":\"EntryPoint\",\"urlTemplate\":\"https:\/\/ondauno.com.ar\/?s={search_term_string}\"},\"query-input\":\"required name=search_term_string\"}],\"inLanguage\":\"es-AR\"},{\"@type\":\"Person\",\"@id\":\"https:\/\/ondauno.com.ar\/#\/schema\/person\/7ec851ddeceb4133d7d7132dc645714e\",\"name\":\"OndaUno\",\"image\":{\"@type\":\"ImageObject\",\"inLanguage\":\"es-AR\",\"@id\":\"https:\/\/ondauno.com.ar\/#\/schema\/person\/image\/\",\"url\":\"https:\/\/secure.gravatar.com\/avatar\/93b8009f0de7021f1feb2bd5b32fb9e8?s=96&d=mm&r=g\",\"contentUrl\":\"https:\/\/secure.gravatar.com\/avatar\/93b8009f0de7021f1feb2bd5b32fb9e8?s=96&d=mm&r=g\",\"caption\":\"OndaUno\"},\"url\":\"https:\/\/ondauno.com.ar\/index.php\/author\/ondauno\/\"}]}<\/script>\n<!-- \/ Yoast SEO plugin. -->","yoast_head_json":{"title":"Piden colaborar con la organizaci\u00f3n de un torneo juvenil de selecciones de f\u00fatbol - 103.9 fm","robots":{"index":"index","follow":"follow","max-snippet":"max-snippet:-1","max-image-preview":"max-image-preview:large","max-video-preview":"max-video-preview:-1"},"canonical":"https:\/\/ondauno.com.ar\/index.php\/2024\/09\/11\/piden-colaborar-con-la-organizacion-de-un-torneo-juvenil-de-selecciones-de-futbol\/","og_locale":"es_ES","og_type":"article","og_title":"Piden colaborar con la organizaci\u00f3n de un torneo juvenil de selecciones de f\u00fatbol - 103.9 fm","og_description":"Marcelo Nickel habl\u00f3 en Cosas que pasan En Cosas que pasan, Marcelo Nickel, delegado del club El Nacional en la Liga de F\u00fatbol de Tres Arroyos, anunci\u00f3 la organizaci\u00f3n de un torneo amistoso para las categor\u00edas juveniles, tras la decisi\u00f3n de la Liga de no participar en el campeonato de selecciones de f\u00fatbol debido a [&hellip;]","og_url":"https:\/\/ondauno.com.ar\/index.php\/2024\/09\/11\/piden-colaborar-con-la-organizacion-de-un-torneo-juvenil-de-selecciones-de-futbol\/","og_site_name":"103.9 fm","article_publisher":"https:\/\/www.facebook.com\/ondauno103.9","article_published_time":"2024-09-11T19:56:15+00:00","article_modified_time":"2024-09-11T20:04:16+00:00","og_image":[{"width":540,"height":1200,"url":"http:\/\/ondauno.com.ar\/wp-content\/uploads\/2024\/09\/WhatsApp-Image-2024-09-11-at-14.00.52.jpeg","type":"image\/jpeg"}],"author":"OndaUno","twitter_card":"summary_large_image","twitter_misc":{"Escrito por":"OndaUno","Tiempo de lectura":"2 minutos"},"schema":{"@context":"https:\/\/schema.org","@graph":[{"@type":"WebPage","@id":"https:\/\/ondauno.com.ar\/index.php\/2024\/09\/11\/piden-colaborar-con-la-organizacion-de-un-torneo-juvenil-de-selecciones-de-futbol\/","url":"https:\/\/ondauno.com.ar\/index.php\/2024\/09\/11\/piden-colaborar-con-la-organizacion-de-un-torneo-juvenil-de-selecciones-de-futbol\/","name":"Piden colaborar con la organizaci\u00f3n de un torneo juvenil de selecciones de f\u00fatbol - 103.9 fm","isPartOf":{"@id":"https:\/\/ondauno.com.ar\/#website"},"primaryImageOfPage":{"@id":"https:\/\/ondauno.com.ar\/index.php\/2024\/09\/11\/piden-colaborar-con-la-organizacion-de-un-torneo-juvenil-de-selecciones-de-futbol\/#primaryimage"},"image":{"@id":"https:\/\/ondauno.com.ar\/index.php\/2024\/09\/11\/piden-colaborar-con-la-organizacion-de-un-torneo-juvenil-de-selecciones-de-futbol\/#primaryimage"},"thumbnailUrl":"https:\/\/ondauno.com.ar\/wp-content\/uploads\/2024\/09\/WhatsApp-Image-2024-09-11-at-14.00.52.jpeg","datePublished":"2024-09-11T19:56:15+00:00","dateModified":"2024-09-11T20:04:16+00:00","author":{"@id":"https:\/\/ondauno.com.ar\/#\/schema\/person\/7ec851ddeceb4133d7d7132dc645714e"},"breadcrumb":{"@id":"https:\/\/ondauno.com.ar\/index.php\/2024\/09\/11\/piden-colaborar-con-la-organizacion-de-un-torneo-juvenil-de-selecciones-de-futbol\/#breadcrumb"},"inLanguage":"es-AR","potentialAction":[{"@type":"ReadAction","target":["https:\/\/ondauno.com.ar\/index.php\/2024\/09\/11\/piden-colaborar-con-la-organizacion-de-un-torneo-juvenil-de-selecciones-de-futbol\/"]}]},{"@type":"ImageObject","inLanguage":"es-AR","@id":"https:\/\/ondauno.com.ar\/index.php\/2024\/09\/11\/piden-colaborar-con-la-organizacion-de-un-torneo-juvenil-de-selecciones-de-futbol\/#primaryimage","url":"https:\/\/ondauno.com.ar\/wp-content\/uploads\/2024\/09\/WhatsApp-Image-2024-09-11-at-14.00.52.jpeg","contentUrl":"https:\/\/ondauno.com.ar\/wp-content\/uploads\/2024\/09\/WhatsApp-Image-2024-09-11-at-14.00.52.jpeg","width":540,"height":1200},{"@type":"BreadcrumbList","@id":"https:\/\/ondauno.com.ar\/index.php\/2024\/09\/11\/piden-colaborar-con-la-organizacion-de-un-torneo-juvenil-de-selecciones-de-futbol\/#breadcrumb","itemListElement":[{"@type":"ListItem","position":1,"name":"Inicio","item":"https:\/\/ondauno.com.ar\/"},{"@type":"ListItem","position":2,"name":"Piden colaborar con la organizaci\u00f3n de un torneo juvenil de selecciones de f\u00fatbol"}]},{"@type":"WebSite","@id":"https:\/\/ondauno.com.ar\/#website","url":"https:\/\/ondauno.com.ar\/","name":"103.9 fm","description":"LA PRIMERA RADIO MULTIMEDIA DE TRES ARROYOS","potentialAction":[{"@type":"SearchAction","target":{"@type":"EntryPoint","urlTemplate":"https:\/\/ondauno.com.ar\/?s={search_term_string}"},"query-input":"required name=search_term_string"}],"inLanguage":"es-AR"},{"@type":"Person","@id":"https:\/\/ondauno.com.ar\/#\/schema\/person\/7ec851ddeceb4133d7d7132dc645714e","name":"OndaUno","image":{"@type":"ImageObject","inLanguage":"es-AR","@id":"https:\/\/ondauno.com.ar\/#\/schema\/person\/image\/","url":"https:\/\/secure.gravatar.com\/avatar\/93b8009f0de7021f1feb2bd5b32fb9e8?s=96&d=mm&r=g","contentUrl":"https:\/\/secure.gravatar.com\/avatar\/93b8009f0de7021f1feb2bd5b32fb9e8?s=96&d=mm&r=g","caption":"OndaUno"},"url":"https:\/\/ondauno.com.ar\/index.php\/author\/ondauno\/"}]}},"jetpack_publicize_connections":[],"jetpack_featured_media_url":"https:\/\/ondauno.com.ar\/wp-content\/uploads\/2024\/09\/WhatsApp-Image-2024-09-11-at-14.00.52.jpeg","jetpack_sharing_enabled":true,"_links":{"self":[{"href":"https:\/\/ondauno.com.ar\/index.php\/wp-json\/wp\/v2\/posts\/50255","targetHints":{"allow":["GET"]}}],"collection":[{"href":"https:\/\/ondauno.com.ar\/index.php\/wp-json\/wp\/v2\/posts"}],"about":[{"href":"https:\/\/ondauno.com.ar\/index.php\/wp-json\/wp\/v2\/types\/post"}],"author":[{"embeddable":true,"href":"https:\/\/ondauno.com.ar\/index.php\/wp-json\/wp\/v2\/users\/1"}],"replies":[{"embeddable":true,"href":"https:\/\/ondauno.com.ar\/index.php\/wp-json\/wp\/v2\/comments?post=50255"}],"version-history":[{"count":2,"href":"https:\/\/ondauno.com.ar\/index.php\/wp-json\/wp\/v2\/posts\/50255\/revisions"}],"predecessor-version":[{"id":50258,"href":"https:\/\/ondauno.com.ar\/index.php\/wp-json\/wp\/v2\/posts\/50255\/revisions\/50258"}],"wp:featuredmedia":[{"embeddable":true,"href":"https:\/\/ondauno.com.ar\/index.php\/wp-json\/wp\/v2\/media\/50256"}],"wp:attachment":[{"href":"https:\/\/ondauno.com.ar\/index.php\/wp-json\/wp\/v2\/media?parent=50255"}],"wp:term":[{"taxonomy":"category","embeddable":true,"href":"https:\/\/ondauno.com.ar\/index.php\/wp-json\/wp\/v2\/categories?post=50255"},{"taxonomy":"post_tag","embeddable":true,"href":"https:\/\/ondauno.com.ar\/index.php\/wp-json\/wp\/v2\/tags?post=50255"}],"curies":[{"name":"wp","href":"https:\/\/api.w.org\/{rel}","templated":true}]}}