{"id":50223,"date":"2024-09-11T09:58:53","date_gmt":"2024-09-11T12:58:53","guid":{"rendered":"https:\/\/ondauno.com.ar\/?p=50223"},"modified":"2024-09-11T09:58:56","modified_gmt":"2024-09-11T12:58:56","slug":"se-presento-el-proyecto-del-regimen-provincial-de-inversiones-estrategicas-en-la-legislatura-bonaerense","status":"publish","type":"post","link":"https:\/\/ondauno.com.ar\/index.php\/2024\/09\/11\/se-presento-el-proyecto-del-regimen-provincial-de-inversiones-estrategicas-en-la-legislatura-bonaerense\/","title":{"rendered":"Se present\u00f3 el proyecto del R\u00e9gimen Provincial de Inversiones Estrat\u00e9gicas en la Legislatura bonaerense"},"content":{"rendered":"<div class=\"ondau-before-content_3\" style=\"margin-top: -30px;\" id=\"ondau-3310013733\"><a href=\"https:\/\/www.lps.com.ar\/\" aria-label=\"la-perse2\"><img loading=\"lazy\" decoding=\"async\" src=\"https:\/\/ondauno.com.ar\/wp-content\/uploads\/2021\/10\/la-perse2.jpg\" alt=\"\"  srcset=\"https:\/\/ondauno.com.ar\/wp-content\/uploads\/2021\/10\/la-perse2.jpg 1353w, https:\/\/ondauno.com.ar\/wp-content\/uploads\/2021\/10\/la-perse2-300x43.jpg 300w, https:\/\/ondauno.com.ar\/wp-content\/uploads\/2021\/10\/la-perse2-1024x148.jpg 1024w, https:\/\/ondauno.com.ar\/wp-content\/uploads\/2021\/10\/la-perse2-768x111.jpg 768w, https:\/\/ondauno.com.ar\/wp-content\/uploads\/2021\/10\/la-perse2-696x100.jpg 696w, https:\/\/ondauno.com.ar\/wp-content\/uploads\/2021\/10\/la-perse2-1068x154.jpg 1068w\" sizes=\"(max-width: 1353px) 100vw, 1353px\" class=\"no-lazyload\" width=\"1353\" height=\"195\"  style=\"display: inline-block;\" \/><\/a><\/div>\n<p>Este martes se present\u00f3 en la Legislatura bonaerense el proyecto del R\u00e9gimen Provincial de Inversiones Estrat\u00e9gicas que impulsa el gobernador Axel Kicillof. Fue con la presencia del ministro de Producci\u00f3n, Ciencia e Innovaci\u00f3n Tecnol\u00f3gica, Augusto Costa, quien expuso los principales lineamientos del programa ante autoridades legislativas.<\/p>\n\n\n\n<p>La iniciativa apunta a promover grandes inversiones que est\u00e9n en l\u00ednea con los objetivos productivos de la provincia de Buenos Aires. En ese sentido, promueve la creaci\u00f3n de empleos de calidad y la generaci\u00f3n de valor agregado; el desarrollo de proveedores locales y nuevos sectores productivos; la promoci\u00f3n de la transferencia tecnol\u00f3gica y la diversificaci\u00f3n de la matriz productiva; el impulso de las exportaciones y la sustituci\u00f3n de importaciones; y la reducci\u00f3n de desequilibrios territoriales.<\/p>\n\n\n\n<p>\u201cEsta iniciativa est\u00e1 en las ant\u00edpodas del RIGI que impulsa el Gobierno nacional: nosotros no podemos aceptar que la \u00fanica forma de recibir inversiones sea la de primarizar, rifar los recursos naturales y no agregar valor. Por el contrario, este es un proyecto de desarrollo econ\u00f3mico e industrial\u201d, hab\u00eda subrayado Kicillof cuando present\u00f3 la iniciativa el D\u00eda de la Industria el pasado 2 de septiembre en Ituzaing\u00f3.<\/p>\n\n\n\n<p>\u201cCon este proyecto nos proponemos acompa\u00f1ar a quienes inviertan para generar m\u00e1s trabajo, impulsar el desarrollo de proveedores locales y potenciar las exportaciones\u201d, sostuvo Kicillof entonces y resalt\u00f3: \u201cNuestro compromiso es por un futuro con m\u00e1s y mejor industria para la provincia de Buenos Aires y para la Argentina\u201d.<\/p>\n\n\n\n<p>Ser\u00e1n elegibles iniciativas que abarquen la generaci\u00f3n de nuevos procesos productivos; la construcci\u00f3n de plantas o ampliaciones de instalaciones ya existentes dentro de los sectores vinculados a servicios, industria manufacturera, o de uso intensivo de recursos naturales; y proyectos considerados estrat\u00e9gicos.<\/p>\n\n\n\n<p>Las propuestas aprobadas tendr\u00e1n exenciones fiscales parciales sobre los impuestos de Ingresos Brutos, Inmobiliario y de Sellos. Los proyectos con inversiones desde US$5 millones hasta US$50 millones podr\u00e1n acceder a un 30% durante 5 a\u00f1os; mientras que para aquellos que tengan una inversi\u00f3n de entre US$50 millones y US$200 millones el beneficio alcanzar\u00e1 un 25% de exenci\u00f3n durante 4 a\u00f1os. En el caso de las inversiones de m\u00e1s de US$200 millones la exenci\u00f3n ser\u00e1 del 20% durante 3 a\u00f1os.<\/p>\n\n\n\n<p>Asimismo, podr\u00e1n obtener beneficios adicionales por sobre esas exenciones aquellos proyectos que incrementen el empleo, permitan la sustituci\u00f3n de importaciones; potencien la innovaci\u00f3n tecnol\u00f3gica; o se localicen en zonas de bajos ingresos o parques industriales. En este caso ser\u00e1 de 10% y 2 a\u00f1os m\u00e1s de plazo; mientras que los proyectos que aumenten las exportaciones, adopten pol\u00edticas de g\u00e9nero o sostenibilidad ambiental podr\u00e1n acceder a un 5% extra de exenci\u00f3n y 1 a\u00f1o m\u00e1s de plazo.<\/p>\n\n\n\n<p>La estabilidad fiscal abarcar\u00e1 el periodo de los beneficios otorgados y podr\u00e1 extenderse hasta 30 a\u00f1os si cumple determinadas finalidades del R\u00e9gimen. Adem\u00e1s, los proyectos de inversi\u00f3n mayores a US$50 millones deber\u00e1n presentar un programa de desarrollo de proveedores, y destinar al menos el 50% de los pagos a empresas proveedoras radicadas en la provincia de Buenos Aires.<\/p>\n","protected":false},"excerpt":{"rendered":"<p>Este martes se present\u00f3 en la Legislatura bonaerense el proyecto del R\u00e9gimen Provincial de Inversiones Estrat\u00e9gicas que impulsa el gobernador Axel Kicillof. Fue con la presencia del ministro de Producci\u00f3n, Ciencia e Innovaci\u00f3n Tecnol\u00f3gica, Augusto Costa, quien expuso los principales lineamientos del programa ante autoridades legislativas. La iniciativa apunta a promover grandes inversiones que est\u00e9n [&hellip;]<\/p>\n","protected":false},"author":1,"featured_media":50224,"comment_status":"open","ping_status":"open","sticky":false,"template":"","format":"standard","meta":{"tdm_status":"","tdm_grid_status":"","_jetpack_memberships_contains_paid_content":false,"footnotes":"","jetpack_publicize_message":"","jetpack_publicize_feature_enabled":true,"jetpack_social_post_already_shared":false,"jetpack_social_options":{"image_generator_settings":{"template":"highway","default_image_id":0,"font":"","enabled":false},"version":2}},"categories":[30],"tags":[],"class_list":{"0":"post-50223","1":"post","2":"type-post","3":"status-publish","4":"format-standard","5":"has-post-thumbnail","7":"category-provinciales"},"yoast_head":"<!-- This site is optimized with the Yoast SEO plugin v22.7 - https:\/\/yoast.com\/wordpress\/plugins\/seo\/ -->\n<title>Se present\u00f3 el proyecto del R\u00e9gimen Provincial de Inversiones Estrat\u00e9gicas en la Legislatura bonaerense - 103.9 fm<\/title>\n<meta name=\"robots\" content=\"index, follow, max-snippet:-1, max-image-preview:large, max-video-preview:-1\" \/>\n<link rel=\"canonical\" href=\"https:\/\/ondauno.com.ar\/index.php\/2024\/09\/11\/se-presento-el-proyecto-del-regimen-provincial-de-inversiones-estrategicas-en-la-legislatura-bonaerense\/\" \/>\n<meta property=\"og:locale\" content=\"es_ES\" \/>\n<meta property=\"og:type\" content=\"article\" \/>\n<meta property=\"og:title\" content=\"Se present\u00f3 el proyecto del R\u00e9gimen Provincial de Inversiones Estrat\u00e9gicas en la Legislatura bonaerense - 103.9 fm\" \/>\n<meta property=\"og:description\" content=\"Este martes se present\u00f3 en la Legislatura bonaerense el proyecto del R\u00e9gimen Provincial de Inversiones Estrat\u00e9gicas que impulsa el gobernador Axel Kicillof. Fue con la presencia del ministro de Producci\u00f3n, Ciencia e Innovaci\u00f3n Tecnol\u00f3gica, Augusto Costa, quien expuso los principales lineamientos del programa ante autoridades legislativas. La iniciativa apunta a promover grandes inversiones que est\u00e9n [&hellip;]\" \/>\n<meta property=\"og:url\" content=\"https:\/\/ondauno.com.ar\/index.php\/2024\/09\/11\/se-presento-el-proyecto-del-regimen-provincial-de-inversiones-estrategicas-en-la-legislatura-bonaerense\/\" \/>\n<meta property=\"og:site_name\" content=\"103.9 fm\" \/>\n<meta property=\"article:publisher\" content=\"https:\/\/www.facebook.com\/ondauno103.9\" \/>\n<meta property=\"article:published_time\" content=\"2024-09-11T12:58:53+00:00\" \/>\n<meta property=\"article:modified_time\" content=\"2024-09-11T12:58:56+00:00\" \/>\n<meta property=\"og:image\" content=\"http:\/\/ondauno.com.ar\/wp-content\/uploads\/2024\/09\/th-2.jpeg\" \/>\n\t<meta property=\"og:image:width\" content=\"291\" \/>\n\t<meta property=\"og:image:height\" content=\"180\" \/>\n\t<meta property=\"og:image:type\" content=\"image\/jpeg\" \/>\n<meta name=\"author\" content=\"OndaUno\" \/>\n<meta name=\"twitter:card\" content=\"summary_large_image\" \/>\n<meta name=\"twitter:label1\" content=\"Escrito por\" \/>\n\t<meta name=\"twitter:data1\" content=\"OndaUno\" \/>\n\t<meta name=\"twitter:label2\" content=\"Tiempo de lectura\" \/>\n\t<meta name=\"twitter:data2\" content=\"3 minutos\" \/>\n<script type=\"application\/ld+json\" class=\"yoast-schema-graph\">{\"@context\":\"https:\/\/schema.org\",\"@graph\":[{\"@type\":\"WebPage\",\"@id\":\"https:\/\/ondauno.com.ar\/index.php\/2024\/09\/11\/se-presento-el-proyecto-del-regimen-provincial-de-inversiones-estrategicas-en-la-legislatura-bonaerense\/\",\"url\":\"https:\/\/ondauno.com.ar\/index.php\/2024\/09\/11\/se-presento-el-proyecto-del-regimen-provincial-de-inversiones-estrategicas-en-la-legislatura-bonaerense\/\",\"name\":\"Se present\u00f3 el proyecto del R\u00e9gimen Provincial de Inversiones Estrat\u00e9gicas en la Legislatura bonaerense - 103.9 fm\",\"isPartOf\":{\"@id\":\"https:\/\/ondauno.com.ar\/#website\"},\"primaryImageOfPage\":{\"@id\":\"https:\/\/ondauno.com.ar\/index.php\/2024\/09\/11\/se-presento-el-proyecto-del-regimen-provincial-de-inversiones-estrategicas-en-la-legislatura-bonaerense\/#primaryimage\"},\"image\":{\"@id\":\"https:\/\/ondauno.com.ar\/index.php\/2024\/09\/11\/se-presento-el-proyecto-del-regimen-provincial-de-inversiones-estrategicas-en-la-legislatura-bonaerense\/#primaryimage\"},\"thumbnailUrl\":\"https:\/\/ondauno.com.ar\/wp-content\/uploads\/2024\/09\/th-2.jpeg\",\"datePublished\":\"2024-09-11T12:58:53+00:00\",\"dateModified\":\"2024-09-11T12:58:56+00:00\",\"author\":{\"@id\":\"https:\/\/ondauno.com.ar\/#\/schema\/person\/7ec851ddeceb4133d7d7132dc645714e\"},\"breadcrumb\":{\"@id\":\"https:\/\/ondauno.com.ar\/index.php\/2024\/09\/11\/se-presento-el-proyecto-del-regimen-provincial-de-inversiones-estrategicas-en-la-legislatura-bonaerense\/#breadcrumb\"},\"inLanguage\":\"es-AR\",\"potentialAction\":[{\"@type\":\"ReadAction\",\"target\":[\"https:\/\/ondauno.com.ar\/index.php\/2024\/09\/11\/se-presento-el-proyecto-del-regimen-provincial-de-inversiones-estrategicas-en-la-legislatura-bonaerense\/\"]}]},{\"@type\":\"ImageObject\",\"inLanguage\":\"es-AR\",\"@id\":\"https:\/\/ondauno.com.ar\/index.php\/2024\/09\/11\/se-presento-el-proyecto-del-regimen-provincial-de-inversiones-estrategicas-en-la-legislatura-bonaerense\/#primaryimage\",\"url\":\"https:\/\/ondauno.com.ar\/wp-content\/uploads\/2024\/09\/th-2.jpeg\",\"contentUrl\":\"https:\/\/ondauno.com.ar\/wp-content\/uploads\/2024\/09\/th-2.jpeg\",\"width\":291,\"height\":180},{\"@type\":\"BreadcrumbList\",\"@id\":\"https:\/\/ondauno.com.ar\/index.php\/2024\/09\/11\/se-presento-el-proyecto-del-regimen-provincial-de-inversiones-estrategicas-en-la-legislatura-bonaerense\/#breadcrumb\",\"itemListElement\":[{\"@type\":\"ListItem\",\"position\":1,\"name\":\"Inicio\",\"item\":\"https:\/\/ondauno.com.ar\/\"},{\"@type\":\"ListItem\",\"position\":2,\"name\":\"Se present\u00f3 el proyecto del R\u00e9gimen Provincial de Inversiones Estrat\u00e9gicas en la Legislatura bonaerense\"}]},{\"@type\":\"WebSite\",\"@id\":\"https:\/\/ondauno.com.ar\/#website\",\"url\":\"https:\/\/ondauno.com.ar\/\",\"name\":\"103.9 fm\",\"description\":\"LA PRIMERA RADIO MULTIMEDIA DE TRES ARROYOS\",\"potentialAction\":[{\"@type\":\"SearchAction\",\"target\":{\"@type\":\"EntryPoint\",\"urlTemplate\":\"https:\/\/ondauno.com.ar\/?s={search_term_string}\"},\"query-input\":\"required name=search_term_string\"}],\"inLanguage\":\"es-AR\"},{\"@type\":\"Person\",\"@id\":\"https:\/\/ondauno.com.ar\/#\/schema\/person\/7ec851ddeceb4133d7d7132dc645714e\",\"name\":\"OndaUno\",\"image\":{\"@type\":\"ImageObject\",\"inLanguage\":\"es-AR\",\"@id\":\"https:\/\/ondauno.com.ar\/#\/schema\/person\/image\/\",\"url\":\"https:\/\/secure.gravatar.com\/avatar\/93b8009f0de7021f1feb2bd5b32fb9e8?s=96&d=mm&r=g\",\"contentUrl\":\"https:\/\/secure.gravatar.com\/avatar\/93b8009f0de7021f1feb2bd5b32fb9e8?s=96&d=mm&r=g\",\"caption\":\"OndaUno\"},\"url\":\"https:\/\/ondauno.com.ar\/index.php\/author\/ondauno\/\"}]}<\/script>\n<!-- \/ Yoast SEO plugin. -->","yoast_head_json":{"title":"Se present\u00f3 el proyecto del R\u00e9gimen Provincial de Inversiones Estrat\u00e9gicas en la Legislatura bonaerense - 103.9 fm","robots":{"index":"index","follow":"follow","max-snippet":"max-snippet:-1","max-image-preview":"max-image-preview:large","max-video-preview":"max-video-preview:-1"},"canonical":"https:\/\/ondauno.com.ar\/index.php\/2024\/09\/11\/se-presento-el-proyecto-del-regimen-provincial-de-inversiones-estrategicas-en-la-legislatura-bonaerense\/","og_locale":"es_ES","og_type":"article","og_title":"Se present\u00f3 el proyecto del R\u00e9gimen Provincial de Inversiones Estrat\u00e9gicas en la Legislatura bonaerense - 103.9 fm","og_description":"Este martes se present\u00f3 en la Legislatura bonaerense el proyecto del R\u00e9gimen Provincial de Inversiones Estrat\u00e9gicas que impulsa el gobernador Axel Kicillof. Fue con la presencia del ministro de Producci\u00f3n, Ciencia e Innovaci\u00f3n Tecnol\u00f3gica, Augusto Costa, quien expuso los principales lineamientos del programa ante autoridades legislativas. La iniciativa apunta a promover grandes inversiones que est\u00e9n [&hellip;]","og_url":"https:\/\/ondauno.com.ar\/index.php\/2024\/09\/11\/se-presento-el-proyecto-del-regimen-provincial-de-inversiones-estrategicas-en-la-legislatura-bonaerense\/","og_site_name":"103.9 fm","article_publisher":"https:\/\/www.facebook.com\/ondauno103.9","article_published_time":"2024-09-11T12:58:53+00:00","article_modified_time":"2024-09-11T12:58:56+00:00","og_image":[{"width":291,"height":180,"url":"http:\/\/ondauno.com.ar\/wp-content\/uploads\/2024\/09\/th-2.jpeg","type":"image\/jpeg"}],"author":"OndaUno","twitter_card":"summary_large_image","twitter_misc":{"Escrito por":"OndaUno","Tiempo de lectura":"3 minutos"},"schema":{"@context":"https:\/\/schema.org","@graph":[{"@type":"WebPage","@id":"https:\/\/ondauno.com.ar\/index.php\/2024\/09\/11\/se-presento-el-proyecto-del-regimen-provincial-de-inversiones-estrategicas-en-la-legislatura-bonaerense\/","url":"https:\/\/ondauno.com.ar\/index.php\/2024\/09\/11\/se-presento-el-proyecto-del-regimen-provincial-de-inversiones-estrategicas-en-la-legislatura-bonaerense\/","name":"Se present\u00f3 el proyecto del R\u00e9gimen Provincial de Inversiones Estrat\u00e9gicas en la Legislatura bonaerense - 103.9 fm","isPartOf":{"@id":"https:\/\/ondauno.com.ar\/#website"},"primaryImageOfPage":{"@id":"https:\/\/ondauno.com.ar\/index.php\/2024\/09\/11\/se-presento-el-proyecto-del-regimen-provincial-de-inversiones-estrategicas-en-la-legislatura-bonaerense\/#primaryimage"},"image":{"@id":"https:\/\/ondauno.com.ar\/index.php\/2024\/09\/11\/se-presento-el-proyecto-del-regimen-provincial-de-inversiones-estrategicas-en-la-legislatura-bonaerense\/#primaryimage"},"thumbnailUrl":"https:\/\/ondauno.com.ar\/wp-content\/uploads\/2024\/09\/th-2.jpeg","datePublished":"2024-09-11T12:58:53+00:00","dateModified":"2024-09-11T12:58:56+00:00","author":{"@id":"https:\/\/ondauno.com.ar\/#\/schema\/person\/7ec851ddeceb4133d7d7132dc645714e"},"breadcrumb":{"@id":"https:\/\/ondauno.com.ar\/index.php\/2024\/09\/11\/se-presento-el-proyecto-del-regimen-provincial-de-inversiones-estrategicas-en-la-legislatura-bonaerense\/#breadcrumb"},"inLanguage":"es-AR","potentialAction":[{"@type":"ReadAction","target":["https:\/\/ondauno.com.ar\/index.php\/2024\/09\/11\/se-presento-el-proyecto-del-regimen-provincial-de-inversiones-estrategicas-en-la-legislatura-bonaerense\/"]}]},{"@type":"ImageObject","inLanguage":"es-AR","@id":"https:\/\/ondauno.com.ar\/index.php\/2024\/09\/11\/se-presento-el-proyecto-del-regimen-provincial-de-inversiones-estrategicas-en-la-legislatura-bonaerense\/#primaryimage","url":"https:\/\/ondauno.com.ar\/wp-content\/uploads\/2024\/09\/th-2.jpeg","contentUrl":"https:\/\/ondauno.com.ar\/wp-content\/uploads\/2024\/09\/th-2.jpeg","width":291,"height":180},{"@type":"BreadcrumbList","@id":"https:\/\/ondauno.com.ar\/index.php\/2024\/09\/11\/se-presento-el-proyecto-del-regimen-provincial-de-inversiones-estrategicas-en-la-legislatura-bonaerense\/#breadcrumb","itemListElement":[{"@type":"ListItem","position":1,"name":"Inicio","item":"https:\/\/ondauno.com.ar\/"},{"@type":"ListItem","position":2,"name":"Se present\u00f3 el proyecto del R\u00e9gimen Provincial de Inversiones Estrat\u00e9gicas en la Legislatura bonaerense"}]},{"@type":"WebSite","@id":"https:\/\/ondauno.com.ar\/#website","url":"https:\/\/ondauno.com.ar\/","name":"103.9 fm","description":"LA PRIMERA RADIO MULTIMEDIA DE TRES ARROYOS","potentialAction":[{"@type":"SearchAction","target":{"@type":"EntryPoint","urlTemplate":"https:\/\/ondauno.com.ar\/?s={search_term_string}"},"query-input":"required name=search_term_string"}],"inLanguage":"es-AR"},{"@type":"Person","@id":"https:\/\/ondauno.com.ar\/#\/schema\/person\/7ec851ddeceb4133d7d7132dc645714e","name":"OndaUno","image":{"@type":"ImageObject","inLanguage":"es-AR","@id":"https:\/\/ondauno.com.ar\/#\/schema\/person\/image\/","url":"https:\/\/secure.gravatar.com\/avatar\/93b8009f0de7021f1feb2bd5b32fb9e8?s=96&d=mm&r=g","contentUrl":"https:\/\/secure.gravatar.com\/avatar\/93b8009f0de7021f1feb2bd5b32fb9e8?s=96&d=mm&r=g","caption":"OndaUno"},"url":"https:\/\/ondauno.com.ar\/index.php\/author\/ondauno\/"}]}},"jetpack_publicize_connections":[],"jetpack_featured_media_url":"https:\/\/ondauno.com.ar\/wp-content\/uploads\/2024\/09\/th-2.jpeg","jetpack_sharing_enabled":true,"_links":{"self":[{"href":"https:\/\/ondauno.com.ar\/index.php\/wp-json\/wp\/v2\/posts\/50223","targetHints":{"allow":["GET"]}}],"collection":[{"href":"https:\/\/ondauno.com.ar\/index.php\/wp-json\/wp\/v2\/posts"}],"about":[{"href":"https:\/\/ondauno.com.ar\/index.php\/wp-json\/wp\/v2\/types\/post"}],"author":[{"embeddable":true,"href":"https:\/\/ondauno.com.ar\/index.php\/wp-json\/wp\/v2\/users\/1"}],"replies":[{"embeddable":true,"href":"https:\/\/ondauno.com.ar\/index.php\/wp-json\/wp\/v2\/comments?post=50223"}],"version-history":[{"count":1,"href":"https:\/\/ondauno.com.ar\/index.php\/wp-json\/wp\/v2\/posts\/50223\/revisions"}],"predecessor-version":[{"id":50225,"href":"https:\/\/ondauno.com.ar\/index.php\/wp-json\/wp\/v2\/posts\/50223\/revisions\/50225"}],"wp:featuredmedia":[{"embeddable":true,"href":"https:\/\/ondauno.com.ar\/index.php\/wp-json\/wp\/v2\/media\/50224"}],"wp:attachment":[{"href":"https:\/\/ondauno.com.ar\/index.php\/wp-json\/wp\/v2\/media?parent=50223"}],"wp:term":[{"taxonomy":"category","embeddable":true,"href":"https:\/\/ondauno.com.ar\/index.php\/wp-json\/wp\/v2\/categories?post=50223"},{"taxonomy":"post_tag","embeddable":true,"href":"https:\/\/ondauno.com.ar\/index.php\/wp-json\/wp\/v2\/tags?post=50223"}],"curies":[{"name":"wp","href":"https:\/\/api.w.org\/{rel}","templated":true}]}}