{"id":50058,"date":"2024-09-03T19:11:37","date_gmt":"2024-09-03T22:11:37","guid":{"rendered":"https:\/\/ondauno.com.ar\/?p=50058"},"modified":"2024-09-03T19:11:40","modified_gmt":"2024-09-03T22:11:40","slug":"presentacion-del-programa-de-regularizacion-de-alojamientos-para-prestadores-turisticos","status":"publish","type":"post","link":"https:\/\/ondauno.com.ar\/index.php\/2024\/09\/03\/presentacion-del-programa-de-regularizacion-de-alojamientos-para-prestadores-turisticos\/","title":{"rendered":"Presentaci\u00f3n del programa de regularizaci\u00f3n de alojamientos para prestadores tur\u00edsticos"},"content":{"rendered":"<div class=\"ondau-before-content_3\" style=\"margin-top: -30px;\" id=\"ondau-421917630\"><a href=\"https:\/\/www.lps.com.ar\/\" aria-label=\"la-perse2\"><img loading=\"lazy\" decoding=\"async\" src=\"https:\/\/ondauno.com.ar\/wp-content\/uploads\/2021\/10\/la-perse2.jpg\" alt=\"\"  srcset=\"https:\/\/ondauno.com.ar\/wp-content\/uploads\/2021\/10\/la-perse2.jpg 1353w, https:\/\/ondauno.com.ar\/wp-content\/uploads\/2021\/10\/la-perse2-300x43.jpg 300w, https:\/\/ondauno.com.ar\/wp-content\/uploads\/2021\/10\/la-perse2-1024x148.jpg 1024w, https:\/\/ondauno.com.ar\/wp-content\/uploads\/2021\/10\/la-perse2-768x111.jpg 768w, https:\/\/ondauno.com.ar\/wp-content\/uploads\/2021\/10\/la-perse2-696x100.jpg 696w, https:\/\/ondauno.com.ar\/wp-content\/uploads\/2021\/10\/la-perse2-1068x154.jpg 1068w\" sizes=\"(max-width: 1353px) 100vw, 1353px\" class=\"no-lazyload\" width=\"1353\" height=\"195\"  style=\"display: inline-block;\" \/><\/a><\/div>\n<p>Hoy se llev\u00f3 a cabo la presentaci\u00f3n del programa de regularizaci\u00f3n de alojamientos para prestadores tur\u00edsticos en el distrito de Tres Arroyos.<\/p>\n\n\n\n<p>Con la presencia de las autoridades, entre ellas el Director de Turismo, Pablo Ledesma; el Intendente Municipal, Pablo Garate; la Subsecretaria de Turismo de la Provincia, Soledad Mart\u00ednez; y el Director de Industria, Comercio y Emprendedurismo, Mauro Daddario, se realizo la presentaci\u00f3n del programa.<\/p>\n\n\n\n<p>Este, tiene como objetivo principal ordenar y promover el sector tur\u00edstico local, brindando beneficios a los prestadores de servicios que se sumen a la iniciativa. Entre los beneficios se incluyen la posibilidad de formar parte del cat\u00e1logo oficial de prestadores tur\u00edsticos del municipio, acceso a capacitaciones gratuitas, y la vinculaci\u00f3n directa con la Subsecretar\u00eda de Turismo de la Provincia para el acceso a registros y programas provinciales, tambi\u00e9n se ofrecer\u00e1n asesoramientos espec\u00edficos para la obtenci\u00f3n del Certificado MiPyME y acceso a cr\u00e9ditos blandos.<\/p>\n\n\n\n<p><br>Adem\u00e1s, aquellos que inicien la habilitaci\u00f3n antes del 31 de octubre de 2024 tendr\u00e1n acceso a beneficios adicionales como habilitaciones provisorias y exenciones de la Tasa Unificada hasta abril de 2025.<br>Durante la presentaci\u00f3n, el Intendente Garate subray\u00f3 la importancia de contar con un sector tur\u00edstico competitivo y organizado, destacando que el programa es parte de una estrategia integral para fortalecer el desarrollo econ\u00f3mico del distrito mediante el asociativismo y la inversi\u00f3n en propuestas que generen beneficios sostenibles para los destinos tur\u00edsticos locales.<\/p>\n\n\n\n<p>El Director de Turismo, Pablo Ledesma, destac\u00f3 la importancia de este programa para consolidar destinos tur\u00edsticos competitivos en el distrito.<\/p>\n\n\n\n<p><\/p>\n","protected":false},"excerpt":{"rendered":"<p>Hoy se llev\u00f3 a cabo la presentaci\u00f3n del programa de regularizaci\u00f3n de alojamientos para prestadores tur\u00edsticos en el distrito de Tres Arroyos. Con la presencia de las autoridades, entre ellas el Director de Turismo, Pablo Ledesma; el Intendente Municipal, Pablo Garate; la Subsecretaria de Turismo de la Provincia, Soledad Mart\u00ednez; y el Director de Industria, [&hellip;]<\/p>\n","protected":false},"author":1,"featured_media":50059,"comment_status":"open","ping_status":"open","sticky":false,"template":"","format":"standard","meta":{"tdm_status":"","tdm_grid_status":"","_jetpack_memberships_contains_paid_content":false,"footnotes":"","jetpack_publicize_message":"","jetpack_publicize_feature_enabled":true,"jetpack_social_post_already_shared":false,"jetpack_social_options":{"image_generator_settings":{"template":"highway","default_image_id":0,"font":"","enabled":false},"version":2}},"categories":[2],"tags":[],"class_list":{"0":"post-50058","1":"post","2":"type-post","3":"status-publish","4":"format-standard","5":"has-post-thumbnail","7":"category-locales"},"yoast_head":"<!-- This site is optimized with the Yoast SEO plugin v22.7 - https:\/\/yoast.com\/wordpress\/plugins\/seo\/ -->\n<title>Presentaci\u00f3n del programa de regularizaci\u00f3n de alojamientos para prestadores tur\u00edsticos - 103.9 fm<\/title>\n<meta name=\"robots\" content=\"index, follow, max-snippet:-1, max-image-preview:large, max-video-preview:-1\" \/>\n<link rel=\"canonical\" href=\"https:\/\/ondauno.com.ar\/index.php\/2024\/09\/03\/presentacion-del-programa-de-regularizacion-de-alojamientos-para-prestadores-turisticos\/\" \/>\n<meta property=\"og:locale\" content=\"es_ES\" \/>\n<meta property=\"og:type\" content=\"article\" \/>\n<meta property=\"og:title\" content=\"Presentaci\u00f3n del programa de regularizaci\u00f3n de alojamientos para prestadores tur\u00edsticos - 103.9 fm\" \/>\n<meta property=\"og:description\" content=\"Hoy se llev\u00f3 a cabo la presentaci\u00f3n del programa de regularizaci\u00f3n de alojamientos para prestadores tur\u00edsticos en el distrito de Tres Arroyos. Con la presencia de las autoridades, entre ellas el Director de Turismo, Pablo Ledesma; el Intendente Municipal, Pablo Garate; la Subsecretaria de Turismo de la Provincia, Soledad Mart\u00ednez; y el Director de Industria, [&hellip;]\" \/>\n<meta property=\"og:url\" content=\"https:\/\/ondauno.com.ar\/index.php\/2024\/09\/03\/presentacion-del-programa-de-regularizacion-de-alojamientos-para-prestadores-turisticos\/\" \/>\n<meta property=\"og:site_name\" content=\"103.9 fm\" \/>\n<meta property=\"article:publisher\" content=\"https:\/\/www.facebook.com\/ondauno103.9\" \/>\n<meta property=\"article:published_time\" content=\"2024-09-03T22:11:37+00:00\" \/>\n<meta property=\"article:modified_time\" content=\"2024-09-03T22:11:40+00:00\" \/>\n<meta property=\"og:image\" content=\"http:\/\/ondauno.com.ar\/wp-content\/uploads\/2024\/09\/WhatsApp-Image-2024-09-03-at-18.08.47.jpeg\" \/>\n\t<meta property=\"og:image:width\" content=\"1600\" \/>\n\t<meta property=\"og:image:height\" content=\"1066\" \/>\n\t<meta property=\"og:image:type\" content=\"image\/jpeg\" \/>\n<meta name=\"author\" content=\"OndaUno\" \/>\n<meta name=\"twitter:card\" content=\"summary_large_image\" \/>\n<meta name=\"twitter:label1\" content=\"Escrito por\" \/>\n\t<meta name=\"twitter:data1\" content=\"OndaUno\" \/>\n\t<meta name=\"twitter:label2\" content=\"Tiempo de lectura\" \/>\n\t<meta name=\"twitter:data2\" content=\"2 minutos\" \/>\n<script type=\"application\/ld+json\" class=\"yoast-schema-graph\">{\"@context\":\"https:\/\/schema.org\",\"@graph\":[{\"@type\":\"WebPage\",\"@id\":\"https:\/\/ondauno.com.ar\/index.php\/2024\/09\/03\/presentacion-del-programa-de-regularizacion-de-alojamientos-para-prestadores-turisticos\/\",\"url\":\"https:\/\/ondauno.com.ar\/index.php\/2024\/09\/03\/presentacion-del-programa-de-regularizacion-de-alojamientos-para-prestadores-turisticos\/\",\"name\":\"Presentaci\u00f3n del programa de regularizaci\u00f3n de alojamientos para prestadores tur\u00edsticos - 103.9 fm\",\"isPartOf\":{\"@id\":\"https:\/\/ondauno.com.ar\/#website\"},\"primaryImageOfPage\":{\"@id\":\"https:\/\/ondauno.com.ar\/index.php\/2024\/09\/03\/presentacion-del-programa-de-regularizacion-de-alojamientos-para-prestadores-turisticos\/#primaryimage\"},\"image\":{\"@id\":\"https:\/\/ondauno.com.ar\/index.php\/2024\/09\/03\/presentacion-del-programa-de-regularizacion-de-alojamientos-para-prestadores-turisticos\/#primaryimage\"},\"thumbnailUrl\":\"https:\/\/ondauno.com.ar\/wp-content\/uploads\/2024\/09\/WhatsApp-Image-2024-09-03-at-18.08.47.jpeg\",\"datePublished\":\"2024-09-03T22:11:37+00:00\",\"dateModified\":\"2024-09-03T22:11:40+00:00\",\"author\":{\"@id\":\"https:\/\/ondauno.com.ar\/#\/schema\/person\/7ec851ddeceb4133d7d7132dc645714e\"},\"breadcrumb\":{\"@id\":\"https:\/\/ondauno.com.ar\/index.php\/2024\/09\/03\/presentacion-del-programa-de-regularizacion-de-alojamientos-para-prestadores-turisticos\/#breadcrumb\"},\"inLanguage\":\"es-AR\",\"potentialAction\":[{\"@type\":\"ReadAction\",\"target\":[\"https:\/\/ondauno.com.ar\/index.php\/2024\/09\/03\/presentacion-del-programa-de-regularizacion-de-alojamientos-para-prestadores-turisticos\/\"]}]},{\"@type\":\"ImageObject\",\"inLanguage\":\"es-AR\",\"@id\":\"https:\/\/ondauno.com.ar\/index.php\/2024\/09\/03\/presentacion-del-programa-de-regularizacion-de-alojamientos-para-prestadores-turisticos\/#primaryimage\",\"url\":\"https:\/\/ondauno.com.ar\/wp-content\/uploads\/2024\/09\/WhatsApp-Image-2024-09-03-at-18.08.47.jpeg\",\"contentUrl\":\"https:\/\/ondauno.com.ar\/wp-content\/uploads\/2024\/09\/WhatsApp-Image-2024-09-03-at-18.08.47.jpeg\",\"width\":1600,\"height\":1066},{\"@type\":\"BreadcrumbList\",\"@id\":\"https:\/\/ondauno.com.ar\/index.php\/2024\/09\/03\/presentacion-del-programa-de-regularizacion-de-alojamientos-para-prestadores-turisticos\/#breadcrumb\",\"itemListElement\":[{\"@type\":\"ListItem\",\"position\":1,\"name\":\"Inicio\",\"item\":\"https:\/\/ondauno.com.ar\/\"},{\"@type\":\"ListItem\",\"position\":2,\"name\":\"Presentaci\u00f3n del programa de regularizaci\u00f3n de alojamientos para prestadores tur\u00edsticos\"}]},{\"@type\":\"WebSite\",\"@id\":\"https:\/\/ondauno.com.ar\/#website\",\"url\":\"https:\/\/ondauno.com.ar\/\",\"name\":\"103.9 fm\",\"description\":\"LA PRIMERA RADIO MULTIMEDIA DE TRES ARROYOS\",\"potentialAction\":[{\"@type\":\"SearchAction\",\"target\":{\"@type\":\"EntryPoint\",\"urlTemplate\":\"https:\/\/ondauno.com.ar\/?s={search_term_string}\"},\"query-input\":\"required name=search_term_string\"}],\"inLanguage\":\"es-AR\"},{\"@type\":\"Person\",\"@id\":\"https:\/\/ondauno.com.ar\/#\/schema\/person\/7ec851ddeceb4133d7d7132dc645714e\",\"name\":\"OndaUno\",\"image\":{\"@type\":\"ImageObject\",\"inLanguage\":\"es-AR\",\"@id\":\"https:\/\/ondauno.com.ar\/#\/schema\/person\/image\/\",\"url\":\"https:\/\/secure.gravatar.com\/avatar\/93b8009f0de7021f1feb2bd5b32fb9e8?s=96&d=mm&r=g\",\"contentUrl\":\"https:\/\/secure.gravatar.com\/avatar\/93b8009f0de7021f1feb2bd5b32fb9e8?s=96&d=mm&r=g\",\"caption\":\"OndaUno\"},\"url\":\"https:\/\/ondauno.com.ar\/index.php\/author\/ondauno\/\"}]}<\/script>\n<!-- \/ Yoast SEO plugin. -->","yoast_head_json":{"title":"Presentaci\u00f3n del programa de regularizaci\u00f3n de alojamientos para prestadores tur\u00edsticos - 103.9 fm","robots":{"index":"index","follow":"follow","max-snippet":"max-snippet:-1","max-image-preview":"max-image-preview:large","max-video-preview":"max-video-preview:-1"},"canonical":"https:\/\/ondauno.com.ar\/index.php\/2024\/09\/03\/presentacion-del-programa-de-regularizacion-de-alojamientos-para-prestadores-turisticos\/","og_locale":"es_ES","og_type":"article","og_title":"Presentaci\u00f3n del programa de regularizaci\u00f3n de alojamientos para prestadores tur\u00edsticos - 103.9 fm","og_description":"Hoy se llev\u00f3 a cabo la presentaci\u00f3n del programa de regularizaci\u00f3n de alojamientos para prestadores tur\u00edsticos en el distrito de Tres Arroyos. Con la presencia de las autoridades, entre ellas el Director de Turismo, Pablo Ledesma; el Intendente Municipal, Pablo Garate; la Subsecretaria de Turismo de la Provincia, Soledad Mart\u00ednez; y el Director de Industria, [&hellip;]","og_url":"https:\/\/ondauno.com.ar\/index.php\/2024\/09\/03\/presentacion-del-programa-de-regularizacion-de-alojamientos-para-prestadores-turisticos\/","og_site_name":"103.9 fm","article_publisher":"https:\/\/www.facebook.com\/ondauno103.9","article_published_time":"2024-09-03T22:11:37+00:00","article_modified_time":"2024-09-03T22:11:40+00:00","og_image":[{"width":1600,"height":1066,"url":"http:\/\/ondauno.com.ar\/wp-content\/uploads\/2024\/09\/WhatsApp-Image-2024-09-03-at-18.08.47.jpeg","type":"image\/jpeg"}],"author":"OndaUno","twitter_card":"summary_large_image","twitter_misc":{"Escrito por":"OndaUno","Tiempo de lectura":"2 minutos"},"schema":{"@context":"https:\/\/schema.org","@graph":[{"@type":"WebPage","@id":"https:\/\/ondauno.com.ar\/index.php\/2024\/09\/03\/presentacion-del-programa-de-regularizacion-de-alojamientos-para-prestadores-turisticos\/","url":"https:\/\/ondauno.com.ar\/index.php\/2024\/09\/03\/presentacion-del-programa-de-regularizacion-de-alojamientos-para-prestadores-turisticos\/","name":"Presentaci\u00f3n del programa de regularizaci\u00f3n de alojamientos para prestadores tur\u00edsticos - 103.9 fm","isPartOf":{"@id":"https:\/\/ondauno.com.ar\/#website"},"primaryImageOfPage":{"@id":"https:\/\/ondauno.com.ar\/index.php\/2024\/09\/03\/presentacion-del-programa-de-regularizacion-de-alojamientos-para-prestadores-turisticos\/#primaryimage"},"image":{"@id":"https:\/\/ondauno.com.ar\/index.php\/2024\/09\/03\/presentacion-del-programa-de-regularizacion-de-alojamientos-para-prestadores-turisticos\/#primaryimage"},"thumbnailUrl":"https:\/\/ondauno.com.ar\/wp-content\/uploads\/2024\/09\/WhatsApp-Image-2024-09-03-at-18.08.47.jpeg","datePublished":"2024-09-03T22:11:37+00:00","dateModified":"2024-09-03T22:11:40+00:00","author":{"@id":"https:\/\/ondauno.com.ar\/#\/schema\/person\/7ec851ddeceb4133d7d7132dc645714e"},"breadcrumb":{"@id":"https:\/\/ondauno.com.ar\/index.php\/2024\/09\/03\/presentacion-del-programa-de-regularizacion-de-alojamientos-para-prestadores-turisticos\/#breadcrumb"},"inLanguage":"es-AR","potentialAction":[{"@type":"ReadAction","target":["https:\/\/ondauno.com.ar\/index.php\/2024\/09\/03\/presentacion-del-programa-de-regularizacion-de-alojamientos-para-prestadores-turisticos\/"]}]},{"@type":"ImageObject","inLanguage":"es-AR","@id":"https:\/\/ondauno.com.ar\/index.php\/2024\/09\/03\/presentacion-del-programa-de-regularizacion-de-alojamientos-para-prestadores-turisticos\/#primaryimage","url":"https:\/\/ondauno.com.ar\/wp-content\/uploads\/2024\/09\/WhatsApp-Image-2024-09-03-at-18.08.47.jpeg","contentUrl":"https:\/\/ondauno.com.ar\/wp-content\/uploads\/2024\/09\/WhatsApp-Image-2024-09-03-at-18.08.47.jpeg","width":1600,"height":1066},{"@type":"BreadcrumbList","@id":"https:\/\/ondauno.com.ar\/index.php\/2024\/09\/03\/presentacion-del-programa-de-regularizacion-de-alojamientos-para-prestadores-turisticos\/#breadcrumb","itemListElement":[{"@type":"ListItem","position":1,"name":"Inicio","item":"https:\/\/ondauno.com.ar\/"},{"@type":"ListItem","position":2,"name":"Presentaci\u00f3n del programa de regularizaci\u00f3n de alojamientos para prestadores tur\u00edsticos"}]},{"@type":"WebSite","@id":"https:\/\/ondauno.com.ar\/#website","url":"https:\/\/ondauno.com.ar\/","name":"103.9 fm","description":"LA PRIMERA RADIO MULTIMEDIA DE TRES ARROYOS","potentialAction":[{"@type":"SearchAction","target":{"@type":"EntryPoint","urlTemplate":"https:\/\/ondauno.com.ar\/?s={search_term_string}"},"query-input":"required name=search_term_string"}],"inLanguage":"es-AR"},{"@type":"Person","@id":"https:\/\/ondauno.com.ar\/#\/schema\/person\/7ec851ddeceb4133d7d7132dc645714e","name":"OndaUno","image":{"@type":"ImageObject","inLanguage":"es-AR","@id":"https:\/\/ondauno.com.ar\/#\/schema\/person\/image\/","url":"https:\/\/secure.gravatar.com\/avatar\/93b8009f0de7021f1feb2bd5b32fb9e8?s=96&d=mm&r=g","contentUrl":"https:\/\/secure.gravatar.com\/avatar\/93b8009f0de7021f1feb2bd5b32fb9e8?s=96&d=mm&r=g","caption":"OndaUno"},"url":"https:\/\/ondauno.com.ar\/index.php\/author\/ondauno\/"}]}},"jetpack_publicize_connections":[],"jetpack_featured_media_url":"https:\/\/ondauno.com.ar\/wp-content\/uploads\/2024\/09\/WhatsApp-Image-2024-09-03-at-18.08.47.jpeg","jetpack_sharing_enabled":true,"_links":{"self":[{"href":"https:\/\/ondauno.com.ar\/index.php\/wp-json\/wp\/v2\/posts\/50058","targetHints":{"allow":["GET"]}}],"collection":[{"href":"https:\/\/ondauno.com.ar\/index.php\/wp-json\/wp\/v2\/posts"}],"about":[{"href":"https:\/\/ondauno.com.ar\/index.php\/wp-json\/wp\/v2\/types\/post"}],"author":[{"embeddable":true,"href":"https:\/\/ondauno.com.ar\/index.php\/wp-json\/wp\/v2\/users\/1"}],"replies":[{"embeddable":true,"href":"https:\/\/ondauno.com.ar\/index.php\/wp-json\/wp\/v2\/comments?post=50058"}],"version-history":[{"count":1,"href":"https:\/\/ondauno.com.ar\/index.php\/wp-json\/wp\/v2\/posts\/50058\/revisions"}],"predecessor-version":[{"id":50060,"href":"https:\/\/ondauno.com.ar\/index.php\/wp-json\/wp\/v2\/posts\/50058\/revisions\/50060"}],"wp:featuredmedia":[{"embeddable":true,"href":"https:\/\/ondauno.com.ar\/index.php\/wp-json\/wp\/v2\/media\/50059"}],"wp:attachment":[{"href":"https:\/\/ondauno.com.ar\/index.php\/wp-json\/wp\/v2\/media?parent=50058"}],"wp:term":[{"taxonomy":"category","embeddable":true,"href":"https:\/\/ondauno.com.ar\/index.php\/wp-json\/wp\/v2\/categories?post=50058"},{"taxonomy":"post_tag","embeddable":true,"href":"https:\/\/ondauno.com.ar\/index.php\/wp-json\/wp\/v2\/tags?post=50058"}],"curies":[{"name":"wp","href":"https:\/\/api.w.org\/{rel}","templated":true}]}}