{"id":49997,"date":"2024-08-30T22:27:38","date_gmt":"2024-08-31T01:27:38","guid":{"rendered":"https:\/\/ondauno.com.ar\/?p=49997"},"modified":"2024-08-30T22:27:40","modified_gmt":"2024-08-31T01:27:40","slug":"avila-propone-cambios-en-la-concesion-de-la-arenera-de-claromeco","status":"publish","type":"post","link":"https:\/\/ondauno.com.ar\/index.php\/2024\/08\/30\/avila-propone-cambios-en-la-concesion-de-la-arenera-de-claromeco\/","title":{"rendered":"\u00c1vila propone cambios en la concesi\u00f3n de la arenera de Claromec\u00f3"},"content":{"rendered":"<div class=\"ondau-before-content_3\" style=\"margin-top: -30px;\" id=\"ondau-2553592466\"><a href=\"https:\/\/www.lps.com.ar\/\" aria-label=\"la-perse2\"><img loading=\"lazy\" decoding=\"async\" src=\"https:\/\/ondauno.com.ar\/wp-content\/uploads\/2021\/10\/la-perse2.jpg\" alt=\"\"  srcset=\"https:\/\/ondauno.com.ar\/wp-content\/uploads\/2021\/10\/la-perse2.jpg 1353w, https:\/\/ondauno.com.ar\/wp-content\/uploads\/2021\/10\/la-perse2-300x43.jpg 300w, https:\/\/ondauno.com.ar\/wp-content\/uploads\/2021\/10\/la-perse2-1024x148.jpg 1024w, https:\/\/ondauno.com.ar\/wp-content\/uploads\/2021\/10\/la-perse2-768x111.jpg 768w, https:\/\/ondauno.com.ar\/wp-content\/uploads\/2021\/10\/la-perse2-696x100.jpg 696w, https:\/\/ondauno.com.ar\/wp-content\/uploads\/2021\/10\/la-perse2-1068x154.jpg 1068w\" sizes=\"(max-width: 1353px) 100vw, 1353px\" class=\"no-lazyload\" width=\"1353\" height=\"195\"  style=\"display: inline-block;\" \/><\/a><\/div>\n<p>En Cosas que pasan el concejal de Juntos, Carlos \u00c1vila, brind\u00f3 detalles sobre las propuestas presentadas por su bloque para la nueva concesi\u00f3n de la arenera de Claromec\u00f3. \u00c1vila destac\u00f3 que sugirieron &#8220;aumentar la base de 500 metros c\u00fabicos propuesta por el municipio a 1000, y establecer un esquema de distribuci\u00f3n de fondos m\u00e1s equitativo&#8221;.<\/p>\n\n\n\n<p>Adem\u00e1s explic\u00f3 que el objetivo es asegurar que los ingresos generados por la explotaci\u00f3n de la arenera se destinen a obras y mejoras en la localidad, &#8220;evitando su uso en gastos corrientes como sueldos o combustible&#8221;.<br>Seg\u00fan \u00c1vila, se espera que la discusi\u00f3n sobre estas modificaciones se cierre el pr\u00f3ximo lunes en la comisi\u00f3n de Hacienda.<\/p>\n\n\n\n<p>Sobre la concesi\u00f3n del parador Rako&#8217;s de Reta, el concejal coment\u00f3 que su bloque tambi\u00e9n realiz\u00f3 observaciones para mejorar el pliego, incluyendo correcciones en la georreferenciaci\u00f3n y la duraci\u00f3n del contrato, buscando evitar &#8220;una construcci\u00f3n en pleno verano, que no ser\u00eda lo ideal para el turismo&#8221;.<\/p>\n\n\n\n<figure class=\"wp-block-embed is-type-rich is-provider-gestor-del-servicio wp-block-embed-gestor-del-servicio wp-embed-aspect-16-9 wp-has-aspect-ratio\"><div class=\"wp-block-embed__wrapper\">\n<div class=\"youtube-embed\" data-video_id=\"6PQZnMh55x8\"><iframe loading=\"lazy\" title=\"Onda Uno 103.9 en vivo\" width=\"696\" height=\"392\" data-src=\"https:\/\/www.youtube.com\/embed\/6PQZnMh55x8?feature=oembed&#038;enablejsapi=1\" frameborder=\"0\" allow=\"accelerometer; autoplay; clipboard-write; encrypted-media; gyroscope; picture-in-picture; web-share\" referrerpolicy=\"strict-origin-when-cross-origin\" allowfullscreen src=\"data:image\/gif;base64,R0lGODlhAQABAAAAACH5BAEKAAEALAAAAAABAAEAAAICTAEAOw==\" class=\"lazyload\" data-load-mode=\"1\"><\/iframe><\/div>\n<\/div><\/figure>\n","protected":false},"excerpt":{"rendered":"<p>En Cosas que pasan el concejal de Juntos, Carlos \u00c1vila, brind\u00f3 detalles sobre las propuestas presentadas por su bloque para la nueva concesi\u00f3n de la arenera de Claromec\u00f3. \u00c1vila destac\u00f3 que sugirieron &#8220;aumentar la base de 500 metros c\u00fabicos propuesta por el municipio a 1000, y establecer un esquema de distribuci\u00f3n de fondos m\u00e1s equitativo&#8221;. [&hellip;]<\/p>\n","protected":false},"author":1,"featured_media":31562,"comment_status":"open","ping_status":"open","sticky":false,"template":"","format":"standard","meta":{"tdm_status":"","tdm_grid_status":"","_jetpack_memberships_contains_paid_content":false,"footnotes":"","jetpack_publicize_message":"","jetpack_publicize_feature_enabled":true,"jetpack_social_post_already_shared":false,"jetpack_social_options":{"image_generator_settings":{"template":"highway","default_image_id":0,"font":"","enabled":false},"version":2}},"categories":[2],"tags":[],"class_list":{"0":"post-49997","1":"post","2":"type-post","3":"status-publish","4":"format-standard","5":"has-post-thumbnail","7":"category-locales"},"yoast_head":"<!-- This site is optimized with the Yoast SEO plugin v22.7 - https:\/\/yoast.com\/wordpress\/plugins\/seo\/ -->\n<title>\u00c1vila propone cambios en la concesi\u00f3n de la arenera de Claromec\u00f3 - 103.9 fm<\/title>\n<meta name=\"robots\" content=\"index, follow, max-snippet:-1, max-image-preview:large, max-video-preview:-1\" \/>\n<link rel=\"canonical\" href=\"https:\/\/ondauno.com.ar\/index.php\/2024\/08\/30\/avila-propone-cambios-en-la-concesion-de-la-arenera-de-claromeco\/\" \/>\n<meta property=\"og:locale\" content=\"es_ES\" \/>\n<meta property=\"og:type\" content=\"article\" \/>\n<meta property=\"og:title\" content=\"\u00c1vila propone cambios en la concesi\u00f3n de la arenera de Claromec\u00f3 - 103.9 fm\" \/>\n<meta property=\"og:description\" content=\"En Cosas que pasan el concejal de Juntos, Carlos \u00c1vila, brind\u00f3 detalles sobre las propuestas presentadas por su bloque para la nueva concesi\u00f3n de la arenera de Claromec\u00f3. \u00c1vila destac\u00f3 que sugirieron &#8220;aumentar la base de 500 metros c\u00fabicos propuesta por el municipio a 1000, y establecer un esquema de distribuci\u00f3n de fondos m\u00e1s equitativo&#8221;. [&hellip;]\" \/>\n<meta property=\"og:url\" content=\"https:\/\/ondauno.com.ar\/index.php\/2024\/08\/30\/avila-propone-cambios-en-la-concesion-de-la-arenera-de-claromeco\/\" \/>\n<meta property=\"og:site_name\" content=\"103.9 fm\" \/>\n<meta property=\"article:publisher\" content=\"https:\/\/www.facebook.com\/ondauno103.9\" \/>\n<meta property=\"article:published_time\" content=\"2024-08-31T01:27:38+00:00\" \/>\n<meta property=\"article:modified_time\" content=\"2024-08-31T01:27:40+00:00\" \/>\n<meta property=\"og:image\" content=\"http:\/\/ondauno.com.ar\/wp-content\/uploads\/2022\/02\/Avila.jpeg\" \/>\n\t<meta property=\"og:image:width\" content=\"1040\" \/>\n\t<meta property=\"og:image:height\" content=\"780\" \/>\n\t<meta property=\"og:image:type\" content=\"image\/jpeg\" \/>\n<meta name=\"author\" content=\"OndaUno\" \/>\n<meta name=\"twitter:card\" content=\"summary_large_image\" \/>\n<meta name=\"twitter:label1\" content=\"Escrito por\" \/>\n\t<meta name=\"twitter:data1\" content=\"OndaUno\" \/>\n\t<meta name=\"twitter:label2\" content=\"Tiempo de lectura\" \/>\n\t<meta name=\"twitter:data2\" content=\"1 minuto\" \/>\n<script type=\"application\/ld+json\" class=\"yoast-schema-graph\">{\"@context\":\"https:\/\/schema.org\",\"@graph\":[{\"@type\":\"WebPage\",\"@id\":\"https:\/\/ondauno.com.ar\/index.php\/2024\/08\/30\/avila-propone-cambios-en-la-concesion-de-la-arenera-de-claromeco\/\",\"url\":\"https:\/\/ondauno.com.ar\/index.php\/2024\/08\/30\/avila-propone-cambios-en-la-concesion-de-la-arenera-de-claromeco\/\",\"name\":\"\u00c1vila propone cambios en la concesi\u00f3n de la arenera de Claromec\u00f3 - 103.9 fm\",\"isPartOf\":{\"@id\":\"https:\/\/ondauno.com.ar\/#website\"},\"primaryImageOfPage\":{\"@id\":\"https:\/\/ondauno.com.ar\/index.php\/2024\/08\/30\/avila-propone-cambios-en-la-concesion-de-la-arenera-de-claromeco\/#primaryimage\"},\"image\":{\"@id\":\"https:\/\/ondauno.com.ar\/index.php\/2024\/08\/30\/avila-propone-cambios-en-la-concesion-de-la-arenera-de-claromeco\/#primaryimage\"},\"thumbnailUrl\":\"https:\/\/ondauno.com.ar\/wp-content\/uploads\/2022\/02\/Avila.jpeg\",\"datePublished\":\"2024-08-31T01:27:38+00:00\",\"dateModified\":\"2024-08-31T01:27:40+00:00\",\"author\":{\"@id\":\"https:\/\/ondauno.com.ar\/#\/schema\/person\/7ec851ddeceb4133d7d7132dc645714e\"},\"breadcrumb\":{\"@id\":\"https:\/\/ondauno.com.ar\/index.php\/2024\/08\/30\/avila-propone-cambios-en-la-concesion-de-la-arenera-de-claromeco\/#breadcrumb\"},\"inLanguage\":\"es-AR\",\"potentialAction\":[{\"@type\":\"ReadAction\",\"target\":[\"https:\/\/ondauno.com.ar\/index.php\/2024\/08\/30\/avila-propone-cambios-en-la-concesion-de-la-arenera-de-claromeco\/\"]}]},{\"@type\":\"ImageObject\",\"inLanguage\":\"es-AR\",\"@id\":\"https:\/\/ondauno.com.ar\/index.php\/2024\/08\/30\/avila-propone-cambios-en-la-concesion-de-la-arenera-de-claromeco\/#primaryimage\",\"url\":\"https:\/\/ondauno.com.ar\/wp-content\/uploads\/2022\/02\/Avila.jpeg\",\"contentUrl\":\"https:\/\/ondauno.com.ar\/wp-content\/uploads\/2022\/02\/Avila.jpeg\",\"width\":1040,\"height\":780},{\"@type\":\"BreadcrumbList\",\"@id\":\"https:\/\/ondauno.com.ar\/index.php\/2024\/08\/30\/avila-propone-cambios-en-la-concesion-de-la-arenera-de-claromeco\/#breadcrumb\",\"itemListElement\":[{\"@type\":\"ListItem\",\"position\":1,\"name\":\"Inicio\",\"item\":\"https:\/\/ondauno.com.ar\/\"},{\"@type\":\"ListItem\",\"position\":2,\"name\":\"\u00c1vila propone cambios en la concesi\u00f3n de la arenera de Claromec\u00f3\"}]},{\"@type\":\"WebSite\",\"@id\":\"https:\/\/ondauno.com.ar\/#website\",\"url\":\"https:\/\/ondauno.com.ar\/\",\"name\":\"103.9 fm\",\"description\":\"LA PRIMERA RADIO MULTIMEDIA DE TRES ARROYOS\",\"potentialAction\":[{\"@type\":\"SearchAction\",\"target\":{\"@type\":\"EntryPoint\",\"urlTemplate\":\"https:\/\/ondauno.com.ar\/?s={search_term_string}\"},\"query-input\":\"required name=search_term_string\"}],\"inLanguage\":\"es-AR\"},{\"@type\":\"Person\",\"@id\":\"https:\/\/ondauno.com.ar\/#\/schema\/person\/7ec851ddeceb4133d7d7132dc645714e\",\"name\":\"OndaUno\",\"image\":{\"@type\":\"ImageObject\",\"inLanguage\":\"es-AR\",\"@id\":\"https:\/\/ondauno.com.ar\/#\/schema\/person\/image\/\",\"url\":\"https:\/\/secure.gravatar.com\/avatar\/93b8009f0de7021f1feb2bd5b32fb9e8?s=96&d=mm&r=g\",\"contentUrl\":\"https:\/\/secure.gravatar.com\/avatar\/93b8009f0de7021f1feb2bd5b32fb9e8?s=96&d=mm&r=g\",\"caption\":\"OndaUno\"},\"url\":\"https:\/\/ondauno.com.ar\/index.php\/author\/ondauno\/\"}]}<\/script>\n<!-- \/ Yoast SEO plugin. -->","yoast_head_json":{"title":"\u00c1vila propone cambios en la concesi\u00f3n de la arenera de Claromec\u00f3 - 103.9 fm","robots":{"index":"index","follow":"follow","max-snippet":"max-snippet:-1","max-image-preview":"max-image-preview:large","max-video-preview":"max-video-preview:-1"},"canonical":"https:\/\/ondauno.com.ar\/index.php\/2024\/08\/30\/avila-propone-cambios-en-la-concesion-de-la-arenera-de-claromeco\/","og_locale":"es_ES","og_type":"article","og_title":"\u00c1vila propone cambios en la concesi\u00f3n de la arenera de Claromec\u00f3 - 103.9 fm","og_description":"En Cosas que pasan el concejal de Juntos, Carlos \u00c1vila, brind\u00f3 detalles sobre las propuestas presentadas por su bloque para la nueva concesi\u00f3n de la arenera de Claromec\u00f3. \u00c1vila destac\u00f3 que sugirieron &#8220;aumentar la base de 500 metros c\u00fabicos propuesta por el municipio a 1000, y establecer un esquema de distribuci\u00f3n de fondos m\u00e1s equitativo&#8221;. [&hellip;]","og_url":"https:\/\/ondauno.com.ar\/index.php\/2024\/08\/30\/avila-propone-cambios-en-la-concesion-de-la-arenera-de-claromeco\/","og_site_name":"103.9 fm","article_publisher":"https:\/\/www.facebook.com\/ondauno103.9","article_published_time":"2024-08-31T01:27:38+00:00","article_modified_time":"2024-08-31T01:27:40+00:00","og_image":[{"width":1040,"height":780,"url":"http:\/\/ondauno.com.ar\/wp-content\/uploads\/2022\/02\/Avila.jpeg","type":"image\/jpeg"}],"author":"OndaUno","twitter_card":"summary_large_image","twitter_misc":{"Escrito por":"OndaUno","Tiempo de lectura":"1 minuto"},"schema":{"@context":"https:\/\/schema.org","@graph":[{"@type":"WebPage","@id":"https:\/\/ondauno.com.ar\/index.php\/2024\/08\/30\/avila-propone-cambios-en-la-concesion-de-la-arenera-de-claromeco\/","url":"https:\/\/ondauno.com.ar\/index.php\/2024\/08\/30\/avila-propone-cambios-en-la-concesion-de-la-arenera-de-claromeco\/","name":"\u00c1vila propone cambios en la concesi\u00f3n de la arenera de Claromec\u00f3 - 103.9 fm","isPartOf":{"@id":"https:\/\/ondauno.com.ar\/#website"},"primaryImageOfPage":{"@id":"https:\/\/ondauno.com.ar\/index.php\/2024\/08\/30\/avila-propone-cambios-en-la-concesion-de-la-arenera-de-claromeco\/#primaryimage"},"image":{"@id":"https:\/\/ondauno.com.ar\/index.php\/2024\/08\/30\/avila-propone-cambios-en-la-concesion-de-la-arenera-de-claromeco\/#primaryimage"},"thumbnailUrl":"https:\/\/ondauno.com.ar\/wp-content\/uploads\/2022\/02\/Avila.jpeg","datePublished":"2024-08-31T01:27:38+00:00","dateModified":"2024-08-31T01:27:40+00:00","author":{"@id":"https:\/\/ondauno.com.ar\/#\/schema\/person\/7ec851ddeceb4133d7d7132dc645714e"},"breadcrumb":{"@id":"https:\/\/ondauno.com.ar\/index.php\/2024\/08\/30\/avila-propone-cambios-en-la-concesion-de-la-arenera-de-claromeco\/#breadcrumb"},"inLanguage":"es-AR","potentialAction":[{"@type":"ReadAction","target":["https:\/\/ondauno.com.ar\/index.php\/2024\/08\/30\/avila-propone-cambios-en-la-concesion-de-la-arenera-de-claromeco\/"]}]},{"@type":"ImageObject","inLanguage":"es-AR","@id":"https:\/\/ondauno.com.ar\/index.php\/2024\/08\/30\/avila-propone-cambios-en-la-concesion-de-la-arenera-de-claromeco\/#primaryimage","url":"https:\/\/ondauno.com.ar\/wp-content\/uploads\/2022\/02\/Avila.jpeg","contentUrl":"https:\/\/ondauno.com.ar\/wp-content\/uploads\/2022\/02\/Avila.jpeg","width":1040,"height":780},{"@type":"BreadcrumbList","@id":"https:\/\/ondauno.com.ar\/index.php\/2024\/08\/30\/avila-propone-cambios-en-la-concesion-de-la-arenera-de-claromeco\/#breadcrumb","itemListElement":[{"@type":"ListItem","position":1,"name":"Inicio","item":"https:\/\/ondauno.com.ar\/"},{"@type":"ListItem","position":2,"name":"\u00c1vila propone cambios en la concesi\u00f3n de la arenera de Claromec\u00f3"}]},{"@type":"WebSite","@id":"https:\/\/ondauno.com.ar\/#website","url":"https:\/\/ondauno.com.ar\/","name":"103.9 fm","description":"LA PRIMERA RADIO MULTIMEDIA DE TRES ARROYOS","potentialAction":[{"@type":"SearchAction","target":{"@type":"EntryPoint","urlTemplate":"https:\/\/ondauno.com.ar\/?s={search_term_string}"},"query-input":"required name=search_term_string"}],"inLanguage":"es-AR"},{"@type":"Person","@id":"https:\/\/ondauno.com.ar\/#\/schema\/person\/7ec851ddeceb4133d7d7132dc645714e","name":"OndaUno","image":{"@type":"ImageObject","inLanguage":"es-AR","@id":"https:\/\/ondauno.com.ar\/#\/schema\/person\/image\/","url":"https:\/\/secure.gravatar.com\/avatar\/93b8009f0de7021f1feb2bd5b32fb9e8?s=96&d=mm&r=g","contentUrl":"https:\/\/secure.gravatar.com\/avatar\/93b8009f0de7021f1feb2bd5b32fb9e8?s=96&d=mm&r=g","caption":"OndaUno"},"url":"https:\/\/ondauno.com.ar\/index.php\/author\/ondauno\/"}]}},"jetpack_publicize_connections":[],"jetpack_featured_media_url":"https:\/\/ondauno.com.ar\/wp-content\/uploads\/2022\/02\/Avila.jpeg","jetpack_sharing_enabled":true,"_links":{"self":[{"href":"https:\/\/ondauno.com.ar\/index.php\/wp-json\/wp\/v2\/posts\/49997","targetHints":{"allow":["GET"]}}],"collection":[{"href":"https:\/\/ondauno.com.ar\/index.php\/wp-json\/wp\/v2\/posts"}],"about":[{"href":"https:\/\/ondauno.com.ar\/index.php\/wp-json\/wp\/v2\/types\/post"}],"author":[{"embeddable":true,"href":"https:\/\/ondauno.com.ar\/index.php\/wp-json\/wp\/v2\/users\/1"}],"replies":[{"embeddable":true,"href":"https:\/\/ondauno.com.ar\/index.php\/wp-json\/wp\/v2\/comments?post=49997"}],"version-history":[{"count":1,"href":"https:\/\/ondauno.com.ar\/index.php\/wp-json\/wp\/v2\/posts\/49997\/revisions"}],"predecessor-version":[{"id":49999,"href":"https:\/\/ondauno.com.ar\/index.php\/wp-json\/wp\/v2\/posts\/49997\/revisions\/49999"}],"wp:featuredmedia":[{"embeddable":true,"href":"https:\/\/ondauno.com.ar\/index.php\/wp-json\/wp\/v2\/media\/31562"}],"wp:attachment":[{"href":"https:\/\/ondauno.com.ar\/index.php\/wp-json\/wp\/v2\/media?parent=49997"}],"wp:term":[{"taxonomy":"category","embeddable":true,"href":"https:\/\/ondauno.com.ar\/index.php\/wp-json\/wp\/v2\/categories?post=49997"},{"taxonomy":"post_tag","embeddable":true,"href":"https:\/\/ondauno.com.ar\/index.php\/wp-json\/wp\/v2\/tags?post=49997"}],"curies":[{"name":"wp","href":"https:\/\/api.w.org\/{rel}","templated":true}]}}