{"id":49933,"date":"2024-08-29T21:56:35","date_gmt":"2024-08-30T00:56:35","guid":{"rendered":"https:\/\/ondauno.com.ar\/?p=49933"},"modified":"2024-08-29T21:56:38","modified_gmt":"2024-08-30T00:56:38","slug":"colision-en-av-belgrano-y-calle-rauch-danos-materiales","status":"publish","type":"post","link":"https:\/\/ondauno.com.ar\/index.php\/2024\/08\/29\/colision-en-av-belgrano-y-calle-rauch-danos-materiales\/","title":{"rendered":"Colisi\u00f3n en Av. Belgrano y calle Rauch: da\u00f1os materiales"},"content":{"rendered":"<div class=\"ondau-before-content_3\" style=\"margin-top: -30px;\" id=\"ondau-528790163\"><a href=\"https:\/\/www.lps.com.ar\/\" aria-label=\"la-perse2\"><img loading=\"lazy\" decoding=\"async\" src=\"https:\/\/ondauno.com.ar\/wp-content\/uploads\/2021\/10\/la-perse2.jpg\" alt=\"\"  srcset=\"https:\/\/ondauno.com.ar\/wp-content\/uploads\/2021\/10\/la-perse2.jpg 1353w, https:\/\/ondauno.com.ar\/wp-content\/uploads\/2021\/10\/la-perse2-300x43.jpg 300w, https:\/\/ondauno.com.ar\/wp-content\/uploads\/2021\/10\/la-perse2-1024x148.jpg 1024w, https:\/\/ondauno.com.ar\/wp-content\/uploads\/2021\/10\/la-perse2-768x111.jpg 768w, https:\/\/ondauno.com.ar\/wp-content\/uploads\/2021\/10\/la-perse2-696x100.jpg 696w, https:\/\/ondauno.com.ar\/wp-content\/uploads\/2021\/10\/la-perse2-1068x154.jpg 1068w\" sizes=\"(max-width: 1353px) 100vw, 1353px\" class=\"no-lazyload\" width=\"1353\" height=\"195\"  style=\"display: inline-block;\" \/><\/a><\/div>\n<p>En la noche de este jueves, se produjo una colisi\u00f3n en la intersecci\u00f3n de Av. Belgrano y calle Rauch, que involucr\u00f3 a un Ford Fiesta y una camioneta Chevrolet Captiva. El accidente result\u00f3 en da\u00f1os materiales, pero no se han reportado heridos. Los conductores intercambiaron seguros en el lugar, mientras las autoridades locales investigan las causas del incidente.<\/p>\n","protected":false},"excerpt":{"rendered":"<p>En la noche de este jueves, se produjo una colisi\u00f3n en la intersecci\u00f3n de Av. Belgrano y calle Rauch, que involucr\u00f3 a un Ford Fiesta y una camioneta Chevrolet Captiva. El accidente result\u00f3 en da\u00f1os materiales, pero no se han reportado heridos. Los conductores intercambiaron seguros en el lugar, mientras las autoridades locales investigan las [&hellip;]<\/p>\n","protected":false},"author":1,"featured_media":49938,"comment_status":"open","ping_status":"open","sticky":false,"template":"","format":"standard","meta":{"tdm_status":"","tdm_grid_status":"","_jetpack_memberships_contains_paid_content":false,"footnotes":"","jetpack_publicize_message":"","jetpack_publicize_feature_enabled":true,"jetpack_social_post_already_shared":false,"jetpack_social_options":{"image_generator_settings":{"template":"highway","default_image_id":0,"font":"","enabled":false},"version":2}},"categories":[29],"tags":[],"class_list":{"0":"post-49933","1":"post","2":"type-post","3":"status-publish","4":"format-standard","5":"has-post-thumbnail","7":"category-policiales"},"yoast_head":"<!-- This site is optimized with the Yoast SEO plugin v22.7 - https:\/\/yoast.com\/wordpress\/plugins\/seo\/ -->\n<title>Colisi\u00f3n en Av. Belgrano y calle Rauch: da\u00f1os materiales - 103.9 fm<\/title>\n<meta name=\"robots\" content=\"index, follow, max-snippet:-1, max-image-preview:large, max-video-preview:-1\" \/>\n<link rel=\"canonical\" href=\"https:\/\/ondauno.com.ar\/index.php\/2024\/08\/29\/colision-en-av-belgrano-y-calle-rauch-danos-materiales\/\" \/>\n<meta property=\"og:locale\" content=\"es_ES\" \/>\n<meta property=\"og:type\" content=\"article\" \/>\n<meta property=\"og:title\" content=\"Colisi\u00f3n en Av. Belgrano y calle Rauch: da\u00f1os materiales - 103.9 fm\" \/>\n<meta property=\"og:description\" content=\"En la noche de este jueves, se produjo una colisi\u00f3n en la intersecci\u00f3n de Av. Belgrano y calle Rauch, que involucr\u00f3 a un Ford Fiesta y una camioneta Chevrolet Captiva. El accidente result\u00f3 en da\u00f1os materiales, pero no se han reportado heridos. Los conductores intercambiaron seguros en el lugar, mientras las autoridades locales investigan las [&hellip;]\" \/>\n<meta property=\"og:url\" content=\"https:\/\/ondauno.com.ar\/index.php\/2024\/08\/29\/colision-en-av-belgrano-y-calle-rauch-danos-materiales\/\" \/>\n<meta property=\"og:site_name\" content=\"103.9 fm\" \/>\n<meta property=\"article:publisher\" content=\"https:\/\/www.facebook.com\/ondauno103.9\" \/>\n<meta property=\"article:published_time\" content=\"2024-08-30T00:56:35+00:00\" \/>\n<meta property=\"article:modified_time\" content=\"2024-08-30T00:56:38+00:00\" \/>\n<meta property=\"og:image\" content=\"http:\/\/ondauno.com.ar\/wp-content\/uploads\/2024\/08\/choque-1.jpg\" \/>\n\t<meta property=\"og:image:width\" content=\"1999\" \/>\n\t<meta property=\"og:image:height\" content=\"1999\" \/>\n\t<meta property=\"og:image:type\" content=\"image\/jpeg\" \/>\n<meta name=\"author\" content=\"OndaUno\" \/>\n<meta name=\"twitter:card\" content=\"summary_large_image\" \/>\n<meta name=\"twitter:label1\" content=\"Escrito por\" \/>\n\t<meta name=\"twitter:data1\" content=\"OndaUno\" \/>\n\t<meta name=\"twitter:label2\" content=\"Tiempo de lectura\" \/>\n\t<meta name=\"twitter:data2\" content=\"1 minuto\" \/>\n<script type=\"application\/ld+json\" class=\"yoast-schema-graph\">{\"@context\":\"https:\/\/schema.org\",\"@graph\":[{\"@type\":\"WebPage\",\"@id\":\"https:\/\/ondauno.com.ar\/index.php\/2024\/08\/29\/colision-en-av-belgrano-y-calle-rauch-danos-materiales\/\",\"url\":\"https:\/\/ondauno.com.ar\/index.php\/2024\/08\/29\/colision-en-av-belgrano-y-calle-rauch-danos-materiales\/\",\"name\":\"Colisi\u00f3n en Av. Belgrano y calle Rauch: da\u00f1os materiales - 103.9 fm\",\"isPartOf\":{\"@id\":\"https:\/\/ondauno.com.ar\/#website\"},\"primaryImageOfPage\":{\"@id\":\"https:\/\/ondauno.com.ar\/index.php\/2024\/08\/29\/colision-en-av-belgrano-y-calle-rauch-danos-materiales\/#primaryimage\"},\"image\":{\"@id\":\"https:\/\/ondauno.com.ar\/index.php\/2024\/08\/29\/colision-en-av-belgrano-y-calle-rauch-danos-materiales\/#primaryimage\"},\"thumbnailUrl\":\"https:\/\/ondauno.com.ar\/wp-content\/uploads\/2024\/08\/choque-1.jpg\",\"datePublished\":\"2024-08-30T00:56:35+00:00\",\"dateModified\":\"2024-08-30T00:56:38+00:00\",\"author\":{\"@id\":\"https:\/\/ondauno.com.ar\/#\/schema\/person\/7ec851ddeceb4133d7d7132dc645714e\"},\"breadcrumb\":{\"@id\":\"https:\/\/ondauno.com.ar\/index.php\/2024\/08\/29\/colision-en-av-belgrano-y-calle-rauch-danos-materiales\/#breadcrumb\"},\"inLanguage\":\"es-AR\",\"potentialAction\":[{\"@type\":\"ReadAction\",\"target\":[\"https:\/\/ondauno.com.ar\/index.php\/2024\/08\/29\/colision-en-av-belgrano-y-calle-rauch-danos-materiales\/\"]}]},{\"@type\":\"ImageObject\",\"inLanguage\":\"es-AR\",\"@id\":\"https:\/\/ondauno.com.ar\/index.php\/2024\/08\/29\/colision-en-av-belgrano-y-calle-rauch-danos-materiales\/#primaryimage\",\"url\":\"https:\/\/ondauno.com.ar\/wp-content\/uploads\/2024\/08\/choque-1.jpg\",\"contentUrl\":\"https:\/\/ondauno.com.ar\/wp-content\/uploads\/2024\/08\/choque-1.jpg\",\"width\":1999,\"height\":1999},{\"@type\":\"BreadcrumbList\",\"@id\":\"https:\/\/ondauno.com.ar\/index.php\/2024\/08\/29\/colision-en-av-belgrano-y-calle-rauch-danos-materiales\/#breadcrumb\",\"itemListElement\":[{\"@type\":\"ListItem\",\"position\":1,\"name\":\"Inicio\",\"item\":\"https:\/\/ondauno.com.ar\/\"},{\"@type\":\"ListItem\",\"position\":2,\"name\":\"Colisi\u00f3n en Av. Belgrano y calle Rauch: da\u00f1os materiales\"}]},{\"@type\":\"WebSite\",\"@id\":\"https:\/\/ondauno.com.ar\/#website\",\"url\":\"https:\/\/ondauno.com.ar\/\",\"name\":\"103.9 fm\",\"description\":\"LA PRIMERA RADIO MULTIMEDIA DE TRES ARROYOS\",\"potentialAction\":[{\"@type\":\"SearchAction\",\"target\":{\"@type\":\"EntryPoint\",\"urlTemplate\":\"https:\/\/ondauno.com.ar\/?s={search_term_string}\"},\"query-input\":\"required name=search_term_string\"}],\"inLanguage\":\"es-AR\"},{\"@type\":\"Person\",\"@id\":\"https:\/\/ondauno.com.ar\/#\/schema\/person\/7ec851ddeceb4133d7d7132dc645714e\",\"name\":\"OndaUno\",\"image\":{\"@type\":\"ImageObject\",\"inLanguage\":\"es-AR\",\"@id\":\"https:\/\/ondauno.com.ar\/#\/schema\/person\/image\/\",\"url\":\"https:\/\/secure.gravatar.com\/avatar\/93b8009f0de7021f1feb2bd5b32fb9e8?s=96&d=mm&r=g\",\"contentUrl\":\"https:\/\/secure.gravatar.com\/avatar\/93b8009f0de7021f1feb2bd5b32fb9e8?s=96&d=mm&r=g\",\"caption\":\"OndaUno\"},\"url\":\"https:\/\/ondauno.com.ar\/index.php\/author\/ondauno\/\"}]}<\/script>\n<!-- \/ Yoast SEO plugin. -->","yoast_head_json":{"title":"Colisi\u00f3n en Av. Belgrano y calle Rauch: da\u00f1os materiales - 103.9 fm","robots":{"index":"index","follow":"follow","max-snippet":"max-snippet:-1","max-image-preview":"max-image-preview:large","max-video-preview":"max-video-preview:-1"},"canonical":"https:\/\/ondauno.com.ar\/index.php\/2024\/08\/29\/colision-en-av-belgrano-y-calle-rauch-danos-materiales\/","og_locale":"es_ES","og_type":"article","og_title":"Colisi\u00f3n en Av. Belgrano y calle Rauch: da\u00f1os materiales - 103.9 fm","og_description":"En la noche de este jueves, se produjo una colisi\u00f3n en la intersecci\u00f3n de Av. Belgrano y calle Rauch, que involucr\u00f3 a un Ford Fiesta y una camioneta Chevrolet Captiva. El accidente result\u00f3 en da\u00f1os materiales, pero no se han reportado heridos. Los conductores intercambiaron seguros en el lugar, mientras las autoridades locales investigan las [&hellip;]","og_url":"https:\/\/ondauno.com.ar\/index.php\/2024\/08\/29\/colision-en-av-belgrano-y-calle-rauch-danos-materiales\/","og_site_name":"103.9 fm","article_publisher":"https:\/\/www.facebook.com\/ondauno103.9","article_published_time":"2024-08-30T00:56:35+00:00","article_modified_time":"2024-08-30T00:56:38+00:00","og_image":[{"width":1999,"height":1999,"url":"http:\/\/ondauno.com.ar\/wp-content\/uploads\/2024\/08\/choque-1.jpg","type":"image\/jpeg"}],"author":"OndaUno","twitter_card":"summary_large_image","twitter_misc":{"Escrito por":"OndaUno","Tiempo de lectura":"1 minuto"},"schema":{"@context":"https:\/\/schema.org","@graph":[{"@type":"WebPage","@id":"https:\/\/ondauno.com.ar\/index.php\/2024\/08\/29\/colision-en-av-belgrano-y-calle-rauch-danos-materiales\/","url":"https:\/\/ondauno.com.ar\/index.php\/2024\/08\/29\/colision-en-av-belgrano-y-calle-rauch-danos-materiales\/","name":"Colisi\u00f3n en Av. Belgrano y calle Rauch: da\u00f1os materiales - 103.9 fm","isPartOf":{"@id":"https:\/\/ondauno.com.ar\/#website"},"primaryImageOfPage":{"@id":"https:\/\/ondauno.com.ar\/index.php\/2024\/08\/29\/colision-en-av-belgrano-y-calle-rauch-danos-materiales\/#primaryimage"},"image":{"@id":"https:\/\/ondauno.com.ar\/index.php\/2024\/08\/29\/colision-en-av-belgrano-y-calle-rauch-danos-materiales\/#primaryimage"},"thumbnailUrl":"https:\/\/ondauno.com.ar\/wp-content\/uploads\/2024\/08\/choque-1.jpg","datePublished":"2024-08-30T00:56:35+00:00","dateModified":"2024-08-30T00:56:38+00:00","author":{"@id":"https:\/\/ondauno.com.ar\/#\/schema\/person\/7ec851ddeceb4133d7d7132dc645714e"},"breadcrumb":{"@id":"https:\/\/ondauno.com.ar\/index.php\/2024\/08\/29\/colision-en-av-belgrano-y-calle-rauch-danos-materiales\/#breadcrumb"},"inLanguage":"es-AR","potentialAction":[{"@type":"ReadAction","target":["https:\/\/ondauno.com.ar\/index.php\/2024\/08\/29\/colision-en-av-belgrano-y-calle-rauch-danos-materiales\/"]}]},{"@type":"ImageObject","inLanguage":"es-AR","@id":"https:\/\/ondauno.com.ar\/index.php\/2024\/08\/29\/colision-en-av-belgrano-y-calle-rauch-danos-materiales\/#primaryimage","url":"https:\/\/ondauno.com.ar\/wp-content\/uploads\/2024\/08\/choque-1.jpg","contentUrl":"https:\/\/ondauno.com.ar\/wp-content\/uploads\/2024\/08\/choque-1.jpg","width":1999,"height":1999},{"@type":"BreadcrumbList","@id":"https:\/\/ondauno.com.ar\/index.php\/2024\/08\/29\/colision-en-av-belgrano-y-calle-rauch-danos-materiales\/#breadcrumb","itemListElement":[{"@type":"ListItem","position":1,"name":"Inicio","item":"https:\/\/ondauno.com.ar\/"},{"@type":"ListItem","position":2,"name":"Colisi\u00f3n en Av. Belgrano y calle Rauch: da\u00f1os materiales"}]},{"@type":"WebSite","@id":"https:\/\/ondauno.com.ar\/#website","url":"https:\/\/ondauno.com.ar\/","name":"103.9 fm","description":"LA PRIMERA RADIO MULTIMEDIA DE TRES ARROYOS","potentialAction":[{"@type":"SearchAction","target":{"@type":"EntryPoint","urlTemplate":"https:\/\/ondauno.com.ar\/?s={search_term_string}"},"query-input":"required name=search_term_string"}],"inLanguage":"es-AR"},{"@type":"Person","@id":"https:\/\/ondauno.com.ar\/#\/schema\/person\/7ec851ddeceb4133d7d7132dc645714e","name":"OndaUno","image":{"@type":"ImageObject","inLanguage":"es-AR","@id":"https:\/\/ondauno.com.ar\/#\/schema\/person\/image\/","url":"https:\/\/secure.gravatar.com\/avatar\/93b8009f0de7021f1feb2bd5b32fb9e8?s=96&d=mm&r=g","contentUrl":"https:\/\/secure.gravatar.com\/avatar\/93b8009f0de7021f1feb2bd5b32fb9e8?s=96&d=mm&r=g","caption":"OndaUno"},"url":"https:\/\/ondauno.com.ar\/index.php\/author\/ondauno\/"}]}},"jetpack_publicize_connections":[],"jetpack_featured_media_url":"https:\/\/ondauno.com.ar\/wp-content\/uploads\/2024\/08\/choque-1.jpg","jetpack_sharing_enabled":true,"_links":{"self":[{"href":"https:\/\/ondauno.com.ar\/index.php\/wp-json\/wp\/v2\/posts\/49933","targetHints":{"allow":["GET"]}}],"collection":[{"href":"https:\/\/ondauno.com.ar\/index.php\/wp-json\/wp\/v2\/posts"}],"about":[{"href":"https:\/\/ondauno.com.ar\/index.php\/wp-json\/wp\/v2\/types\/post"}],"author":[{"embeddable":true,"href":"https:\/\/ondauno.com.ar\/index.php\/wp-json\/wp\/v2\/users\/1"}],"replies":[{"embeddable":true,"href":"https:\/\/ondauno.com.ar\/index.php\/wp-json\/wp\/v2\/comments?post=49933"}],"version-history":[{"count":1,"href":"https:\/\/ondauno.com.ar\/index.php\/wp-json\/wp\/v2\/posts\/49933\/revisions"}],"predecessor-version":[{"id":49939,"href":"https:\/\/ondauno.com.ar\/index.php\/wp-json\/wp\/v2\/posts\/49933\/revisions\/49939"}],"wp:featuredmedia":[{"embeddable":true,"href":"https:\/\/ondauno.com.ar\/index.php\/wp-json\/wp\/v2\/media\/49938"}],"wp:attachment":[{"href":"https:\/\/ondauno.com.ar\/index.php\/wp-json\/wp\/v2\/media?parent=49933"}],"wp:term":[{"taxonomy":"category","embeddable":true,"href":"https:\/\/ondauno.com.ar\/index.php\/wp-json\/wp\/v2\/categories?post=49933"},{"taxonomy":"post_tag","embeddable":true,"href":"https:\/\/ondauno.com.ar\/index.php\/wp-json\/wp\/v2\/tags?post=49933"}],"curies":[{"name":"wp","href":"https:\/\/api.w.org\/{rel}","templated":true}]}}