{"id":49895,"date":"2024-08-29T18:45:39","date_gmt":"2024-08-29T21:45:39","guid":{"rendered":"https:\/\/ondauno.com.ar\/?p=49895"},"modified":"2024-08-29T18:45:41","modified_gmt":"2024-08-29T21:45:41","slug":"los-representantes-locales-se-destacan-en-la-instancia-regional-de-los-juegos-bonaerenses-2024","status":"publish","type":"post","link":"https:\/\/ondauno.com.ar\/index.php\/2024\/08\/29\/los-representantes-locales-se-destacan-en-la-instancia-regional-de-los-juegos-bonaerenses-2024\/","title":{"rendered":"Los representantes locales se destacan en la instancia regional de los Juegos Bonaerenses 2024"},"content":{"rendered":"<div class=\"ondau-before-content_3\" style=\"margin-top: -30px;\" id=\"ondau-2953007994\"><a href=\"https:\/\/www.lps.com.ar\/\" aria-label=\"la-perse2\"><img loading=\"lazy\" decoding=\"async\" src=\"https:\/\/ondauno.com.ar\/wp-content\/uploads\/2021\/10\/la-perse2.jpg\" alt=\"\"  srcset=\"https:\/\/ondauno.com.ar\/wp-content\/uploads\/2021\/10\/la-perse2.jpg 1353w, https:\/\/ondauno.com.ar\/wp-content\/uploads\/2021\/10\/la-perse2-300x43.jpg 300w, https:\/\/ondauno.com.ar\/wp-content\/uploads\/2021\/10\/la-perse2-1024x148.jpg 1024w, https:\/\/ondauno.com.ar\/wp-content\/uploads\/2021\/10\/la-perse2-768x111.jpg 768w, https:\/\/ondauno.com.ar\/wp-content\/uploads\/2021\/10\/la-perse2-696x100.jpg 696w, https:\/\/ondauno.com.ar\/wp-content\/uploads\/2021\/10\/la-perse2-1068x154.jpg 1068w\" sizes=\"(max-width: 1353px) 100vw, 1353px\" class=\"no-lazyload\" width=\"1353\" height=\"195\"  style=\"display: inline-block;\" \/><\/a><\/div>\n<p>En el d\u00eda de ayer, compitieron en la ciudad de Cnel. Dorrego, los participantes de las diferentes disciplinas culturales en el marco de la instancia regional de los Juegos Bonaerenses 2024. La Direcci\u00f3n de Cultura, Educaci\u00f3n y DDHH, felicita y agradece a todos los representantes locales por la participaci\u00f3n en dicha etapa.<\/p>\n\n\n\n<p>Los finalistas, estar\u00e1n representando al distrito del 28 de octubre al 2 de noviembre en Mar del Plata. \u00c9stos son:<\/p>\n\n\n\n<figure class=\"wp-block-image size-large\"><img loading=\"lazy\" decoding=\"async\" width=\"819\" height=\"1024\" data-src=\"https:\/\/ondauno.com.ar\/wp-content\/uploads\/2024\/08\/WhatsApp-Image-2024-08-29-at-13.47.12-819x1024.jpeg\" alt=\"\" class=\"wp-image-49897 lazyload\" data-srcset=\"https:\/\/ondauno.com.ar\/wp-content\/uploads\/2024\/08\/WhatsApp-Image-2024-08-29-at-13.47.12-819x1024.jpeg 819w, https:\/\/ondauno.com.ar\/wp-content\/uploads\/2024\/08\/WhatsApp-Image-2024-08-29-at-13.47.12-240x300.jpeg 240w, https:\/\/ondauno.com.ar\/wp-content\/uploads\/2024\/08\/WhatsApp-Image-2024-08-29-at-13.47.12-768x960.jpeg 768w, https:\/\/ondauno.com.ar\/wp-content\/uploads\/2024\/08\/WhatsApp-Image-2024-08-29-at-13.47.12-336x420.jpeg 336w, https:\/\/ondauno.com.ar\/wp-content\/uploads\/2024\/08\/WhatsApp-Image-2024-08-29-at-13.47.12-696x870.jpeg 696w, https:\/\/ondauno.com.ar\/wp-content\/uploads\/2024\/08\/WhatsApp-Image-2024-08-29-at-13.47.12-1068x1335.jpeg 1068w, https:\/\/ondauno.com.ar\/wp-content\/uploads\/2024\/08\/WhatsApp-Image-2024-08-29-at-13.47.12.jpeg 1080w\" data-sizes=\"auto, (max-width: 819px) 100vw, 819px\" src=\"data:image\/gif;base64,R0lGODlhAQABAAAAACH5BAEKAAEALAAAAAABAAEAAAICTAEAOw==\" style=\"--smush-placeholder-width: 819px; --smush-placeholder-aspect-ratio: 819\/1024;\" \/><noscript><img loading=\"lazy\" decoding=\"async\" width=\"819\" height=\"1024\" src=\"https:\/\/ondauno.com.ar\/wp-content\/uploads\/2024\/08\/WhatsApp-Image-2024-08-29-at-13.47.12-819x1024.jpeg\" alt=\"\" class=\"wp-image-49897\" srcset=\"https:\/\/ondauno.com.ar\/wp-content\/uploads\/2024\/08\/WhatsApp-Image-2024-08-29-at-13.47.12-819x1024.jpeg 819w, https:\/\/ondauno.com.ar\/wp-content\/uploads\/2024\/08\/WhatsApp-Image-2024-08-29-at-13.47.12-240x300.jpeg 240w, https:\/\/ondauno.com.ar\/wp-content\/uploads\/2024\/08\/WhatsApp-Image-2024-08-29-at-13.47.12-768x960.jpeg 768w, https:\/\/ondauno.com.ar\/wp-content\/uploads\/2024\/08\/WhatsApp-Image-2024-08-29-at-13.47.12-336x420.jpeg 336w, https:\/\/ondauno.com.ar\/wp-content\/uploads\/2024\/08\/WhatsApp-Image-2024-08-29-at-13.47.12-696x870.jpeg 696w, https:\/\/ondauno.com.ar\/wp-content\/uploads\/2024\/08\/WhatsApp-Image-2024-08-29-at-13.47.12-1068x1335.jpeg 1068w, https:\/\/ondauno.com.ar\/wp-content\/uploads\/2024\/08\/WhatsApp-Image-2024-08-29-at-13.47.12.jpeg 1080w\" sizes=\"auto, (max-width: 819px) 100vw, 819px\" \/><\/noscript><\/figure>\n\n\n\n<p>*Rom\u00e1n Castro &#8211; Freestyle Rap &#8211; SUB 18.<br>*Santino Tom\u00e1s Tolosa &#8211; Freestyle Rap &#8211; SUB 15.<br>*Alan David Pla, Benjam\u00edn Jambruia Su\u00e1rez, Jeremias Carrere, Lucas Agust\u00edn Finocchio y Benjam\u00edn F\u00edgaro Di Rocco &#8211; M\u00fasica Rock.<br>*Leonel Reynoso &#8211; Cocineros Bonaerenses &#8211; Postre SUB 15.<br>*Catalina Lantero &#8211; Dibujo SUB 18.<br>*Brisa Antonella Rodr\u00edguez &#8211; Pintura SUB 18.<br>*Luc\u00eda S\u00e1nchez &#8211; Objeto Tridimensional SUB 15.<\/p>\n\n\n\n<p>La Direcci\u00f3n, agradece el acompa\u00f1amiento de los artistas locales que desarrollaron el rol de jurado<\/p>\n\n\n\n<p>en diversas disciplinas durante la jornada:<br>Evelina Soul\u00e9 &#8211; Teatro.<br>Agustin Cansado &#8211; Stand Up.<br>Lalo Castellano &#8211; Arte Circense.<br>Agustina Giuliani &#8211; Danza Tango.<br>Ger\u00f3nimo Diaz &#8211; Freestyle.<br>Mar\u00eda Eugenia Arrupe &#8211; Narraci\u00f3n Oral.<br>Mar\u00eda Eugenia Hern\u00e1ndez &#8211; Artes Pl\u00e1sticas.<\/p>\n\n\n\n<figure class=\"wp-block-image size-large\"><img loading=\"lazy\" decoding=\"async\" width=\"819\" height=\"1024\" data-src=\"https:\/\/ondauno.com.ar\/wp-content\/uploads\/2024\/08\/WhatsApp-Image-2024-08-29-at-13.47.12-1-819x1024.jpeg\" alt=\"\" class=\"wp-image-49898 lazyload\" data-srcset=\"https:\/\/ondauno.com.ar\/wp-content\/uploads\/2024\/08\/WhatsApp-Image-2024-08-29-at-13.47.12-1-819x1024.jpeg 819w, https:\/\/ondauno.com.ar\/wp-content\/uploads\/2024\/08\/WhatsApp-Image-2024-08-29-at-13.47.12-1-240x300.jpeg 240w, https:\/\/ondauno.com.ar\/wp-content\/uploads\/2024\/08\/WhatsApp-Image-2024-08-29-at-13.47.12-1-768x960.jpeg 768w, https:\/\/ondauno.com.ar\/wp-content\/uploads\/2024\/08\/WhatsApp-Image-2024-08-29-at-13.47.12-1-336x420.jpeg 336w, https:\/\/ondauno.com.ar\/wp-content\/uploads\/2024\/08\/WhatsApp-Image-2024-08-29-at-13.47.12-1-696x870.jpeg 696w, https:\/\/ondauno.com.ar\/wp-content\/uploads\/2024\/08\/WhatsApp-Image-2024-08-29-at-13.47.12-1-1068x1335.jpeg 1068w, https:\/\/ondauno.com.ar\/wp-content\/uploads\/2024\/08\/WhatsApp-Image-2024-08-29-at-13.47.12-1.jpeg 1080w\" data-sizes=\"auto, (max-width: 819px) 100vw, 819px\" src=\"data:image\/gif;base64,R0lGODlhAQABAAAAACH5BAEKAAEALAAAAAABAAEAAAICTAEAOw==\" style=\"--smush-placeholder-width: 819px; --smush-placeholder-aspect-ratio: 819\/1024;\" \/><noscript><img loading=\"lazy\" decoding=\"async\" width=\"819\" height=\"1024\" src=\"https:\/\/ondauno.com.ar\/wp-content\/uploads\/2024\/08\/WhatsApp-Image-2024-08-29-at-13.47.12-1-819x1024.jpeg\" alt=\"\" class=\"wp-image-49898\" srcset=\"https:\/\/ondauno.com.ar\/wp-content\/uploads\/2024\/08\/WhatsApp-Image-2024-08-29-at-13.47.12-1-819x1024.jpeg 819w, https:\/\/ondauno.com.ar\/wp-content\/uploads\/2024\/08\/WhatsApp-Image-2024-08-29-at-13.47.12-1-240x300.jpeg 240w, https:\/\/ondauno.com.ar\/wp-content\/uploads\/2024\/08\/WhatsApp-Image-2024-08-29-at-13.47.12-1-768x960.jpeg 768w, https:\/\/ondauno.com.ar\/wp-content\/uploads\/2024\/08\/WhatsApp-Image-2024-08-29-at-13.47.12-1-336x420.jpeg 336w, https:\/\/ondauno.com.ar\/wp-content\/uploads\/2024\/08\/WhatsApp-Image-2024-08-29-at-13.47.12-1-696x870.jpeg 696w, https:\/\/ondauno.com.ar\/wp-content\/uploads\/2024\/08\/WhatsApp-Image-2024-08-29-at-13.47.12-1-1068x1335.jpeg 1068w, https:\/\/ondauno.com.ar\/wp-content\/uploads\/2024\/08\/WhatsApp-Image-2024-08-29-at-13.47.12-1.jpeg 1080w\" sizes=\"auto, (max-width: 819px) 100vw, 819px\" \/><\/noscript><\/figure>\n","protected":false},"excerpt":{"rendered":"<p>En el d\u00eda de ayer, compitieron en la ciudad de Cnel. Dorrego, los participantes de las diferentes disciplinas culturales en el marco de la instancia regional de los Juegos Bonaerenses 2024. La Direcci\u00f3n de Cultura, Educaci\u00f3n y DDHH, felicita y agradece a todos los representantes locales por la participaci\u00f3n en dicha etapa. Los finalistas, estar\u00e1n [&hellip;]<\/p>\n","protected":false},"author":1,"featured_media":49896,"comment_status":"open","ping_status":"open","sticky":false,"template":"","format":"standard","meta":{"tdm_status":"","tdm_grid_status":"","_jetpack_memberships_contains_paid_content":false,"footnotes":"","jetpack_publicize_message":"","jetpack_publicize_feature_enabled":true,"jetpack_social_post_already_shared":false,"jetpack_social_options":{"image_generator_settings":{"template":"highway","default_image_id":0,"font":"","enabled":false},"version":2}},"categories":[2],"tags":[],"class_list":{"0":"post-49895","1":"post","2":"type-post","3":"status-publish","4":"format-standard","5":"has-post-thumbnail","7":"category-locales"},"yoast_head":"<!-- This site is optimized with the Yoast SEO plugin v22.7 - https:\/\/yoast.com\/wordpress\/plugins\/seo\/ -->\n<title>Los representantes locales se destacan en la instancia regional de los Juegos Bonaerenses 2024 - 103.9 fm<\/title>\n<meta name=\"robots\" content=\"index, follow, max-snippet:-1, max-image-preview:large, max-video-preview:-1\" \/>\n<link rel=\"canonical\" href=\"https:\/\/ondauno.com.ar\/index.php\/2024\/08\/29\/los-representantes-locales-se-destacan-en-la-instancia-regional-de-los-juegos-bonaerenses-2024\/\" \/>\n<meta property=\"og:locale\" content=\"es_ES\" \/>\n<meta property=\"og:type\" content=\"article\" \/>\n<meta property=\"og:title\" content=\"Los representantes locales se destacan en la instancia regional de los Juegos Bonaerenses 2024 - 103.9 fm\" \/>\n<meta property=\"og:description\" content=\"En el d\u00eda de ayer, compitieron en la ciudad de Cnel. Dorrego, los participantes de las diferentes disciplinas culturales en el marco de la instancia regional de los Juegos Bonaerenses 2024. La Direcci\u00f3n de Cultura, Educaci\u00f3n y DDHH, felicita y agradece a todos los representantes locales por la participaci\u00f3n en dicha etapa. Los finalistas, estar\u00e1n [&hellip;]\" \/>\n<meta property=\"og:url\" content=\"https:\/\/ondauno.com.ar\/index.php\/2024\/08\/29\/los-representantes-locales-se-destacan-en-la-instancia-regional-de-los-juegos-bonaerenses-2024\/\" \/>\n<meta property=\"og:site_name\" content=\"103.9 fm\" \/>\n<meta property=\"article:publisher\" content=\"https:\/\/www.facebook.com\/ondauno103.9\" \/>\n<meta property=\"article:published_time\" content=\"2024-08-29T21:45:39+00:00\" \/>\n<meta property=\"article:modified_time\" content=\"2024-08-29T21:45:41+00:00\" \/>\n<meta property=\"og:image\" content=\"http:\/\/ondauno.com.ar\/wp-content\/uploads\/2024\/08\/WhatsApp-Image-2024-08-29-at-13.47.11.jpeg\" \/>\n\t<meta property=\"og:image:width\" content=\"1080\" \/>\n\t<meta property=\"og:image:height\" content=\"1350\" \/>\n\t<meta property=\"og:image:type\" content=\"image\/jpeg\" \/>\n<meta name=\"author\" content=\"OndaUno\" \/>\n<meta name=\"twitter:card\" content=\"summary_large_image\" \/>\n<meta name=\"twitter:label1\" content=\"Escrito por\" \/>\n\t<meta name=\"twitter:data1\" content=\"OndaUno\" \/>\n\t<meta name=\"twitter:label2\" content=\"Tiempo de lectura\" \/>\n\t<meta name=\"twitter:data2\" content=\"2 minutos\" \/>\n<script type=\"application\/ld+json\" class=\"yoast-schema-graph\">{\"@context\":\"https:\/\/schema.org\",\"@graph\":[{\"@type\":\"WebPage\",\"@id\":\"https:\/\/ondauno.com.ar\/index.php\/2024\/08\/29\/los-representantes-locales-se-destacan-en-la-instancia-regional-de-los-juegos-bonaerenses-2024\/\",\"url\":\"https:\/\/ondauno.com.ar\/index.php\/2024\/08\/29\/los-representantes-locales-se-destacan-en-la-instancia-regional-de-los-juegos-bonaerenses-2024\/\",\"name\":\"Los representantes locales se destacan en la instancia regional de los Juegos Bonaerenses 2024 - 103.9 fm\",\"isPartOf\":{\"@id\":\"https:\/\/ondauno.com.ar\/#website\"},\"primaryImageOfPage\":{\"@id\":\"https:\/\/ondauno.com.ar\/index.php\/2024\/08\/29\/los-representantes-locales-se-destacan-en-la-instancia-regional-de-los-juegos-bonaerenses-2024\/#primaryimage\"},\"image\":{\"@id\":\"https:\/\/ondauno.com.ar\/index.php\/2024\/08\/29\/los-representantes-locales-se-destacan-en-la-instancia-regional-de-los-juegos-bonaerenses-2024\/#primaryimage\"},\"thumbnailUrl\":\"https:\/\/ondauno.com.ar\/wp-content\/uploads\/2024\/08\/WhatsApp-Image-2024-08-29-at-13.47.11.jpeg\",\"datePublished\":\"2024-08-29T21:45:39+00:00\",\"dateModified\":\"2024-08-29T21:45:41+00:00\",\"author\":{\"@id\":\"https:\/\/ondauno.com.ar\/#\/schema\/person\/7ec851ddeceb4133d7d7132dc645714e\"},\"breadcrumb\":{\"@id\":\"https:\/\/ondauno.com.ar\/index.php\/2024\/08\/29\/los-representantes-locales-se-destacan-en-la-instancia-regional-de-los-juegos-bonaerenses-2024\/#breadcrumb\"},\"inLanguage\":\"es-AR\",\"potentialAction\":[{\"@type\":\"ReadAction\",\"target\":[\"https:\/\/ondauno.com.ar\/index.php\/2024\/08\/29\/los-representantes-locales-se-destacan-en-la-instancia-regional-de-los-juegos-bonaerenses-2024\/\"]}]},{\"@type\":\"ImageObject\",\"inLanguage\":\"es-AR\",\"@id\":\"https:\/\/ondauno.com.ar\/index.php\/2024\/08\/29\/los-representantes-locales-se-destacan-en-la-instancia-regional-de-los-juegos-bonaerenses-2024\/#primaryimage\",\"url\":\"https:\/\/ondauno.com.ar\/wp-content\/uploads\/2024\/08\/WhatsApp-Image-2024-08-29-at-13.47.11.jpeg\",\"contentUrl\":\"https:\/\/ondauno.com.ar\/wp-content\/uploads\/2024\/08\/WhatsApp-Image-2024-08-29-at-13.47.11.jpeg\",\"width\":1080,\"height\":1350},{\"@type\":\"BreadcrumbList\",\"@id\":\"https:\/\/ondauno.com.ar\/index.php\/2024\/08\/29\/los-representantes-locales-se-destacan-en-la-instancia-regional-de-los-juegos-bonaerenses-2024\/#breadcrumb\",\"itemListElement\":[{\"@type\":\"ListItem\",\"position\":1,\"name\":\"Inicio\",\"item\":\"https:\/\/ondauno.com.ar\/\"},{\"@type\":\"ListItem\",\"position\":2,\"name\":\"Los representantes locales se destacan en la instancia regional de los Juegos Bonaerenses 2024\"}]},{\"@type\":\"WebSite\",\"@id\":\"https:\/\/ondauno.com.ar\/#website\",\"url\":\"https:\/\/ondauno.com.ar\/\",\"name\":\"103.9 fm\",\"description\":\"LA PRIMERA RADIO MULTIMEDIA DE TRES ARROYOS\",\"potentialAction\":[{\"@type\":\"SearchAction\",\"target\":{\"@type\":\"EntryPoint\",\"urlTemplate\":\"https:\/\/ondauno.com.ar\/?s={search_term_string}\"},\"query-input\":\"required name=search_term_string\"}],\"inLanguage\":\"es-AR\"},{\"@type\":\"Person\",\"@id\":\"https:\/\/ondauno.com.ar\/#\/schema\/person\/7ec851ddeceb4133d7d7132dc645714e\",\"name\":\"OndaUno\",\"image\":{\"@type\":\"ImageObject\",\"inLanguage\":\"es-AR\",\"@id\":\"https:\/\/ondauno.com.ar\/#\/schema\/person\/image\/\",\"url\":\"https:\/\/secure.gravatar.com\/avatar\/93b8009f0de7021f1feb2bd5b32fb9e8?s=96&d=mm&r=g\",\"contentUrl\":\"https:\/\/secure.gravatar.com\/avatar\/93b8009f0de7021f1feb2bd5b32fb9e8?s=96&d=mm&r=g\",\"caption\":\"OndaUno\"},\"url\":\"https:\/\/ondauno.com.ar\/index.php\/author\/ondauno\/\"}]}<\/script>\n<!-- \/ Yoast SEO plugin. -->","yoast_head_json":{"title":"Los representantes locales se destacan en la instancia regional de los Juegos Bonaerenses 2024 - 103.9 fm","robots":{"index":"index","follow":"follow","max-snippet":"max-snippet:-1","max-image-preview":"max-image-preview:large","max-video-preview":"max-video-preview:-1"},"canonical":"https:\/\/ondauno.com.ar\/index.php\/2024\/08\/29\/los-representantes-locales-se-destacan-en-la-instancia-regional-de-los-juegos-bonaerenses-2024\/","og_locale":"es_ES","og_type":"article","og_title":"Los representantes locales se destacan en la instancia regional de los Juegos Bonaerenses 2024 - 103.9 fm","og_description":"En el d\u00eda de ayer, compitieron en la ciudad de Cnel. Dorrego, los participantes de las diferentes disciplinas culturales en el marco de la instancia regional de los Juegos Bonaerenses 2024. La Direcci\u00f3n de Cultura, Educaci\u00f3n y DDHH, felicita y agradece a todos los representantes locales por la participaci\u00f3n en dicha etapa. Los finalistas, estar\u00e1n [&hellip;]","og_url":"https:\/\/ondauno.com.ar\/index.php\/2024\/08\/29\/los-representantes-locales-se-destacan-en-la-instancia-regional-de-los-juegos-bonaerenses-2024\/","og_site_name":"103.9 fm","article_publisher":"https:\/\/www.facebook.com\/ondauno103.9","article_published_time":"2024-08-29T21:45:39+00:00","article_modified_time":"2024-08-29T21:45:41+00:00","og_image":[{"width":1080,"height":1350,"url":"http:\/\/ondauno.com.ar\/wp-content\/uploads\/2024\/08\/WhatsApp-Image-2024-08-29-at-13.47.11.jpeg","type":"image\/jpeg"}],"author":"OndaUno","twitter_card":"summary_large_image","twitter_misc":{"Escrito por":"OndaUno","Tiempo de lectura":"2 minutos"},"schema":{"@context":"https:\/\/schema.org","@graph":[{"@type":"WebPage","@id":"https:\/\/ondauno.com.ar\/index.php\/2024\/08\/29\/los-representantes-locales-se-destacan-en-la-instancia-regional-de-los-juegos-bonaerenses-2024\/","url":"https:\/\/ondauno.com.ar\/index.php\/2024\/08\/29\/los-representantes-locales-se-destacan-en-la-instancia-regional-de-los-juegos-bonaerenses-2024\/","name":"Los representantes locales se destacan en la instancia regional de los Juegos Bonaerenses 2024 - 103.9 fm","isPartOf":{"@id":"https:\/\/ondauno.com.ar\/#website"},"primaryImageOfPage":{"@id":"https:\/\/ondauno.com.ar\/index.php\/2024\/08\/29\/los-representantes-locales-se-destacan-en-la-instancia-regional-de-los-juegos-bonaerenses-2024\/#primaryimage"},"image":{"@id":"https:\/\/ondauno.com.ar\/index.php\/2024\/08\/29\/los-representantes-locales-se-destacan-en-la-instancia-regional-de-los-juegos-bonaerenses-2024\/#primaryimage"},"thumbnailUrl":"https:\/\/ondauno.com.ar\/wp-content\/uploads\/2024\/08\/WhatsApp-Image-2024-08-29-at-13.47.11.jpeg","datePublished":"2024-08-29T21:45:39+00:00","dateModified":"2024-08-29T21:45:41+00:00","author":{"@id":"https:\/\/ondauno.com.ar\/#\/schema\/person\/7ec851ddeceb4133d7d7132dc645714e"},"breadcrumb":{"@id":"https:\/\/ondauno.com.ar\/index.php\/2024\/08\/29\/los-representantes-locales-se-destacan-en-la-instancia-regional-de-los-juegos-bonaerenses-2024\/#breadcrumb"},"inLanguage":"es-AR","potentialAction":[{"@type":"ReadAction","target":["https:\/\/ondauno.com.ar\/index.php\/2024\/08\/29\/los-representantes-locales-se-destacan-en-la-instancia-regional-de-los-juegos-bonaerenses-2024\/"]}]},{"@type":"ImageObject","inLanguage":"es-AR","@id":"https:\/\/ondauno.com.ar\/index.php\/2024\/08\/29\/los-representantes-locales-se-destacan-en-la-instancia-regional-de-los-juegos-bonaerenses-2024\/#primaryimage","url":"https:\/\/ondauno.com.ar\/wp-content\/uploads\/2024\/08\/WhatsApp-Image-2024-08-29-at-13.47.11.jpeg","contentUrl":"https:\/\/ondauno.com.ar\/wp-content\/uploads\/2024\/08\/WhatsApp-Image-2024-08-29-at-13.47.11.jpeg","width":1080,"height":1350},{"@type":"BreadcrumbList","@id":"https:\/\/ondauno.com.ar\/index.php\/2024\/08\/29\/los-representantes-locales-se-destacan-en-la-instancia-regional-de-los-juegos-bonaerenses-2024\/#breadcrumb","itemListElement":[{"@type":"ListItem","position":1,"name":"Inicio","item":"https:\/\/ondauno.com.ar\/"},{"@type":"ListItem","position":2,"name":"Los representantes locales se destacan en la instancia regional de los Juegos Bonaerenses 2024"}]},{"@type":"WebSite","@id":"https:\/\/ondauno.com.ar\/#website","url":"https:\/\/ondauno.com.ar\/","name":"103.9 fm","description":"LA PRIMERA RADIO MULTIMEDIA DE TRES ARROYOS","potentialAction":[{"@type":"SearchAction","target":{"@type":"EntryPoint","urlTemplate":"https:\/\/ondauno.com.ar\/?s={search_term_string}"},"query-input":"required name=search_term_string"}],"inLanguage":"es-AR"},{"@type":"Person","@id":"https:\/\/ondauno.com.ar\/#\/schema\/person\/7ec851ddeceb4133d7d7132dc645714e","name":"OndaUno","image":{"@type":"ImageObject","inLanguage":"es-AR","@id":"https:\/\/ondauno.com.ar\/#\/schema\/person\/image\/","url":"https:\/\/secure.gravatar.com\/avatar\/93b8009f0de7021f1feb2bd5b32fb9e8?s=96&d=mm&r=g","contentUrl":"https:\/\/secure.gravatar.com\/avatar\/93b8009f0de7021f1feb2bd5b32fb9e8?s=96&d=mm&r=g","caption":"OndaUno"},"url":"https:\/\/ondauno.com.ar\/index.php\/author\/ondauno\/"}]}},"jetpack_publicize_connections":[],"jetpack_featured_media_url":"https:\/\/ondauno.com.ar\/wp-content\/uploads\/2024\/08\/WhatsApp-Image-2024-08-29-at-13.47.11.jpeg","jetpack_sharing_enabled":true,"_links":{"self":[{"href":"https:\/\/ondauno.com.ar\/index.php\/wp-json\/wp\/v2\/posts\/49895","targetHints":{"allow":["GET"]}}],"collection":[{"href":"https:\/\/ondauno.com.ar\/index.php\/wp-json\/wp\/v2\/posts"}],"about":[{"href":"https:\/\/ondauno.com.ar\/index.php\/wp-json\/wp\/v2\/types\/post"}],"author":[{"embeddable":true,"href":"https:\/\/ondauno.com.ar\/index.php\/wp-json\/wp\/v2\/users\/1"}],"replies":[{"embeddable":true,"href":"https:\/\/ondauno.com.ar\/index.php\/wp-json\/wp\/v2\/comments?post=49895"}],"version-history":[{"count":1,"href":"https:\/\/ondauno.com.ar\/index.php\/wp-json\/wp\/v2\/posts\/49895\/revisions"}],"predecessor-version":[{"id":49899,"href":"https:\/\/ondauno.com.ar\/index.php\/wp-json\/wp\/v2\/posts\/49895\/revisions\/49899"}],"wp:featuredmedia":[{"embeddable":true,"href":"https:\/\/ondauno.com.ar\/index.php\/wp-json\/wp\/v2\/media\/49896"}],"wp:attachment":[{"href":"https:\/\/ondauno.com.ar\/index.php\/wp-json\/wp\/v2\/media?parent=49895"}],"wp:term":[{"taxonomy":"category","embeddable":true,"href":"https:\/\/ondauno.com.ar\/index.php\/wp-json\/wp\/v2\/categories?post=49895"},{"taxonomy":"post_tag","embeddable":true,"href":"https:\/\/ondauno.com.ar\/index.php\/wp-json\/wp\/v2\/tags?post=49895"}],"curies":[{"name":"wp","href":"https:\/\/api.w.org\/{rel}","templated":true}]}}